{"id":2567,"date":"2023-05-16T10:38:21","date_gmt":"2023-05-16T13:38:21","guid":{"rendered":"https:\/\/fmpatagoniamadryn.com.ar\/?p=2567"},"modified":"2023-05-16T10:39:48","modified_gmt":"2023-05-16T13:39:48","slug":"femicidio-de-tamara-el-fiscal-bugueno-aseguro-que-el-detenido-intento-hacer-un-ocultamiento-de-la-escena-del-crimen","status":"publish","type":"post","link":"https:\/\/fmpatagoniamadryn.com.ar\/?p=2567","title":{"rendered":"Femicidio de Tamara: El fiscal Bugue\u00f1o asegur\u00f3 que el detenido intento hacer un \u201cocultamiento de la escena\u201d del crimen"},"content":{"rendered":"\n<p>\u201cNosotros no tenemos dudas\u201d fue la respuesta brinda por el fiscal Jorge Bugue\u00f1o a la pregunta period\u00edstica respecto a si el caso del femicidio de Tamara Silva estaba resuelto. Asimismo, el investigador precis\u00f3 que los elementos probatorios recabados durante todos estos d\u00edas \u201cnos permiten decir que hoy tenemos al autor del hecho\u201d.<br><br>Las definiciones fueron brindadas en una conferencia de prensa realizada en la sede de la Unidad Regional. All\u00ed estuvieron el fiscal Bugue\u00f1o  acompa\u00f1ado por el doctor Blanco, adem\u00e1s de los responsables de las diferentes \u00e1reas de la polic\u00eda del Chubut.<br><br>Dentro de las novedades brindadas por el representante del Ministerio P\u00fablico Fiscal est\u00e1 el secuestro de \u201cropa en una mochila con presuntas manchas hem\u00e1ticas\u201d que estaban en un segundo veh\u00edculo requisado el fin de semana.<br><br>Consultado sobre el m\u00f3vil que desat\u00f3 el crimen, el fiscal reconoci\u00f3 que \u201cpor el momento no tenemos una motivaci\u00f3n. Es un hecho que ocurri\u00f3 a puertas cerradas donde el imputado y la v\u00edctima saben que paso\u201d.<br><br>Asimismo, aclar\u00f3 que la autopsia no revela aspectos vinculados a un ataque sexual, cuesti\u00f3n que ratifica la presunci\u00f3n que se tuvo al momento del hallazgo del cuerpo sin vida de la joven. En este aspecto, se detall\u00f3 que Tamara \u201cno estaba enterrada sino que se encontraba a 15 metros al oeste de la ruta y estaba con la misma ropa que la est\u00e1bamos buscando\u201d.<br><br>El fiscal reiter\u00f3 que se trat\u00f3 de una muerte violenta y que se peritar\u00e1n los diferentes elementos secuestrados para determinar si uno de ellos fue el utilizado para dar muerte de la joven.<br><br>Con relaci\u00f3n a c\u00f3mo encontraron la vivienda, escena del crimen, al momento de realizar el allanamiento el fiscal explic\u00f3 que \u201cestaba todo muy ordenado, muy limpio. Por eso cuando llegamos a hacer el allanamiento no encontramos signos de violencia ni manchas hem\u00e1ticas\u201d. Desde all\u00ed que Bugue\u00f1o asegur\u00f3 que se trat\u00f3 de una maniobra de \u201cocultamiento de la escena\u201d por parte del detenido.<br><br>Pmy<\/p>\n","protected":false},"excerpt":{"rendered":"<p>\u201cNosotros no tenemos dudas\u201d fue la respuesta brinda por el fiscal Jorge Bugue\u00f1o a la pregunta period\u00edstica respecto a si el caso del femicidio de Tamara Silva estaba resuelto. Asimismo,&hellip; <\/p>\n","protected":false},"author":3,"featured_media":2566,"comment_status":"closed","ping_status":"closed","sticky":false,"template":"","format":"standard","meta":{"footnotes":""},"categories":[11],"tags":[],"class_list":["post-2567","post","type-post","status-publish","format-standard","has-post-thumbnail","hentry","category-policiales"],"yoast_head":"<!-- This site is optimized with the Yoast SEO plugin v27.4 - https:\/\/yoast.com\/product\/yoast-seo-wordpress\/ -->\n<title>Femicidio de Tamara: El fiscal Bugue\u00f1o asegur\u00f3 que el detenido intento hacer un \u201cocultamiento de la escena\u201d del crimen - FM Patagonia Madryn<\/title>\n<meta name=\"robots\" content=\"index, follow, max-snippet:-1, max-image-preview:large, max-video-preview:-1\" \/>\n<link rel=\"canonical\" href=\"https:\/\/fmpatagoniamadryn.com.ar\/?p=2567\" \/>\n<meta property=\"og:locale\" content=\"es_ES\" \/>\n<meta property=\"og:type\" content=\"article\" \/>\n<meta property=\"og:title\" content=\"Femicidio de Tamara: El fiscal Bugue\u00f1o asegur\u00f3 que el detenido intento hacer un \u201cocultamiento de la escena\u201d del crimen - FM Patagonia Madryn\" \/>\n<meta property=\"og:description\" content=\"\u201cNosotros no tenemos dudas\u201d fue la respuesta brinda por el fiscal Jorge Bugue\u00f1o a la pregunta period\u00edstica respecto a si el caso del femicidio de Tamara Silva estaba resuelto. Asimismo,&hellip;\" \/>\n<meta property=\"og:url\" content=\"https:\/\/fmpatagoniamadryn.com.ar\/?p=2567\" \/>\n<meta property=\"og:site_name\" content=\"FM Patagonia Madryn\" \/>\n<meta property=\"article:published_time\" content=\"2023-05-16T13:38:21+00:00\" \/>\n<meta property=\"article:modified_time\" content=\"2023-05-16T13:39:48+00:00\" \/>\n<meta property=\"og:image\" content=\"https:\/\/fmpatagoniamadryn.com.ar\/wp-content\/uploads\/2023\/05\/FB_IMG_1684244282044.jpg\" \/>\n\t<meta property=\"og:image:width\" content=\"720\" \/>\n\t<meta property=\"og:image:height\" content=\"540\" \/>\n\t<meta property=\"og:image:type\" content=\"image\/jpeg\" \/>\n<meta name=\"author\" content=\"FM Patagonia\" \/>\n<meta name=\"twitter:card\" content=\"summary_large_image\" \/>\n<meta name=\"twitter:label1\" content=\"Escrito por\" \/>\n\t<meta name=\"twitter:data1\" content=\"FM Patagonia\" \/>\n\t<meta name=\"twitter:label2\" content=\"Tiempo de lectura\" \/>\n\t<meta name=\"twitter:data2\" content=\"2 minutos\" \/>\n<script type=\"application\/ld+json\" class=\"yoast-schema-graph\">{\"@context\":\"https:\\\/\\\/schema.org\",\"@graph\":[{\"@type\":\"Article\",\"@id\":\"https:\\\/\\\/fmpatagoniamadryn.com.ar\\\/?p=2567#article\",\"isPartOf\":{\"@id\":\"https:\\\/\\\/fmpatagoniamadryn.com.ar\\\/?p=2567\"},\"author\":{\"name\":\"FM Patagonia\",\"@id\":\"https:\\\/\\\/fmpatagoniamadryn.com.ar\\\/#\\\/schema\\\/person\\\/1d968ec613613768e14b4e6420a2b125\"},\"headline\":\"Femicidio de Tamara: El fiscal Bugue\u00f1o asegur\u00f3 que el detenido intento hacer un \u201cocultamiento de la escena\u201d del crimen\",\"datePublished\":\"2023-05-16T13:38:21+00:00\",\"dateModified\":\"2023-05-16T13:39:48+00:00\",\"mainEntityOfPage\":{\"@id\":\"https:\\\/\\\/fmpatagoniamadryn.com.ar\\\/?p=2567\"},\"wordCount\":363,\"publisher\":{\"@id\":\"https:\\\/\\\/fmpatagoniamadryn.com.ar\\\/#organization\"},\"image\":{\"@id\":\"https:\\\/\\\/fmpatagoniamadryn.com.ar\\\/?p=2567#primaryimage\"},\"thumbnailUrl\":\"https:\\\/\\\/fmpatagoniamadryn.com.ar\\\/wp-content\\\/uploads\\\/2023\\\/05\\\/FB_IMG_1684244282044.jpg\",\"articleSection\":[\"Policiales\"],\"inLanguage\":\"es\"},{\"@type\":\"WebPage\",\"@id\":\"https:\\\/\\\/fmpatagoniamadryn.com.ar\\\/?p=2567\",\"url\":\"https:\\\/\\\/fmpatagoniamadryn.com.ar\\\/?p=2567\",\"name\":\"Femicidio de Tamara: El fiscal Bugue\u00f1o asegur\u00f3 que el detenido intento hacer un \u201cocultamiento de la escena\u201d del crimen - FM Patagonia Madryn\",\"isPartOf\":{\"@id\":\"https:\\\/\\\/fmpatagoniamadryn.com.ar\\\/#website\"},\"primaryImageOfPage\":{\"@id\":\"https:\\\/\\\/fmpatagoniamadryn.com.ar\\\/?p=2567#primaryimage\"},\"image\":{\"@id\":\"https:\\\/\\\/fmpatagoniamadryn.com.ar\\\/?p=2567#primaryimage\"},\"thumbnailUrl\":\"https:\\\/\\\/fmpatagoniamadryn.com.ar\\\/wp-content\\\/uploads\\\/2023\\\/05\\\/FB_IMG_1684244282044.jpg\",\"datePublished\":\"2023-05-16T13:38:21+00:00\",\"dateModified\":\"2023-05-16T13:39:48+00:00\",\"breadcrumb\":{\"@id\":\"https:\\\/\\\/fmpatagoniamadryn.com.ar\\\/?p=2567#breadcrumb\"},\"inLanguage\":\"es\",\"potentialAction\":[{\"@type\":\"ReadAction\",\"target\":[\"https:\\\/\\\/fmpatagoniamadryn.com.ar\\\/?p=2567\"]}]},{\"@type\":\"ImageObject\",\"inLanguage\":\"es\",\"@id\":\"https:\\\/\\\/fmpatagoniamadryn.com.ar\\\/?p=2567#primaryimage\",\"url\":\"https:\\\/\\\/fmpatagoniamadryn.com.ar\\\/wp-content\\\/uploads\\\/2023\\\/05\\\/FB_IMG_1684244282044.jpg\",\"contentUrl\":\"https:\\\/\\\/fmpatagoniamadryn.com.ar\\\/wp-content\\\/uploads\\\/2023\\\/05\\\/FB_IMG_1684244282044.jpg\",\"width\":720,\"height\":540},{\"@type\":\"BreadcrumbList\",\"@id\":\"https:\\\/\\\/fmpatagoniamadryn.com.ar\\\/?p=2567#breadcrumb\",\"itemListElement\":[{\"@type\":\"ListItem\",\"position\":1,\"name\":\"Portada\",\"item\":\"https:\\\/\\\/fmpatagoniamadryn.com.ar\\\/\"},{\"@type\":\"ListItem\",\"position\":2,\"name\":\"Femicidio de Tamara: El fiscal Bugue\u00f1o asegur\u00f3 que el detenido intento hacer un \u201cocultamiento de la escena\u201d del crimen\"}]},{\"@type\":\"WebSite\",\"@id\":\"https:\\\/\\\/fmpatagoniamadryn.com.ar\\\/#website\",\"url\":\"https:\\\/\\\/fmpatagoniamadryn.com.ar\\\/\",\"name\":\"FM Patagonia Madryn\",\"description\":\"Radio Patagonia 105.5\",\"publisher\":{\"@id\":\"https:\\\/\\\/fmpatagoniamadryn.com.ar\\\/#organization\"},\"potentialAction\":[{\"@type\":\"SearchAction\",\"target\":{\"@type\":\"EntryPoint\",\"urlTemplate\":\"https:\\\/\\\/fmpatagoniamadryn.com.ar\\\/?s={search_term_string}\"},\"query-input\":{\"@type\":\"PropertyValueSpecification\",\"valueRequired\":true,\"valueName\":\"search_term_string\"}}],\"inLanguage\":\"es\"},{\"@type\":\"Organization\",\"@id\":\"https:\\\/\\\/fmpatagoniamadryn.com.ar\\\/#organization\",\"name\":\"FM Patagonia Madryn\",\"url\":\"https:\\\/\\\/fmpatagoniamadryn.com.ar\\\/\",\"logo\":{\"@type\":\"ImageObject\",\"inLanguage\":\"es\",\"@id\":\"https:\\\/\\\/fmpatagoniamadryn.com.ar\\\/#\\\/schema\\\/logo\\\/image\\\/\",\"url\":\"https:\\\/\\\/fmpatagoniamadryn.com.ar\\\/wp-content\\\/uploads\\\/2023\\\/01\\\/cropped-Diseno-sin-titulo.png\",\"contentUrl\":\"https:\\\/\\\/fmpatagoniamadryn.com.ar\\\/wp-content\\\/uploads\\\/2023\\\/01\\\/cropped-Diseno-sin-titulo.png\",\"width\":6911,\"height\":2657,\"caption\":\"FM Patagonia Madryn\"},\"image\":{\"@id\":\"https:\\\/\\\/fmpatagoniamadryn.com.ar\\\/#\\\/schema\\\/logo\\\/image\\\/\"}},{\"@type\":\"Person\",\"@id\":\"https:\\\/\\\/fmpatagoniamadryn.com.ar\\\/#\\\/schema\\\/person\\\/1d968ec613613768e14b4e6420a2b125\",\"name\":\"FM Patagonia\",\"url\":\"https:\\\/\\\/fmpatagoniamadryn.com.ar\\\/?author=3\"}]}<\/script>\n<!-- \/ Yoast SEO plugin. -->","yoast_head_json":{"title":"Femicidio de Tamara: El fiscal Bugue\u00f1o asegur\u00f3 que el detenido intento hacer un \u201cocultamiento de la escena\u201d del crimen - FM Patagonia Madryn","robots":{"index":"index","follow":"follow","max-snippet":"max-snippet:-1","max-image-preview":"max-image-preview:large","max-video-preview":"max-video-preview:-1"},"canonical":"https:\/\/fmpatagoniamadryn.com.ar\/?p=2567","og_locale":"es_ES","og_type":"article","og_title":"Femicidio de Tamara: El fiscal Bugue\u00f1o asegur\u00f3 que el detenido intento hacer un \u201cocultamiento de la escena\u201d del crimen - FM Patagonia Madryn","og_description":"\u201cNosotros no tenemos dudas\u201d fue la respuesta brinda por el fiscal Jorge Bugue\u00f1o a la pregunta period\u00edstica respecto a si el caso del femicidio de Tamara Silva estaba resuelto. Asimismo,&hellip;","og_url":"https:\/\/fmpatagoniamadryn.com.ar\/?p=2567","og_site_name":"FM Patagonia Madryn","article_published_time":"2023-05-16T13:38:21+00:00","article_modified_time":"2023-05-16T13:39:48+00:00","og_image":[{"width":720,"height":540,"url":"https:\/\/fmpatagoniamadryn.com.ar\/wp-content\/uploads\/2023\/05\/FB_IMG_1684244282044.jpg","type":"image\/jpeg"}],"author":"FM Patagonia","twitter_card":"summary_large_image","twitter_misc":{"Escrito por":"FM Patagonia","Tiempo de lectura":"2 minutos"},"schema":{"@context":"https:\/\/schema.org","@graph":[{"@type":"Article","@id":"https:\/\/fmpatagoniamadryn.com.ar\/?p=2567#article","isPartOf":{"@id":"https:\/\/fmpatagoniamadryn.com.ar\/?p=2567"},"author":{"name":"FM Patagonia","@id":"https:\/\/fmpatagoniamadryn.com.ar\/#\/schema\/person\/1d968ec613613768e14b4e6420a2b125"},"headline":"Femicidio de Tamara: El fiscal Bugue\u00f1o asegur\u00f3 que el detenido intento hacer un \u201cocultamiento de la escena\u201d del crimen","datePublished":"2023-05-16T13:38:21+00:00","dateModified":"2023-05-16T13:39:48+00:00","mainEntityOfPage":{"@id":"https:\/\/fmpatagoniamadryn.com.ar\/?p=2567"},"wordCount":363,"publisher":{"@id":"https:\/\/fmpatagoniamadryn.com.ar\/#organization"},"image":{"@id":"https:\/\/fmpatagoniamadryn.com.ar\/?p=2567#primaryimage"},"thumbnailUrl":"https:\/\/fmpatagoniamadryn.com.ar\/wp-content\/uploads\/2023\/05\/FB_IMG_1684244282044.jpg","articleSection":["Policiales"],"inLanguage":"es"},{"@type":"WebPage","@id":"https:\/\/fmpatagoniamadryn.com.ar\/?p=2567","url":"https:\/\/fmpatagoniamadryn.com.ar\/?p=2567","name":"Femicidio de Tamara: El fiscal Bugue\u00f1o asegur\u00f3 que el detenido intento hacer un \u201cocultamiento de la escena\u201d del crimen - FM Patagonia Madryn","isPartOf":{"@id":"https:\/\/fmpatagoniamadryn.com.ar\/#website"},"primaryImageOfPage":{"@id":"https:\/\/fmpatagoniamadryn.com.ar\/?p=2567#primaryimage"},"image":{"@id":"https:\/\/fmpatagoniamadryn.com.ar\/?p=2567#primaryimage"},"thumbnailUrl":"https:\/\/fmpatagoniamadryn.com.ar\/wp-content\/uploads\/2023\/05\/FB_IMG_1684244282044.jpg","datePublished":"2023-05-16T13:38:21+00:00","dateModified":"2023-05-16T13:39:48+00:00","breadcrumb":{"@id":"https:\/\/fmpatagoniamadryn.com.ar\/?p=2567#breadcrumb"},"inLanguage":"es","potentialAction":[{"@type":"ReadAction","target":["https:\/\/fmpatagoniamadryn.com.ar\/?p=2567"]}]},{"@type":"ImageObject","inLanguage":"es","@id":"https:\/\/fmpatagoniamadryn.com.ar\/?p=2567#primaryimage","url":"https:\/\/fmpatagoniamadryn.com.ar\/wp-content\/uploads\/2023\/05\/FB_IMG_1684244282044.jpg","contentUrl":"https:\/\/fmpatagoniamadryn.com.ar\/wp-content\/uploads\/2023\/05\/FB_IMG_1684244282044.jpg","width":720,"height":540},{"@type":"BreadcrumbList","@id":"https:\/\/fmpatagoniamadryn.com.ar\/?p=2567#breadcrumb","itemListElement":[{"@type":"ListItem","position":1,"name":"Portada","item":"https:\/\/fmpatagoniamadryn.com.ar\/"},{"@type":"ListItem","position":2,"name":"Femicidio de Tamara: El fiscal Bugue\u00f1o asegur\u00f3 que el detenido intento hacer un \u201cocultamiento de la escena\u201d del crimen"}]},{"@type":"WebSite","@id":"https:\/\/fmpatagoniamadryn.com.ar\/#website","url":"https:\/\/fmpatagoniamadryn.com.ar\/","name":"FM Patagonia Madryn","description":"Radio Patagonia 105.5","publisher":{"@id":"https:\/\/fmpatagoniamadryn.com.ar\/#organization"},"potentialAction":[{"@type":"SearchAction","target":{"@type":"EntryPoint","urlTemplate":"https:\/\/fmpatagoniamadryn.com.ar\/?s={search_term_string}"},"query-input":{"@type":"PropertyValueSpecification","valueRequired":true,"valueName":"search_term_string"}}],"inLanguage":"es"},{"@type":"Organization","@id":"https:\/\/fmpatagoniamadryn.com.ar\/#organization","name":"FM Patagonia Madryn","url":"https:\/\/fmpatagoniamadryn.com.ar\/","logo":{"@type":"ImageObject","inLanguage":"es","@id":"https:\/\/fmpatagoniamadryn.com.ar\/#\/schema\/logo\/image\/","url":"https:\/\/fmpatagoniamadryn.com.ar\/wp-content\/uploads\/2023\/01\/cropped-Diseno-sin-titulo.png","contentUrl":"https:\/\/fmpatagoniamadryn.com.ar\/wp-content\/uploads\/2023\/01\/cropped-Diseno-sin-titulo.png","width":6911,"height":2657,"caption":"FM Patagonia Madryn"},"image":{"@id":"https:\/\/fmpatagoniamadryn.com.ar\/#\/schema\/logo\/image\/"}},{"@type":"Person","@id":"https:\/\/fmpatagoniamadryn.com.ar\/#\/schema\/person\/1d968ec613613768e14b4e6420a2b125","name":"FM Patagonia","url":"https:\/\/fmpatagoniamadryn.com.ar\/?author=3"}]}},"jetpack_featured_media_url":"https:\/\/fmpatagoniamadryn.com.ar\/wp-content\/uploads\/2023\/05\/FB_IMG_1684244282044.jpg","_links":{"self":[{"href":"https:\/\/fmpatagoniamadryn.com.ar\/index.php?rest_route=\/wp\/v2\/posts\/2567","targetHints":{"allow":["GET"]}}],"collection":[{"href":"https:\/\/fmpatagoniamadryn.com.ar\/index.php?rest_route=\/wp\/v2\/posts"}],"about":[{"href":"https:\/\/fmpatagoniamadryn.com.ar\/index.php?rest_route=\/wp\/v2\/types\/post"}],"author":[{"embeddable":true,"href":"https:\/\/fmpatagoniamadryn.com.ar\/index.php?rest_route=\/wp\/v2\/users\/3"}],"replies":[{"embeddable":true,"href":"https:\/\/fmpatagoniamadryn.com.ar\/index.php?rest_route=%2Fwp%2Fv2%2Fcomments&post=2567"}],"version-history":[{"count":1,"href":"https:\/\/fmpatagoniamadryn.com.ar\/index.php?rest_route=\/wp\/v2\/posts\/2567\/revisions"}],"predecessor-version":[{"id":2568,"href":"https:\/\/fmpatagoniamadryn.com.ar\/index.php?rest_route=\/wp\/v2\/posts\/2567\/revisions\/2568"}],"wp:featuredmedia":[{"embeddable":true,"href":"https:\/\/fmpatagoniamadryn.com.ar\/index.php?rest_route=\/wp\/v2\/media\/2566"}],"wp:attachment":[{"href":"https:\/\/fmpatagoniamadryn.com.ar\/index.php?rest_route=%2Fwp%2Fv2%2Fmedia&parent=2567"}],"wp:term":[{"taxonomy":"category","embeddable":true,"href":"https:\/\/fmpatagoniamadryn.com.ar\/index.php?rest_route=%2Fwp%2Fv2%2Fcategories&post=2567"},{"taxonomy":"post_tag","embeddable":true,"href":"https:\/\/fmpatagoniamadryn.com.ar\/index.php?rest_route=%2Fwp%2Fv2%2Ftags&post=2567"}],"curies":[{"name":"wp","href":"https:\/\/api.w.org\/{rel}","templated":true}]}}