{"id":2570,"date":"2023-05-16T10:39:23","date_gmt":"2023-05-16T13:39:23","guid":{"rendered":"https:\/\/fmpatagoniamadryn.com.ar\/?p=2570"},"modified":"2023-05-16T10:39:31","modified_gmt":"2023-05-16T13:39:31","slug":"madryn-el-intendente-inauguro-la-pavimentacion-en-la-calle-alicia-moreau-de-justo","status":"publish","type":"post","link":"https:\/\/fmpatagoniamadryn.com.ar\/?p=2570","title":{"rendered":"MADRYN EL INTENDENTE INAUGUR\u00d3 LA PAVIMENTACI\u00d3N EN LA CALLE ALICIA MOREAU DE JUSTO"},"content":{"rendered":"\n<p>Gustavo Sastre dej\u00f3 habilitado el tr\u00e1nsito en la arteria ubicada en la zona sur de la ciudad. Esta obra se enmarca en las distintas mejoras de infraestructura que se est\u00e1n ejecutando actualmente en los distintos sectores de Puerto Madryn<br><br>El intendente de Puerto Madryn, Gustavo Sastre, inaugur\u00f3 hoy la pavimentaci\u00f3n de la calle Alicia Moreau de Justo y se concret\u00f3 la habilitaci\u00f3n del tr\u00e1nsito por dicha arteria. Esta mejora de infraestructura se enmarca en la gran cantidad de obras que se est\u00e1n ejecutando en todos los sectores de la ciudad.<br><br>En este caso concreto, la calle Alicia Moreau de Justo est\u00e1 incluida en las labores para completar la pavimentaci\u00f3n en el sector sudoeste, conectando las avenidas Juan B. Justo y Marcelo T. de Alvear. En este contexto, en los pr\u00f3ximos d\u00edas suceder\u00e1 lo mismo con la calle Charcas, paralela a la que se inaugur\u00f3 hoy.<br><br>Obras en todos los sectores<br><br>Con respecto de esta inauguraci\u00f3n, el Intendente dijo: \u201cEsta es una calle m\u00e1s a la que llegamos con pavimento en Puerto Madryn, avanzando y cumpliendo con lo que hab\u00edamos anunciado en su momento. La satisfacci\u00f3n y la alegr\u00eda de nuestros vecinos madrynenses, por supuesto que tambi\u00e9n es la m\u00eda\u201d.<br><br>En este mismo sentido, el Jefe Comunal manifest\u00f3: \u201cEsto nos ayuda a optimizar la circulaci\u00f3n y el tr\u00e1nsito en los distintos puntos de la ciudad, generando tambi\u00e9n una mejora en la calidad de vida de nuestra comunidad. Hoy ya iniciamos con obras de estas caracter\u00edsticas en los barrios Perito Moreno y Don Bosco. Vamos a seguir en todos y cada uno de los sectores de Puerto Madryn\u201d.<br><br>Los presentes<br><br>En la inauguraci\u00f3n y apertura del tr\u00e1nsito de la calle Alicia Moreau de Justo, Sastre estuvo acompa\u00f1ado por todo el Gabinete Municipal y por vecinos del sector.<\/p>\n","protected":false},"excerpt":{"rendered":"<p>Gustavo Sastre dej\u00f3 habilitado el tr\u00e1nsito en la arteria ubicada en la zona sur de la ciudad. Esta obra se enmarca en las distintas mejoras de infraestructura que se est\u00e1n&hellip; <\/p>\n","protected":false},"author":3,"featured_media":2569,"comment_status":"closed","ping_status":"closed","sticky":false,"template":"","format":"standard","meta":{"footnotes":""},"categories":[15],"tags":[],"class_list":["post-2570","post","type-post","status-publish","format-standard","has-post-thumbnail","hentry","category-locales"],"yoast_head":"<!-- This site is optimized with the Yoast SEO plugin v27.4 - https:\/\/yoast.com\/product\/yoast-seo-wordpress\/ -->\n<title>MADRYN EL INTENDENTE INAUGUR\u00d3 LA PAVIMENTACI\u00d3N EN LA CALLE ALICIA MOREAU DE JUSTO - FM Patagonia Madryn<\/title>\n<meta name=\"robots\" content=\"index, follow, max-snippet:-1, max-image-preview:large, max-video-preview:-1\" \/>\n<link rel=\"canonical\" href=\"https:\/\/fmpatagoniamadryn.com.ar\/?p=2570\" \/>\n<meta property=\"og:locale\" content=\"es_ES\" \/>\n<meta property=\"og:type\" content=\"article\" \/>\n<meta property=\"og:title\" content=\"MADRYN EL INTENDENTE INAUGUR\u00d3 LA PAVIMENTACI\u00d3N EN LA CALLE ALICIA MOREAU DE JUSTO - FM Patagonia Madryn\" \/>\n<meta property=\"og:description\" content=\"Gustavo Sastre dej\u00f3 habilitado el tr\u00e1nsito en la arteria ubicada en la zona sur de la ciudad. Esta obra se enmarca en las distintas mejoras de infraestructura que se est\u00e1n&hellip;\" \/>\n<meta property=\"og:url\" content=\"https:\/\/fmpatagoniamadryn.com.ar\/?p=2570\" \/>\n<meta property=\"og:site_name\" content=\"FM Patagonia Madryn\" \/>\n<meta property=\"article:published_time\" content=\"2023-05-16T13:39:23+00:00\" \/>\n<meta property=\"article:modified_time\" content=\"2023-05-16T13:39:31+00:00\" \/>\n<meta property=\"og:image\" content=\"https:\/\/fmpatagoniamadryn.com.ar\/wp-content\/uploads\/2023\/05\/FB_IMG_1684244329350.jpg\" \/>\n\t<meta property=\"og:image:width\" content=\"720\" \/>\n\t<meta property=\"og:image:height\" content=\"480\" \/>\n\t<meta property=\"og:image:type\" content=\"image\/jpeg\" \/>\n<meta name=\"author\" content=\"FM Patagonia\" \/>\n<meta name=\"twitter:card\" content=\"summary_large_image\" \/>\n<meta name=\"twitter:label1\" content=\"Escrito por\" \/>\n\t<meta name=\"twitter:data1\" content=\"FM Patagonia\" \/>\n\t<meta name=\"twitter:label2\" content=\"Tiempo de lectura\" \/>\n\t<meta name=\"twitter:data2\" content=\"2 minutos\" \/>\n<script type=\"application\/ld+json\" class=\"yoast-schema-graph\">{\"@context\":\"https:\\\/\\\/schema.org\",\"@graph\":[{\"@type\":\"Article\",\"@id\":\"https:\\\/\\\/fmpatagoniamadryn.com.ar\\\/?p=2570#article\",\"isPartOf\":{\"@id\":\"https:\\\/\\\/fmpatagoniamadryn.com.ar\\\/?p=2570\"},\"author\":{\"name\":\"FM Patagonia\",\"@id\":\"https:\\\/\\\/fmpatagoniamadryn.com.ar\\\/#\\\/schema\\\/person\\\/1d968ec613613768e14b4e6420a2b125\"},\"headline\":\"MADRYN EL INTENDENTE INAUGUR\u00d3 LA PAVIMENTACI\u00d3N EN LA CALLE ALICIA MOREAU DE JUSTO\",\"datePublished\":\"2023-05-16T13:39:23+00:00\",\"dateModified\":\"2023-05-16T13:39:31+00:00\",\"mainEntityOfPage\":{\"@id\":\"https:\\\/\\\/fmpatagoniamadryn.com.ar\\\/?p=2570\"},\"wordCount\":332,\"publisher\":{\"@id\":\"https:\\\/\\\/fmpatagoniamadryn.com.ar\\\/#organization\"},\"image\":{\"@id\":\"https:\\\/\\\/fmpatagoniamadryn.com.ar\\\/?p=2570#primaryimage\"},\"thumbnailUrl\":\"https:\\\/\\\/fmpatagoniamadryn.com.ar\\\/wp-content\\\/uploads\\\/2023\\\/05\\\/FB_IMG_1684244329350.jpg\",\"articleSection\":[\"Locales\"],\"inLanguage\":\"es\"},{\"@type\":\"WebPage\",\"@id\":\"https:\\\/\\\/fmpatagoniamadryn.com.ar\\\/?p=2570\",\"url\":\"https:\\\/\\\/fmpatagoniamadryn.com.ar\\\/?p=2570\",\"name\":\"MADRYN EL INTENDENTE INAUGUR\u00d3 LA PAVIMENTACI\u00d3N EN LA CALLE ALICIA MOREAU DE JUSTO - FM Patagonia Madryn\",\"isPartOf\":{\"@id\":\"https:\\\/\\\/fmpatagoniamadryn.com.ar\\\/#website\"},\"primaryImageOfPage\":{\"@id\":\"https:\\\/\\\/fmpatagoniamadryn.com.ar\\\/?p=2570#primaryimage\"},\"image\":{\"@id\":\"https:\\\/\\\/fmpatagoniamadryn.com.ar\\\/?p=2570#primaryimage\"},\"thumbnailUrl\":\"https:\\\/\\\/fmpatagoniamadryn.com.ar\\\/wp-content\\\/uploads\\\/2023\\\/05\\\/FB_IMG_1684244329350.jpg\",\"datePublished\":\"2023-05-16T13:39:23+00:00\",\"dateModified\":\"2023-05-16T13:39:31+00:00\",\"breadcrumb\":{\"@id\":\"https:\\\/\\\/fmpatagoniamadryn.com.ar\\\/?p=2570#breadcrumb\"},\"inLanguage\":\"es\",\"potentialAction\":[{\"@type\":\"ReadAction\",\"target\":[\"https:\\\/\\\/fmpatagoniamadryn.com.ar\\\/?p=2570\"]}]},{\"@type\":\"ImageObject\",\"inLanguage\":\"es\",\"@id\":\"https:\\\/\\\/fmpatagoniamadryn.com.ar\\\/?p=2570#primaryimage\",\"url\":\"https:\\\/\\\/fmpatagoniamadryn.com.ar\\\/wp-content\\\/uploads\\\/2023\\\/05\\\/FB_IMG_1684244329350.jpg\",\"contentUrl\":\"https:\\\/\\\/fmpatagoniamadryn.com.ar\\\/wp-content\\\/uploads\\\/2023\\\/05\\\/FB_IMG_1684244329350.jpg\",\"width\":720,\"height\":480},{\"@type\":\"BreadcrumbList\",\"@id\":\"https:\\\/\\\/fmpatagoniamadryn.com.ar\\\/?p=2570#breadcrumb\",\"itemListElement\":[{\"@type\":\"ListItem\",\"position\":1,\"name\":\"Portada\",\"item\":\"https:\\\/\\\/fmpatagoniamadryn.com.ar\\\/\"},{\"@type\":\"ListItem\",\"position\":2,\"name\":\"MADRYN EL INTENDENTE INAUGUR\u00d3 LA PAVIMENTACI\u00d3N EN LA CALLE ALICIA MOREAU DE JUSTO\"}]},{\"@type\":\"WebSite\",\"@id\":\"https:\\\/\\\/fmpatagoniamadryn.com.ar\\\/#website\",\"url\":\"https:\\\/\\\/fmpatagoniamadryn.com.ar\\\/\",\"name\":\"FM Patagonia Madryn\",\"description\":\"Radio Patagonia 105.5\",\"publisher\":{\"@id\":\"https:\\\/\\\/fmpatagoniamadryn.com.ar\\\/#organization\"},\"potentialAction\":[{\"@type\":\"SearchAction\",\"target\":{\"@type\":\"EntryPoint\",\"urlTemplate\":\"https:\\\/\\\/fmpatagoniamadryn.com.ar\\\/?s={search_term_string}\"},\"query-input\":{\"@type\":\"PropertyValueSpecification\",\"valueRequired\":true,\"valueName\":\"search_term_string\"}}],\"inLanguage\":\"es\"},{\"@type\":\"Organization\",\"@id\":\"https:\\\/\\\/fmpatagoniamadryn.com.ar\\\/#organization\",\"name\":\"FM Patagonia Madryn\",\"url\":\"https:\\\/\\\/fmpatagoniamadryn.com.ar\\\/\",\"logo\":{\"@type\":\"ImageObject\",\"inLanguage\":\"es\",\"@id\":\"https:\\\/\\\/fmpatagoniamadryn.com.ar\\\/#\\\/schema\\\/logo\\\/image\\\/\",\"url\":\"https:\\\/\\\/fmpatagoniamadryn.com.ar\\\/wp-content\\\/uploads\\\/2023\\\/01\\\/cropped-Diseno-sin-titulo.png\",\"contentUrl\":\"https:\\\/\\\/fmpatagoniamadryn.com.ar\\\/wp-content\\\/uploads\\\/2023\\\/01\\\/cropped-Diseno-sin-titulo.png\",\"width\":6911,\"height\":2657,\"caption\":\"FM Patagonia Madryn\"},\"image\":{\"@id\":\"https:\\\/\\\/fmpatagoniamadryn.com.ar\\\/#\\\/schema\\\/logo\\\/image\\\/\"}},{\"@type\":\"Person\",\"@id\":\"https:\\\/\\\/fmpatagoniamadryn.com.ar\\\/#\\\/schema\\\/person\\\/1d968ec613613768e14b4e6420a2b125\",\"name\":\"FM Patagonia\",\"url\":\"https:\\\/\\\/fmpatagoniamadryn.com.ar\\\/?author=3\"}]}<\/script>\n<!-- \/ Yoast SEO plugin. -->","yoast_head_json":{"title":"MADRYN EL INTENDENTE INAUGUR\u00d3 LA PAVIMENTACI\u00d3N EN LA CALLE ALICIA MOREAU DE JUSTO - FM Patagonia Madryn","robots":{"index":"index","follow":"follow","max-snippet":"max-snippet:-1","max-image-preview":"max-image-preview:large","max-video-preview":"max-video-preview:-1"},"canonical":"https:\/\/fmpatagoniamadryn.com.ar\/?p=2570","og_locale":"es_ES","og_type":"article","og_title":"MADRYN EL INTENDENTE INAUGUR\u00d3 LA PAVIMENTACI\u00d3N EN LA CALLE ALICIA MOREAU DE JUSTO - FM Patagonia Madryn","og_description":"Gustavo Sastre dej\u00f3 habilitado el tr\u00e1nsito en la arteria ubicada en la zona sur de la ciudad. Esta obra se enmarca en las distintas mejoras de infraestructura que se est\u00e1n&hellip;","og_url":"https:\/\/fmpatagoniamadryn.com.ar\/?p=2570","og_site_name":"FM Patagonia Madryn","article_published_time":"2023-05-16T13:39:23+00:00","article_modified_time":"2023-05-16T13:39:31+00:00","og_image":[{"width":720,"height":480,"url":"https:\/\/fmpatagoniamadryn.com.ar\/wp-content\/uploads\/2023\/05\/FB_IMG_1684244329350.jpg","type":"image\/jpeg"}],"author":"FM Patagonia","twitter_card":"summary_large_image","twitter_misc":{"Escrito por":"FM Patagonia","Tiempo de lectura":"2 minutos"},"schema":{"@context":"https:\/\/schema.org","@graph":[{"@type":"Article","@id":"https:\/\/fmpatagoniamadryn.com.ar\/?p=2570#article","isPartOf":{"@id":"https:\/\/fmpatagoniamadryn.com.ar\/?p=2570"},"author":{"name":"FM Patagonia","@id":"https:\/\/fmpatagoniamadryn.com.ar\/#\/schema\/person\/1d968ec613613768e14b4e6420a2b125"},"headline":"MADRYN EL INTENDENTE INAUGUR\u00d3 LA PAVIMENTACI\u00d3N EN LA CALLE ALICIA MOREAU DE JUSTO","datePublished":"2023-05-16T13:39:23+00:00","dateModified":"2023-05-16T13:39:31+00:00","mainEntityOfPage":{"@id":"https:\/\/fmpatagoniamadryn.com.ar\/?p=2570"},"wordCount":332,"publisher":{"@id":"https:\/\/fmpatagoniamadryn.com.ar\/#organization"},"image":{"@id":"https:\/\/fmpatagoniamadryn.com.ar\/?p=2570#primaryimage"},"thumbnailUrl":"https:\/\/fmpatagoniamadryn.com.ar\/wp-content\/uploads\/2023\/05\/FB_IMG_1684244329350.jpg","articleSection":["Locales"],"inLanguage":"es"},{"@type":"WebPage","@id":"https:\/\/fmpatagoniamadryn.com.ar\/?p=2570","url":"https:\/\/fmpatagoniamadryn.com.ar\/?p=2570","name":"MADRYN EL INTENDENTE INAUGUR\u00d3 LA PAVIMENTACI\u00d3N EN LA CALLE ALICIA MOREAU DE JUSTO - FM Patagonia Madryn","isPartOf":{"@id":"https:\/\/fmpatagoniamadryn.com.ar\/#website"},"primaryImageOfPage":{"@id":"https:\/\/fmpatagoniamadryn.com.ar\/?p=2570#primaryimage"},"image":{"@id":"https:\/\/fmpatagoniamadryn.com.ar\/?p=2570#primaryimage"},"thumbnailUrl":"https:\/\/fmpatagoniamadryn.com.ar\/wp-content\/uploads\/2023\/05\/FB_IMG_1684244329350.jpg","datePublished":"2023-05-16T13:39:23+00:00","dateModified":"2023-05-16T13:39:31+00:00","breadcrumb":{"@id":"https:\/\/fmpatagoniamadryn.com.ar\/?p=2570#breadcrumb"},"inLanguage":"es","potentialAction":[{"@type":"ReadAction","target":["https:\/\/fmpatagoniamadryn.com.ar\/?p=2570"]}]},{"@type":"ImageObject","inLanguage":"es","@id":"https:\/\/fmpatagoniamadryn.com.ar\/?p=2570#primaryimage","url":"https:\/\/fmpatagoniamadryn.com.ar\/wp-content\/uploads\/2023\/05\/FB_IMG_1684244329350.jpg","contentUrl":"https:\/\/fmpatagoniamadryn.com.ar\/wp-content\/uploads\/2023\/05\/FB_IMG_1684244329350.jpg","width":720,"height":480},{"@type":"BreadcrumbList","@id":"https:\/\/fmpatagoniamadryn.com.ar\/?p=2570#breadcrumb","itemListElement":[{"@type":"ListItem","position":1,"name":"Portada","item":"https:\/\/fmpatagoniamadryn.com.ar\/"},{"@type":"ListItem","position":2,"name":"MADRYN EL INTENDENTE INAUGUR\u00d3 LA PAVIMENTACI\u00d3N EN LA CALLE ALICIA MOREAU DE JUSTO"}]},{"@type":"WebSite","@id":"https:\/\/fmpatagoniamadryn.com.ar\/#website","url":"https:\/\/fmpatagoniamadryn.com.ar\/","name":"FM Patagonia Madryn","description":"Radio Patagonia 105.5","publisher":{"@id":"https:\/\/fmpatagoniamadryn.com.ar\/#organization"},"potentialAction":[{"@type":"SearchAction","target":{"@type":"EntryPoint","urlTemplate":"https:\/\/fmpatagoniamadryn.com.ar\/?s={search_term_string}"},"query-input":{"@type":"PropertyValueSpecification","valueRequired":true,"valueName":"search_term_string"}}],"inLanguage":"es"},{"@type":"Organization","@id":"https:\/\/fmpatagoniamadryn.com.ar\/#organization","name":"FM Patagonia Madryn","url":"https:\/\/fmpatagoniamadryn.com.ar\/","logo":{"@type":"ImageObject","inLanguage":"es","@id":"https:\/\/fmpatagoniamadryn.com.ar\/#\/schema\/logo\/image\/","url":"https:\/\/fmpatagoniamadryn.com.ar\/wp-content\/uploads\/2023\/01\/cropped-Diseno-sin-titulo.png","contentUrl":"https:\/\/fmpatagoniamadryn.com.ar\/wp-content\/uploads\/2023\/01\/cropped-Diseno-sin-titulo.png","width":6911,"height":2657,"caption":"FM Patagonia Madryn"},"image":{"@id":"https:\/\/fmpatagoniamadryn.com.ar\/#\/schema\/logo\/image\/"}},{"@type":"Person","@id":"https:\/\/fmpatagoniamadryn.com.ar\/#\/schema\/person\/1d968ec613613768e14b4e6420a2b125","name":"FM Patagonia","url":"https:\/\/fmpatagoniamadryn.com.ar\/?author=3"}]}},"jetpack_featured_media_url":"https:\/\/fmpatagoniamadryn.com.ar\/wp-content\/uploads\/2023\/05\/FB_IMG_1684244329350.jpg","_links":{"self":[{"href":"https:\/\/fmpatagoniamadryn.com.ar\/index.php?rest_route=\/wp\/v2\/posts\/2570","targetHints":{"allow":["GET"]}}],"collection":[{"href":"https:\/\/fmpatagoniamadryn.com.ar\/index.php?rest_route=\/wp\/v2\/posts"}],"about":[{"href":"https:\/\/fmpatagoniamadryn.com.ar\/index.php?rest_route=\/wp\/v2\/types\/post"}],"author":[{"embeddable":true,"href":"https:\/\/fmpatagoniamadryn.com.ar\/index.php?rest_route=\/wp\/v2\/users\/3"}],"replies":[{"embeddable":true,"href":"https:\/\/fmpatagoniamadryn.com.ar\/index.php?rest_route=%2Fwp%2Fv2%2Fcomments&post=2570"}],"version-history":[{"count":1,"href":"https:\/\/fmpatagoniamadryn.com.ar\/index.php?rest_route=\/wp\/v2\/posts\/2570\/revisions"}],"predecessor-version":[{"id":2571,"href":"https:\/\/fmpatagoniamadryn.com.ar\/index.php?rest_route=\/wp\/v2\/posts\/2570\/revisions\/2571"}],"wp:featuredmedia":[{"embeddable":true,"href":"https:\/\/fmpatagoniamadryn.com.ar\/index.php?rest_route=\/wp\/v2\/media\/2569"}],"wp:attachment":[{"href":"https:\/\/fmpatagoniamadryn.com.ar\/index.php?rest_route=%2Fwp%2Fv2%2Fmedia&parent=2570"}],"wp:term":[{"taxonomy":"category","embeddable":true,"href":"https:\/\/fmpatagoniamadryn.com.ar\/index.php?rest_route=%2Fwp%2Fv2%2Fcategories&post=2570"},{"taxonomy":"post_tag","embeddable":true,"href":"https:\/\/fmpatagoniamadryn.com.ar\/index.php?rest_route=%2Fwp%2Fv2%2Ftags&post=2570"}],"curies":[{"name":"wp","href":"https:\/\/api.w.org\/{rel}","templated":true}]}}