{"id":2585,"date":"2023-05-16T11:40:51","date_gmt":"2023-05-16T14:40:51","guid":{"rendered":"https:\/\/fmpatagoniamadryn.com.ar\/?p=2585"},"modified":"2023-05-16T11:43:51","modified_gmt":"2023-05-16T14:43:51","slug":"chubut-avanza-con-el-proyecto-toma-la-voz-destinado-a-estudiantes-del-nivel-secundario","status":"publish","type":"post","link":"https:\/\/fmpatagoniamadryn.com.ar\/?p=2585","title":{"rendered":"Chubut avanza con el proyecto \u2018Tom\u00e1 la Voz\u2019 destinado a estudiantes del nivel Secundario"},"content":{"rendered":"\n<p>Apunta a que los j\u00f3venes planteen sus inquietudes sobre los temas preventivos recurrentes como la violencia de g\u00e9nero y los diversos delitos virtuales. Adem\u00e1s, se articulan contenidos con los docentes para que los estudiantes fortalezcan sus capacidades expresivas.<br><br>El Gobierno del Chubut lleva adelante el proyecto \u201cTom\u00e1 la Voz\u201d en la Escuela Raquel Chattah de Bec N\u00b0 752 de Rawson. La iniciativa apunta a elaborar micro talleres de sensibilizaci\u00f3n, concientizaci\u00f3n y prevenci\u00f3n en tem\u00e1ticas relacionados a problem\u00e1ticas de violencia.<br><br>Desde el Ministerio de Seguridad, a trav\u00e9s de la Subsecretar\u00eda de Prevenci\u00f3n y Participaci\u00f3n Comunitaria, relevaron estad\u00edsticas en relaci\u00f3n a violencia de g\u00e9nero, \u2018bullying\u2019, abuso sexual entre otras situaciones que permiten establecer nuevas medidas institucionales.<br><br>En este esquema, los estudiantes se convirtieron en los \u201cverdaderos protagonistas\u201d a trav\u00e9s de un proceso de garantizar los mecanismos de capacidad expresiva que permiten que los j\u00f3venes expresen sus ideas y formulen sugerencias para enfrentar determinadas circunstancias.<br><br>El equipo t\u00e9cnico del Ministerio de Seguridad valor\u00f3 la jornada como \u201cenriquecedora\u201d y \u201cexitosa\u201d teniendo en cuenta que los estudiantes tomaron un rol como promotores e impulsores de medidas de prevenci\u00f3n y acciones a favor de entornos libres de violencia.<br><br>Estas acciones se desarrollaron a trav\u00e9s de un trabajo articulado y  mancomunado entre el equipo intersectorial compuesto por la Subsecretar\u00eda de Prevenci\u00f3n y Participaci\u00f3n Comunitaria, la comunidad educativa de la Escuela N\u00b0 752; la Oficina de Derechos y Garant\u00edas de la Ni\u00f1ez, Adolescencia y Familia; la Secretar\u00eda Nacional de Ni\u00f1ez, Adolescencia y Familia; el Consejo Provincial de Ni\u00f1ez, Adolescencia y Familia; el Servicio de Protecci\u00f3n de Derechos; el Consejo de Adultos Mayores; la Coordinaci\u00f3n de Juventud; la Coordinaci\u00f3n de l\u00ednea 102; Rotary Club Rawson; la Asociaci\u00f3n Civil \u201cAccionar\u201d y CONAF.<br><br>Tom\u00e1 la voz<br><br>Cabe mencionar que el proyecto se lleva a cabo en distintas escuelas de la zona del Valle con una importante respuesta de las comunidades educativas con el eje puesto en que los j\u00f3venes expresen los temas que le interesan y preocupan cotidianamente.<br><br>Al margen de esta iniciativa, la Subsecretar\u00eda de Prevenci\u00f3n y Participaci\u00f3n Comunitaria contin\u00faa con los \u201cTrayectos Escolares Sugeridos\u201d para garantizar los puntos adecuados de acceso y egreso de los establecimientos escolares con la presencia en el terreno del cuerpo de \u201cpreventores comunitarios\u201d  y con el respaldo creciente de los comerciantes, organismos y entidades de la regi\u00f3n.<\/p>\n","protected":false},"excerpt":{"rendered":"<p>Apunta a que los j\u00f3venes planteen sus inquietudes sobre los temas preventivos recurrentes como la violencia de g\u00e9nero y los diversos delitos virtuales. Adem\u00e1s, se articulan contenidos con los docentes&hellip; <\/p>\n","protected":false},"author":3,"featured_media":2584,"comment_status":"closed","ping_status":"closed","sticky":false,"template":"","format":"standard","meta":{"footnotes":""},"categories":[14],"tags":[],"class_list":["post-2585","post","type-post","status-publish","format-standard","has-post-thumbnail","hentry","category-provinciales"],"yoast_head":"<!-- This site is optimized with the Yoast SEO plugin v27.4 - https:\/\/yoast.com\/product\/yoast-seo-wordpress\/ -->\n<title>Chubut avanza con el proyecto \u2018Tom\u00e1 la Voz\u2019 destinado a estudiantes del nivel Secundario - FM Patagonia Madryn<\/title>\n<meta name=\"robots\" content=\"index, follow, max-snippet:-1, max-image-preview:large, max-video-preview:-1\" \/>\n<link rel=\"canonical\" href=\"https:\/\/fmpatagoniamadryn.com.ar\/?p=2585\" \/>\n<meta property=\"og:locale\" content=\"es_ES\" \/>\n<meta property=\"og:type\" content=\"article\" \/>\n<meta property=\"og:title\" content=\"Chubut avanza con el proyecto \u2018Tom\u00e1 la Voz\u2019 destinado a estudiantes del nivel Secundario - FM Patagonia Madryn\" \/>\n<meta property=\"og:description\" content=\"Apunta a que los j\u00f3venes planteen sus inquietudes sobre los temas preventivos recurrentes como la violencia de g\u00e9nero y los diversos delitos virtuales. Adem\u00e1s, se articulan contenidos con los docentes&hellip;\" \/>\n<meta property=\"og:url\" content=\"https:\/\/fmpatagoniamadryn.com.ar\/?p=2585\" \/>\n<meta property=\"og:site_name\" content=\"FM Patagonia Madryn\" \/>\n<meta property=\"article:published_time\" content=\"2023-05-16T14:40:51+00:00\" \/>\n<meta property=\"article:modified_time\" content=\"2023-05-16T14:43:51+00:00\" \/>\n<meta property=\"og:image\" content=\"https:\/\/fmpatagoniamadryn.com.ar\/wp-content\/uploads\/2023\/05\/TOMA-LA-VOZ-2.jpeg\" \/>\n\t<meta property=\"og:image:width\" content=\"989\" \/>\n\t<meta property=\"og:image:height\" content=\"822\" \/>\n\t<meta property=\"og:image:type\" content=\"image\/jpeg\" \/>\n<meta name=\"author\" content=\"FM Patagonia\" \/>\n<meta name=\"twitter:card\" content=\"summary_large_image\" \/>\n<meta name=\"twitter:label1\" content=\"Escrito por\" \/>\n\t<meta name=\"twitter:data1\" content=\"FM Patagonia\" \/>\n\t<meta name=\"twitter:label2\" content=\"Tiempo de lectura\" \/>\n\t<meta name=\"twitter:data2\" content=\"2 minutos\" \/>\n<script type=\"application\/ld+json\" class=\"yoast-schema-graph\">{\"@context\":\"https:\\\/\\\/schema.org\",\"@graph\":[{\"@type\":\"Article\",\"@id\":\"https:\\\/\\\/fmpatagoniamadryn.com.ar\\\/?p=2585#article\",\"isPartOf\":{\"@id\":\"https:\\\/\\\/fmpatagoniamadryn.com.ar\\\/?p=2585\"},\"author\":{\"name\":\"FM Patagonia\",\"@id\":\"https:\\\/\\\/fmpatagoniamadryn.com.ar\\\/#\\\/schema\\\/person\\\/1d968ec613613768e14b4e6420a2b125\"},\"headline\":\"Chubut avanza con el proyecto \u2018Tom\u00e1 la Voz\u2019 destinado a estudiantes del nivel Secundario\",\"datePublished\":\"2023-05-16T14:40:51+00:00\",\"dateModified\":\"2023-05-16T14:43:51+00:00\",\"mainEntityOfPage\":{\"@id\":\"https:\\\/\\\/fmpatagoniamadryn.com.ar\\\/?p=2585\"},\"wordCount\":433,\"publisher\":{\"@id\":\"https:\\\/\\\/fmpatagoniamadryn.com.ar\\\/#organization\"},\"image\":{\"@id\":\"https:\\\/\\\/fmpatagoniamadryn.com.ar\\\/?p=2585#primaryimage\"},\"thumbnailUrl\":\"https:\\\/\\\/fmpatagoniamadryn.com.ar\\\/wp-content\\\/uploads\\\/2023\\\/05\\\/TOMA-LA-VOZ-2.jpeg\",\"articleSection\":[\"Provinciales\"],\"inLanguage\":\"es\"},{\"@type\":\"WebPage\",\"@id\":\"https:\\\/\\\/fmpatagoniamadryn.com.ar\\\/?p=2585\",\"url\":\"https:\\\/\\\/fmpatagoniamadryn.com.ar\\\/?p=2585\",\"name\":\"Chubut avanza con el proyecto \u2018Tom\u00e1 la Voz\u2019 destinado a estudiantes del nivel Secundario - FM Patagonia Madryn\",\"isPartOf\":{\"@id\":\"https:\\\/\\\/fmpatagoniamadryn.com.ar\\\/#website\"},\"primaryImageOfPage\":{\"@id\":\"https:\\\/\\\/fmpatagoniamadryn.com.ar\\\/?p=2585#primaryimage\"},\"image\":{\"@id\":\"https:\\\/\\\/fmpatagoniamadryn.com.ar\\\/?p=2585#primaryimage\"},\"thumbnailUrl\":\"https:\\\/\\\/fmpatagoniamadryn.com.ar\\\/wp-content\\\/uploads\\\/2023\\\/05\\\/TOMA-LA-VOZ-2.jpeg\",\"datePublished\":\"2023-05-16T14:40:51+00:00\",\"dateModified\":\"2023-05-16T14:43:51+00:00\",\"breadcrumb\":{\"@id\":\"https:\\\/\\\/fmpatagoniamadryn.com.ar\\\/?p=2585#breadcrumb\"},\"inLanguage\":\"es\",\"potentialAction\":[{\"@type\":\"ReadAction\",\"target\":[\"https:\\\/\\\/fmpatagoniamadryn.com.ar\\\/?p=2585\"]}]},{\"@type\":\"ImageObject\",\"inLanguage\":\"es\",\"@id\":\"https:\\\/\\\/fmpatagoniamadryn.com.ar\\\/?p=2585#primaryimage\",\"url\":\"https:\\\/\\\/fmpatagoniamadryn.com.ar\\\/wp-content\\\/uploads\\\/2023\\\/05\\\/TOMA-LA-VOZ-2.jpeg\",\"contentUrl\":\"https:\\\/\\\/fmpatagoniamadryn.com.ar\\\/wp-content\\\/uploads\\\/2023\\\/05\\\/TOMA-LA-VOZ-2.jpeg\",\"width\":989,\"height\":822},{\"@type\":\"BreadcrumbList\",\"@id\":\"https:\\\/\\\/fmpatagoniamadryn.com.ar\\\/?p=2585#breadcrumb\",\"itemListElement\":[{\"@type\":\"ListItem\",\"position\":1,\"name\":\"Portada\",\"item\":\"https:\\\/\\\/fmpatagoniamadryn.com.ar\\\/\"},{\"@type\":\"ListItem\",\"position\":2,\"name\":\"Chubut avanza con el proyecto \u2018Tom\u00e1 la Voz\u2019 destinado a estudiantes del nivel Secundario\"}]},{\"@type\":\"WebSite\",\"@id\":\"https:\\\/\\\/fmpatagoniamadryn.com.ar\\\/#website\",\"url\":\"https:\\\/\\\/fmpatagoniamadryn.com.ar\\\/\",\"name\":\"FM Patagonia Madryn\",\"description\":\"Radio Patagonia 105.5\",\"publisher\":{\"@id\":\"https:\\\/\\\/fmpatagoniamadryn.com.ar\\\/#organization\"},\"potentialAction\":[{\"@type\":\"SearchAction\",\"target\":{\"@type\":\"EntryPoint\",\"urlTemplate\":\"https:\\\/\\\/fmpatagoniamadryn.com.ar\\\/?s={search_term_string}\"},\"query-input\":{\"@type\":\"PropertyValueSpecification\",\"valueRequired\":true,\"valueName\":\"search_term_string\"}}],\"inLanguage\":\"es\"},{\"@type\":\"Organization\",\"@id\":\"https:\\\/\\\/fmpatagoniamadryn.com.ar\\\/#organization\",\"name\":\"FM Patagonia Madryn\",\"url\":\"https:\\\/\\\/fmpatagoniamadryn.com.ar\\\/\",\"logo\":{\"@type\":\"ImageObject\",\"inLanguage\":\"es\",\"@id\":\"https:\\\/\\\/fmpatagoniamadryn.com.ar\\\/#\\\/schema\\\/logo\\\/image\\\/\",\"url\":\"https:\\\/\\\/fmpatagoniamadryn.com.ar\\\/wp-content\\\/uploads\\\/2023\\\/01\\\/cropped-Diseno-sin-titulo.png\",\"contentUrl\":\"https:\\\/\\\/fmpatagoniamadryn.com.ar\\\/wp-content\\\/uploads\\\/2023\\\/01\\\/cropped-Diseno-sin-titulo.png\",\"width\":6911,\"height\":2657,\"caption\":\"FM Patagonia Madryn\"},\"image\":{\"@id\":\"https:\\\/\\\/fmpatagoniamadryn.com.ar\\\/#\\\/schema\\\/logo\\\/image\\\/\"}},{\"@type\":\"Person\",\"@id\":\"https:\\\/\\\/fmpatagoniamadryn.com.ar\\\/#\\\/schema\\\/person\\\/1d968ec613613768e14b4e6420a2b125\",\"name\":\"FM Patagonia\",\"url\":\"https:\\\/\\\/fmpatagoniamadryn.com.ar\\\/?author=3\"}]}<\/script>\n<!-- \/ Yoast SEO plugin. -->","yoast_head_json":{"title":"Chubut avanza con el proyecto \u2018Tom\u00e1 la Voz\u2019 destinado a estudiantes del nivel Secundario - FM Patagonia Madryn","robots":{"index":"index","follow":"follow","max-snippet":"max-snippet:-1","max-image-preview":"max-image-preview:large","max-video-preview":"max-video-preview:-1"},"canonical":"https:\/\/fmpatagoniamadryn.com.ar\/?p=2585","og_locale":"es_ES","og_type":"article","og_title":"Chubut avanza con el proyecto \u2018Tom\u00e1 la Voz\u2019 destinado a estudiantes del nivel Secundario - FM Patagonia Madryn","og_description":"Apunta a que los j\u00f3venes planteen sus inquietudes sobre los temas preventivos recurrentes como la violencia de g\u00e9nero y los diversos delitos virtuales. Adem\u00e1s, se articulan contenidos con los docentes&hellip;","og_url":"https:\/\/fmpatagoniamadryn.com.ar\/?p=2585","og_site_name":"FM Patagonia Madryn","article_published_time":"2023-05-16T14:40:51+00:00","article_modified_time":"2023-05-16T14:43:51+00:00","og_image":[{"width":989,"height":822,"url":"https:\/\/fmpatagoniamadryn.com.ar\/wp-content\/uploads\/2023\/05\/TOMA-LA-VOZ-2.jpeg","type":"image\/jpeg"}],"author":"FM Patagonia","twitter_card":"summary_large_image","twitter_misc":{"Escrito por":"FM Patagonia","Tiempo de lectura":"2 minutos"},"schema":{"@context":"https:\/\/schema.org","@graph":[{"@type":"Article","@id":"https:\/\/fmpatagoniamadryn.com.ar\/?p=2585#article","isPartOf":{"@id":"https:\/\/fmpatagoniamadryn.com.ar\/?p=2585"},"author":{"name":"FM Patagonia","@id":"https:\/\/fmpatagoniamadryn.com.ar\/#\/schema\/person\/1d968ec613613768e14b4e6420a2b125"},"headline":"Chubut avanza con el proyecto \u2018Tom\u00e1 la Voz\u2019 destinado a estudiantes del nivel Secundario","datePublished":"2023-05-16T14:40:51+00:00","dateModified":"2023-05-16T14:43:51+00:00","mainEntityOfPage":{"@id":"https:\/\/fmpatagoniamadryn.com.ar\/?p=2585"},"wordCount":433,"publisher":{"@id":"https:\/\/fmpatagoniamadryn.com.ar\/#organization"},"image":{"@id":"https:\/\/fmpatagoniamadryn.com.ar\/?p=2585#primaryimage"},"thumbnailUrl":"https:\/\/fmpatagoniamadryn.com.ar\/wp-content\/uploads\/2023\/05\/TOMA-LA-VOZ-2.jpeg","articleSection":["Provinciales"],"inLanguage":"es"},{"@type":"WebPage","@id":"https:\/\/fmpatagoniamadryn.com.ar\/?p=2585","url":"https:\/\/fmpatagoniamadryn.com.ar\/?p=2585","name":"Chubut avanza con el proyecto \u2018Tom\u00e1 la Voz\u2019 destinado a estudiantes del nivel Secundario - FM Patagonia Madryn","isPartOf":{"@id":"https:\/\/fmpatagoniamadryn.com.ar\/#website"},"primaryImageOfPage":{"@id":"https:\/\/fmpatagoniamadryn.com.ar\/?p=2585#primaryimage"},"image":{"@id":"https:\/\/fmpatagoniamadryn.com.ar\/?p=2585#primaryimage"},"thumbnailUrl":"https:\/\/fmpatagoniamadryn.com.ar\/wp-content\/uploads\/2023\/05\/TOMA-LA-VOZ-2.jpeg","datePublished":"2023-05-16T14:40:51+00:00","dateModified":"2023-05-16T14:43:51+00:00","breadcrumb":{"@id":"https:\/\/fmpatagoniamadryn.com.ar\/?p=2585#breadcrumb"},"inLanguage":"es","potentialAction":[{"@type":"ReadAction","target":["https:\/\/fmpatagoniamadryn.com.ar\/?p=2585"]}]},{"@type":"ImageObject","inLanguage":"es","@id":"https:\/\/fmpatagoniamadryn.com.ar\/?p=2585#primaryimage","url":"https:\/\/fmpatagoniamadryn.com.ar\/wp-content\/uploads\/2023\/05\/TOMA-LA-VOZ-2.jpeg","contentUrl":"https:\/\/fmpatagoniamadryn.com.ar\/wp-content\/uploads\/2023\/05\/TOMA-LA-VOZ-2.jpeg","width":989,"height":822},{"@type":"BreadcrumbList","@id":"https:\/\/fmpatagoniamadryn.com.ar\/?p=2585#breadcrumb","itemListElement":[{"@type":"ListItem","position":1,"name":"Portada","item":"https:\/\/fmpatagoniamadryn.com.ar\/"},{"@type":"ListItem","position":2,"name":"Chubut avanza con el proyecto \u2018Tom\u00e1 la Voz\u2019 destinado a estudiantes del nivel Secundario"}]},{"@type":"WebSite","@id":"https:\/\/fmpatagoniamadryn.com.ar\/#website","url":"https:\/\/fmpatagoniamadryn.com.ar\/","name":"FM Patagonia Madryn","description":"Radio Patagonia 105.5","publisher":{"@id":"https:\/\/fmpatagoniamadryn.com.ar\/#organization"},"potentialAction":[{"@type":"SearchAction","target":{"@type":"EntryPoint","urlTemplate":"https:\/\/fmpatagoniamadryn.com.ar\/?s={search_term_string}"},"query-input":{"@type":"PropertyValueSpecification","valueRequired":true,"valueName":"search_term_string"}}],"inLanguage":"es"},{"@type":"Organization","@id":"https:\/\/fmpatagoniamadryn.com.ar\/#organization","name":"FM Patagonia Madryn","url":"https:\/\/fmpatagoniamadryn.com.ar\/","logo":{"@type":"ImageObject","inLanguage":"es","@id":"https:\/\/fmpatagoniamadryn.com.ar\/#\/schema\/logo\/image\/","url":"https:\/\/fmpatagoniamadryn.com.ar\/wp-content\/uploads\/2023\/01\/cropped-Diseno-sin-titulo.png","contentUrl":"https:\/\/fmpatagoniamadryn.com.ar\/wp-content\/uploads\/2023\/01\/cropped-Diseno-sin-titulo.png","width":6911,"height":2657,"caption":"FM Patagonia Madryn"},"image":{"@id":"https:\/\/fmpatagoniamadryn.com.ar\/#\/schema\/logo\/image\/"}},{"@type":"Person","@id":"https:\/\/fmpatagoniamadryn.com.ar\/#\/schema\/person\/1d968ec613613768e14b4e6420a2b125","name":"FM Patagonia","url":"https:\/\/fmpatagoniamadryn.com.ar\/?author=3"}]}},"jetpack_featured_media_url":"https:\/\/fmpatagoniamadryn.com.ar\/wp-content\/uploads\/2023\/05\/TOMA-LA-VOZ-2.jpeg","_links":{"self":[{"href":"https:\/\/fmpatagoniamadryn.com.ar\/index.php?rest_route=\/wp\/v2\/posts\/2585","targetHints":{"allow":["GET"]}}],"collection":[{"href":"https:\/\/fmpatagoniamadryn.com.ar\/index.php?rest_route=\/wp\/v2\/posts"}],"about":[{"href":"https:\/\/fmpatagoniamadryn.com.ar\/index.php?rest_route=\/wp\/v2\/types\/post"}],"author":[{"embeddable":true,"href":"https:\/\/fmpatagoniamadryn.com.ar\/index.php?rest_route=\/wp\/v2\/users\/3"}],"replies":[{"embeddable":true,"href":"https:\/\/fmpatagoniamadryn.com.ar\/index.php?rest_route=%2Fwp%2Fv2%2Fcomments&post=2585"}],"version-history":[{"count":1,"href":"https:\/\/fmpatagoniamadryn.com.ar\/index.php?rest_route=\/wp\/v2\/posts\/2585\/revisions"}],"predecessor-version":[{"id":2586,"href":"https:\/\/fmpatagoniamadryn.com.ar\/index.php?rest_route=\/wp\/v2\/posts\/2585\/revisions\/2586"}],"wp:featuredmedia":[{"embeddable":true,"href":"https:\/\/fmpatagoniamadryn.com.ar\/index.php?rest_route=\/wp\/v2\/media\/2584"}],"wp:attachment":[{"href":"https:\/\/fmpatagoniamadryn.com.ar\/index.php?rest_route=%2Fwp%2Fv2%2Fmedia&parent=2585"}],"wp:term":[{"taxonomy":"category","embeddable":true,"href":"https:\/\/fmpatagoniamadryn.com.ar\/index.php?rest_route=%2Fwp%2Fv2%2Fcategories&post=2585"},{"taxonomy":"post_tag","embeddable":true,"href":"https:\/\/fmpatagoniamadryn.com.ar\/index.php?rest_route=%2Fwp%2Fv2%2Ftags&post=2585"}],"curies":[{"name":"wp","href":"https:\/\/api.w.org\/{rel}","templated":true}]}}