{"id":2588,"date":"2023-05-16T11:43:32","date_gmt":"2023-05-16T14:43:32","guid":{"rendered":"https:\/\/fmpatagoniamadryn.com.ar\/?p=2588"},"modified":"2023-05-16T11:43:40","modified_gmt":"2023-05-16T14:43:40","slug":"salud-el-gobierno-provincial-participo-de-encuentro-federal-de-talento-humano","status":"publish","type":"post","link":"https:\/\/fmpatagoniamadryn.com.ar\/?p=2588","title":{"rendered":"Salud: El Gobierno Provincial particip\u00f3 de \u201cEncuentro Federal de Talento Humano\u201d"},"content":{"rendered":"\n<p>La jornada se desarroll\u00f3 en la ciudad de Buenos Aires y asistieron referentes del Ministerio de Salud chubutense. El objetivo fue reflexionar y discutir sobre las l\u00edneas estrat\u00e9gicas para la elaboraci\u00f3n del Plan Nacional de Talento Humano en Salud, con el fin de contribuir a mejorar la calidad y distribuci\u00f3n del personal de salud en todo el pa\u00eds. <br><br>El Gobierno del Chubut, a trav\u00e9s del Ministerio de Salud provincial, particip\u00f3 en la ciudad de Buenos Aires del \u201cEncuentro Federal de Talento Humano en Salud\u201d, una actividad que fue organizada por el Ministerio de Salud de la Naci\u00f3n con el prop\u00f3sito de reflexionar y discutir sobre las l\u00edneas estrat\u00e9gicas para la elaboraci\u00f3n del Plan Nacional de Talento Humano en Salud y contribuir a mejorar la calidad y distribuci\u00f3n del personal de salud para ampliar derechos respecto de los cuidados de la poblaci\u00f3n. <br><br>El encuentro se desarroll\u00f3 el viernes 12 de mayo, coincidiendo con la celebraci\u00f3n del \u201cD\u00eda Internacional de la Enfermer\u00eda\u201d, en el Hospital \u201cDr. Prof. Juan P. Garrahan\u201d, donde la apertura fue encabezada por la ministra de Salud de la Naci\u00f3n, Carla Vizzotti. <br><br>En representaci\u00f3n de la cartera sanitaria chubutense, asistieron las directoras provinciales de Formaci\u00f3n y Capacitaci\u00f3n de Recursos Humanos, Bel\u00e9n Curcio, y de Enfermer\u00eda, Susana Pritchard. <br><br>Ejes tem\u00e1ticos del encuentro <br><br>Los cuatro ejes tem\u00e1ticos del encuentro fueron \u201cGobernanza y rector\u00eda\u201d; \u201cPol\u00edticas de formaci\u00f3n para mejorar la calidad y disponibilidad, con foco en residencias del equipo de salud\u201d; \u201cEstrategias para mejorar las condiciones laborales\u201d; \u201cPr\u00e1cticas avanzadas de enfermer\u00eda, ampliaci\u00f3n de los roles de la disciplina en el sistema de salud\u201d; y \u201cGesti\u00f3n del conocimiento\u201d. <br><br>La jornada cont\u00f3 con dos modalidades: mesas redondas, en las cuales, a partir de ejes tem\u00e1ticos, representantes de diferentes instituciones involucradas en el campo del talento humano en salud plantearon sus puntos de vista y\/o reflexiones sobre el tema; y relatos de experiencias, en los que representantes de diferentes instituciones involucradas en el campo del talento humano en salud presentaron un aspecto de alguna experiencia vinculada al eje tem\u00e1tico. <br><br>Fortalecer el trabajo en red <br><br>El Talento Humano en Salud es fundamental e irreemplazable para realizar las transformaciones necesarias para un sistema de salud integrado, accesible y de calidad. Al d\u00eda de hoy, Argentina cuenta con una tasa de 3,86 m\u00e9dicos por cada 1.000 habitantes, lo que representa una situaci\u00f3n favorable. Sin embargo, la distribuci\u00f3n de los profesionales de la salud sigue siendo desigual en todo el territorio. <br><br>De esta manera, el encuentro apunt\u00f3 a fortalecer el trabajo en red propiciando el di\u00e1logo federal y el desarrollo de consensos en lo relativo a la formaci\u00f3n, calidad, condiciones laborales seg\u00fan las necesidades de la poblaci\u00f3n y del sistema de salud en su conjunto. <br><br>De la jornada tambi\u00e9n participaron representantes de las 24 jurisdicciones; de la Organizaci\u00f3n Panamericana de la Salud (OPS\/OMS); del Foro Argentino de Facultades y Escuelas de Medicina P\u00fablica; autoridades de universidades p\u00fablicas y privadas; referentes de hospitales nacionales, provinciales y de asociaciones y sociedades cient\u00edficas, y hospitales de gesti\u00f3n privada.<\/p>\n","protected":false},"excerpt":{"rendered":"<p>La jornada se desarroll\u00f3 en la ciudad de Buenos Aires y asistieron referentes del Ministerio de Salud chubutense. El objetivo fue reflexionar y discutir sobre las l\u00edneas estrat\u00e9gicas para la&hellip; <\/p>\n","protected":false},"author":3,"featured_media":2587,"comment_status":"closed","ping_status":"closed","sticky":false,"template":"","format":"standard","meta":{"footnotes":""},"categories":[14],"tags":[],"class_list":["post-2588","post","type-post","status-publish","format-standard","has-post-thumbnail","hentry","category-provinciales"],"yoast_head":"<!-- This site is optimized with the Yoast SEO plugin v27.4 - https:\/\/yoast.com\/product\/yoast-seo-wordpress\/ -->\n<title>Salud: El Gobierno Provincial particip\u00f3 de \u201cEncuentro Federal de Talento Humano\u201d - FM Patagonia Madryn<\/title>\n<meta name=\"robots\" content=\"index, follow, max-snippet:-1, max-image-preview:large, max-video-preview:-1\" \/>\n<link rel=\"canonical\" href=\"https:\/\/fmpatagoniamadryn.com.ar\/?p=2588\" \/>\n<meta property=\"og:locale\" content=\"es_ES\" \/>\n<meta property=\"og:type\" content=\"article\" \/>\n<meta property=\"og:title\" content=\"Salud: El Gobierno Provincial particip\u00f3 de \u201cEncuentro Federal de Talento Humano\u201d - FM Patagonia Madryn\" \/>\n<meta property=\"og:description\" content=\"La jornada se desarroll\u00f3 en la ciudad de Buenos Aires y asistieron referentes del Ministerio de Salud chubutense. El objetivo fue reflexionar y discutir sobre las l\u00edneas estrat\u00e9gicas para la&hellip;\" \/>\n<meta property=\"og:url\" content=\"https:\/\/fmpatagoniamadryn.com.ar\/?p=2588\" \/>\n<meta property=\"og:site_name\" content=\"FM Patagonia Madryn\" \/>\n<meta property=\"article:published_time\" content=\"2023-05-16T14:43:32+00:00\" \/>\n<meta property=\"article:modified_time\" content=\"2023-05-16T14:43:40+00:00\" \/>\n<meta property=\"og:image\" content=\"https:\/\/fmpatagoniamadryn.com.ar\/wp-content\/uploads\/2023\/05\/dia15-encuentro-talento-humano.jpeg\" \/>\n\t<meta property=\"og:image:width\" content=\"1600\" \/>\n\t<meta property=\"og:image:height\" content=\"1066\" \/>\n\t<meta property=\"og:image:type\" content=\"image\/jpeg\" \/>\n<meta name=\"author\" content=\"FM Patagonia\" \/>\n<meta name=\"twitter:card\" content=\"summary_large_image\" \/>\n<meta name=\"twitter:label1\" content=\"Escrito por\" \/>\n\t<meta name=\"twitter:data1\" content=\"FM Patagonia\" \/>\n\t<meta name=\"twitter:label2\" content=\"Tiempo de lectura\" \/>\n\t<meta name=\"twitter:data2\" content=\"3 minutos\" \/>\n<script type=\"application\/ld+json\" class=\"yoast-schema-graph\">{\"@context\":\"https:\\\/\\\/schema.org\",\"@graph\":[{\"@type\":\"Article\",\"@id\":\"https:\\\/\\\/fmpatagoniamadryn.com.ar\\\/?p=2588#article\",\"isPartOf\":{\"@id\":\"https:\\\/\\\/fmpatagoniamadryn.com.ar\\\/?p=2588\"},\"author\":{\"name\":\"FM Patagonia\",\"@id\":\"https:\\\/\\\/fmpatagoniamadryn.com.ar\\\/#\\\/schema\\\/person\\\/1d968ec613613768e14b4e6420a2b125\"},\"headline\":\"Salud: El Gobierno Provincial particip\u00f3 de \u201cEncuentro Federal de Talento Humano\u201d\",\"datePublished\":\"2023-05-16T14:43:32+00:00\",\"dateModified\":\"2023-05-16T14:43:40+00:00\",\"mainEntityOfPage\":{\"@id\":\"https:\\\/\\\/fmpatagoniamadryn.com.ar\\\/?p=2588\"},\"wordCount\":552,\"publisher\":{\"@id\":\"https:\\\/\\\/fmpatagoniamadryn.com.ar\\\/#organization\"},\"image\":{\"@id\":\"https:\\\/\\\/fmpatagoniamadryn.com.ar\\\/?p=2588#primaryimage\"},\"thumbnailUrl\":\"https:\\\/\\\/fmpatagoniamadryn.com.ar\\\/wp-content\\\/uploads\\\/2023\\\/05\\\/dia15-encuentro-talento-humano.jpeg\",\"articleSection\":[\"Provinciales\"],\"inLanguage\":\"es\"},{\"@type\":\"WebPage\",\"@id\":\"https:\\\/\\\/fmpatagoniamadryn.com.ar\\\/?p=2588\",\"url\":\"https:\\\/\\\/fmpatagoniamadryn.com.ar\\\/?p=2588\",\"name\":\"Salud: El Gobierno Provincial particip\u00f3 de \u201cEncuentro Federal de Talento Humano\u201d - FM Patagonia Madryn\",\"isPartOf\":{\"@id\":\"https:\\\/\\\/fmpatagoniamadryn.com.ar\\\/#website\"},\"primaryImageOfPage\":{\"@id\":\"https:\\\/\\\/fmpatagoniamadryn.com.ar\\\/?p=2588#primaryimage\"},\"image\":{\"@id\":\"https:\\\/\\\/fmpatagoniamadryn.com.ar\\\/?p=2588#primaryimage\"},\"thumbnailUrl\":\"https:\\\/\\\/fmpatagoniamadryn.com.ar\\\/wp-content\\\/uploads\\\/2023\\\/05\\\/dia15-encuentro-talento-humano.jpeg\",\"datePublished\":\"2023-05-16T14:43:32+00:00\",\"dateModified\":\"2023-05-16T14:43:40+00:00\",\"breadcrumb\":{\"@id\":\"https:\\\/\\\/fmpatagoniamadryn.com.ar\\\/?p=2588#breadcrumb\"},\"inLanguage\":\"es\",\"potentialAction\":[{\"@type\":\"ReadAction\",\"target\":[\"https:\\\/\\\/fmpatagoniamadryn.com.ar\\\/?p=2588\"]}]},{\"@type\":\"ImageObject\",\"inLanguage\":\"es\",\"@id\":\"https:\\\/\\\/fmpatagoniamadryn.com.ar\\\/?p=2588#primaryimage\",\"url\":\"https:\\\/\\\/fmpatagoniamadryn.com.ar\\\/wp-content\\\/uploads\\\/2023\\\/05\\\/dia15-encuentro-talento-humano.jpeg\",\"contentUrl\":\"https:\\\/\\\/fmpatagoniamadryn.com.ar\\\/wp-content\\\/uploads\\\/2023\\\/05\\\/dia15-encuentro-talento-humano.jpeg\",\"width\":1600,\"height\":1066},{\"@type\":\"BreadcrumbList\",\"@id\":\"https:\\\/\\\/fmpatagoniamadryn.com.ar\\\/?p=2588#breadcrumb\",\"itemListElement\":[{\"@type\":\"ListItem\",\"position\":1,\"name\":\"Portada\",\"item\":\"https:\\\/\\\/fmpatagoniamadryn.com.ar\\\/\"},{\"@type\":\"ListItem\",\"position\":2,\"name\":\"Salud: El Gobierno Provincial particip\u00f3 de \u201cEncuentro Federal de Talento Humano\u201d\"}]},{\"@type\":\"WebSite\",\"@id\":\"https:\\\/\\\/fmpatagoniamadryn.com.ar\\\/#website\",\"url\":\"https:\\\/\\\/fmpatagoniamadryn.com.ar\\\/\",\"name\":\"FM Patagonia Madryn\",\"description\":\"Radio Patagonia 105.5\",\"publisher\":{\"@id\":\"https:\\\/\\\/fmpatagoniamadryn.com.ar\\\/#organization\"},\"potentialAction\":[{\"@type\":\"SearchAction\",\"target\":{\"@type\":\"EntryPoint\",\"urlTemplate\":\"https:\\\/\\\/fmpatagoniamadryn.com.ar\\\/?s={search_term_string}\"},\"query-input\":{\"@type\":\"PropertyValueSpecification\",\"valueRequired\":true,\"valueName\":\"search_term_string\"}}],\"inLanguage\":\"es\"},{\"@type\":\"Organization\",\"@id\":\"https:\\\/\\\/fmpatagoniamadryn.com.ar\\\/#organization\",\"name\":\"FM Patagonia Madryn\",\"url\":\"https:\\\/\\\/fmpatagoniamadryn.com.ar\\\/\",\"logo\":{\"@type\":\"ImageObject\",\"inLanguage\":\"es\",\"@id\":\"https:\\\/\\\/fmpatagoniamadryn.com.ar\\\/#\\\/schema\\\/logo\\\/image\\\/\",\"url\":\"https:\\\/\\\/fmpatagoniamadryn.com.ar\\\/wp-content\\\/uploads\\\/2023\\\/01\\\/cropped-Diseno-sin-titulo.png\",\"contentUrl\":\"https:\\\/\\\/fmpatagoniamadryn.com.ar\\\/wp-content\\\/uploads\\\/2023\\\/01\\\/cropped-Diseno-sin-titulo.png\",\"width\":6911,\"height\":2657,\"caption\":\"FM Patagonia Madryn\"},\"image\":{\"@id\":\"https:\\\/\\\/fmpatagoniamadryn.com.ar\\\/#\\\/schema\\\/logo\\\/image\\\/\"}},{\"@type\":\"Person\",\"@id\":\"https:\\\/\\\/fmpatagoniamadryn.com.ar\\\/#\\\/schema\\\/person\\\/1d968ec613613768e14b4e6420a2b125\",\"name\":\"FM Patagonia\",\"url\":\"https:\\\/\\\/fmpatagoniamadryn.com.ar\\\/?author=3\"}]}<\/script>\n<!-- \/ Yoast SEO plugin. -->","yoast_head_json":{"title":"Salud: El Gobierno Provincial particip\u00f3 de \u201cEncuentro Federal de Talento Humano\u201d - FM Patagonia Madryn","robots":{"index":"index","follow":"follow","max-snippet":"max-snippet:-1","max-image-preview":"max-image-preview:large","max-video-preview":"max-video-preview:-1"},"canonical":"https:\/\/fmpatagoniamadryn.com.ar\/?p=2588","og_locale":"es_ES","og_type":"article","og_title":"Salud: El Gobierno Provincial particip\u00f3 de \u201cEncuentro Federal de Talento Humano\u201d - FM Patagonia Madryn","og_description":"La jornada se desarroll\u00f3 en la ciudad de Buenos Aires y asistieron referentes del Ministerio de Salud chubutense. El objetivo fue reflexionar y discutir sobre las l\u00edneas estrat\u00e9gicas para la&hellip;","og_url":"https:\/\/fmpatagoniamadryn.com.ar\/?p=2588","og_site_name":"FM Patagonia Madryn","article_published_time":"2023-05-16T14:43:32+00:00","article_modified_time":"2023-05-16T14:43:40+00:00","og_image":[{"width":1600,"height":1066,"url":"https:\/\/fmpatagoniamadryn.com.ar\/wp-content\/uploads\/2023\/05\/dia15-encuentro-talento-humano.jpeg","type":"image\/jpeg"}],"author":"FM Patagonia","twitter_card":"summary_large_image","twitter_misc":{"Escrito por":"FM Patagonia","Tiempo de lectura":"3 minutos"},"schema":{"@context":"https:\/\/schema.org","@graph":[{"@type":"Article","@id":"https:\/\/fmpatagoniamadryn.com.ar\/?p=2588#article","isPartOf":{"@id":"https:\/\/fmpatagoniamadryn.com.ar\/?p=2588"},"author":{"name":"FM Patagonia","@id":"https:\/\/fmpatagoniamadryn.com.ar\/#\/schema\/person\/1d968ec613613768e14b4e6420a2b125"},"headline":"Salud: El Gobierno Provincial particip\u00f3 de \u201cEncuentro Federal de Talento Humano\u201d","datePublished":"2023-05-16T14:43:32+00:00","dateModified":"2023-05-16T14:43:40+00:00","mainEntityOfPage":{"@id":"https:\/\/fmpatagoniamadryn.com.ar\/?p=2588"},"wordCount":552,"publisher":{"@id":"https:\/\/fmpatagoniamadryn.com.ar\/#organization"},"image":{"@id":"https:\/\/fmpatagoniamadryn.com.ar\/?p=2588#primaryimage"},"thumbnailUrl":"https:\/\/fmpatagoniamadryn.com.ar\/wp-content\/uploads\/2023\/05\/dia15-encuentro-talento-humano.jpeg","articleSection":["Provinciales"],"inLanguage":"es"},{"@type":"WebPage","@id":"https:\/\/fmpatagoniamadryn.com.ar\/?p=2588","url":"https:\/\/fmpatagoniamadryn.com.ar\/?p=2588","name":"Salud: El Gobierno Provincial particip\u00f3 de \u201cEncuentro Federal de Talento Humano\u201d - FM Patagonia Madryn","isPartOf":{"@id":"https:\/\/fmpatagoniamadryn.com.ar\/#website"},"primaryImageOfPage":{"@id":"https:\/\/fmpatagoniamadryn.com.ar\/?p=2588#primaryimage"},"image":{"@id":"https:\/\/fmpatagoniamadryn.com.ar\/?p=2588#primaryimage"},"thumbnailUrl":"https:\/\/fmpatagoniamadryn.com.ar\/wp-content\/uploads\/2023\/05\/dia15-encuentro-talento-humano.jpeg","datePublished":"2023-05-16T14:43:32+00:00","dateModified":"2023-05-16T14:43:40+00:00","breadcrumb":{"@id":"https:\/\/fmpatagoniamadryn.com.ar\/?p=2588#breadcrumb"},"inLanguage":"es","potentialAction":[{"@type":"ReadAction","target":["https:\/\/fmpatagoniamadryn.com.ar\/?p=2588"]}]},{"@type":"ImageObject","inLanguage":"es","@id":"https:\/\/fmpatagoniamadryn.com.ar\/?p=2588#primaryimage","url":"https:\/\/fmpatagoniamadryn.com.ar\/wp-content\/uploads\/2023\/05\/dia15-encuentro-talento-humano.jpeg","contentUrl":"https:\/\/fmpatagoniamadryn.com.ar\/wp-content\/uploads\/2023\/05\/dia15-encuentro-talento-humano.jpeg","width":1600,"height":1066},{"@type":"BreadcrumbList","@id":"https:\/\/fmpatagoniamadryn.com.ar\/?p=2588#breadcrumb","itemListElement":[{"@type":"ListItem","position":1,"name":"Portada","item":"https:\/\/fmpatagoniamadryn.com.ar\/"},{"@type":"ListItem","position":2,"name":"Salud: El Gobierno Provincial particip\u00f3 de \u201cEncuentro Federal de Talento Humano\u201d"}]},{"@type":"WebSite","@id":"https:\/\/fmpatagoniamadryn.com.ar\/#website","url":"https:\/\/fmpatagoniamadryn.com.ar\/","name":"FM Patagonia Madryn","description":"Radio Patagonia 105.5","publisher":{"@id":"https:\/\/fmpatagoniamadryn.com.ar\/#organization"},"potentialAction":[{"@type":"SearchAction","target":{"@type":"EntryPoint","urlTemplate":"https:\/\/fmpatagoniamadryn.com.ar\/?s={search_term_string}"},"query-input":{"@type":"PropertyValueSpecification","valueRequired":true,"valueName":"search_term_string"}}],"inLanguage":"es"},{"@type":"Organization","@id":"https:\/\/fmpatagoniamadryn.com.ar\/#organization","name":"FM Patagonia Madryn","url":"https:\/\/fmpatagoniamadryn.com.ar\/","logo":{"@type":"ImageObject","inLanguage":"es","@id":"https:\/\/fmpatagoniamadryn.com.ar\/#\/schema\/logo\/image\/","url":"https:\/\/fmpatagoniamadryn.com.ar\/wp-content\/uploads\/2023\/01\/cropped-Diseno-sin-titulo.png","contentUrl":"https:\/\/fmpatagoniamadryn.com.ar\/wp-content\/uploads\/2023\/01\/cropped-Diseno-sin-titulo.png","width":6911,"height":2657,"caption":"FM Patagonia Madryn"},"image":{"@id":"https:\/\/fmpatagoniamadryn.com.ar\/#\/schema\/logo\/image\/"}},{"@type":"Person","@id":"https:\/\/fmpatagoniamadryn.com.ar\/#\/schema\/person\/1d968ec613613768e14b4e6420a2b125","name":"FM Patagonia","url":"https:\/\/fmpatagoniamadryn.com.ar\/?author=3"}]}},"jetpack_featured_media_url":"https:\/\/fmpatagoniamadryn.com.ar\/wp-content\/uploads\/2023\/05\/dia15-encuentro-talento-humano.jpeg","_links":{"self":[{"href":"https:\/\/fmpatagoniamadryn.com.ar\/index.php?rest_route=\/wp\/v2\/posts\/2588","targetHints":{"allow":["GET"]}}],"collection":[{"href":"https:\/\/fmpatagoniamadryn.com.ar\/index.php?rest_route=\/wp\/v2\/posts"}],"about":[{"href":"https:\/\/fmpatagoniamadryn.com.ar\/index.php?rest_route=\/wp\/v2\/types\/post"}],"author":[{"embeddable":true,"href":"https:\/\/fmpatagoniamadryn.com.ar\/index.php?rest_route=\/wp\/v2\/users\/3"}],"replies":[{"embeddable":true,"href":"https:\/\/fmpatagoniamadryn.com.ar\/index.php?rest_route=%2Fwp%2Fv2%2Fcomments&post=2588"}],"version-history":[{"count":1,"href":"https:\/\/fmpatagoniamadryn.com.ar\/index.php?rest_route=\/wp\/v2\/posts\/2588\/revisions"}],"predecessor-version":[{"id":2589,"href":"https:\/\/fmpatagoniamadryn.com.ar\/index.php?rest_route=\/wp\/v2\/posts\/2588\/revisions\/2589"}],"wp:featuredmedia":[{"embeddable":true,"href":"https:\/\/fmpatagoniamadryn.com.ar\/index.php?rest_route=\/wp\/v2\/media\/2587"}],"wp:attachment":[{"href":"https:\/\/fmpatagoniamadryn.com.ar\/index.php?rest_route=%2Fwp%2Fv2%2Fmedia&parent=2588"}],"wp:term":[{"taxonomy":"category","embeddable":true,"href":"https:\/\/fmpatagoniamadryn.com.ar\/index.php?rest_route=%2Fwp%2Fv2%2Fcategories&post=2588"},{"taxonomy":"post_tag","embeddable":true,"href":"https:\/\/fmpatagoniamadryn.com.ar\/index.php?rest_route=%2Fwp%2Fv2%2Ftags&post=2588"}],"curies":[{"name":"wp","href":"https:\/\/api.w.org\/{rel}","templated":true}]}}