{"id":26040,"date":"2026-08-30T19:27:50","date_gmt":"2026-08-30T22:27:50","guid":{"rendered":"https:\/\/fmpatagoniamadryn.com.ar\/?p=26040"},"modified":"2026-08-30T19:27:51","modified_gmt":"2026-08-30T22:27:51","slug":"sastre-trabajamos-para-que-cada-chico-de-madryn-tenga-las-mismas-oportunidades-de-crecer-y-disfrutar","status":"publish","type":"post","link":"https:\/\/fmpatagoniamadryn.com.ar\/?p=26040","title":{"rendered":"Sastre: \u201cTrabajamos para que cada chico de Madryn tenga las mismas oportunidades de crecer y disfrutar\u201d"},"content":{"rendered":"\n<p class=\"wp-block-paragraph\">Puerto Madryn celebr\u00f3 el D\u00eda de las Infancias con una gran jornada destinada a los chicos y las familias de la ciudad, que pudieron disfrutar de m\u00faltiples propuestas recreativas, juegos y actividades especialmente preparadas para la ocasi\u00f3n. El intendente Gustavo Sastre estuvo presente y destac\u00f3 el trabajo articulado de las distintas \u00e1reas de la Municipalidad para hacer posible una celebraci\u00f3n que convoc\u00f3 a la comunidad.<\/p>\n\n\n\n<h2 class=\"wp-block-heading\">Una jornada para los chicos y las familias<\/h2>\n\n\n\n<p class=\"wp-block-paragraph\">\u201cCada vez que organizamos una actividad para nuestros chicos, buscamos que puedan disfrutar, encontrarse y compartir con sus familias. Y detr\u00e1s de cada una de estas jornadas hay muchas \u00e1reas del Municipio trabajando juntas, con compromiso y con la convicci\u00f3n de que vale la pena seguir generando estos espacios\u201d, sostuvo Sastre.<\/p>\n\n\n\n<p class=\"wp-block-paragraph\">En este sentido, el Intendente remarc\u00f3 que las infancias ocupan un lugar central dentro de las pol\u00edticas que impulsa el Municipio. \u201cLos chicos son una prioridad para nuestra gesti\u00f3n. Todo lo que hacemos tiene que pensar en ellos, porque son nuestro presente y tambi\u00e9n son quienes van a construir la ciudad del futuro. Queremos que crezcan en una Madryn que les brinde oportunidades, que tenga espacios para disfrutar, para hacer deporte, para aprender y para desarrollarse\u201d, afirm\u00f3.<\/p>\n\n\n\n<h2 class=\"wp-block-heading\">El trabajo conjunto de las \u00e1reas municipales<\/h2>\n\n\n\n<p class=\"wp-block-paragraph\">Sastre tambi\u00e9n puso en valor el compromiso de los trabajadores municipales que participaron de la organizaci\u00f3n. \u201cQuiero agradecer a cada uno de los trabajadores y trabajadoras municipales que hicieron posible este festejo. Cuando hay un objetivo com\u00fan y todas las \u00e1reas tiran para el mismo lado, podemos hacer realidad propuestas como esta, que tienen un impacto muy importante en nuestra comunidad\u201d, se\u00f1al\u00f3.<\/p>\n\n\n\n<p class=\"wp-block-paragraph\">\u201cGobernar tambi\u00e9n es estar cerca, escuchar y generar momentos que nos permitan encontrarnos como comunidad. Y hoy ver a tantos chicos disfrutando junto a sus familias es, sin dudas, una enorme satisfacci\u00f3n\u201d, agreg\u00f3 el Intendente.<\/p>\n\n\n\n<figure class=\"wp-block-gallery has-nested-images columns-default is-cropped wp-block-gallery-1 is-layout-flex wp-block-gallery-is-layout-flex\">\n<figure class=\"wp-block-image size-large\"><img loading=\"lazy\" decoding=\"async\" width=\"1024\" height=\"682\" data-id=\"26043\" src=\"https:\/\/fmpatagoniamadryn.com.ar\/wp-content\/uploads\/2026\/08\/dia-de-la-sinfancias-madryn-1024x682.jpg\" alt=\"\" class=\"wp-image-26043\" srcset=\"https:\/\/fmpatagoniamadryn.com.ar\/wp-content\/uploads\/2026\/08\/dia-de-la-sinfancias-madryn-1024x682.jpg 1024w, https:\/\/fmpatagoniamadryn.com.ar\/wp-content\/uploads\/2026\/08\/dia-de-la-sinfancias-madryn-300x200.jpg 300w, https:\/\/fmpatagoniamadryn.com.ar\/wp-content\/uploads\/2026\/08\/dia-de-la-sinfancias-madryn-768x512.jpg 768w, https:\/\/fmpatagoniamadryn.com.ar\/wp-content\/uploads\/2026\/08\/dia-de-la-sinfancias-madryn-1536x1023.jpg 1536w, https:\/\/fmpatagoniamadryn.com.ar\/wp-content\/uploads\/2026\/08\/dia-de-la-sinfancias-madryn.jpg 1600w\" sizes=\"auto, (max-width: 1024px) 100vw, 1024px\" \/><\/figure>\n\n\n\n<figure class=\"wp-block-image size-large\"><img loading=\"lazy\" decoding=\"async\" width=\"1024\" height=\"682\" data-id=\"26041\" src=\"https:\/\/fmpatagoniamadryn.com.ar\/wp-content\/uploads\/2026\/08\/dia-de-infancias-madryn-1024x682.jpg\" alt=\"\" class=\"wp-image-26041\" srcset=\"https:\/\/fmpatagoniamadryn.com.ar\/wp-content\/uploads\/2026\/08\/dia-de-infancias-madryn-1024x682.jpg 1024w, https:\/\/fmpatagoniamadryn.com.ar\/wp-content\/uploads\/2026\/08\/dia-de-infancias-madryn-300x200.jpg 300w, https:\/\/fmpatagoniamadryn.com.ar\/wp-content\/uploads\/2026\/08\/dia-de-infancias-madryn-768x512.jpg 768w, https:\/\/fmpatagoniamadryn.com.ar\/wp-content\/uploads\/2026\/08\/dia-de-infancias-madryn-1536x1023.jpg 1536w, https:\/\/fmpatagoniamadryn.com.ar\/wp-content\/uploads\/2026\/08\/dia-de-infancias-madryn.jpg 1600w\" sizes=\"auto, (max-width: 1024px) 100vw, 1024px\" \/><\/figure>\n<\/figure>\n\n\n\n<h2 class=\"wp-block-heading\">El compromiso con las nuevas generaciones<\/h2>\n\n\n\n<p class=\"wp-block-paragraph\">Finalmente, Sastre reafirm\u00f3 el compromiso de continuar impulsando pol\u00edticas y actividades destinadas a las nuevas generaciones. \u201cVamos a seguir trabajando por nuestros chicos, como lo hacemos todos los d\u00edas. Queremos una ciudad donde tengan cada vez m\u00e1s oportunidades y donde puedan disfrutar de una infancia feliz. Ese tambi\u00e9n es el Madryn que queremos construir entre todos\u201d, concluy\u00f3.<\/p>\n\n\n\n<p class=\"wp-block-paragraph\">Los archivos, las im\u00e1genes y el an\u00e1lisis de datos no estar\u00e1n disponibles hasta que tu uso se restablezca a las 9:09\u202fp.m.. Contin\u00faa chateando solo con texto o mejora tu plan para tener m\u00e1s acceso.Prueba Plus gratis<\/p>\n","protected":false},"excerpt":{"rendered":"<p>El Intendente acompa\u00f1\u00f3 el gran festejo por el D\u00eda de las Infancias en Puerto Madryn y puso en valor el trabajo conjunto de todas las \u00e1reas municipales.<\/p>\n","protected":false},"author":5,"featured_media":26042,"comment_status":"closed","ping_status":"closed","sticky":false,"template":"","format":"standard","meta":{"footnotes":""},"categories":[15],"tags":[437,124],"class_list":["post-26040","post","type-post","status-publish","format-standard","has-post-thumbnail","hentry","category-locales","tag-dia-de-las-infancias","tag-madryn"],"yoast_head":"<!-- This site is optimized with the Yoast SEO plugin v28.3 - https:\/\/yoast.com\/product\/yoast-seo-wordpress\/ -->\n<title>Sastre: \u201cTrabajamos para que cada chico de Madryn tenga las mismas oportunidades de crecer y disfrutar\u201d - FM Patagonia Madryn<\/title>\n<meta name=\"robots\" content=\"index, follow, max-snippet:-1, max-image-preview:large, max-video-preview:-1\" \/>\n<link rel=\"canonical\" href=\"https:\/\/fmpatagoniamadryn.com.ar\/?p=26040\" \/>\n<meta property=\"og:locale\" content=\"es_ES\" \/>\n<meta property=\"og:type\" content=\"article\" \/>\n<meta property=\"og:title\" content=\"Sastre: \u201cTrabajamos para que cada chico de Madryn tenga las mismas oportunidades de crecer y disfrutar\u201d - FM Patagonia Madryn\" \/>\n<meta property=\"og:description\" content=\"El Intendente acompa\u00f1\u00f3 el gran festejo por el D\u00eda de las Infancias en Puerto Madryn y puso en valor el trabajo conjunto de todas las \u00e1reas municipales.\" \/>\n<meta property=\"og:url\" content=\"https:\/\/fmpatagoniamadryn.com.ar\/?p=26040\" \/>\n<meta property=\"og:site_name\" content=\"FM Patagonia Madryn\" \/>\n<meta property=\"article:published_time\" content=\"2026-08-30T22:27:50+00:00\" \/>\n<meta property=\"article:modified_time\" content=\"2026-08-30T22:27:51+00:00\" \/>\n<meta property=\"og:image\" content=\"https:\/\/fmpatagoniamadryn.com.ar\/wp-content\/uploads\/2026\/08\/sastre-en-dia-de-la-sinfancias.jpg\" \/>\n\t<meta property=\"og:image:width\" content=\"1600\" \/>\n\t<meta property=\"og:image:height\" content=\"1066\" \/>\n\t<meta property=\"og:image:type\" content=\"image\/jpeg\" \/>\n<meta name=\"author\" content=\"FM Patagonia\" \/>\n<meta name=\"twitter:card\" content=\"summary_large_image\" \/>\n<meta name=\"twitter:label1\" content=\"Escrito por\" \/>\n\t<meta name=\"twitter:data1\" content=\"FM Patagonia\" \/>\n\t<meta name=\"twitter:label2\" content=\"Tiempo de lectura\" \/>\n\t<meta name=\"twitter:data2\" content=\"3 minutos\" \/>\n<script type=\"application\/ld+json\" class=\"yoast-schema-graph\">{\"@context\":\"https:\\\/\\\/schema.org\",\"@graph\":[{\"@type\":\"Article\",\"@id\":\"https:\\\/\\\/fmpatagoniamadryn.com.ar\\\/?p=26040#article\",\"isPartOf\":{\"@id\":\"https:\\\/\\\/fmpatagoniamadryn.com.ar\\\/?p=26040\"},\"author\":{\"name\":\"FM Patagonia\",\"@id\":\"https:\\\/\\\/fmpatagoniamadryn.com.ar\\\/#\\\/schema\\\/person\\\/d1eaeab8ab628617785f4d9ef0e8d5d8\"},\"headline\":\"Sastre: \u201cTrabajamos para que cada chico de Madryn tenga las mismas oportunidades de crecer y disfrutar\u201d\",\"datePublished\":\"2026-08-30T22:27:50+00:00\",\"dateModified\":\"2026-08-30T22:27:51+00:00\",\"mainEntityOfPage\":{\"@id\":\"https:\\\/\\\/fmpatagoniamadryn.com.ar\\\/?p=26040\"},\"wordCount\":446,\"publisher\":{\"@id\":\"https:\\\/\\\/fmpatagoniamadryn.com.ar\\\/#organization\"},\"image\":{\"@id\":\"https:\\\/\\\/fmpatagoniamadryn.com.ar\\\/?p=26040#primaryimage\"},\"thumbnailUrl\":\"https:\\\/\\\/fmpatagoniamadryn.com.ar\\\/wp-content\\\/uploads\\\/2026\\\/08\\\/sastre-en-dia-de-la-sinfancias.jpg\",\"keywords\":[\"D\u00eda de las Infancias\",\"Madryn\"],\"articleSection\":[\"Locales\"],\"inLanguage\":\"es\"},{\"@type\":\"WebPage\",\"@id\":\"https:\\\/\\\/fmpatagoniamadryn.com.ar\\\/?p=26040\",\"url\":\"https:\\\/\\\/fmpatagoniamadryn.com.ar\\\/?p=26040\",\"name\":\"Sastre: \u201cTrabajamos para que cada chico de Madryn tenga las mismas oportunidades de crecer y disfrutar\u201d - FM Patagonia Madryn\",\"isPartOf\":{\"@id\":\"https:\\\/\\\/fmpatagoniamadryn.com.ar\\\/#website\"},\"primaryImageOfPage\":{\"@id\":\"https:\\\/\\\/fmpatagoniamadryn.com.ar\\\/?p=26040#primaryimage\"},\"image\":{\"@id\":\"https:\\\/\\\/fmpatagoniamadryn.com.ar\\\/?p=26040#primaryimage\"},\"thumbnailUrl\":\"https:\\\/\\\/fmpatagoniamadryn.com.ar\\\/wp-content\\\/uploads\\\/2026\\\/08\\\/sastre-en-dia-de-la-sinfancias.jpg\",\"datePublished\":\"2026-08-30T22:27:50+00:00\",\"dateModified\":\"2026-08-30T22:27:51+00:00\",\"breadcrumb\":{\"@id\":\"https:\\\/\\\/fmpatagoniamadryn.com.ar\\\/?p=26040#breadcrumb\"},\"inLanguage\":\"es\",\"potentialAction\":[{\"@type\":\"ReadAction\",\"target\":[\"https:\\\/\\\/fmpatagoniamadryn.com.ar\\\/?p=26040\"]}]},{\"@type\":\"ImageObject\",\"inLanguage\":\"es\",\"@id\":\"https:\\\/\\\/fmpatagoniamadryn.com.ar\\\/?p=26040#primaryimage\",\"url\":\"https:\\\/\\\/fmpatagoniamadryn.com.ar\\\/wp-content\\\/uploads\\\/2026\\\/08\\\/sastre-en-dia-de-la-sinfancias.jpg\",\"contentUrl\":\"https:\\\/\\\/fmpatagoniamadryn.com.ar\\\/wp-content\\\/uploads\\\/2026\\\/08\\\/sastre-en-dia-de-la-sinfancias.jpg\",\"width\":1600,\"height\":1066},{\"@type\":\"BreadcrumbList\",\"@id\":\"https:\\\/\\\/fmpatagoniamadryn.com.ar\\\/?p=26040#breadcrumb\",\"itemListElement\":[{\"@type\":\"ListItem\",\"position\":1,\"name\":\"Portada\",\"item\":\"https:\\\/\\\/fmpatagoniamadryn.com.ar\\\/\"},{\"@type\":\"ListItem\",\"position\":2,\"name\":\"Sastre: \u201cTrabajamos para que cada chico de Madryn tenga las mismas oportunidades de crecer y disfrutar\u201d\"}]},{\"@type\":\"WebSite\",\"@id\":\"https:\\\/\\\/fmpatagoniamadryn.com.ar\\\/#website\",\"url\":\"https:\\\/\\\/fmpatagoniamadryn.com.ar\\\/\",\"name\":\"FM Patagonia Madryn\",\"description\":\"Radio Patagonia 105.5\",\"publisher\":{\"@id\":\"https:\\\/\\\/fmpatagoniamadryn.com.ar\\\/#organization\"},\"potentialAction\":[{\"@type\":\"SearchAction\",\"target\":{\"@type\":\"EntryPoint\",\"urlTemplate\":\"https:\\\/\\\/fmpatagoniamadryn.com.ar\\\/?s={search_term_string}\"},\"query-input\":{\"@type\":\"PropertyValueSpecification\",\"valueRequired\":true,\"valueName\":\"search_term_string\"}}],\"inLanguage\":\"es\"},{\"@type\":\"Organization\",\"@id\":\"https:\\\/\\\/fmpatagoniamadryn.com.ar\\\/#organization\",\"name\":\"FM Patagonia Madryn\",\"url\":\"https:\\\/\\\/fmpatagoniamadryn.com.ar\\\/\",\"logo\":{\"@type\":\"ImageObject\",\"inLanguage\":\"es\",\"@id\":\"https:\\\/\\\/fmpatagoniamadryn.com.ar\\\/#\\\/schema\\\/logo\\\/image\\\/\",\"url\":\"https:\\\/\\\/fmpatagoniamadryn.com.ar\\\/wp-content\\\/uploads\\\/2023\\\/01\\\/cropped-Diseno-sin-titulo.png\",\"contentUrl\":\"https:\\\/\\\/fmpatagoniamadryn.com.ar\\\/wp-content\\\/uploads\\\/2023\\\/01\\\/cropped-Diseno-sin-titulo.png\",\"width\":6911,\"height\":2657,\"caption\":\"FM Patagonia Madryn\"},\"image\":{\"@id\":\"https:\\\/\\\/fmpatagoniamadryn.com.ar\\\/#\\\/schema\\\/logo\\\/image\\\/\"}},{\"@type\":\"Person\",\"@id\":\"https:\\\/\\\/fmpatagoniamadryn.com.ar\\\/#\\\/schema\\\/person\\\/d1eaeab8ab628617785f4d9ef0e8d5d8\",\"name\":\"FM Patagonia\",\"url\":\"https:\\\/\\\/fmpatagoniamadryn.com.ar\\\/?author=5\"}]}<\/script>\n<!-- \/ Yoast SEO plugin. -->","yoast_head_json":{"title":"Sastre: \u201cTrabajamos para que cada chico de Madryn tenga las mismas oportunidades de crecer y disfrutar\u201d - FM Patagonia Madryn","robots":{"index":"index","follow":"follow","max-snippet":"max-snippet:-1","max-image-preview":"max-image-preview:large","max-video-preview":"max-video-preview:-1"},"canonical":"https:\/\/fmpatagoniamadryn.com.ar\/?p=26040","og_locale":"es_ES","og_type":"article","og_title":"Sastre: \u201cTrabajamos para que cada chico de Madryn tenga las mismas oportunidades de crecer y disfrutar\u201d - FM Patagonia Madryn","og_description":"El Intendente acompa\u00f1\u00f3 el gran festejo por el D\u00eda de las Infancias en Puerto Madryn y puso en valor el trabajo conjunto de todas las \u00e1reas municipales.","og_url":"https:\/\/fmpatagoniamadryn.com.ar\/?p=26040","og_site_name":"FM Patagonia Madryn","article_published_time":"2026-08-30T22:27:50+00:00","article_modified_time":"2026-08-30T22:27:51+00:00","og_image":[{"width":1600,"height":1066,"url":"https:\/\/fmpatagoniamadryn.com.ar\/wp-content\/uploads\/2026\/08\/sastre-en-dia-de-la-sinfancias.jpg","type":"image\/jpeg"}],"author":"FM Patagonia","twitter_card":"summary_large_image","twitter_misc":{"Escrito por":"FM Patagonia","Tiempo de lectura":"3 minutos"},"schema":{"@context":"https:\/\/schema.org","@graph":[{"@type":"Article","@id":"https:\/\/fmpatagoniamadryn.com.ar\/?p=26040#article","isPartOf":{"@id":"https:\/\/fmpatagoniamadryn.com.ar\/?p=26040"},"author":{"name":"FM Patagonia","@id":"https:\/\/fmpatagoniamadryn.com.ar\/#\/schema\/person\/d1eaeab8ab628617785f4d9ef0e8d5d8"},"headline":"Sastre: \u201cTrabajamos para que cada chico de Madryn tenga las mismas oportunidades de crecer y disfrutar\u201d","datePublished":"2026-08-30T22:27:50+00:00","dateModified":"2026-08-30T22:27:51+00:00","mainEntityOfPage":{"@id":"https:\/\/fmpatagoniamadryn.com.ar\/?p=26040"},"wordCount":446,"publisher":{"@id":"https:\/\/fmpatagoniamadryn.com.ar\/#organization"},"image":{"@id":"https:\/\/fmpatagoniamadryn.com.ar\/?p=26040#primaryimage"},"thumbnailUrl":"https:\/\/fmpatagoniamadryn.com.ar\/wp-content\/uploads\/2026\/08\/sastre-en-dia-de-la-sinfancias.jpg","keywords":["D\u00eda de las Infancias","Madryn"],"articleSection":["Locales"],"inLanguage":"es"},{"@type":"WebPage","@id":"https:\/\/fmpatagoniamadryn.com.ar\/?p=26040","url":"https:\/\/fmpatagoniamadryn.com.ar\/?p=26040","name":"Sastre: \u201cTrabajamos para que cada chico de Madryn tenga las mismas oportunidades de crecer y disfrutar\u201d - FM Patagonia Madryn","isPartOf":{"@id":"https:\/\/fmpatagoniamadryn.com.ar\/#website"},"primaryImageOfPage":{"@id":"https:\/\/fmpatagoniamadryn.com.ar\/?p=26040#primaryimage"},"image":{"@id":"https:\/\/fmpatagoniamadryn.com.ar\/?p=26040#primaryimage"},"thumbnailUrl":"https:\/\/fmpatagoniamadryn.com.ar\/wp-content\/uploads\/2026\/08\/sastre-en-dia-de-la-sinfancias.jpg","datePublished":"2026-08-30T22:27:50+00:00","dateModified":"2026-08-30T22:27:51+00:00","breadcrumb":{"@id":"https:\/\/fmpatagoniamadryn.com.ar\/?p=26040#breadcrumb"},"inLanguage":"es","potentialAction":[{"@type":"ReadAction","target":["https:\/\/fmpatagoniamadryn.com.ar\/?p=26040"]}]},{"@type":"ImageObject","inLanguage":"es","@id":"https:\/\/fmpatagoniamadryn.com.ar\/?p=26040#primaryimage","url":"https:\/\/fmpatagoniamadryn.com.ar\/wp-content\/uploads\/2026\/08\/sastre-en-dia-de-la-sinfancias.jpg","contentUrl":"https:\/\/fmpatagoniamadryn.com.ar\/wp-content\/uploads\/2026\/08\/sastre-en-dia-de-la-sinfancias.jpg","width":1600,"height":1066},{"@type":"BreadcrumbList","@id":"https:\/\/fmpatagoniamadryn.com.ar\/?p=26040#breadcrumb","itemListElement":[{"@type":"ListItem","position":1,"name":"Portada","item":"https:\/\/fmpatagoniamadryn.com.ar\/"},{"@type":"ListItem","position":2,"name":"Sastre: \u201cTrabajamos para que cada chico de Madryn tenga las mismas oportunidades de crecer y disfrutar\u201d"}]},{"@type":"WebSite","@id":"https:\/\/fmpatagoniamadryn.com.ar\/#website","url":"https:\/\/fmpatagoniamadryn.com.ar\/","name":"FM Patagonia Madryn","description":"Radio Patagonia 105.5","publisher":{"@id":"https:\/\/fmpatagoniamadryn.com.ar\/#organization"},"potentialAction":[{"@type":"SearchAction","target":{"@type":"EntryPoint","urlTemplate":"https:\/\/fmpatagoniamadryn.com.ar\/?s={search_term_string}"},"query-input":{"@type":"PropertyValueSpecification","valueRequired":true,"valueName":"search_term_string"}}],"inLanguage":"es"},{"@type":"Organization","@id":"https:\/\/fmpatagoniamadryn.com.ar\/#organization","name":"FM Patagonia Madryn","url":"https:\/\/fmpatagoniamadryn.com.ar\/","logo":{"@type":"ImageObject","inLanguage":"es","@id":"https:\/\/fmpatagoniamadryn.com.ar\/#\/schema\/logo\/image\/","url":"https:\/\/fmpatagoniamadryn.com.ar\/wp-content\/uploads\/2023\/01\/cropped-Diseno-sin-titulo.png","contentUrl":"https:\/\/fmpatagoniamadryn.com.ar\/wp-content\/uploads\/2023\/01\/cropped-Diseno-sin-titulo.png","width":6911,"height":2657,"caption":"FM Patagonia Madryn"},"image":{"@id":"https:\/\/fmpatagoniamadryn.com.ar\/#\/schema\/logo\/image\/"}},{"@type":"Person","@id":"https:\/\/fmpatagoniamadryn.com.ar\/#\/schema\/person\/d1eaeab8ab628617785f4d9ef0e8d5d8","name":"FM Patagonia","url":"https:\/\/fmpatagoniamadryn.com.ar\/?author=5"}]}},"jetpack_featured_media_url":"https:\/\/fmpatagoniamadryn.com.ar\/wp-content\/uploads\/2026\/08\/sastre-en-dia-de-la-sinfancias.jpg","_links":{"self":[{"href":"https:\/\/fmpatagoniamadryn.com.ar\/index.php?rest_route=\/wp\/v2\/posts\/26040","targetHints":{"allow":["GET"]}}],"collection":[{"href":"https:\/\/fmpatagoniamadryn.com.ar\/index.php?rest_route=\/wp\/v2\/posts"}],"about":[{"href":"https:\/\/fmpatagoniamadryn.com.ar\/index.php?rest_route=\/wp\/v2\/types\/post"}],"author":[{"embeddable":true,"href":"https:\/\/fmpatagoniamadryn.com.ar\/index.php?rest_route=\/wp\/v2\/users\/5"}],"replies":[{"embeddable":true,"href":"https:\/\/fmpatagoniamadryn.com.ar\/index.php?rest_route=%2Fwp%2Fv2%2Fcomments&post=26040"}],"version-history":[{"count":1,"href":"https:\/\/fmpatagoniamadryn.com.ar\/index.php?rest_route=\/wp\/v2\/posts\/26040\/revisions"}],"predecessor-version":[{"id":26044,"href":"https:\/\/fmpatagoniamadryn.com.ar\/index.php?rest_route=\/wp\/v2\/posts\/26040\/revisions\/26044"}],"wp:featuredmedia":[{"embeddable":true,"href":"https:\/\/fmpatagoniamadryn.com.ar\/index.php?rest_route=\/wp\/v2\/media\/26042"}],"wp:attachment":[{"href":"https:\/\/fmpatagoniamadryn.com.ar\/index.php?rest_route=%2Fwp%2Fv2%2Fmedia&parent=26040"}],"wp:term":[{"taxonomy":"category","embeddable":true,"href":"https:\/\/fmpatagoniamadryn.com.ar\/index.php?rest_route=%2Fwp%2Fv2%2Fcategories&post=26040"},{"taxonomy":"post_tag","embeddable":true,"href":"https:\/\/fmpatagoniamadryn.com.ar\/index.php?rest_route=%2Fwp%2Fv2%2Ftags&post=26040"}],"curies":[{"name":"wp","href":"https:\/\/api.w.org\/{rel}","templated":true}]}}