{"id":26058,"date":"2026-08-31T07:59:49","date_gmt":"2026-08-31T10:59:49","guid":{"rendered":"https:\/\/fmpatagoniamadryn.com.ar\/?p=26058"},"modified":"2026-08-31T08:36:53","modified_gmt":"2026-08-31T11:36:53","slug":"puerto-madryn-lunes-frio-y-ventoso-con-una-maxima-de-15c","status":"publish","type":"post","link":"https:\/\/fmpatagoniamadryn.com.ar\/?p=26058","title":{"rendered":"Puerto Madryn: lunes fr\u00edo y ventoso, con una m\u00e1xima de 15\u00b0C"},"content":{"rendered":"\n<p class=\"p2 wp-block-paragraph\"><\/p>\n\n\n\n<h2 class=\"wp-block-heading\"><strong>El viento, protagonista de la jornada<\/strong><\/h2>\n\n\n\n<p class=\"p2 wp-block-paragraph\">El viento ser\u00e1 uno de los factores principales durante este lunes en la ciudad. Las r\u00e1fagas har\u00e1n que la sensaci\u00f3n de fr\u00edo sea mucho mayor, especialmente durante las primeras horas del d\u00eda.<\/p>\n\n\n\n<p class=\"p2 wp-block-paragraph\">Aunque la temperatura comenzar\u00e1 a subir de manera gradual despu\u00e9s del amanecer, previsto para las <strong>7:47<\/strong>, el viento podr\u00eda mantenerse presente y afectar la sensaci\u00f3n t\u00e9rmica.<\/p>\n\n\n\n<h2 class=\"wp-block-heading\"><strong>C\u00f3mo estar\u00e1 el tiempo durante el d\u00eda<\/strong><\/h2>\n\n\n\n<p class=\"p2 wp-block-paragraph\">Con el correr de las horas, se espera que la temperatura ascienda y alcance una <strong>m\u00e1xima de 15\u00b0C<\/strong>. La m\u00ednima prevista para la jornada es de <strong>7\u00b0C<\/strong>.<\/p>\n\n\n\n<p class=\"p2 wp-block-paragraph\">Durante la ma\u00f1ana, el cielo se mantendr\u00eda sin precipitaciones y las condiciones estar\u00e1n marcadas principalmente por el viento. Hacia el mediod\u00eda y la tarde, la temperatura ser\u00e1 m\u00e1s agradable, aunque las r\u00e1fagas continuar\u00e1n presentes.<\/p>\n\n\n\n<h2 class=\"wp-block-heading\"><strong>Un comienzo de semana con bajas temperaturas<\/strong><\/h2>\n\n\n\n<p class=\"p2 wp-block-paragraph\">El lunes marca el inicio de una semana con temperaturas frescas en Puerto Madryn. Para los pr\u00f3ximos d\u00edas, el pron\u00f3stico anticipa m\u00e1ximas que se mantendr\u00e1n en valores similares, con algunas probabilidades de precipitaciones hacia mediados de semana.<\/p>\n","protected":false},"excerpt":{"rendered":"<p>Puerto Madryn comenz\u00f3 este lunes con una ma\u00f1ana fr\u00eda y ventosa. La temperatura durante las primeras horas se ubic\u00f3 en 7\u00b0C, aunque la sensaci\u00f3n t\u00e9rmica descendi\u00f3 hasta los -2\u00b0C debido a la intensidad del viento.<\/p>\n","protected":false},"author":4,"featured_media":26054,"comment_status":"closed","ping_status":"closed","sticky":false,"template":"","format":"standard","meta":{"footnotes":""},"categories":[15],"tags":[133],"class_list":["post-26058","post","type-post","status-publish","format-standard","has-post-thumbnail","hentry","category-locales","tag-clima"],"yoast_head":"<!-- This site is optimized with the Yoast SEO plugin v28.3 - https:\/\/yoast.com\/product\/yoast-seo-wordpress\/ -->\n<title>Puerto Madryn: lunes fr\u00edo y ventoso, con una m\u00e1xima de 15\u00b0C - FM Patagonia Madryn<\/title>\n<meta name=\"robots\" content=\"index, follow, max-snippet:-1, max-image-preview:large, max-video-preview:-1\" \/>\n<link rel=\"canonical\" href=\"https:\/\/fmpatagoniamadryn.com.ar\/?p=26058\" \/>\n<meta property=\"og:locale\" content=\"es_ES\" \/>\n<meta property=\"og:type\" content=\"article\" \/>\n<meta property=\"og:title\" content=\"Puerto Madryn: lunes fr\u00edo y ventoso, con una m\u00e1xima de 15\u00b0C - FM Patagonia Madryn\" \/>\n<meta property=\"og:description\" content=\"Puerto Madryn comenz\u00f3 este lunes con una ma\u00f1ana fr\u00eda y ventosa. La temperatura durante las primeras horas se ubic\u00f3 en 7\u00b0C, aunque la sensaci\u00f3n t\u00e9rmica descendi\u00f3 hasta los -2\u00b0C debido a la intensidad del viento.\" \/>\n<meta property=\"og:url\" content=\"https:\/\/fmpatagoniamadryn.com.ar\/?p=26058\" \/>\n<meta property=\"og:site_name\" content=\"FM Patagonia Madryn\" \/>\n<meta property=\"article:published_time\" content=\"2026-08-31T10:59:49+00:00\" \/>\n<meta property=\"article:modified_time\" content=\"2026-08-31T11:36:53+00:00\" \/>\n<meta property=\"og:image\" content=\"https:\/\/fmpatagoniamadryn.com.ar\/wp-content\/uploads\/2026\/08\/img_8568.jpg\" \/>\n\t<meta property=\"og:image:width\" content=\"1000\" \/>\n\t<meta property=\"og:image:height\" content=\"666\" \/>\n\t<meta property=\"og:image:type\" content=\"image\/jpeg\" \/>\n<meta name=\"author\" content=\"FM Patagonia\" \/>\n<meta name=\"twitter:card\" content=\"summary_large_image\" \/>\n<meta name=\"twitter:label1\" content=\"Escrito por\" \/>\n\t<meta name=\"twitter:data1\" content=\"FM Patagonia\" \/>\n\t<meta name=\"twitter:label2\" content=\"Tiempo de lectura\" \/>\n\t<meta name=\"twitter:data2\" content=\"1 minuto\" \/>\n<script type=\"application\/ld+json\" class=\"yoast-schema-graph\">{\"@context\":\"https:\\\/\\\/schema.org\",\"@graph\":[{\"@type\":\"Article\",\"@id\":\"https:\\\/\\\/fmpatagoniamadryn.com.ar\\\/?p=26058#article\",\"isPartOf\":{\"@id\":\"https:\\\/\\\/fmpatagoniamadryn.com.ar\\\/?p=26058\"},\"author\":{\"name\":\"FM Patagonia\",\"@id\":\"https:\\\/\\\/fmpatagoniamadryn.com.ar\\\/#\\\/schema\\\/person\\\/97b1d30cb2ae311544a88a5201700571\"},\"headline\":\"Puerto Madryn: lunes fr\u00edo y ventoso, con una m\u00e1xima de 15\u00b0C\",\"datePublished\":\"2026-08-31T10:59:49+00:00\",\"dateModified\":\"2026-08-31T11:36:53+00:00\",\"mainEntityOfPage\":{\"@id\":\"https:\\\/\\\/fmpatagoniamadryn.com.ar\\\/?p=26058\"},\"wordCount\":213,\"publisher\":{\"@id\":\"https:\\\/\\\/fmpatagoniamadryn.com.ar\\\/#organization\"},\"image\":{\"@id\":\"https:\\\/\\\/fmpatagoniamadryn.com.ar\\\/?p=26058#primaryimage\"},\"thumbnailUrl\":\"https:\\\/\\\/fmpatagoniamadryn.com.ar\\\/wp-content\\\/uploads\\\/2026\\\/08\\\/img_8568.jpg\",\"keywords\":[\"@clima\"],\"articleSection\":[\"Locales\"],\"inLanguage\":\"es\"},{\"@type\":\"WebPage\",\"@id\":\"https:\\\/\\\/fmpatagoniamadryn.com.ar\\\/?p=26058\",\"url\":\"https:\\\/\\\/fmpatagoniamadryn.com.ar\\\/?p=26058\",\"name\":\"Puerto Madryn: lunes fr\u00edo y ventoso, con una m\u00e1xima de 15\u00b0C - FM Patagonia Madryn\",\"isPartOf\":{\"@id\":\"https:\\\/\\\/fmpatagoniamadryn.com.ar\\\/#website\"},\"primaryImageOfPage\":{\"@id\":\"https:\\\/\\\/fmpatagoniamadryn.com.ar\\\/?p=26058#primaryimage\"},\"image\":{\"@id\":\"https:\\\/\\\/fmpatagoniamadryn.com.ar\\\/?p=26058#primaryimage\"},\"thumbnailUrl\":\"https:\\\/\\\/fmpatagoniamadryn.com.ar\\\/wp-content\\\/uploads\\\/2026\\\/08\\\/img_8568.jpg\",\"datePublished\":\"2026-08-31T10:59:49+00:00\",\"dateModified\":\"2026-08-31T11:36:53+00:00\",\"breadcrumb\":{\"@id\":\"https:\\\/\\\/fmpatagoniamadryn.com.ar\\\/?p=26058#breadcrumb\"},\"inLanguage\":\"es\",\"potentialAction\":[{\"@type\":\"ReadAction\",\"target\":[\"https:\\\/\\\/fmpatagoniamadryn.com.ar\\\/?p=26058\"]}]},{\"@type\":\"ImageObject\",\"inLanguage\":\"es\",\"@id\":\"https:\\\/\\\/fmpatagoniamadryn.com.ar\\\/?p=26058#primaryimage\",\"url\":\"https:\\\/\\\/fmpatagoniamadryn.com.ar\\\/wp-content\\\/uploads\\\/2026\\\/08\\\/img_8568.jpg\",\"contentUrl\":\"https:\\\/\\\/fmpatagoniamadryn.com.ar\\\/wp-content\\\/uploads\\\/2026\\\/08\\\/img_8568.jpg\",\"width\":1000,\"height\":666},{\"@type\":\"BreadcrumbList\",\"@id\":\"https:\\\/\\\/fmpatagoniamadryn.com.ar\\\/?p=26058#breadcrumb\",\"itemListElement\":[{\"@type\":\"ListItem\",\"position\":1,\"name\":\"Portada\",\"item\":\"https:\\\/\\\/fmpatagoniamadryn.com.ar\\\/\"},{\"@type\":\"ListItem\",\"position\":2,\"name\":\"Puerto Madryn: lunes fr\u00edo y ventoso, con una m\u00e1xima de 15\u00b0C\"}]},{\"@type\":\"WebSite\",\"@id\":\"https:\\\/\\\/fmpatagoniamadryn.com.ar\\\/#website\",\"url\":\"https:\\\/\\\/fmpatagoniamadryn.com.ar\\\/\",\"name\":\"FM Patagonia Madryn\",\"description\":\"Radio Patagonia 105.5\",\"publisher\":{\"@id\":\"https:\\\/\\\/fmpatagoniamadryn.com.ar\\\/#organization\"},\"potentialAction\":[{\"@type\":\"SearchAction\",\"target\":{\"@type\":\"EntryPoint\",\"urlTemplate\":\"https:\\\/\\\/fmpatagoniamadryn.com.ar\\\/?s={search_term_string}\"},\"query-input\":{\"@type\":\"PropertyValueSpecification\",\"valueRequired\":true,\"valueName\":\"search_term_string\"}}],\"inLanguage\":\"es\"},{\"@type\":\"Organization\",\"@id\":\"https:\\\/\\\/fmpatagoniamadryn.com.ar\\\/#organization\",\"name\":\"FM Patagonia Madryn\",\"url\":\"https:\\\/\\\/fmpatagoniamadryn.com.ar\\\/\",\"logo\":{\"@type\":\"ImageObject\",\"inLanguage\":\"es\",\"@id\":\"https:\\\/\\\/fmpatagoniamadryn.com.ar\\\/#\\\/schema\\\/logo\\\/image\\\/\",\"url\":\"https:\\\/\\\/fmpatagoniamadryn.com.ar\\\/wp-content\\\/uploads\\\/2023\\\/01\\\/cropped-Diseno-sin-titulo.png\",\"contentUrl\":\"https:\\\/\\\/fmpatagoniamadryn.com.ar\\\/wp-content\\\/uploads\\\/2023\\\/01\\\/cropped-Diseno-sin-titulo.png\",\"width\":6911,\"height\":2657,\"caption\":\"FM Patagonia Madryn\"},\"image\":{\"@id\":\"https:\\\/\\\/fmpatagoniamadryn.com.ar\\\/#\\\/schema\\\/logo\\\/image\\\/\"}},{\"@type\":\"Person\",\"@id\":\"https:\\\/\\\/fmpatagoniamadryn.com.ar\\\/#\\\/schema\\\/person\\\/97b1d30cb2ae311544a88a5201700571\",\"name\":\"FM Patagonia\",\"url\":\"https:\\\/\\\/fmpatagoniamadryn.com.ar\\\/?author=4\"}]}<\/script>\n<!-- \/ Yoast SEO plugin. -->","yoast_head_json":{"title":"Puerto Madryn: lunes fr\u00edo y ventoso, con una m\u00e1xima de 15\u00b0C - FM Patagonia Madryn","robots":{"index":"index","follow":"follow","max-snippet":"max-snippet:-1","max-image-preview":"max-image-preview:large","max-video-preview":"max-video-preview:-1"},"canonical":"https:\/\/fmpatagoniamadryn.com.ar\/?p=26058","og_locale":"es_ES","og_type":"article","og_title":"Puerto Madryn: lunes fr\u00edo y ventoso, con una m\u00e1xima de 15\u00b0C - FM Patagonia Madryn","og_description":"Puerto Madryn comenz\u00f3 este lunes con una ma\u00f1ana fr\u00eda y ventosa. La temperatura durante las primeras horas se ubic\u00f3 en 7\u00b0C, aunque la sensaci\u00f3n t\u00e9rmica descendi\u00f3 hasta los -2\u00b0C debido a la intensidad del viento.","og_url":"https:\/\/fmpatagoniamadryn.com.ar\/?p=26058","og_site_name":"FM Patagonia Madryn","article_published_time":"2026-08-31T10:59:49+00:00","article_modified_time":"2026-08-31T11:36:53+00:00","og_image":[{"width":1000,"height":666,"url":"https:\/\/fmpatagoniamadryn.com.ar\/wp-content\/uploads\/2026\/08\/img_8568.jpg","type":"image\/jpeg"}],"author":"FM Patagonia","twitter_card":"summary_large_image","twitter_misc":{"Escrito por":"FM Patagonia","Tiempo de lectura":"1 minuto"},"schema":{"@context":"https:\/\/schema.org","@graph":[{"@type":"Article","@id":"https:\/\/fmpatagoniamadryn.com.ar\/?p=26058#article","isPartOf":{"@id":"https:\/\/fmpatagoniamadryn.com.ar\/?p=26058"},"author":{"name":"FM Patagonia","@id":"https:\/\/fmpatagoniamadryn.com.ar\/#\/schema\/person\/97b1d30cb2ae311544a88a5201700571"},"headline":"Puerto Madryn: lunes fr\u00edo y ventoso, con una m\u00e1xima de 15\u00b0C","datePublished":"2026-08-31T10:59:49+00:00","dateModified":"2026-08-31T11:36:53+00:00","mainEntityOfPage":{"@id":"https:\/\/fmpatagoniamadryn.com.ar\/?p=26058"},"wordCount":213,"publisher":{"@id":"https:\/\/fmpatagoniamadryn.com.ar\/#organization"},"image":{"@id":"https:\/\/fmpatagoniamadryn.com.ar\/?p=26058#primaryimage"},"thumbnailUrl":"https:\/\/fmpatagoniamadryn.com.ar\/wp-content\/uploads\/2026\/08\/img_8568.jpg","keywords":["@clima"],"articleSection":["Locales"],"inLanguage":"es"},{"@type":"WebPage","@id":"https:\/\/fmpatagoniamadryn.com.ar\/?p=26058","url":"https:\/\/fmpatagoniamadryn.com.ar\/?p=26058","name":"Puerto Madryn: lunes fr\u00edo y ventoso, con una m\u00e1xima de 15\u00b0C - FM Patagonia Madryn","isPartOf":{"@id":"https:\/\/fmpatagoniamadryn.com.ar\/#website"},"primaryImageOfPage":{"@id":"https:\/\/fmpatagoniamadryn.com.ar\/?p=26058#primaryimage"},"image":{"@id":"https:\/\/fmpatagoniamadryn.com.ar\/?p=26058#primaryimage"},"thumbnailUrl":"https:\/\/fmpatagoniamadryn.com.ar\/wp-content\/uploads\/2026\/08\/img_8568.jpg","datePublished":"2026-08-31T10:59:49+00:00","dateModified":"2026-08-31T11:36:53+00:00","breadcrumb":{"@id":"https:\/\/fmpatagoniamadryn.com.ar\/?p=26058#breadcrumb"},"inLanguage":"es","potentialAction":[{"@type":"ReadAction","target":["https:\/\/fmpatagoniamadryn.com.ar\/?p=26058"]}]},{"@type":"ImageObject","inLanguage":"es","@id":"https:\/\/fmpatagoniamadryn.com.ar\/?p=26058#primaryimage","url":"https:\/\/fmpatagoniamadryn.com.ar\/wp-content\/uploads\/2026\/08\/img_8568.jpg","contentUrl":"https:\/\/fmpatagoniamadryn.com.ar\/wp-content\/uploads\/2026\/08\/img_8568.jpg","width":1000,"height":666},{"@type":"BreadcrumbList","@id":"https:\/\/fmpatagoniamadryn.com.ar\/?p=26058#breadcrumb","itemListElement":[{"@type":"ListItem","position":1,"name":"Portada","item":"https:\/\/fmpatagoniamadryn.com.ar\/"},{"@type":"ListItem","position":2,"name":"Puerto Madryn: lunes fr\u00edo y ventoso, con una m\u00e1xima de 15\u00b0C"}]},{"@type":"WebSite","@id":"https:\/\/fmpatagoniamadryn.com.ar\/#website","url":"https:\/\/fmpatagoniamadryn.com.ar\/","name":"FM Patagonia Madryn","description":"Radio Patagonia 105.5","publisher":{"@id":"https:\/\/fmpatagoniamadryn.com.ar\/#organization"},"potentialAction":[{"@type":"SearchAction","target":{"@type":"EntryPoint","urlTemplate":"https:\/\/fmpatagoniamadryn.com.ar\/?s={search_term_string}"},"query-input":{"@type":"PropertyValueSpecification","valueRequired":true,"valueName":"search_term_string"}}],"inLanguage":"es"},{"@type":"Organization","@id":"https:\/\/fmpatagoniamadryn.com.ar\/#organization","name":"FM Patagonia Madryn","url":"https:\/\/fmpatagoniamadryn.com.ar\/","logo":{"@type":"ImageObject","inLanguage":"es","@id":"https:\/\/fmpatagoniamadryn.com.ar\/#\/schema\/logo\/image\/","url":"https:\/\/fmpatagoniamadryn.com.ar\/wp-content\/uploads\/2023\/01\/cropped-Diseno-sin-titulo.png","contentUrl":"https:\/\/fmpatagoniamadryn.com.ar\/wp-content\/uploads\/2023\/01\/cropped-Diseno-sin-titulo.png","width":6911,"height":2657,"caption":"FM Patagonia Madryn"},"image":{"@id":"https:\/\/fmpatagoniamadryn.com.ar\/#\/schema\/logo\/image\/"}},{"@type":"Person","@id":"https:\/\/fmpatagoniamadryn.com.ar\/#\/schema\/person\/97b1d30cb2ae311544a88a5201700571","name":"FM Patagonia","url":"https:\/\/fmpatagoniamadryn.com.ar\/?author=4"}]}},"jetpack_featured_media_url":"https:\/\/fmpatagoniamadryn.com.ar\/wp-content\/uploads\/2026\/08\/img_8568.jpg","_links":{"self":[{"href":"https:\/\/fmpatagoniamadryn.com.ar\/index.php?rest_route=\/wp\/v2\/posts\/26058","targetHints":{"allow":["GET"]}}],"collection":[{"href":"https:\/\/fmpatagoniamadryn.com.ar\/index.php?rest_route=\/wp\/v2\/posts"}],"about":[{"href":"https:\/\/fmpatagoniamadryn.com.ar\/index.php?rest_route=\/wp\/v2\/types\/post"}],"author":[{"embeddable":true,"href":"https:\/\/fmpatagoniamadryn.com.ar\/index.php?rest_route=\/wp\/v2\/users\/4"}],"replies":[{"embeddable":true,"href":"https:\/\/fmpatagoniamadryn.com.ar\/index.php?rest_route=%2Fwp%2Fv2%2Fcomments&post=26058"}],"version-history":[{"count":2,"href":"https:\/\/fmpatagoniamadryn.com.ar\/index.php?rest_route=\/wp\/v2\/posts\/26058\/revisions"}],"predecessor-version":[{"id":26060,"href":"https:\/\/fmpatagoniamadryn.com.ar\/index.php?rest_route=\/wp\/v2\/posts\/26058\/revisions\/26060"}],"wp:featuredmedia":[{"embeddable":true,"href":"https:\/\/fmpatagoniamadryn.com.ar\/index.php?rest_route=\/wp\/v2\/media\/26054"}],"wp:attachment":[{"href":"https:\/\/fmpatagoniamadryn.com.ar\/index.php?rest_route=%2Fwp%2Fv2%2Fmedia&parent=26058"}],"wp:term":[{"taxonomy":"category","embeddable":true,"href":"https:\/\/fmpatagoniamadryn.com.ar\/index.php?rest_route=%2Fwp%2Fv2%2Fcategories&post=26058"},{"taxonomy":"post_tag","embeddable":true,"href":"https:\/\/fmpatagoniamadryn.com.ar\/index.php?rest_route=%2Fwp%2Fv2%2Ftags&post=26058"}],"curies":[{"name":"wp","href":"https:\/\/api.w.org\/{rel}","templated":true}]}}