{"id":26064,"date":"2026-08-31T09:02:31","date_gmt":"2026-08-31T12:02:31","guid":{"rendered":"https:\/\/fmpatagoniamadryn.com.ar\/?p=26064"},"modified":"2026-08-31T09:02:32","modified_gmt":"2026-08-31T12:02:32","slug":"paso-una-nueva-edicion-de-la-carrera-union-de-los-pueblos-entre-28-de-julio-y-dolavon","status":"publish","type":"post","link":"https:\/\/fmpatagoniamadryn.com.ar\/?p=26064","title":{"rendered":"Pas\u00f3 una nueva edici\u00f3n de la carrera \u201cUni\u00f3n de los Pueblos\u201d entre 28 de Julio y Dolavon"},"content":{"rendered":"\n<p class=\"wp-block-paragraph\">La prueba principal de 21 kil\u00f3metros tuvo su largada en 28 de Julio y llegada en Dolavon, mientras que la distancia de 6 kil\u00f3metros se desarroll\u00f3 en esta \u00faltima localidad. La competencia cont\u00f3 con el acompa\u00f1amiento de Chubut Deportes, en una propuesta que contin\u00faa consolid\u00e1ndose dentro del calendario atl\u00e9tico provincial.<\/p>\n\n\n\n<p class=\"wp-block-paragraph\">En la clasificaci\u00f3n general de los 21K masculinos, Bruno Alvarez se qued\u00f3 con la victoria con un registro de 1:03:21, seguido por Joaquin Arbe (1:05:52) y Gerardo Haro (1:09:55). Entre las mujeres, Tatiana Romina Cherey fue la ganadora con 1:30:56, Adriana Millaguala termin\u00f3 segunda con 1:34:06 y Majo Marinao complet\u00f3 el podio con 1:35:12.<\/p>\n\n\n\n<p class=\"wp-block-paragraph\">En los 6K, Fabri Ligoule gan\u00f3 la general masculina con 19:36, seguido por Sanchez Mauro (20:19) y Dario Goyeneche (20:44). En damas, Jessica Osorio se impuso con 24:49, Natalia Andrea Mora fue segunda con 25:52 y Ciria Valeria Berwyn tercera con 25:57.<\/p>\n\n\n\n<h1 class=\"wp-block-heading\">Podios por categor\u00edas<\/h1>\n\n\n\n<h2 class=\"wp-block-heading\">6K \u2013 Masculino<\/h2>\n\n\n\n<ul class=\"wp-block-list\">\n<li><strong>13 a 17 a\u00f1os:\u00a0<\/strong>1\u00b0 Santiago Joaquin Rapiman | 2\u00b0 Facundo Robledo | 3\u00b0 Matias Bogarin<\/li>\n\n\n\n<li><strong>18 a 29 a\u00f1os:\u00a0<\/strong>1\u00b0 Emanuel Daniel Castillo | 2\u00b0 Ivan Andres Torres | 3\u00b0 Facundo Alejandro Henrique<\/li>\n\n\n\n<li><strong>30 a 34 a\u00f1os:\u00a0<\/strong>1\u00b0 Fabri Ligoule | 2\u00b0 Sanchez Mauro<\/li>\n\n\n\n<li><strong>35 a 39 a\u00f1os:\u00a0<\/strong>1\u00b0 Juliano Sebastian Llanquinao | 2\u00b0 Dennis Aron Hughes | 3\u00b0 Facundo Damian Evans<\/li>\n\n\n\n<li><strong>40 a 44 a\u00f1os:\u00a0<\/strong>1\u00b0 Dario Goyeneche | 2\u00b0 Sergio Mera | 3\u00b0 Luis Alberto Quilodran<\/li>\n\n\n\n<li><strong>45 a 49 a\u00f1os:\u00a0<\/strong>1\u00b0 Claudio Llancamil | 2\u00b0 Angel Norberto Molina<\/li>\n\n\n\n<li><strong>50 a 54 a\u00f1os:\u00a0<\/strong>1\u00b0 Victorio Sanchez | 2\u00b0 Edgardo Lloyd Jones<\/li>\n\n\n\n<li><strong>55 a 59 a\u00f1os:\u00a0<\/strong>1\u00b0 Claudio Rene Evans | 2\u00b0 Ricardo Enrique P\u00e9rez Ampuero | 3\u00b0 Rafael Eduardo Rasgido<\/li>\n\n\n\n<li><strong>60 a 64 a\u00f1os:\u00a0<\/strong>1\u00b0 Osvaldo Quilodran | 2\u00b0 Carlos C\u00e1ceres Kovalevich<\/li>\n\n\n\n<li><strong>65+:\u00a0<\/strong>1\u00b0 Luis Diaz<\/li>\n<\/ul>\n\n\n\n<ul class=\"wp-block-list\">\n<li><strong>13 a 17 a\u00f1os:\u00a0<\/strong>1\u00b0 Ciria Valeria Berwyn | 2\u00b0 Melody Nazarena Cabrera Ledesma | 3\u00b0 Abril Milan<\/li>\n\n\n\n<li><strong>18 a 29 a\u00f1os:\u00a0<\/strong>1\u00b0 Keila Curiqueo | 2\u00b0 Irina Alcasay | 3\u00b0 Nadia Belen Di Rocco<\/li>\n\n\n\n<li><strong>30 a 34 a\u00f1os:\u00a0<\/strong>1\u00b0 Nadia Molina | 2\u00b0 Romina Florencia P\u00e9rez Milani | 3\u00b0 Macarena P\u00e9rez Milani<\/li>\n\n\n\n<li><strong>35 a 39 a\u00f1os:\u00a0<\/strong>1\u00b0 Chantal Ariadna Bazan | 2\u00b0 Camila Mercedez Perez Milani<\/li>\n\n\n\n<li><strong>40 a 44 a\u00f1os:\u00a0<\/strong>1\u00b0 Jessica Osorio | 2\u00b0 Hilda Chingoleo | 3\u00b0 Guada Rodrigo<\/li>\n\n\n\n<li><strong>45 a 49 a\u00f1os:\u00a0<\/strong>1\u00b0 Natalia Andrea Mora | 2\u00b0 Karina Rehl | 3\u00b0 Gabriela Catellani<\/li>\n\n\n\n<li><strong>50 a 54 a\u00f1os:\u00a0<\/strong>1\u00b0 Teresa Del Carmen Carrilaf | 2\u00b0 Isabel Antieco | 3\u00b0 Rosa Antieco<\/li>\n\n\n\n<li><strong>55 a 59 a\u00f1os:\u00a0<\/strong>1\u00b0 Marcela Perez Ampuero<\/li>\n\n\n\n<li><strong>60 a 64 a\u00f1os:\u00a0<\/strong>1\u00b0 Paty Cortez<\/li>\n<\/ul>\n\n\n\n<h2 class=\"wp-block-heading\">21K \u2013 Masculino<\/h2>\n\n\n\n<ul class=\"wp-block-list\">\n<li><strong>18 a 29 a\u00f1os:\u00a0<\/strong>1\u00b0 Bruno Alvarez<\/li>\n\n\n\n<li><strong>30 a 34 a\u00f1os:\u00a0<\/strong>1\u00b0 Franco Gim\u00e9nez | 2\u00b0 Alvaro Medina | 3\u00b0 Javier Gomez<\/li>\n\n\n\n<li><strong>35 a 39 a\u00f1os:\u00a0<\/strong>1\u00b0 Joaquin Arbe | 2\u00b0 Sebastian Arrative | 3\u00b0 Wiliberth Mart\u00ednez Carrizo<\/li>\n\n\n\n<li><strong>40 a 44 a\u00f1os:\u00a0<\/strong>1\u00b0 Gerardo Haro | 2\u00b0 Emanuel Dario Grillo | 3\u00b0 David Davies<\/li>\n\n\n\n<li><strong>45 a 49 a\u00f1os:\u00a0<\/strong>1\u00b0 Miguel Maliqueo | 2\u00b0 Vicente Silva | 3\u00b0 Jose Martinez<\/li>\n\n\n\n<li><strong>50 a 54 a\u00f1os:\u00a0<\/strong>1\u00b0 Gabriel Carranza<\/li>\n\n\n\n<li><strong>55 a 59 a\u00f1os:\u00a0<\/strong>1\u00b0 Cayupan Luis Abel | 2\u00b0 H\u00e9ctor Mois\u00e9s Justiniano<\/li>\n\n\n\n<li><strong>60 a 64 a\u00f1os:\u00a0<\/strong>1\u00b0 Mauro Cortez | 2\u00b0 Christmas Pugh | 3\u00b0 Nestor Fabian Cayu<\/li>\n\n\n\n<li><strong>65+:\u00a0<\/strong>1\u00b0 Jose Vargas<\/li>\n\n\n\n<li><strong>Inclusiva:\u00a0<\/strong>1\u00b0 Rodrigo Rosales<\/li>\n<\/ul>\n\n\n\n<h2 class=\"wp-block-heading\">21K \u2013 Femenino<\/h2>\n\n\n\n<ul class=\"wp-block-list\">\n<li><strong>18 a 29 a\u00f1os:\u00a0<\/strong>1\u00b0 Betiana Castillo<\/li>\n\n\n\n<li><strong>35 a 39 a\u00f1os:\u00a0<\/strong>1\u00b0 Adriana Millaguala | 2\u00b0 Ofelia Haydee Cypuzak | 3\u00b0 Melisa Mariel Reynoso<\/li>\n\n\n\n<li><strong>40 a 44 a\u00f1os:\u00a0<\/strong>1\u00b0 Tatiana Romina Cherey | 2\u00b0 Romina Villivar | 3\u00b0 Karina Fuentes<\/li>\n\n\n\n<li><strong>45 a 49 a\u00f1os:\u00a0<\/strong>1\u00b0 Marcela Capurro | 2\u00b0 Ana Sofia Tartaglione<\/li>\n\n\n\n<li><strong>50 a 54 a\u00f1os:\u00a0<\/strong>1\u00b0 Majo Marinao | 2\u00b0 Norma Sanchez | 3\u00b0 Lucia Elizabeth Colin<\/li>\n\n\n\n<li><strong>55 a 59 a\u00f1os:\u00a0<\/strong>1\u00b0 Claudia Alejandra Fern\u00e1ndez<\/li>\n<\/ul>\n","protected":false},"excerpt":{"rendered":"<p>La tercera edici\u00f3n de la carrera \u201cUni\u00f3n de los Pueblos\u201d reuni\u00f3 a atletas de distintos puntos de la provincia y la regi\u00f3n en una jornada que volvi\u00f3 a vincular deportivamente a las localidades de 28 de Julio y Dolavon, con competencias sobre las distancias de 21 y 6 kil\u00f3metros.<\/p>\n","protected":false},"author":5,"featured_media":26065,"comment_status":"closed","ping_status":"closed","sticky":false,"template":"","format":"standard","meta":{"footnotes":""},"categories":[4],"tags":[595],"class_list":["post-26064","post","type-post","status-publish","format-standard","has-post-thumbnail","hentry","category-deportes","tag-union-de-los-pueblos"],"yoast_head":"<!-- This site is optimized with the Yoast SEO plugin v28.3 - https:\/\/yoast.com\/product\/yoast-seo-wordpress\/ -->\n<title>Pas\u00f3 una nueva edici\u00f3n de la carrera \u201cUni\u00f3n de los Pueblos\u201d entre 28 de Julio y Dolavon - FM Patagonia Madryn<\/title>\n<meta name=\"robots\" content=\"index, follow, max-snippet:-1, max-image-preview:large, max-video-preview:-1\" \/>\n<link rel=\"canonical\" href=\"https:\/\/fmpatagoniamadryn.com.ar\/?p=26064\" \/>\n<meta property=\"og:locale\" content=\"es_ES\" \/>\n<meta property=\"og:type\" content=\"article\" \/>\n<meta property=\"og:title\" content=\"Pas\u00f3 una nueva edici\u00f3n de la carrera \u201cUni\u00f3n de los Pueblos\u201d entre 28 de Julio y Dolavon - FM Patagonia Madryn\" \/>\n<meta property=\"og:description\" content=\"La tercera edici\u00f3n de la carrera \u201cUni\u00f3n de los Pueblos\u201d reuni\u00f3 a atletas de distintos puntos de la provincia y la regi\u00f3n en una jornada que volvi\u00f3 a vincular deportivamente a las localidades de 28 de Julio y Dolavon, con competencias sobre las distancias de 21 y 6 kil\u00f3metros.\" \/>\n<meta property=\"og:url\" content=\"https:\/\/fmpatagoniamadryn.com.ar\/?p=26064\" \/>\n<meta property=\"og:site_name\" content=\"FM Patagonia Madryn\" \/>\n<meta property=\"article:published_time\" content=\"2026-08-31T12:02:31+00:00\" \/>\n<meta property=\"article:modified_time\" content=\"2026-08-31T12:02:32+00:00\" \/>\n<meta property=\"og:image\" content=\"https:\/\/fmpatagoniamadryn.com.ar\/wp-content\/uploads\/2026\/08\/Union-de-los-pueblos-21K.jpg\" \/>\n\t<meta property=\"og:image:width\" content=\"2048\" \/>\n\t<meta property=\"og:image:height\" content=\"1365\" \/>\n\t<meta property=\"og:image:type\" content=\"image\/jpeg\" \/>\n<meta name=\"author\" content=\"FM Patagonia\" \/>\n<meta name=\"twitter:card\" content=\"summary_large_image\" \/>\n<meta name=\"twitter:label1\" content=\"Escrito por\" \/>\n\t<meta name=\"twitter:data1\" content=\"FM Patagonia\" \/>\n\t<meta name=\"twitter:label2\" content=\"Tiempo de lectura\" \/>\n\t<meta name=\"twitter:data2\" content=\"4 minutos\" \/>\n<script type=\"application\/ld+json\" class=\"yoast-schema-graph\">{\"@context\":\"https:\\\/\\\/schema.org\",\"@graph\":[{\"@type\":\"Article\",\"@id\":\"https:\\\/\\\/fmpatagoniamadryn.com.ar\\\/?p=26064#article\",\"isPartOf\":{\"@id\":\"https:\\\/\\\/fmpatagoniamadryn.com.ar\\\/?p=26064\"},\"author\":{\"name\":\"FM Patagonia\",\"@id\":\"https:\\\/\\\/fmpatagoniamadryn.com.ar\\\/#\\\/schema\\\/person\\\/d1eaeab8ab628617785f4d9ef0e8d5d8\"},\"headline\":\"Pas\u00f3 una nueva edici\u00f3n de la carrera \u201cUni\u00f3n de los Pueblos\u201d entre 28 de Julio y Dolavon\",\"datePublished\":\"2026-08-31T12:02:31+00:00\",\"dateModified\":\"2026-08-31T12:02:32+00:00\",\"mainEntityOfPage\":{\"@id\":\"https:\\\/\\\/fmpatagoniamadryn.com.ar\\\/?p=26064\"},\"wordCount\":473,\"publisher\":{\"@id\":\"https:\\\/\\\/fmpatagoniamadryn.com.ar\\\/#organization\"},\"image\":{\"@id\":\"https:\\\/\\\/fmpatagoniamadryn.com.ar\\\/?p=26064#primaryimage\"},\"thumbnailUrl\":\"https:\\\/\\\/fmpatagoniamadryn.com.ar\\\/wp-content\\\/uploads\\\/2026\\\/08\\\/Union-de-los-pueblos-21K.jpg\",\"keywords\":[\"Uni\u00f3n de los Pueblos\"],\"articleSection\":[\"Deportes\"],\"inLanguage\":\"es\"},{\"@type\":\"WebPage\",\"@id\":\"https:\\\/\\\/fmpatagoniamadryn.com.ar\\\/?p=26064\",\"url\":\"https:\\\/\\\/fmpatagoniamadryn.com.ar\\\/?p=26064\",\"name\":\"Pas\u00f3 una nueva edici\u00f3n de la carrera \u201cUni\u00f3n de los Pueblos\u201d entre 28 de Julio y Dolavon - FM Patagonia Madryn\",\"isPartOf\":{\"@id\":\"https:\\\/\\\/fmpatagoniamadryn.com.ar\\\/#website\"},\"primaryImageOfPage\":{\"@id\":\"https:\\\/\\\/fmpatagoniamadryn.com.ar\\\/?p=26064#primaryimage\"},\"image\":{\"@id\":\"https:\\\/\\\/fmpatagoniamadryn.com.ar\\\/?p=26064#primaryimage\"},\"thumbnailUrl\":\"https:\\\/\\\/fmpatagoniamadryn.com.ar\\\/wp-content\\\/uploads\\\/2026\\\/08\\\/Union-de-los-pueblos-21K.jpg\",\"datePublished\":\"2026-08-31T12:02:31+00:00\",\"dateModified\":\"2026-08-31T12:02:32+00:00\",\"breadcrumb\":{\"@id\":\"https:\\\/\\\/fmpatagoniamadryn.com.ar\\\/?p=26064#breadcrumb\"},\"inLanguage\":\"es\",\"potentialAction\":[{\"@type\":\"ReadAction\",\"target\":[\"https:\\\/\\\/fmpatagoniamadryn.com.ar\\\/?p=26064\"]}]},{\"@type\":\"ImageObject\",\"inLanguage\":\"es\",\"@id\":\"https:\\\/\\\/fmpatagoniamadryn.com.ar\\\/?p=26064#primaryimage\",\"url\":\"https:\\\/\\\/fmpatagoniamadryn.com.ar\\\/wp-content\\\/uploads\\\/2026\\\/08\\\/Union-de-los-pueblos-21K.jpg\",\"contentUrl\":\"https:\\\/\\\/fmpatagoniamadryn.com.ar\\\/wp-content\\\/uploads\\\/2026\\\/08\\\/Union-de-los-pueblos-21K.jpg\",\"width\":2048,\"height\":1365},{\"@type\":\"BreadcrumbList\",\"@id\":\"https:\\\/\\\/fmpatagoniamadryn.com.ar\\\/?p=26064#breadcrumb\",\"itemListElement\":[{\"@type\":\"ListItem\",\"position\":1,\"name\":\"Portada\",\"item\":\"https:\\\/\\\/fmpatagoniamadryn.com.ar\\\/\"},{\"@type\":\"ListItem\",\"position\":2,\"name\":\"Pas\u00f3 una nueva edici\u00f3n de la carrera \u201cUni\u00f3n de los Pueblos\u201d entre 28 de Julio y Dolavon\"}]},{\"@type\":\"WebSite\",\"@id\":\"https:\\\/\\\/fmpatagoniamadryn.com.ar\\\/#website\",\"url\":\"https:\\\/\\\/fmpatagoniamadryn.com.ar\\\/\",\"name\":\"FM Patagonia Madryn\",\"description\":\"Radio Patagonia 105.5\",\"publisher\":{\"@id\":\"https:\\\/\\\/fmpatagoniamadryn.com.ar\\\/#organization\"},\"potentialAction\":[{\"@type\":\"SearchAction\",\"target\":{\"@type\":\"EntryPoint\",\"urlTemplate\":\"https:\\\/\\\/fmpatagoniamadryn.com.ar\\\/?s={search_term_string}\"},\"query-input\":{\"@type\":\"PropertyValueSpecification\",\"valueRequired\":true,\"valueName\":\"search_term_string\"}}],\"inLanguage\":\"es\"},{\"@type\":\"Organization\",\"@id\":\"https:\\\/\\\/fmpatagoniamadryn.com.ar\\\/#organization\",\"name\":\"FM Patagonia Madryn\",\"url\":\"https:\\\/\\\/fmpatagoniamadryn.com.ar\\\/\",\"logo\":{\"@type\":\"ImageObject\",\"inLanguage\":\"es\",\"@id\":\"https:\\\/\\\/fmpatagoniamadryn.com.ar\\\/#\\\/schema\\\/logo\\\/image\\\/\",\"url\":\"https:\\\/\\\/fmpatagoniamadryn.com.ar\\\/wp-content\\\/uploads\\\/2023\\\/01\\\/cropped-Diseno-sin-titulo.png\",\"contentUrl\":\"https:\\\/\\\/fmpatagoniamadryn.com.ar\\\/wp-content\\\/uploads\\\/2023\\\/01\\\/cropped-Diseno-sin-titulo.png\",\"width\":6911,\"height\":2657,\"caption\":\"FM Patagonia Madryn\"},\"image\":{\"@id\":\"https:\\\/\\\/fmpatagoniamadryn.com.ar\\\/#\\\/schema\\\/logo\\\/image\\\/\"}},{\"@type\":\"Person\",\"@id\":\"https:\\\/\\\/fmpatagoniamadryn.com.ar\\\/#\\\/schema\\\/person\\\/d1eaeab8ab628617785f4d9ef0e8d5d8\",\"name\":\"FM Patagonia\",\"url\":\"https:\\\/\\\/fmpatagoniamadryn.com.ar\\\/?author=5\"}]}<\/script>\n<!-- \/ Yoast SEO plugin. -->","yoast_head_json":{"title":"Pas\u00f3 una nueva edici\u00f3n de la carrera \u201cUni\u00f3n de los Pueblos\u201d entre 28 de Julio y Dolavon - FM Patagonia Madryn","robots":{"index":"index","follow":"follow","max-snippet":"max-snippet:-1","max-image-preview":"max-image-preview:large","max-video-preview":"max-video-preview:-1"},"canonical":"https:\/\/fmpatagoniamadryn.com.ar\/?p=26064","og_locale":"es_ES","og_type":"article","og_title":"Pas\u00f3 una nueva edici\u00f3n de la carrera \u201cUni\u00f3n de los Pueblos\u201d entre 28 de Julio y Dolavon - FM Patagonia Madryn","og_description":"La tercera edici\u00f3n de la carrera \u201cUni\u00f3n de los Pueblos\u201d reuni\u00f3 a atletas de distintos puntos de la provincia y la regi\u00f3n en una jornada que volvi\u00f3 a vincular deportivamente a las localidades de 28 de Julio y Dolavon, con competencias sobre las distancias de 21 y 6 kil\u00f3metros.","og_url":"https:\/\/fmpatagoniamadryn.com.ar\/?p=26064","og_site_name":"FM Patagonia Madryn","article_published_time":"2026-08-31T12:02:31+00:00","article_modified_time":"2026-08-31T12:02:32+00:00","og_image":[{"width":2048,"height":1365,"url":"https:\/\/fmpatagoniamadryn.com.ar\/wp-content\/uploads\/2026\/08\/Union-de-los-pueblos-21K.jpg","type":"image\/jpeg"}],"author":"FM Patagonia","twitter_card":"summary_large_image","twitter_misc":{"Escrito por":"FM Patagonia","Tiempo de lectura":"4 minutos"},"schema":{"@context":"https:\/\/schema.org","@graph":[{"@type":"Article","@id":"https:\/\/fmpatagoniamadryn.com.ar\/?p=26064#article","isPartOf":{"@id":"https:\/\/fmpatagoniamadryn.com.ar\/?p=26064"},"author":{"name":"FM Patagonia","@id":"https:\/\/fmpatagoniamadryn.com.ar\/#\/schema\/person\/d1eaeab8ab628617785f4d9ef0e8d5d8"},"headline":"Pas\u00f3 una nueva edici\u00f3n de la carrera \u201cUni\u00f3n de los Pueblos\u201d entre 28 de Julio y Dolavon","datePublished":"2026-08-31T12:02:31+00:00","dateModified":"2026-08-31T12:02:32+00:00","mainEntityOfPage":{"@id":"https:\/\/fmpatagoniamadryn.com.ar\/?p=26064"},"wordCount":473,"publisher":{"@id":"https:\/\/fmpatagoniamadryn.com.ar\/#organization"},"image":{"@id":"https:\/\/fmpatagoniamadryn.com.ar\/?p=26064#primaryimage"},"thumbnailUrl":"https:\/\/fmpatagoniamadryn.com.ar\/wp-content\/uploads\/2026\/08\/Union-de-los-pueblos-21K.jpg","keywords":["Uni\u00f3n de los Pueblos"],"articleSection":["Deportes"],"inLanguage":"es"},{"@type":"WebPage","@id":"https:\/\/fmpatagoniamadryn.com.ar\/?p=26064","url":"https:\/\/fmpatagoniamadryn.com.ar\/?p=26064","name":"Pas\u00f3 una nueva edici\u00f3n de la carrera \u201cUni\u00f3n de los Pueblos\u201d entre 28 de Julio y Dolavon - FM Patagonia Madryn","isPartOf":{"@id":"https:\/\/fmpatagoniamadryn.com.ar\/#website"},"primaryImageOfPage":{"@id":"https:\/\/fmpatagoniamadryn.com.ar\/?p=26064#primaryimage"},"image":{"@id":"https:\/\/fmpatagoniamadryn.com.ar\/?p=26064#primaryimage"},"thumbnailUrl":"https:\/\/fmpatagoniamadryn.com.ar\/wp-content\/uploads\/2026\/08\/Union-de-los-pueblos-21K.jpg","datePublished":"2026-08-31T12:02:31+00:00","dateModified":"2026-08-31T12:02:32+00:00","breadcrumb":{"@id":"https:\/\/fmpatagoniamadryn.com.ar\/?p=26064#breadcrumb"},"inLanguage":"es","potentialAction":[{"@type":"ReadAction","target":["https:\/\/fmpatagoniamadryn.com.ar\/?p=26064"]}]},{"@type":"ImageObject","inLanguage":"es","@id":"https:\/\/fmpatagoniamadryn.com.ar\/?p=26064#primaryimage","url":"https:\/\/fmpatagoniamadryn.com.ar\/wp-content\/uploads\/2026\/08\/Union-de-los-pueblos-21K.jpg","contentUrl":"https:\/\/fmpatagoniamadryn.com.ar\/wp-content\/uploads\/2026\/08\/Union-de-los-pueblos-21K.jpg","width":2048,"height":1365},{"@type":"BreadcrumbList","@id":"https:\/\/fmpatagoniamadryn.com.ar\/?p=26064#breadcrumb","itemListElement":[{"@type":"ListItem","position":1,"name":"Portada","item":"https:\/\/fmpatagoniamadryn.com.ar\/"},{"@type":"ListItem","position":2,"name":"Pas\u00f3 una nueva edici\u00f3n de la carrera \u201cUni\u00f3n de los Pueblos\u201d entre 28 de Julio y Dolavon"}]},{"@type":"WebSite","@id":"https:\/\/fmpatagoniamadryn.com.ar\/#website","url":"https:\/\/fmpatagoniamadryn.com.ar\/","name":"FM Patagonia Madryn","description":"Radio Patagonia 105.5","publisher":{"@id":"https:\/\/fmpatagoniamadryn.com.ar\/#organization"},"potentialAction":[{"@type":"SearchAction","target":{"@type":"EntryPoint","urlTemplate":"https:\/\/fmpatagoniamadryn.com.ar\/?s={search_term_string}"},"query-input":{"@type":"PropertyValueSpecification","valueRequired":true,"valueName":"search_term_string"}}],"inLanguage":"es"},{"@type":"Organization","@id":"https:\/\/fmpatagoniamadryn.com.ar\/#organization","name":"FM Patagonia Madryn","url":"https:\/\/fmpatagoniamadryn.com.ar\/","logo":{"@type":"ImageObject","inLanguage":"es","@id":"https:\/\/fmpatagoniamadryn.com.ar\/#\/schema\/logo\/image\/","url":"https:\/\/fmpatagoniamadryn.com.ar\/wp-content\/uploads\/2023\/01\/cropped-Diseno-sin-titulo.png","contentUrl":"https:\/\/fmpatagoniamadryn.com.ar\/wp-content\/uploads\/2023\/01\/cropped-Diseno-sin-titulo.png","width":6911,"height":2657,"caption":"FM Patagonia Madryn"},"image":{"@id":"https:\/\/fmpatagoniamadryn.com.ar\/#\/schema\/logo\/image\/"}},{"@type":"Person","@id":"https:\/\/fmpatagoniamadryn.com.ar\/#\/schema\/person\/d1eaeab8ab628617785f4d9ef0e8d5d8","name":"FM Patagonia","url":"https:\/\/fmpatagoniamadryn.com.ar\/?author=5"}]}},"jetpack_featured_media_url":"https:\/\/fmpatagoniamadryn.com.ar\/wp-content\/uploads\/2026\/08\/Union-de-los-pueblos-21K.jpg","_links":{"self":[{"href":"https:\/\/fmpatagoniamadryn.com.ar\/index.php?rest_route=\/wp\/v2\/posts\/26064","targetHints":{"allow":["GET"]}}],"collection":[{"href":"https:\/\/fmpatagoniamadryn.com.ar\/index.php?rest_route=\/wp\/v2\/posts"}],"about":[{"href":"https:\/\/fmpatagoniamadryn.com.ar\/index.php?rest_route=\/wp\/v2\/types\/post"}],"author":[{"embeddable":true,"href":"https:\/\/fmpatagoniamadryn.com.ar\/index.php?rest_route=\/wp\/v2\/users\/5"}],"replies":[{"embeddable":true,"href":"https:\/\/fmpatagoniamadryn.com.ar\/index.php?rest_route=%2Fwp%2Fv2%2Fcomments&post=26064"}],"version-history":[{"count":1,"href":"https:\/\/fmpatagoniamadryn.com.ar\/index.php?rest_route=\/wp\/v2\/posts\/26064\/revisions"}],"predecessor-version":[{"id":26068,"href":"https:\/\/fmpatagoniamadryn.com.ar\/index.php?rest_route=\/wp\/v2\/posts\/26064\/revisions\/26068"}],"wp:featuredmedia":[{"embeddable":true,"href":"https:\/\/fmpatagoniamadryn.com.ar\/index.php?rest_route=\/wp\/v2\/media\/26065"}],"wp:attachment":[{"href":"https:\/\/fmpatagoniamadryn.com.ar\/index.php?rest_route=%2Fwp%2Fv2%2Fmedia&parent=26064"}],"wp:term":[{"taxonomy":"category","embeddable":true,"href":"https:\/\/fmpatagoniamadryn.com.ar\/index.php?rest_route=%2Fwp%2Fv2%2Fcategories&post=26064"},{"taxonomy":"post_tag","embeddable":true,"href":"https:\/\/fmpatagoniamadryn.com.ar\/index.php?rest_route=%2Fwp%2Fv2%2Ftags&post=26064"}],"curies":[{"name":"wp","href":"https:\/\/api.w.org\/{rel}","templated":true}]}}