{"id":26069,"date":"2026-08-31T09:02:59","date_gmt":"2026-08-31T12:02:59","guid":{"rendered":"https:\/\/fmpatagoniamadryn.com.ar\/?p=26069"},"modified":"2026-08-31T09:02:59","modified_gmt":"2026-08-31T12:02:59","slug":"el-conicet-advierte-por-el-riesgo-de-una-ola-gigante-en-el-chalten","status":"publish","type":"post","link":"https:\/\/fmpatagoniamadryn.com.ar\/?p=26069","title":{"rendered":"El Conicet advierte por el riesgo de una ola gigante en El Chalt\u00e9n"},"content":{"rendered":"\n<p class=\"p2 wp-block-paragraph\">El retroceso de los glaciares en la zona cordillerana de Santa Cruz vuelve a encender las alertas. Investigadores del Conicet advirtieron sobre un escenario de riesgo en <strong>El Chalt\u00e9n<\/strong>, donde la p\u00e9rdida de hielo estar\u00eda aumentando la inestabilidad de las laderas del Cerro Solo y, en determinadas condiciones, podr\u00eda provocar un deslizamiento de grandes dimensiones.<\/p>\n\n\n\n<p class=\"p3 wp-block-paragraph\">El principal temor est\u00e1 relacionado con el <strong>Lago Torre<\/strong>, ubicado en las inmediaciones de la localidad tur\u00edstica. Un desprendimiento importante de material desde las laderas podr\u00eda caer sobre el lago y desplazar una enorme cantidad de agua, generando una ola de gran magnitud.<\/p>\n\n\n\n<h2 class=\"wp-block-heading\"><strong>El retroceso del glaciar, una de las claves<\/strong><\/h2>\n\n\n\n<p class=\"p3 wp-block-paragraph\">De acuerdo con los estudios realizados por especialistas, el retroceso de los glaciares modifica las condiciones de estabilidad del terreno. Al desaparecer parte del hielo que contribu\u00eda a sostener las laderas, algunas zonas pueden quedar m\u00e1s expuestas a movimientos y desprendimientos.<\/p>\n\n\n\n<p class=\"p3 wp-block-paragraph\">En el caso del Cerro Solo, los investigadores siguen de cerca la evoluci\u00f3n del terreno y los cambios que se producen en el entorno del Lago Torre. La preocupaci\u00f3n no est\u00e1 puesta solamente en un posible deslizamiento, sino tambi\u00e9n en sus consecuencias si una gran masa de roca y sedimentos termina ingresando al lago.<\/p>\n\n\n\n<h2 class=\"wp-block-heading\"><strong>\u00bfQu\u00e9 podr\u00eda ocurrir en el Lago Torre?<\/strong><\/h2>\n\n\n\n<p class=\"p3 wp-block-paragraph\">Uno de los escenarios analizados contempla que un deslizamiento de grandes dimensiones provoque un desplazamiento repentino del agua. Esto podr\u00eda generar una <strong>ola gigante<\/strong>, tambi\u00e9n conocida como ola de impulso o <em>impulse wave<\/em>.<\/p>\n\n\n\n<p class=\"p3 wp-block-paragraph\">La magnitud de este fen\u00f3meno depender\u00eda de distintos factores, como el volumen del material que ingrese al lago, la velocidad del desprendimiento y el lugar exacto donde se produzca el impacto.<\/p>\n\n\n\n<p class=\"p3 wp-block-paragraph\">Una ola de estas caracter\u00edsticas podr\u00eda avanzar hacia sectores ubicados aguas abajo y representar un riesgo para \u00e1reas cercanas a <strong>El Chalt\u00e9n<\/strong>, especialmente si el volumen de agua desplazado supera la capacidad de los cauces naturales para contenerlo.<\/p>\n\n\n\n<h2 class=\"wp-block-heading\"><strong>Una zona tur\u00edstica bajo vigilancia<\/strong><\/h2>\n\n\n\n<p class=\"p3 wp-block-paragraph\">El Chalt\u00e9n es uno de los principales destinos tur\u00edsticos de la Patagonia argentina y recibe visitantes durante todo el a\u00f1o atra\u00eddos por sus paisajes, senderos y monta\u00f1as.<\/p>\n\n\n\n<p class=\"p3 wp-block-paragraph\">Por ese motivo, el monitoreo de los movimientos del terreno resulta fundamental. Los especialistas buscan determinar c\u00f3mo evoluciona la zona y evaluar con anticipaci\u00f3n posibles escenarios de riesgo.<\/p>\n\n\n\n<p class=\"p3 wp-block-paragraph\">La advertencia del Conicet no significa que una ola de grandes dimensiones vaya a producirse de manera inminente, sino que identifica <strong>un escenario potencial que debe ser monitoreado y estudiado<\/strong> debido a los cambios que est\u00e1 experimentando el ambiente cordillerano.<\/p>\n\n\n\n<h2 class=\"wp-block-heading\"><strong>El cambio clim\u00e1tico y sus efectos en la cordillera<\/strong><\/h2>\n\n\n\n<p class=\"p3 wp-block-paragraph\">El caso del Cerro Solo se suma a otros fen\u00f3menos observados en distintas regiones de monta\u00f1a, donde el retroceso de los glaciares est\u00e1 modificando el equilibrio de los ecosistemas y de las estructuras geol\u00f3gicas.<\/p>\n\n\n\n<p class=\"p3 wp-block-paragraph\">El derretimiento y p\u00e9rdida de masa de hielo no solo afecta la disponibilidad de agua y el paisaje. Tambi\u00e9n puede dejar expuestas laderas que durante miles de a\u00f1os estuvieron contenidas por masas de hielo, aumentando en algunos sectores la posibilidad de desprendimientos.<\/p>\n","protected":false},"excerpt":{"rendered":"<p>El retroceso del glaciar increment\u00f3 la inestabilidad del Cerro Solo y elev\u00f3 el riesgo de un desborde del Lago Torre, un fen\u00f3meno que podr\u00eda generar una gran ola con impacto sobre la localidad santacruce\u00f1a.<\/p>\n","protected":false},"author":4,"featured_media":26067,"comment_status":"closed","ping_status":"closed","sticky":false,"template":"","format":"standard","meta":{"footnotes":""},"categories":[122],"tags":[596],"class_list":["post-26069","post","type-post","status-publish","format-standard","has-post-thumbnail","hentry","category-sociedad","tag-conicet"],"yoast_head":"<!-- This site is optimized with the Yoast SEO plugin v28.3 - https:\/\/yoast.com\/product\/yoast-seo-wordpress\/ -->\n<title>El Conicet advierte por el riesgo de una ola gigante en El Chalt\u00e9n - FM Patagonia Madryn<\/title>\n<meta name=\"robots\" content=\"index, follow, max-snippet:-1, max-image-preview:large, max-video-preview:-1\" \/>\n<link rel=\"canonical\" href=\"https:\/\/fmpatagoniamadryn.com.ar\/?p=26069\" \/>\n<meta property=\"og:locale\" content=\"es_ES\" \/>\n<meta property=\"og:type\" content=\"article\" \/>\n<meta property=\"og:title\" content=\"El Conicet advierte por el riesgo de una ola gigante en El Chalt\u00e9n - FM Patagonia Madryn\" \/>\n<meta property=\"og:description\" content=\"El retroceso del glaciar increment\u00f3 la inestabilidad del Cerro Solo y elev\u00f3 el riesgo de un desborde del Lago Torre, un fen\u00f3meno que podr\u00eda generar una gran ola con impacto sobre la localidad santacruce\u00f1a.\" \/>\n<meta property=\"og:url\" content=\"https:\/\/fmpatagoniamadryn.com.ar\/?p=26069\" \/>\n<meta property=\"og:site_name\" content=\"FM Patagonia Madryn\" \/>\n<meta property=\"article:published_time\" content=\"2026-08-31T12:02:59+00:00\" \/>\n<meta property=\"og:image\" content=\"https:\/\/fmpatagoniamadryn.com.ar\/wp-content\/uploads\/2026\/08\/img_8570.jpg\" \/>\n\t<meta property=\"og:image:width\" content=\"632\" \/>\n\t<meta property=\"og:image:height\" content=\"386\" \/>\n\t<meta property=\"og:image:type\" content=\"image\/jpeg\" \/>\n<meta name=\"author\" content=\"FM Patagonia\" \/>\n<meta name=\"twitter:card\" content=\"summary_large_image\" \/>\n<meta name=\"twitter:label1\" content=\"Escrito por\" \/>\n\t<meta name=\"twitter:data1\" content=\"FM Patagonia\" \/>\n\t<meta name=\"twitter:label2\" content=\"Tiempo de lectura\" \/>\n\t<meta name=\"twitter:data2\" content=\"3 minutos\" \/>\n<script type=\"application\/ld+json\" class=\"yoast-schema-graph\">{\"@context\":\"https:\\\/\\\/schema.org\",\"@graph\":[{\"@type\":\"Article\",\"@id\":\"https:\\\/\\\/fmpatagoniamadryn.com.ar\\\/?p=26069#article\",\"isPartOf\":{\"@id\":\"https:\\\/\\\/fmpatagoniamadryn.com.ar\\\/?p=26069\"},\"author\":{\"name\":\"FM Patagonia\",\"@id\":\"https:\\\/\\\/fmpatagoniamadryn.com.ar\\\/#\\\/schema\\\/person\\\/97b1d30cb2ae311544a88a5201700571\"},\"headline\":\"El Conicet advierte por el riesgo de una ola gigante en El Chalt\u00e9n\",\"datePublished\":\"2026-08-31T12:02:59+00:00\",\"mainEntityOfPage\":{\"@id\":\"https:\\\/\\\/fmpatagoniamadryn.com.ar\\\/?p=26069\"},\"wordCount\":543,\"publisher\":{\"@id\":\"https:\\\/\\\/fmpatagoniamadryn.com.ar\\\/#organization\"},\"image\":{\"@id\":\"https:\\\/\\\/fmpatagoniamadryn.com.ar\\\/?p=26069#primaryimage\"},\"thumbnailUrl\":\"https:\\\/\\\/fmpatagoniamadryn.com.ar\\\/wp-content\\\/uploads\\\/2026\\\/08\\\/img_8570.jpg\",\"keywords\":[\"@conicet\"],\"articleSection\":[\"Sociedad\"],\"inLanguage\":\"es\"},{\"@type\":\"WebPage\",\"@id\":\"https:\\\/\\\/fmpatagoniamadryn.com.ar\\\/?p=26069\",\"url\":\"https:\\\/\\\/fmpatagoniamadryn.com.ar\\\/?p=26069\",\"name\":\"El Conicet advierte por el riesgo de una ola gigante en El Chalt\u00e9n - FM Patagonia Madryn\",\"isPartOf\":{\"@id\":\"https:\\\/\\\/fmpatagoniamadryn.com.ar\\\/#website\"},\"primaryImageOfPage\":{\"@id\":\"https:\\\/\\\/fmpatagoniamadryn.com.ar\\\/?p=26069#primaryimage\"},\"image\":{\"@id\":\"https:\\\/\\\/fmpatagoniamadryn.com.ar\\\/?p=26069#primaryimage\"},\"thumbnailUrl\":\"https:\\\/\\\/fmpatagoniamadryn.com.ar\\\/wp-content\\\/uploads\\\/2026\\\/08\\\/img_8570.jpg\",\"datePublished\":\"2026-08-31T12:02:59+00:00\",\"breadcrumb\":{\"@id\":\"https:\\\/\\\/fmpatagoniamadryn.com.ar\\\/?p=26069#breadcrumb\"},\"inLanguage\":\"es\",\"potentialAction\":[{\"@type\":\"ReadAction\",\"target\":[\"https:\\\/\\\/fmpatagoniamadryn.com.ar\\\/?p=26069\"]}]},{\"@type\":\"ImageObject\",\"inLanguage\":\"es\",\"@id\":\"https:\\\/\\\/fmpatagoniamadryn.com.ar\\\/?p=26069#primaryimage\",\"url\":\"https:\\\/\\\/fmpatagoniamadryn.com.ar\\\/wp-content\\\/uploads\\\/2026\\\/08\\\/img_8570.jpg\",\"contentUrl\":\"https:\\\/\\\/fmpatagoniamadryn.com.ar\\\/wp-content\\\/uploads\\\/2026\\\/08\\\/img_8570.jpg\",\"width\":632,\"height\":386},{\"@type\":\"BreadcrumbList\",\"@id\":\"https:\\\/\\\/fmpatagoniamadryn.com.ar\\\/?p=26069#breadcrumb\",\"itemListElement\":[{\"@type\":\"ListItem\",\"position\":1,\"name\":\"Portada\",\"item\":\"https:\\\/\\\/fmpatagoniamadryn.com.ar\\\/\"},{\"@type\":\"ListItem\",\"position\":2,\"name\":\"El Conicet advierte por el riesgo de una ola gigante en El Chalt\u00e9n\"}]},{\"@type\":\"WebSite\",\"@id\":\"https:\\\/\\\/fmpatagoniamadryn.com.ar\\\/#website\",\"url\":\"https:\\\/\\\/fmpatagoniamadryn.com.ar\\\/\",\"name\":\"FM Patagonia Madryn\",\"description\":\"Radio Patagonia 105.5\",\"publisher\":{\"@id\":\"https:\\\/\\\/fmpatagoniamadryn.com.ar\\\/#organization\"},\"potentialAction\":[{\"@type\":\"SearchAction\",\"target\":{\"@type\":\"EntryPoint\",\"urlTemplate\":\"https:\\\/\\\/fmpatagoniamadryn.com.ar\\\/?s={search_term_string}\"},\"query-input\":{\"@type\":\"PropertyValueSpecification\",\"valueRequired\":true,\"valueName\":\"search_term_string\"}}],\"inLanguage\":\"es\"},{\"@type\":\"Organization\",\"@id\":\"https:\\\/\\\/fmpatagoniamadryn.com.ar\\\/#organization\",\"name\":\"FM Patagonia Madryn\",\"url\":\"https:\\\/\\\/fmpatagoniamadryn.com.ar\\\/\",\"logo\":{\"@type\":\"ImageObject\",\"inLanguage\":\"es\",\"@id\":\"https:\\\/\\\/fmpatagoniamadryn.com.ar\\\/#\\\/schema\\\/logo\\\/image\\\/\",\"url\":\"https:\\\/\\\/fmpatagoniamadryn.com.ar\\\/wp-content\\\/uploads\\\/2023\\\/01\\\/cropped-Diseno-sin-titulo.png\",\"contentUrl\":\"https:\\\/\\\/fmpatagoniamadryn.com.ar\\\/wp-content\\\/uploads\\\/2023\\\/01\\\/cropped-Diseno-sin-titulo.png\",\"width\":6911,\"height\":2657,\"caption\":\"FM Patagonia Madryn\"},\"image\":{\"@id\":\"https:\\\/\\\/fmpatagoniamadryn.com.ar\\\/#\\\/schema\\\/logo\\\/image\\\/\"}},{\"@type\":\"Person\",\"@id\":\"https:\\\/\\\/fmpatagoniamadryn.com.ar\\\/#\\\/schema\\\/person\\\/97b1d30cb2ae311544a88a5201700571\",\"name\":\"FM Patagonia\",\"url\":\"https:\\\/\\\/fmpatagoniamadryn.com.ar\\\/?author=4\"}]}<\/script>\n<!-- \/ Yoast SEO plugin. -->","yoast_head_json":{"title":"El Conicet advierte por el riesgo de una ola gigante en El Chalt\u00e9n - FM Patagonia Madryn","robots":{"index":"index","follow":"follow","max-snippet":"max-snippet:-1","max-image-preview":"max-image-preview:large","max-video-preview":"max-video-preview:-1"},"canonical":"https:\/\/fmpatagoniamadryn.com.ar\/?p=26069","og_locale":"es_ES","og_type":"article","og_title":"El Conicet advierte por el riesgo de una ola gigante en El Chalt\u00e9n - FM Patagonia Madryn","og_description":"El retroceso del glaciar increment\u00f3 la inestabilidad del Cerro Solo y elev\u00f3 el riesgo de un desborde del Lago Torre, un fen\u00f3meno que podr\u00eda generar una gran ola con impacto sobre la localidad santacruce\u00f1a.","og_url":"https:\/\/fmpatagoniamadryn.com.ar\/?p=26069","og_site_name":"FM Patagonia Madryn","article_published_time":"2026-08-31T12:02:59+00:00","og_image":[{"width":632,"height":386,"url":"https:\/\/fmpatagoniamadryn.com.ar\/wp-content\/uploads\/2026\/08\/img_8570.jpg","type":"image\/jpeg"}],"author":"FM Patagonia","twitter_card":"summary_large_image","twitter_misc":{"Escrito por":"FM Patagonia","Tiempo de lectura":"3 minutos"},"schema":{"@context":"https:\/\/schema.org","@graph":[{"@type":"Article","@id":"https:\/\/fmpatagoniamadryn.com.ar\/?p=26069#article","isPartOf":{"@id":"https:\/\/fmpatagoniamadryn.com.ar\/?p=26069"},"author":{"name":"FM Patagonia","@id":"https:\/\/fmpatagoniamadryn.com.ar\/#\/schema\/person\/97b1d30cb2ae311544a88a5201700571"},"headline":"El Conicet advierte por el riesgo de una ola gigante en El Chalt\u00e9n","datePublished":"2026-08-31T12:02:59+00:00","mainEntityOfPage":{"@id":"https:\/\/fmpatagoniamadryn.com.ar\/?p=26069"},"wordCount":543,"publisher":{"@id":"https:\/\/fmpatagoniamadryn.com.ar\/#organization"},"image":{"@id":"https:\/\/fmpatagoniamadryn.com.ar\/?p=26069#primaryimage"},"thumbnailUrl":"https:\/\/fmpatagoniamadryn.com.ar\/wp-content\/uploads\/2026\/08\/img_8570.jpg","keywords":["@conicet"],"articleSection":["Sociedad"],"inLanguage":"es"},{"@type":"WebPage","@id":"https:\/\/fmpatagoniamadryn.com.ar\/?p=26069","url":"https:\/\/fmpatagoniamadryn.com.ar\/?p=26069","name":"El Conicet advierte por el riesgo de una ola gigante en El Chalt\u00e9n - FM Patagonia Madryn","isPartOf":{"@id":"https:\/\/fmpatagoniamadryn.com.ar\/#website"},"primaryImageOfPage":{"@id":"https:\/\/fmpatagoniamadryn.com.ar\/?p=26069#primaryimage"},"image":{"@id":"https:\/\/fmpatagoniamadryn.com.ar\/?p=26069#primaryimage"},"thumbnailUrl":"https:\/\/fmpatagoniamadryn.com.ar\/wp-content\/uploads\/2026\/08\/img_8570.jpg","datePublished":"2026-08-31T12:02:59+00:00","breadcrumb":{"@id":"https:\/\/fmpatagoniamadryn.com.ar\/?p=26069#breadcrumb"},"inLanguage":"es","potentialAction":[{"@type":"ReadAction","target":["https:\/\/fmpatagoniamadryn.com.ar\/?p=26069"]}]},{"@type":"ImageObject","inLanguage":"es","@id":"https:\/\/fmpatagoniamadryn.com.ar\/?p=26069#primaryimage","url":"https:\/\/fmpatagoniamadryn.com.ar\/wp-content\/uploads\/2026\/08\/img_8570.jpg","contentUrl":"https:\/\/fmpatagoniamadryn.com.ar\/wp-content\/uploads\/2026\/08\/img_8570.jpg","width":632,"height":386},{"@type":"BreadcrumbList","@id":"https:\/\/fmpatagoniamadryn.com.ar\/?p=26069#breadcrumb","itemListElement":[{"@type":"ListItem","position":1,"name":"Portada","item":"https:\/\/fmpatagoniamadryn.com.ar\/"},{"@type":"ListItem","position":2,"name":"El Conicet advierte por el riesgo de una ola gigante en El Chalt\u00e9n"}]},{"@type":"WebSite","@id":"https:\/\/fmpatagoniamadryn.com.ar\/#website","url":"https:\/\/fmpatagoniamadryn.com.ar\/","name":"FM Patagonia Madryn","description":"Radio Patagonia 105.5","publisher":{"@id":"https:\/\/fmpatagoniamadryn.com.ar\/#organization"},"potentialAction":[{"@type":"SearchAction","target":{"@type":"EntryPoint","urlTemplate":"https:\/\/fmpatagoniamadryn.com.ar\/?s={search_term_string}"},"query-input":{"@type":"PropertyValueSpecification","valueRequired":true,"valueName":"search_term_string"}}],"inLanguage":"es"},{"@type":"Organization","@id":"https:\/\/fmpatagoniamadryn.com.ar\/#organization","name":"FM Patagonia Madryn","url":"https:\/\/fmpatagoniamadryn.com.ar\/","logo":{"@type":"ImageObject","inLanguage":"es","@id":"https:\/\/fmpatagoniamadryn.com.ar\/#\/schema\/logo\/image\/","url":"https:\/\/fmpatagoniamadryn.com.ar\/wp-content\/uploads\/2023\/01\/cropped-Diseno-sin-titulo.png","contentUrl":"https:\/\/fmpatagoniamadryn.com.ar\/wp-content\/uploads\/2023\/01\/cropped-Diseno-sin-titulo.png","width":6911,"height":2657,"caption":"FM Patagonia Madryn"},"image":{"@id":"https:\/\/fmpatagoniamadryn.com.ar\/#\/schema\/logo\/image\/"}},{"@type":"Person","@id":"https:\/\/fmpatagoniamadryn.com.ar\/#\/schema\/person\/97b1d30cb2ae311544a88a5201700571","name":"FM Patagonia","url":"https:\/\/fmpatagoniamadryn.com.ar\/?author=4"}]}},"jetpack_featured_media_url":"https:\/\/fmpatagoniamadryn.com.ar\/wp-content\/uploads\/2026\/08\/img_8570.jpg","_links":{"self":[{"href":"https:\/\/fmpatagoniamadryn.com.ar\/index.php?rest_route=\/wp\/v2\/posts\/26069","targetHints":{"allow":["GET"]}}],"collection":[{"href":"https:\/\/fmpatagoniamadryn.com.ar\/index.php?rest_route=\/wp\/v2\/posts"}],"about":[{"href":"https:\/\/fmpatagoniamadryn.com.ar\/index.php?rest_route=\/wp\/v2\/types\/post"}],"author":[{"embeddable":true,"href":"https:\/\/fmpatagoniamadryn.com.ar\/index.php?rest_route=\/wp\/v2\/users\/4"}],"replies":[{"embeddable":true,"href":"https:\/\/fmpatagoniamadryn.com.ar\/index.php?rest_route=%2Fwp%2Fv2%2Fcomments&post=26069"}],"version-history":[{"count":1,"href":"https:\/\/fmpatagoniamadryn.com.ar\/index.php?rest_route=\/wp\/v2\/posts\/26069\/revisions"}],"predecessor-version":[{"id":26070,"href":"https:\/\/fmpatagoniamadryn.com.ar\/index.php?rest_route=\/wp\/v2\/posts\/26069\/revisions\/26070"}],"wp:featuredmedia":[{"embeddable":true,"href":"https:\/\/fmpatagoniamadryn.com.ar\/index.php?rest_route=\/wp\/v2\/media\/26067"}],"wp:attachment":[{"href":"https:\/\/fmpatagoniamadryn.com.ar\/index.php?rest_route=%2Fwp%2Fv2%2Fmedia&parent=26069"}],"wp:term":[{"taxonomy":"category","embeddable":true,"href":"https:\/\/fmpatagoniamadryn.com.ar\/index.php?rest_route=%2Fwp%2Fv2%2Fcategories&post=26069"},{"taxonomy":"post_tag","embeddable":true,"href":"https:\/\/fmpatagoniamadryn.com.ar\/index.php?rest_route=%2Fwp%2Fv2%2Ftags&post=26069"}],"curies":[{"name":"wp","href":"https:\/\/api.w.org\/{rel}","templated":true}]}}