{"id":26071,"date":"2026-08-31T18:04:00","date_gmt":"2026-08-31T21:04:00","guid":{"rendered":"https:\/\/fmpatagoniamadryn.com.ar\/?p=26071"},"modified":"2026-08-31T09:10:37","modified_gmt":"2026-08-31T12:10:37","slug":"olivia-conesa-un-2026-de-records-podios-y-crecimiento-internacional","status":"publish","type":"post","link":"https:\/\/fmpatagoniamadryn.com.ar\/?p=26071","title":{"rendered":"Olivia Conesa: un 2026 de r\u00e9cords, podios y crecimiento internacional"},"content":{"rendered":"\n<p class=\"wp-block-paragraph\">Olivia Conesa atraviesa un a\u00f1o que super\u00f3 todas sus expectativas. Con apenas 16 a\u00f1os, la atleta de Esquel se consolid\u00f3 como una de las grandes promesas de la velocidad argentina y sum\u00f3 experiencias que marcaron un nuevo cap\u00edtulo en su carrera: r\u00e9cord nacional, podios internacionales y su debut en un Campeonato Mundial U20.<\/p>\n\n\n\n<p class=\"wp-block-paragraph\">En marzo, Conesa estableci\u00f3 el r\u00e9cord argentino U18 de los 100 metros llanos al registrar 11.69 segundos en el CENARD. M\u00e1s tarde represent\u00f3 al pa\u00eds en los Juegos Suramericanos de la Juventud de Panam\u00e1, donde obtuvo dos medallas de plata: fue segunda en los 100 metros con 11.87 segundos y tambi\u00e9n subi\u00f3 al segundo escal\u00f3n del podio en los 200 metros con 24.33, su mejor marca personal en esa distancia.<\/p>\n\n\n\n<p class=\"wp-block-paragraph\">La temporada tuvo otro momento destacado en agosto, cuando compiti\u00f3 en el Mundial U20 de Oreg\u00f3n, Estados Unidos, pese a encontrarse todav\u00eda en su primer a\u00f1o dentro de la categor\u00eda U18. All\u00ed disput\u00f3 los 100 y los 200 metros frente a atletas de mayor edad y finaliz\u00f3 s\u00e9ptima en ambas series, con registros de 12.07 y 24.40 segundos, respectivamente.<\/p>\n\n\n\n<p class=\"wp-block-paragraph\"><em>\u00abClasificar a un Mundial U20 siendo primer a\u00f1o U18 me hizo sentir muy bien como atleta, porque sent\u00eda que me hab\u00eda ganado estar ah\u00ed con las mejores del mundo. Fue una maravilla y lo mejor que me pudo haber pasado\u00bb, expres\u00f3 la esquelense.<\/em><\/p>\n\n\n\n<p class=\"wp-block-paragraph\">Conesa reconoci\u00f3 que el cambio de clima represent\u00f3 una dificultad importante. Pas\u00f3 de entrenar con temperaturas bajo cero en Esquel a competir pocos d\u00edas despu\u00e9s con cerca de 35 grados. Aunque consider\u00f3 que no pudo mostrar todo su potencial, valor\u00f3 la experiencia adquirida en el m\u00e1ximo escenario mundial de la categor\u00eda.<\/p>\n\n\n\n<p class=\"wp-block-paragraph\">Lejos de sentir una presi\u00f3n adicional por haber adelantado etapas, Olivia sostiene que su evoluci\u00f3n es el resultado de un proceso progresivo. Desde que comenz\u00f3 a entrenar, cada aumento de carga y cada nueva competencia fueron incorporados de manera gradual junto a su entrenadora, Adriana Garz\u00f3n.<\/p>\n\n\n\n<p class=\"wp-block-paragraph\"><em>\u00abNo siento presi\u00f3n ni una carga por los resultados. Mi entrenamiento siempre fue muy progresivo. Todo lo que se logr\u00f3 fue una sorpresa, pero tambi\u00e9n es consecuencia de todo lo que venimos trabajando\u00bb, explic\u00f3.<\/em><\/p>\n\n\n\n<p class=\"wp-block-paragraph\">Una de las bases de este gran presente fue la pretemporada realizada en Uruguay. La atleta y su equipo afrontaron una preparaci\u00f3n exigente, intercambiaron conocimientos y luego buscaron sostener ese trabajo durante el resto del a\u00f1o en Esquel. Esa continuidad no siempre resulta sencilla debido a las condiciones clim\u00e1ticas de la regi\u00f3n.<\/p>\n\n\n\n<p class=\"wp-block-paragraph\">El fr\u00edo obliga muchas veces a reducir las sesiones, limitar los trabajos de movilidad y elongaci\u00f3n o incluso suspender una jornada. En otras ocasiones, los entrenamientos se realizan con nieve. Frente a ese escenario, el objetivo es mantener de la mejor manera posible el volumen y la cantidad de horas de preparaci\u00f3n sin descuidar la salud de la deportista.<\/p>\n\n\n\n<p class=\"wp-block-paragraph\">Durante 2026 tambi\u00e9n aumentaron las exigencias de su rutina. En comparaci\u00f3n con la temporada anterior, incorpor\u00f3 un mayor volumen y m\u00e1s horas de trabajo. A la vez, contin\u00faa cuidando la alimentaci\u00f3n con el seguimiento de una nutricionista, priorizando una dieta equilibrada y adaptada a las necesidades de una velocista de alto rendimiento.<\/p>\n\n\n\n<p class=\"wp-block-paragraph\">El crecimiento deportivo est\u00e1 acompa\u00f1ado por un equipo multidisciplinario. Adem\u00e1s de Adriana Garz\u00f3n, Conesa trabaja con la psic\u00f3loga deportiva Huenu Mastronardi, la nutricionista Julia S\u00e1nchez Parma, la profesora de gimnasio Andy Del Bal, profesionales de medicina deportiva y los kinesi\u00f3logos Lucas y Joaqu\u00edn del espacio IDEAS.<\/p>\n\n\n\n<p class=\"wp-block-paragraph\">La pr\u00f3xima meta ser\u00e1 el 59.\u00ba Campeonato Nacional U18, que se disputar\u00e1 el s\u00e1bado 5 y el domingo 6 de septiembre en Venado Tuerto, Santa Fe. Olivia llegar\u00e1 con buenas expectativas y con la intenci\u00f3n de volver a competir en su categor\u00eda, despu\u00e9s de una temporada en la que enfrent\u00f3 en varias oportunidades a atletas U20.<\/p>\n\n\n\n<p class=\"wp-block-paragraph\">Luego aparecer\u00e1n nuevos compromisos internacionales. En su calendario figuran los Sudamericanos U23 y U18, adem\u00e1s de la posibilidad de integrar nuevamente el equipo de Chubut en los Juegos de la Araucan\u00eda, cuya conformaci\u00f3n todav\u00eda no fue definida. Todos ser\u00e1n torneos de gran exigencia y con un alto nivel competitivo.<\/p>\n\n\n\n<p class=\"wp-block-paragraph\"><em>\u00abHay que seguir afinando y entrenando todo lo que se pueda. Mis metas son continuar bajando mis marcas, probar distintas pruebas, mantenerme en este nivel y seguir clasificando a torneos que me den nuevas experiencias y oportunidades\u00bb, se\u00f1al\u00f3.<\/em><\/p>\n\n\n\n<p class=\"wp-block-paragraph\">La velocista tambi\u00e9n destac\u00f3 el acompa\u00f1amiento que recibe de la comunidad de Esquel. Los mensajes en las redes sociales, las felicitaciones, los reconocimientos y el respaldo permanente de su familia representan un impulso importante para continuar creciendo sin perder de vista el disfrute del proceso.<\/p>\n\n\n<div class=\"wp-block-image\">\n<figure class=\"aligncenter size-full is-resized\"><img loading=\"lazy\" decoding=\"async\" width=\"640\" height=\"599\" src=\"https:\/\/fmpatagoniamadryn.com.ar\/wp-content\/uploads\/2026\/08\/olivia-conesa-chubut-deportes-edited.jpg\" alt=\"\" class=\"wp-image-26074\" style=\"width:722px;height:auto\" srcset=\"https:\/\/fmpatagoniamadryn.com.ar\/wp-content\/uploads\/2026\/08\/olivia-conesa-chubut-deportes-edited.jpg 640w, https:\/\/fmpatagoniamadryn.com.ar\/wp-content\/uploads\/2026\/08\/olivia-conesa-chubut-deportes-edited-300x281.jpg 300w\" sizes=\"auto, (max-width: 640px) 100vw, 640px\" \/><\/figure>\n<\/div>\n\n\n<p class=\"wp-block-paragraph\">En ese recorrido, Conesa agradeci\u00f3 especialmente el apoyo de Chubut Deportes, la Municipalidad de Esquel, Loter\u00eda del Chubut, Muze Propiedades y el Club Independiente Deportivo Esquel. Ese acompa\u00f1amiento permite sostener los viajes, la preparaci\u00f3n y el trabajo profesional que demanda competir en el m\u00e1s alto nivel.<\/p>\n\n\n\n<p class=\"wp-block-paragraph\"><em>\u00abEste a\u00f1o fue una completa sorpresa por todas las oportunidades que surgieron. Estoy muy agradecida con Chubut Deportes, con las instituciones que me acompa\u00f1an y con todo el equipo que trabaja conmigo. Ahora queremos seguir entrenando y mejorando progresivamente\u00bb, concluy\u00f3 Olivia.<\/em><a href=\"https:\/\/www.chubutdeportes.com\/2026\/08\/28\/joaquin-arbe-afronta-nuevos-desafios-con-buenos-aires-y-valencia-en-el-horizonte\/\"><\/a><\/p>\n","protected":false},"excerpt":{"rendered":"<p>La joven velocista esquelense repas\u00f3 una temporada que la llev\u00f3 a establecer el r\u00e9cord argentino U18 de los 100 metros, conquistar dos medallas de plata en los Juegos Suramericanos de la Juventud y competir en el Mundial U20. Ahora se prepara para nuevos desaf\u00edos nacionales e internacionales.<\/p>\n","protected":false},"author":5,"featured_media":26073,"comment_status":"closed","ping_status":"closed","sticky":false,"template":"","format":"standard","meta":{"footnotes":""},"categories":[4],"tags":[597,598],"class_list":["post-26071","post","type-post","status-publish","format-standard","has-post-thumbnail","hentry","category-deportes","tag-atletismo","tag-olivia-conesa"],"yoast_head":"<!-- This site is optimized with the Yoast SEO plugin v28.3 - https:\/\/yoast.com\/product\/yoast-seo-wordpress\/ -->\n<title>Olivia Conesa: un 2026 de r\u00e9cords, podios y crecimiento internacional - FM Patagonia Madryn<\/title>\n<meta name=\"robots\" content=\"index, follow, max-snippet:-1, max-image-preview:large, max-video-preview:-1\" \/>\n<link rel=\"canonical\" href=\"https:\/\/fmpatagoniamadryn.com.ar\/?p=26071\" \/>\n<meta property=\"og:locale\" content=\"es_ES\" \/>\n<meta property=\"og:type\" content=\"article\" \/>\n<meta property=\"og:title\" content=\"Olivia Conesa: un 2026 de r\u00e9cords, podios y crecimiento internacional - FM Patagonia Madryn\" \/>\n<meta property=\"og:description\" content=\"La joven velocista esquelense repas\u00f3 una temporada que la llev\u00f3 a establecer el r\u00e9cord argentino U18 de los 100 metros, conquistar dos medallas de plata en los Juegos Suramericanos de la Juventud y competir en el Mundial U20. Ahora se prepara para nuevos desaf\u00edos nacionales e internacionales.\" \/>\n<meta property=\"og:url\" content=\"https:\/\/fmpatagoniamadryn.com.ar\/?p=26071\" \/>\n<meta property=\"og:site_name\" content=\"FM Patagonia Madryn\" \/>\n<meta property=\"article:published_time\" content=\"2026-08-31T21:04:00+00:00\" \/>\n<meta property=\"og:image\" content=\"https:\/\/fmpatagoniamadryn.com.ar\/wp-content\/uploads\/2026\/08\/olivia-conesa.jpg\" \/>\n\t<meta property=\"og:image:width\" content=\"1137\" \/>\n\t<meta property=\"og:image:height\" content=\"1421\" \/>\n\t<meta property=\"og:image:type\" content=\"image\/jpeg\" \/>\n<meta name=\"author\" content=\"FM Patagonia\" \/>\n<meta name=\"twitter:card\" content=\"summary_large_image\" \/>\n<meta name=\"twitter:label1\" content=\"Escrito por\" \/>\n\t<meta name=\"twitter:data1\" content=\"FM Patagonia\" \/>\n\t<meta name=\"twitter:label2\" content=\"Tiempo de lectura\" \/>\n\t<meta name=\"twitter:data2\" content=\"5 minutos\" \/>\n<script type=\"application\/ld+json\" class=\"yoast-schema-graph\">{\"@context\":\"https:\\\/\\\/schema.org\",\"@graph\":[{\"@type\":\"Article\",\"@id\":\"https:\\\/\\\/fmpatagoniamadryn.com.ar\\\/?p=26071#article\",\"isPartOf\":{\"@id\":\"https:\\\/\\\/fmpatagoniamadryn.com.ar\\\/?p=26071\"},\"author\":{\"name\":\"FM Patagonia\",\"@id\":\"https:\\\/\\\/fmpatagoniamadryn.com.ar\\\/#\\\/schema\\\/person\\\/d1eaeab8ab628617785f4d9ef0e8d5d8\"},\"headline\":\"Olivia Conesa: un 2026 de r\u00e9cords, podios y crecimiento internacional\",\"datePublished\":\"2026-08-31T21:04:00+00:00\",\"mainEntityOfPage\":{\"@id\":\"https:\\\/\\\/fmpatagoniamadryn.com.ar\\\/?p=26071\"},\"wordCount\":899,\"publisher\":{\"@id\":\"https:\\\/\\\/fmpatagoniamadryn.com.ar\\\/#organization\"},\"image\":{\"@id\":\"https:\\\/\\\/fmpatagoniamadryn.com.ar\\\/?p=26071#primaryimage\"},\"thumbnailUrl\":\"https:\\\/\\\/fmpatagoniamadryn.com.ar\\\/wp-content\\\/uploads\\\/2026\\\/08\\\/olivia-conesa.jpg\",\"keywords\":[\"Atletismo\",\"Olivia Conesa\"],\"articleSection\":[\"Deportes\"],\"inLanguage\":\"es\"},{\"@type\":\"WebPage\",\"@id\":\"https:\\\/\\\/fmpatagoniamadryn.com.ar\\\/?p=26071\",\"url\":\"https:\\\/\\\/fmpatagoniamadryn.com.ar\\\/?p=26071\",\"name\":\"Olivia Conesa: un 2026 de r\u00e9cords, podios y crecimiento internacional - FM Patagonia Madryn\",\"isPartOf\":{\"@id\":\"https:\\\/\\\/fmpatagoniamadryn.com.ar\\\/#website\"},\"primaryImageOfPage\":{\"@id\":\"https:\\\/\\\/fmpatagoniamadryn.com.ar\\\/?p=26071#primaryimage\"},\"image\":{\"@id\":\"https:\\\/\\\/fmpatagoniamadryn.com.ar\\\/?p=26071#primaryimage\"},\"thumbnailUrl\":\"https:\\\/\\\/fmpatagoniamadryn.com.ar\\\/wp-content\\\/uploads\\\/2026\\\/08\\\/olivia-conesa.jpg\",\"datePublished\":\"2026-08-31T21:04:00+00:00\",\"breadcrumb\":{\"@id\":\"https:\\\/\\\/fmpatagoniamadryn.com.ar\\\/?p=26071#breadcrumb\"},\"inLanguage\":\"es\",\"potentialAction\":[{\"@type\":\"ReadAction\",\"target\":[\"https:\\\/\\\/fmpatagoniamadryn.com.ar\\\/?p=26071\"]}]},{\"@type\":\"ImageObject\",\"inLanguage\":\"es\",\"@id\":\"https:\\\/\\\/fmpatagoniamadryn.com.ar\\\/?p=26071#primaryimage\",\"url\":\"https:\\\/\\\/fmpatagoniamadryn.com.ar\\\/wp-content\\\/uploads\\\/2026\\\/08\\\/olivia-conesa.jpg\",\"contentUrl\":\"https:\\\/\\\/fmpatagoniamadryn.com.ar\\\/wp-content\\\/uploads\\\/2026\\\/08\\\/olivia-conesa.jpg\",\"width\":1137,\"height\":1421},{\"@type\":\"BreadcrumbList\",\"@id\":\"https:\\\/\\\/fmpatagoniamadryn.com.ar\\\/?p=26071#breadcrumb\",\"itemListElement\":[{\"@type\":\"ListItem\",\"position\":1,\"name\":\"Portada\",\"item\":\"https:\\\/\\\/fmpatagoniamadryn.com.ar\\\/\"},{\"@type\":\"ListItem\",\"position\":2,\"name\":\"Olivia Conesa: un 2026 de r\u00e9cords, podios y crecimiento internacional\"}]},{\"@type\":\"WebSite\",\"@id\":\"https:\\\/\\\/fmpatagoniamadryn.com.ar\\\/#website\",\"url\":\"https:\\\/\\\/fmpatagoniamadryn.com.ar\\\/\",\"name\":\"FM Patagonia Madryn\",\"description\":\"Radio Patagonia 105.5\",\"publisher\":{\"@id\":\"https:\\\/\\\/fmpatagoniamadryn.com.ar\\\/#organization\"},\"potentialAction\":[{\"@type\":\"SearchAction\",\"target\":{\"@type\":\"EntryPoint\",\"urlTemplate\":\"https:\\\/\\\/fmpatagoniamadryn.com.ar\\\/?s={search_term_string}\"},\"query-input\":{\"@type\":\"PropertyValueSpecification\",\"valueRequired\":true,\"valueName\":\"search_term_string\"}}],\"inLanguage\":\"es\"},{\"@type\":\"Organization\",\"@id\":\"https:\\\/\\\/fmpatagoniamadryn.com.ar\\\/#organization\",\"name\":\"FM Patagonia Madryn\",\"url\":\"https:\\\/\\\/fmpatagoniamadryn.com.ar\\\/\",\"logo\":{\"@type\":\"ImageObject\",\"inLanguage\":\"es\",\"@id\":\"https:\\\/\\\/fmpatagoniamadryn.com.ar\\\/#\\\/schema\\\/logo\\\/image\\\/\",\"url\":\"https:\\\/\\\/fmpatagoniamadryn.com.ar\\\/wp-content\\\/uploads\\\/2023\\\/01\\\/cropped-Diseno-sin-titulo.png\",\"contentUrl\":\"https:\\\/\\\/fmpatagoniamadryn.com.ar\\\/wp-content\\\/uploads\\\/2023\\\/01\\\/cropped-Diseno-sin-titulo.png\",\"width\":6911,\"height\":2657,\"caption\":\"FM Patagonia Madryn\"},\"image\":{\"@id\":\"https:\\\/\\\/fmpatagoniamadryn.com.ar\\\/#\\\/schema\\\/logo\\\/image\\\/\"}},{\"@type\":\"Person\",\"@id\":\"https:\\\/\\\/fmpatagoniamadryn.com.ar\\\/#\\\/schema\\\/person\\\/d1eaeab8ab628617785f4d9ef0e8d5d8\",\"name\":\"FM Patagonia\",\"url\":\"https:\\\/\\\/fmpatagoniamadryn.com.ar\\\/?author=5\"}]}<\/script>\n<!-- \/ Yoast SEO plugin. -->","yoast_head_json":{"title":"Olivia Conesa: un 2026 de r\u00e9cords, podios y crecimiento internacional - FM Patagonia Madryn","robots":{"index":"index","follow":"follow","max-snippet":"max-snippet:-1","max-image-preview":"max-image-preview:large","max-video-preview":"max-video-preview:-1"},"canonical":"https:\/\/fmpatagoniamadryn.com.ar\/?p=26071","og_locale":"es_ES","og_type":"article","og_title":"Olivia Conesa: un 2026 de r\u00e9cords, podios y crecimiento internacional - FM Patagonia Madryn","og_description":"La joven velocista esquelense repas\u00f3 una temporada que la llev\u00f3 a establecer el r\u00e9cord argentino U18 de los 100 metros, conquistar dos medallas de plata en los Juegos Suramericanos de la Juventud y competir en el Mundial U20. Ahora se prepara para nuevos desaf\u00edos nacionales e internacionales.","og_url":"https:\/\/fmpatagoniamadryn.com.ar\/?p=26071","og_site_name":"FM Patagonia Madryn","article_published_time":"2026-08-31T21:04:00+00:00","og_image":[{"width":1137,"height":1421,"url":"https:\/\/fmpatagoniamadryn.com.ar\/wp-content\/uploads\/2026\/08\/olivia-conesa.jpg","type":"image\/jpeg"}],"author":"FM Patagonia","twitter_card":"summary_large_image","twitter_misc":{"Escrito por":"FM Patagonia","Tiempo de lectura":"5 minutos"},"schema":{"@context":"https:\/\/schema.org","@graph":[{"@type":"Article","@id":"https:\/\/fmpatagoniamadryn.com.ar\/?p=26071#article","isPartOf":{"@id":"https:\/\/fmpatagoniamadryn.com.ar\/?p=26071"},"author":{"name":"FM Patagonia","@id":"https:\/\/fmpatagoniamadryn.com.ar\/#\/schema\/person\/d1eaeab8ab628617785f4d9ef0e8d5d8"},"headline":"Olivia Conesa: un 2026 de r\u00e9cords, podios y crecimiento internacional","datePublished":"2026-08-31T21:04:00+00:00","mainEntityOfPage":{"@id":"https:\/\/fmpatagoniamadryn.com.ar\/?p=26071"},"wordCount":899,"publisher":{"@id":"https:\/\/fmpatagoniamadryn.com.ar\/#organization"},"image":{"@id":"https:\/\/fmpatagoniamadryn.com.ar\/?p=26071#primaryimage"},"thumbnailUrl":"https:\/\/fmpatagoniamadryn.com.ar\/wp-content\/uploads\/2026\/08\/olivia-conesa.jpg","keywords":["Atletismo","Olivia Conesa"],"articleSection":["Deportes"],"inLanguage":"es"},{"@type":"WebPage","@id":"https:\/\/fmpatagoniamadryn.com.ar\/?p=26071","url":"https:\/\/fmpatagoniamadryn.com.ar\/?p=26071","name":"Olivia Conesa: un 2026 de r\u00e9cords, podios y crecimiento internacional - FM Patagonia Madryn","isPartOf":{"@id":"https:\/\/fmpatagoniamadryn.com.ar\/#website"},"primaryImageOfPage":{"@id":"https:\/\/fmpatagoniamadryn.com.ar\/?p=26071#primaryimage"},"image":{"@id":"https:\/\/fmpatagoniamadryn.com.ar\/?p=26071#primaryimage"},"thumbnailUrl":"https:\/\/fmpatagoniamadryn.com.ar\/wp-content\/uploads\/2026\/08\/olivia-conesa.jpg","datePublished":"2026-08-31T21:04:00+00:00","breadcrumb":{"@id":"https:\/\/fmpatagoniamadryn.com.ar\/?p=26071#breadcrumb"},"inLanguage":"es","potentialAction":[{"@type":"ReadAction","target":["https:\/\/fmpatagoniamadryn.com.ar\/?p=26071"]}]},{"@type":"ImageObject","inLanguage":"es","@id":"https:\/\/fmpatagoniamadryn.com.ar\/?p=26071#primaryimage","url":"https:\/\/fmpatagoniamadryn.com.ar\/wp-content\/uploads\/2026\/08\/olivia-conesa.jpg","contentUrl":"https:\/\/fmpatagoniamadryn.com.ar\/wp-content\/uploads\/2026\/08\/olivia-conesa.jpg","width":1137,"height":1421},{"@type":"BreadcrumbList","@id":"https:\/\/fmpatagoniamadryn.com.ar\/?p=26071#breadcrumb","itemListElement":[{"@type":"ListItem","position":1,"name":"Portada","item":"https:\/\/fmpatagoniamadryn.com.ar\/"},{"@type":"ListItem","position":2,"name":"Olivia Conesa: un 2026 de r\u00e9cords, podios y crecimiento internacional"}]},{"@type":"WebSite","@id":"https:\/\/fmpatagoniamadryn.com.ar\/#website","url":"https:\/\/fmpatagoniamadryn.com.ar\/","name":"FM Patagonia Madryn","description":"Radio Patagonia 105.5","publisher":{"@id":"https:\/\/fmpatagoniamadryn.com.ar\/#organization"},"potentialAction":[{"@type":"SearchAction","target":{"@type":"EntryPoint","urlTemplate":"https:\/\/fmpatagoniamadryn.com.ar\/?s={search_term_string}"},"query-input":{"@type":"PropertyValueSpecification","valueRequired":true,"valueName":"search_term_string"}}],"inLanguage":"es"},{"@type":"Organization","@id":"https:\/\/fmpatagoniamadryn.com.ar\/#organization","name":"FM Patagonia Madryn","url":"https:\/\/fmpatagoniamadryn.com.ar\/","logo":{"@type":"ImageObject","inLanguage":"es","@id":"https:\/\/fmpatagoniamadryn.com.ar\/#\/schema\/logo\/image\/","url":"https:\/\/fmpatagoniamadryn.com.ar\/wp-content\/uploads\/2023\/01\/cropped-Diseno-sin-titulo.png","contentUrl":"https:\/\/fmpatagoniamadryn.com.ar\/wp-content\/uploads\/2023\/01\/cropped-Diseno-sin-titulo.png","width":6911,"height":2657,"caption":"FM Patagonia Madryn"},"image":{"@id":"https:\/\/fmpatagoniamadryn.com.ar\/#\/schema\/logo\/image\/"}},{"@type":"Person","@id":"https:\/\/fmpatagoniamadryn.com.ar\/#\/schema\/person\/d1eaeab8ab628617785f4d9ef0e8d5d8","name":"FM Patagonia","url":"https:\/\/fmpatagoniamadryn.com.ar\/?author=5"}]}},"jetpack_featured_media_url":"https:\/\/fmpatagoniamadryn.com.ar\/wp-content\/uploads\/2026\/08\/olivia-conesa.jpg","_links":{"self":[{"href":"https:\/\/fmpatagoniamadryn.com.ar\/index.php?rest_route=\/wp\/v2\/posts\/26071","targetHints":{"allow":["GET"]}}],"collection":[{"href":"https:\/\/fmpatagoniamadryn.com.ar\/index.php?rest_route=\/wp\/v2\/posts"}],"about":[{"href":"https:\/\/fmpatagoniamadryn.com.ar\/index.php?rest_route=\/wp\/v2\/types\/post"}],"author":[{"embeddable":true,"href":"https:\/\/fmpatagoniamadryn.com.ar\/index.php?rest_route=\/wp\/v2\/users\/5"}],"replies":[{"embeddable":true,"href":"https:\/\/fmpatagoniamadryn.com.ar\/index.php?rest_route=%2Fwp%2Fv2%2Fcomments&post=26071"}],"version-history":[{"count":1,"href":"https:\/\/fmpatagoniamadryn.com.ar\/index.php?rest_route=\/wp\/v2\/posts\/26071\/revisions"}],"predecessor-version":[{"id":26075,"href":"https:\/\/fmpatagoniamadryn.com.ar\/index.php?rest_route=\/wp\/v2\/posts\/26071\/revisions\/26075"}],"wp:featuredmedia":[{"embeddable":true,"href":"https:\/\/fmpatagoniamadryn.com.ar\/index.php?rest_route=\/wp\/v2\/media\/26073"}],"wp:attachment":[{"href":"https:\/\/fmpatagoniamadryn.com.ar\/index.php?rest_route=%2Fwp%2Fv2%2Fmedia&parent=26071"}],"wp:term":[{"taxonomy":"category","embeddable":true,"href":"https:\/\/fmpatagoniamadryn.com.ar\/index.php?rest_route=%2Fwp%2Fv2%2Fcategories&post=26071"},{"taxonomy":"post_tag","embeddable":true,"href":"https:\/\/fmpatagoniamadryn.com.ar\/index.php?rest_route=%2Fwp%2Fv2%2Ftags&post=26071"}],"curies":[{"name":"wp","href":"https:\/\/api.w.org\/{rel}","templated":true}]}}