{"id":26083,"date":"2026-08-31T09:48:51","date_gmt":"2026-08-31T12:48:51","guid":{"rendered":"https:\/\/fmpatagoniamadryn.com.ar\/?p=26083"},"modified":"2026-08-31T10:05:52","modified_gmt":"2026-08-31T13:05:52","slug":"carlos-botazzi-confirmo-su-candidatura-a-intendente-de-puerto-madryn-para-2027","status":"publish","type":"post","link":"https:\/\/fmpatagoniamadryn.com.ar\/?p=26083","title":{"rendered":"Carlos Botazzi ser\u00e1 candidato a intendente de Madryn con un partido de orientaci\u00f3n libertaria y cercano a Milei"},"content":{"rendered":"\n<p class=\"p2 wp-block-paragraph\">Botazzi encabeza el <strong>Partido Municipal Liberal<\/strong>, un espacio de orientaci\u00f3n libertaria que se referencia en las ideas del presidente <strong>Javier Milei<\/strong>. Seg\u00fan explic\u00f3, la propuesta busca mantener autonom\u00eda frente a estructuras pol\u00edticas provinciales y nacionales.<\/p>\n\n\n\n<p class=\"p2 wp-block-paragraph\">Entre los principales ejes que plantea para la ciudad aparecen la reducci\u00f3n de impuestos municipales, una mayor eficiencia en el manejo de los recursos p\u00fablicos, el incentivo a la inversi\u00f3n privada y la generaci\u00f3n de empleo.<\/p>\n\n\n\n<p class=\"p2 wp-block-paragraph\">Tambi\u00e9n propone avanzar en pol\u00edticas de acceso a la tierra y mejorar la prestaci\u00f3n de los servicios p\u00fablicos, especialmente en los barrios perif\u00e9ricos de Puerto Madryn.<\/p>\n\n\n\n<p class=\"p2 wp-block-paragraph\">De cara a 2027, Botazzi se\u00f1al\u00f3 que todav\u00eda no est\u00e1n definidos sus acompa\u00f1antes de f\u00f3rmula ni la lista de concejales, aunque asegur\u00f3 que el espacio ya trabaja en la conformaci\u00f3n del equipo.<\/p>\n","protected":false},"excerpt":{"rendered":"<p>Carlos Botazzi confirm\u00f3 su postulaci\u00f3n a intendente de Puerto Madryn para las elecciones de 2027. El empresario y referente de la actividad tur\u00edstica decidi\u00f3 dejar la conducci\u00f3n de la C\u00e1mara de Avistaje de Ballenas, luego de cuatro a\u00f1os al frente de la instituci\u00f3n, para enfocarse en su proyecto pol\u00edtico.<\/p>\n","protected":false},"author":4,"featured_media":26082,"comment_status":"closed","ping_status":"closed","sticky":false,"template":"","format":"standard","meta":{"footnotes":""},"categories":[2],"tags":[252],"class_list":["post-26083","post","type-post","status-publish","format-standard","has-post-thumbnail","hentry","category-politica","tag-elecciones-2027"],"yoast_head":"<!-- This site is optimized with the Yoast SEO plugin v28.3 - https:\/\/yoast.com\/product\/yoast-seo-wordpress\/ -->\n<title>Carlos Botazzi ser\u00e1 candidato a intendente de Madryn con un partido de orientaci\u00f3n libertaria y cercano a Milei - FM Patagonia Madryn<\/title>\n<meta name=\"robots\" content=\"index, follow, max-snippet:-1, max-image-preview:large, max-video-preview:-1\" \/>\n<link rel=\"canonical\" href=\"https:\/\/fmpatagoniamadryn.com.ar\/?p=26083\" \/>\n<meta property=\"og:locale\" content=\"es_ES\" \/>\n<meta property=\"og:type\" content=\"article\" \/>\n<meta property=\"og:title\" content=\"Carlos Botazzi ser\u00e1 candidato a intendente de Madryn con un partido de orientaci\u00f3n libertaria y cercano a Milei - FM Patagonia Madryn\" \/>\n<meta property=\"og:description\" content=\"Carlos Botazzi confirm\u00f3 su postulaci\u00f3n a intendente de Puerto Madryn para las elecciones de 2027. El empresario y referente de la actividad tur\u00edstica decidi\u00f3 dejar la conducci\u00f3n de la C\u00e1mara de Avistaje de Ballenas, luego de cuatro a\u00f1os al frente de la instituci\u00f3n, para enfocarse en su proyecto pol\u00edtico.\" \/>\n<meta property=\"og:url\" content=\"https:\/\/fmpatagoniamadryn.com.ar\/?p=26083\" \/>\n<meta property=\"og:site_name\" content=\"FM Patagonia Madryn\" \/>\n<meta property=\"article:published_time\" content=\"2026-08-31T12:48:51+00:00\" \/>\n<meta property=\"article:modified_time\" content=\"2026-08-31T13:05:52+00:00\" \/>\n<meta property=\"og:image\" content=\"https:\/\/fmpatagoniamadryn.com.ar\/wp-content\/uploads\/2026\/08\/fbab308a-115a-41c9-ba20-90f8fba19a62.jpg\" \/>\n\t<meta property=\"og:image:width\" content=\"610\" \/>\n\t<meta property=\"og:image:height\" content=\"872\" \/>\n\t<meta property=\"og:image:type\" content=\"image\/jpeg\" \/>\n<meta name=\"author\" content=\"FM Patagonia\" \/>\n<meta name=\"twitter:card\" content=\"summary_large_image\" \/>\n<meta name=\"twitter:label1\" content=\"Escrito por\" \/>\n\t<meta name=\"twitter:data1\" content=\"FM Patagonia\" \/>\n\t<meta name=\"twitter:label2\" content=\"Tiempo de lectura\" \/>\n\t<meta name=\"twitter:data2\" content=\"1 minuto\" \/>\n<script type=\"application\/ld+json\" class=\"yoast-schema-graph\">{\"@context\":\"https:\\\/\\\/schema.org\",\"@graph\":[{\"@type\":\"Article\",\"@id\":\"https:\\\/\\\/fmpatagoniamadryn.com.ar\\\/?p=26083#article\",\"isPartOf\":{\"@id\":\"https:\\\/\\\/fmpatagoniamadryn.com.ar\\\/?p=26083\"},\"author\":{\"name\":\"FM Patagonia\",\"@id\":\"https:\\\/\\\/fmpatagoniamadryn.com.ar\\\/#\\\/schema\\\/person\\\/97b1d30cb2ae311544a88a5201700571\"},\"headline\":\"Carlos Botazzi ser\u00e1 candidato a intendente de Madryn con un partido de orientaci\u00f3n libertaria y cercano a Milei\",\"datePublished\":\"2026-08-31T12:48:51+00:00\",\"dateModified\":\"2026-08-31T13:05:52+00:00\",\"mainEntityOfPage\":{\"@id\":\"https:\\\/\\\/fmpatagoniamadryn.com.ar\\\/?p=26083\"},\"wordCount\":166,\"publisher\":{\"@id\":\"https:\\\/\\\/fmpatagoniamadryn.com.ar\\\/#organization\"},\"image\":{\"@id\":\"https:\\\/\\\/fmpatagoniamadryn.com.ar\\\/?p=26083#primaryimage\"},\"thumbnailUrl\":\"https:\\\/\\\/fmpatagoniamadryn.com.ar\\\/wp-content\\\/uploads\\\/2026\\\/08\\\/fbab308a-115a-41c9-ba20-90f8fba19a62.jpg\",\"keywords\":[\"elecciones 2027\"],\"articleSection\":[\"Pol\u00edtica\"],\"inLanguage\":\"es\"},{\"@type\":\"WebPage\",\"@id\":\"https:\\\/\\\/fmpatagoniamadryn.com.ar\\\/?p=26083\",\"url\":\"https:\\\/\\\/fmpatagoniamadryn.com.ar\\\/?p=26083\",\"name\":\"Carlos Botazzi ser\u00e1 candidato a intendente de Madryn con un partido de orientaci\u00f3n libertaria y cercano a Milei - FM Patagonia Madryn\",\"isPartOf\":{\"@id\":\"https:\\\/\\\/fmpatagoniamadryn.com.ar\\\/#website\"},\"primaryImageOfPage\":{\"@id\":\"https:\\\/\\\/fmpatagoniamadryn.com.ar\\\/?p=26083#primaryimage\"},\"image\":{\"@id\":\"https:\\\/\\\/fmpatagoniamadryn.com.ar\\\/?p=26083#primaryimage\"},\"thumbnailUrl\":\"https:\\\/\\\/fmpatagoniamadryn.com.ar\\\/wp-content\\\/uploads\\\/2026\\\/08\\\/fbab308a-115a-41c9-ba20-90f8fba19a62.jpg\",\"datePublished\":\"2026-08-31T12:48:51+00:00\",\"dateModified\":\"2026-08-31T13:05:52+00:00\",\"breadcrumb\":{\"@id\":\"https:\\\/\\\/fmpatagoniamadryn.com.ar\\\/?p=26083#breadcrumb\"},\"inLanguage\":\"es\",\"potentialAction\":[{\"@type\":\"ReadAction\",\"target\":[\"https:\\\/\\\/fmpatagoniamadryn.com.ar\\\/?p=26083\"]}]},{\"@type\":\"ImageObject\",\"inLanguage\":\"es\",\"@id\":\"https:\\\/\\\/fmpatagoniamadryn.com.ar\\\/?p=26083#primaryimage\",\"url\":\"https:\\\/\\\/fmpatagoniamadryn.com.ar\\\/wp-content\\\/uploads\\\/2026\\\/08\\\/fbab308a-115a-41c9-ba20-90f8fba19a62.jpg\",\"contentUrl\":\"https:\\\/\\\/fmpatagoniamadryn.com.ar\\\/wp-content\\\/uploads\\\/2026\\\/08\\\/fbab308a-115a-41c9-ba20-90f8fba19a62.jpg\",\"width\":610,\"height\":872},{\"@type\":\"BreadcrumbList\",\"@id\":\"https:\\\/\\\/fmpatagoniamadryn.com.ar\\\/?p=26083#breadcrumb\",\"itemListElement\":[{\"@type\":\"ListItem\",\"position\":1,\"name\":\"Portada\",\"item\":\"https:\\\/\\\/fmpatagoniamadryn.com.ar\\\/\"},{\"@type\":\"ListItem\",\"position\":2,\"name\":\"Carlos Botazzi ser\u00e1 candidato a intendente de Madryn con un partido de orientaci\u00f3n libertaria y cercano a Milei\"}]},{\"@type\":\"WebSite\",\"@id\":\"https:\\\/\\\/fmpatagoniamadryn.com.ar\\\/#website\",\"url\":\"https:\\\/\\\/fmpatagoniamadryn.com.ar\\\/\",\"name\":\"FM Patagonia Madryn\",\"description\":\"Radio Patagonia 105.5\",\"publisher\":{\"@id\":\"https:\\\/\\\/fmpatagoniamadryn.com.ar\\\/#organization\"},\"potentialAction\":[{\"@type\":\"SearchAction\",\"target\":{\"@type\":\"EntryPoint\",\"urlTemplate\":\"https:\\\/\\\/fmpatagoniamadryn.com.ar\\\/?s={search_term_string}\"},\"query-input\":{\"@type\":\"PropertyValueSpecification\",\"valueRequired\":true,\"valueName\":\"search_term_string\"}}],\"inLanguage\":\"es\"},{\"@type\":\"Organization\",\"@id\":\"https:\\\/\\\/fmpatagoniamadryn.com.ar\\\/#organization\",\"name\":\"FM Patagonia Madryn\",\"url\":\"https:\\\/\\\/fmpatagoniamadryn.com.ar\\\/\",\"logo\":{\"@type\":\"ImageObject\",\"inLanguage\":\"es\",\"@id\":\"https:\\\/\\\/fmpatagoniamadryn.com.ar\\\/#\\\/schema\\\/logo\\\/image\\\/\",\"url\":\"https:\\\/\\\/fmpatagoniamadryn.com.ar\\\/wp-content\\\/uploads\\\/2023\\\/01\\\/cropped-Diseno-sin-titulo.png\",\"contentUrl\":\"https:\\\/\\\/fmpatagoniamadryn.com.ar\\\/wp-content\\\/uploads\\\/2023\\\/01\\\/cropped-Diseno-sin-titulo.png\",\"width\":6911,\"height\":2657,\"caption\":\"FM Patagonia Madryn\"},\"image\":{\"@id\":\"https:\\\/\\\/fmpatagoniamadryn.com.ar\\\/#\\\/schema\\\/logo\\\/image\\\/\"}},{\"@type\":\"Person\",\"@id\":\"https:\\\/\\\/fmpatagoniamadryn.com.ar\\\/#\\\/schema\\\/person\\\/97b1d30cb2ae311544a88a5201700571\",\"name\":\"FM Patagonia\",\"url\":\"https:\\\/\\\/fmpatagoniamadryn.com.ar\\\/?author=4\"}]}<\/script>\n<!-- \/ Yoast SEO plugin. -->","yoast_head_json":{"title":"Carlos Botazzi ser\u00e1 candidato a intendente de Madryn con un partido de orientaci\u00f3n libertaria y cercano a Milei - FM Patagonia Madryn","robots":{"index":"index","follow":"follow","max-snippet":"max-snippet:-1","max-image-preview":"max-image-preview:large","max-video-preview":"max-video-preview:-1"},"canonical":"https:\/\/fmpatagoniamadryn.com.ar\/?p=26083","og_locale":"es_ES","og_type":"article","og_title":"Carlos Botazzi ser\u00e1 candidato a intendente de Madryn con un partido de orientaci\u00f3n libertaria y cercano a Milei - FM Patagonia Madryn","og_description":"Carlos Botazzi confirm\u00f3 su postulaci\u00f3n a intendente de Puerto Madryn para las elecciones de 2027. El empresario y referente de la actividad tur\u00edstica decidi\u00f3 dejar la conducci\u00f3n de la C\u00e1mara de Avistaje de Ballenas, luego de cuatro a\u00f1os al frente de la instituci\u00f3n, para enfocarse en su proyecto pol\u00edtico.","og_url":"https:\/\/fmpatagoniamadryn.com.ar\/?p=26083","og_site_name":"FM Patagonia Madryn","article_published_time":"2026-08-31T12:48:51+00:00","article_modified_time":"2026-08-31T13:05:52+00:00","og_image":[{"width":610,"height":872,"url":"https:\/\/fmpatagoniamadryn.com.ar\/wp-content\/uploads\/2026\/08\/fbab308a-115a-41c9-ba20-90f8fba19a62.jpg","type":"image\/jpeg"}],"author":"FM Patagonia","twitter_card":"summary_large_image","twitter_misc":{"Escrito por":"FM Patagonia","Tiempo de lectura":"1 minuto"},"schema":{"@context":"https:\/\/schema.org","@graph":[{"@type":"Article","@id":"https:\/\/fmpatagoniamadryn.com.ar\/?p=26083#article","isPartOf":{"@id":"https:\/\/fmpatagoniamadryn.com.ar\/?p=26083"},"author":{"name":"FM Patagonia","@id":"https:\/\/fmpatagoniamadryn.com.ar\/#\/schema\/person\/97b1d30cb2ae311544a88a5201700571"},"headline":"Carlos Botazzi ser\u00e1 candidato a intendente de Madryn con un partido de orientaci\u00f3n libertaria y cercano a Milei","datePublished":"2026-08-31T12:48:51+00:00","dateModified":"2026-08-31T13:05:52+00:00","mainEntityOfPage":{"@id":"https:\/\/fmpatagoniamadryn.com.ar\/?p=26083"},"wordCount":166,"publisher":{"@id":"https:\/\/fmpatagoniamadryn.com.ar\/#organization"},"image":{"@id":"https:\/\/fmpatagoniamadryn.com.ar\/?p=26083#primaryimage"},"thumbnailUrl":"https:\/\/fmpatagoniamadryn.com.ar\/wp-content\/uploads\/2026\/08\/fbab308a-115a-41c9-ba20-90f8fba19a62.jpg","keywords":["elecciones 2027"],"articleSection":["Pol\u00edtica"],"inLanguage":"es"},{"@type":"WebPage","@id":"https:\/\/fmpatagoniamadryn.com.ar\/?p=26083","url":"https:\/\/fmpatagoniamadryn.com.ar\/?p=26083","name":"Carlos Botazzi ser\u00e1 candidato a intendente de Madryn con un partido de orientaci\u00f3n libertaria y cercano a Milei - FM Patagonia Madryn","isPartOf":{"@id":"https:\/\/fmpatagoniamadryn.com.ar\/#website"},"primaryImageOfPage":{"@id":"https:\/\/fmpatagoniamadryn.com.ar\/?p=26083#primaryimage"},"image":{"@id":"https:\/\/fmpatagoniamadryn.com.ar\/?p=26083#primaryimage"},"thumbnailUrl":"https:\/\/fmpatagoniamadryn.com.ar\/wp-content\/uploads\/2026\/08\/fbab308a-115a-41c9-ba20-90f8fba19a62.jpg","datePublished":"2026-08-31T12:48:51+00:00","dateModified":"2026-08-31T13:05:52+00:00","breadcrumb":{"@id":"https:\/\/fmpatagoniamadryn.com.ar\/?p=26083#breadcrumb"},"inLanguage":"es","potentialAction":[{"@type":"ReadAction","target":["https:\/\/fmpatagoniamadryn.com.ar\/?p=26083"]}]},{"@type":"ImageObject","inLanguage":"es","@id":"https:\/\/fmpatagoniamadryn.com.ar\/?p=26083#primaryimage","url":"https:\/\/fmpatagoniamadryn.com.ar\/wp-content\/uploads\/2026\/08\/fbab308a-115a-41c9-ba20-90f8fba19a62.jpg","contentUrl":"https:\/\/fmpatagoniamadryn.com.ar\/wp-content\/uploads\/2026\/08\/fbab308a-115a-41c9-ba20-90f8fba19a62.jpg","width":610,"height":872},{"@type":"BreadcrumbList","@id":"https:\/\/fmpatagoniamadryn.com.ar\/?p=26083#breadcrumb","itemListElement":[{"@type":"ListItem","position":1,"name":"Portada","item":"https:\/\/fmpatagoniamadryn.com.ar\/"},{"@type":"ListItem","position":2,"name":"Carlos Botazzi ser\u00e1 candidato a intendente de Madryn con un partido de orientaci\u00f3n libertaria y cercano a Milei"}]},{"@type":"WebSite","@id":"https:\/\/fmpatagoniamadryn.com.ar\/#website","url":"https:\/\/fmpatagoniamadryn.com.ar\/","name":"FM Patagonia Madryn","description":"Radio Patagonia 105.5","publisher":{"@id":"https:\/\/fmpatagoniamadryn.com.ar\/#organization"},"potentialAction":[{"@type":"SearchAction","target":{"@type":"EntryPoint","urlTemplate":"https:\/\/fmpatagoniamadryn.com.ar\/?s={search_term_string}"},"query-input":{"@type":"PropertyValueSpecification","valueRequired":true,"valueName":"search_term_string"}}],"inLanguage":"es"},{"@type":"Organization","@id":"https:\/\/fmpatagoniamadryn.com.ar\/#organization","name":"FM Patagonia Madryn","url":"https:\/\/fmpatagoniamadryn.com.ar\/","logo":{"@type":"ImageObject","inLanguage":"es","@id":"https:\/\/fmpatagoniamadryn.com.ar\/#\/schema\/logo\/image\/","url":"https:\/\/fmpatagoniamadryn.com.ar\/wp-content\/uploads\/2023\/01\/cropped-Diseno-sin-titulo.png","contentUrl":"https:\/\/fmpatagoniamadryn.com.ar\/wp-content\/uploads\/2023\/01\/cropped-Diseno-sin-titulo.png","width":6911,"height":2657,"caption":"FM Patagonia Madryn"},"image":{"@id":"https:\/\/fmpatagoniamadryn.com.ar\/#\/schema\/logo\/image\/"}},{"@type":"Person","@id":"https:\/\/fmpatagoniamadryn.com.ar\/#\/schema\/person\/97b1d30cb2ae311544a88a5201700571","name":"FM Patagonia","url":"https:\/\/fmpatagoniamadryn.com.ar\/?author=4"}]}},"jetpack_featured_media_url":"https:\/\/fmpatagoniamadryn.com.ar\/wp-content\/uploads\/2026\/08\/fbab308a-115a-41c9-ba20-90f8fba19a62.jpg","_links":{"self":[{"href":"https:\/\/fmpatagoniamadryn.com.ar\/index.php?rest_route=\/wp\/v2\/posts\/26083","targetHints":{"allow":["GET"]}}],"collection":[{"href":"https:\/\/fmpatagoniamadryn.com.ar\/index.php?rest_route=\/wp\/v2\/posts"}],"about":[{"href":"https:\/\/fmpatagoniamadryn.com.ar\/index.php?rest_route=\/wp\/v2\/types\/post"}],"author":[{"embeddable":true,"href":"https:\/\/fmpatagoniamadryn.com.ar\/index.php?rest_route=\/wp\/v2\/users\/4"}],"replies":[{"embeddable":true,"href":"https:\/\/fmpatagoniamadryn.com.ar\/index.php?rest_route=%2Fwp%2Fv2%2Fcomments&post=26083"}],"version-history":[{"count":3,"href":"https:\/\/fmpatagoniamadryn.com.ar\/index.php?rest_route=\/wp\/v2\/posts\/26083\/revisions"}],"predecessor-version":[{"id":26089,"href":"https:\/\/fmpatagoniamadryn.com.ar\/index.php?rest_route=\/wp\/v2\/posts\/26083\/revisions\/26089"}],"wp:featuredmedia":[{"embeddable":true,"href":"https:\/\/fmpatagoniamadryn.com.ar\/index.php?rest_route=\/wp\/v2\/media\/26082"}],"wp:attachment":[{"href":"https:\/\/fmpatagoniamadryn.com.ar\/index.php?rest_route=%2Fwp%2Fv2%2Fmedia&parent=26083"}],"wp:term":[{"taxonomy":"category","embeddable":true,"href":"https:\/\/fmpatagoniamadryn.com.ar\/index.php?rest_route=%2Fwp%2Fv2%2Fcategories&post=26083"},{"taxonomy":"post_tag","embeddable":true,"href":"https:\/\/fmpatagoniamadryn.com.ar\/index.php?rest_route=%2Fwp%2Fv2%2Ftags&post=26083"}],"curies":[{"name":"wp","href":"https:\/\/api.w.org\/{rel}","templated":true}]}}