{"id":26090,"date":"2026-08-31T10:19:42","date_gmt":"2026-08-31T13:19:42","guid":{"rendered":"https:\/\/fmpatagoniamadryn.com.ar\/?p=26090"},"modified":"2026-08-31T10:19:42","modified_gmt":"2026-08-31T13:19:42","slug":"intentaron-robar-una-joyeria-en-pleno-centro-de-puerto-madryn-hicieron-un-boquete-y-fueron-detenidos-tras-escapar-por-los-techos","status":"publish","type":"post","link":"https:\/\/fmpatagoniamadryn.com.ar\/?p=26090","title":{"rendered":"Intentaron robar una joyer\u00eda en pleno centro de Puerto Madryn: hicieron un boquete y fueron detenidos tras escapar por los techos"},"content":{"rendered":"\n<p class=\"p3 wp-block-paragraph\"><\/p>\n\n\n\n<h2 class=\"wp-block-heading\"><strong>El intento de robo ocurri\u00f3 durante la madrugada<\/strong><\/h2>\n\n\n\n<p class=\"p4 wp-block-paragraph\">El hecho se produjo alrededor de las 2:30 de la madrugada del domingo en una joyer\u00eda ubicada sobre calle 25 de Mayo, en pleno centro de Puerto Madryn.<\/p>\n\n\n\n<p class=\"p4 wp-block-paragraph\">La intervenci\u00f3n comenz\u00f3 cuando el Centro de Monitoreo Urbano recibi\u00f3 una alerta del sistema de alarma del comercio, que hab\u00eda detectado vibraciones en el lugar.<\/p>\n\n\n\n<p class=\"p4 wp-block-paragraph\">A partir de las c\u00e1maras de seguridad, los operadores lograron observar un <strong>Fiat Uno blanco<\/strong> que se alejaba r\u00e1pidamente de la zona. La informaci\u00f3n fue comunicada de inmediato a la Polic\u00eda, que puso en marcha un operativo cerrojo para intentar localizar el veh\u00edculo y a sus ocupantes.<\/p>\n\n\n\n<p class=\"p4 wp-block-paragraph\">Poco despu\u00e9s, el autom\u00f3vil fue encontrado abandonado sobre calle Gobernador Ma\u00edz, casi avenida Gales, a pocas cuadras de la joyer\u00eda.<\/p>\n\n\n\n<p class=\"p4 wp-block-paragraph\">El veh\u00edculo ten\u00eda las llaves colocadas y, seg\u00fan inform\u00f3 la Polic\u00eda, quienes lo ocupaban hab\u00edan arrojado las chapas patentes. En el interior se encontraron herramientas y un equipo de comunicaci\u00f3n radial. Tambi\u00e9n apareci\u00f3 otro equipo de similares caracter\u00edsticas en la zona de techos cercana al veh\u00edculo.<\/p>\n\n\n\n<p class=\"p4 wp-block-paragraph\">Adem\u00e1s, los investigadores encontraron una mochila que ser\u00e1 sometida a una requisa en el marco de las diligencias judiciales.<\/p>\n\n\n\n<h2 class=\"wp-block-heading\"><strong>La persecuci\u00f3n termin\u00f3 con dos detenidos<\/strong><\/h2>\n\n\n\n<p class=\"p4 wp-block-paragraph\">Mientras los efectivos realizaban un rastrillaje en las inmediaciones del veh\u00edculo abandonado, observaron a personas que intentaban escapar por los techos.<\/p>\n\n\n\n<p class=\"p4 wp-block-paragraph\">La Polic\u00eda despleg\u00f3 entonces un operativo que involucr\u00f3 a distintas dependencias de Puerto Madryn, personal de Operaciones y efectivos del GRIM.<\/p>\n\n\n\n<p class=\"p4 wp-block-paragraph\">El procedimiento termin\u00f3 con la detenci\u00f3n de dos hombres mayores de edad, de <strong>33 y 53 a\u00f1os<\/strong>.<\/p>\n\n\n\n<p class=\"p4 wp-block-paragraph\">El hombre de 53 a\u00f1os es de nacionalidad chilena y, de acuerdo con lo informado por la Polic\u00eda, ambos cuentan con antecedentes vinculados a delitos contra la propiedad. Tambi\u00e9n se indic\u00f3 que ser\u00edan personas conocidas para los investigadores y que tendr\u00edan relaci\u00f3n con la ciudad de Trelew.<\/p>\n\n\n\n<p class=\"p4 wp-block-paragraph\">En el caso del hombre de nacionalidad chilena, la Polic\u00eda se\u00f1al\u00f3 que inicialmente habr\u00eda proporcionado una identidad falsa, que posteriormente pudo ser constatada.<\/p>\n\n\n\n<p class=\"p4 wp-block-paragraph\">Ambos quedaron detenidos y durante la ma\u00f1ana se realizar\u00eda la audiencia de control de detenci\u00f3n.<\/p>\n\n\n\n<h2 class=\"wp-block-heading\"><strong>C\u00f3mo intentaron entrar a la joyer\u00eda<\/strong><\/h2>\n\n\n\n<p class=\"p4 wp-block-paragraph\">La investigaci\u00f3n permiti\u00f3 reconstruir que los delincuentes no ingresaron directamente a la joyer\u00eda.<\/p>\n\n\n\n<p class=\"p4 wp-block-paragraph\">El acceso se habr\u00eda producido por uno de los locales comerciales ubicados junto al comercio que era el verdadero objetivo. Desde all\u00ed pasaron hacia otro sector y llegaron a la zona del techo.<\/p>\n\n\n\n<p class=\"p4 wp-block-paragraph\">Los sospechosos habr\u00edan levantado una chapa y retirado los cristales de una ventana para ingresar al interior de otro local.<\/p>\n\n\n\n<p class=\"p4 wp-block-paragraph\">Una vez dentro, comenzaron a trabajar sobre la pared con herramientas para realizar un <strong>boquete que les permitiera ingresar a la joyer\u00eda<\/strong>.<\/p>\n\n\n\n<p class=\"p4 wp-block-paragraph\">Sin embargo, no llegaron a concretar el objetivo.<\/p>\n\n\n\n<p class=\"p4 wp-block-paragraph\">Las vibraciones producidas por las herramientas activaron el sistema de alarma de la joyer\u00eda, lo que permiti\u00f3 que el Centro de Monitoreo detectara r\u00e1pidamente la situaci\u00f3n.<\/p>\n\n\n\n<p class=\"p4 wp-block-paragraph\">De esta manera, los delincuentes escaparon sin conseguir ingresar al comercio. Los da\u00f1os quedaron concentrados en el local lindero, utilizado como v\u00eda de acceso.<\/p>\n\n\n\n<p class=\"p4 wp-block-paragraph\">Desde la Polic\u00eda consideraron que, por el nivel de organizaci\u00f3n y la forma en que se llev\u00f3 adelante el intento, los autores probablemente realizaron alg\u00fan tipo de observaci\u00f3n previa del lugar.<\/p>\n\n\n\n<h2 class=\"wp-block-heading\"><strong>Los 29 detenidos de la Comisar\u00eda Segunda fueron trasladados<\/strong><\/h2>\n\n\n\n<p class=\"p4 wp-block-paragraph\">Durante la entrevista, la Polic\u00eda tambi\u00e9n confirm\u00f3 que la semana pasada fueron trasladados los <strong>29 detenidos que se encontraban alojados en la Comisar\u00eda Segunda de Puerto Madryn<\/strong>.<\/p>\n\n\n\n<p class=\"p4 wp-block-paragraph\">La medida fue coordinada con la Oficina Judicial y permiti\u00f3 liberar las instalaciones para realizar trabajos de mantenimiento y reacondicionamiento, principalmente en el sector destinado al alojamiento de detenidos.<\/p>\n\n\n\n<p class=\"p4 wp-block-paragraph\">Las tareas comenzar\u00edan durante esta semana y, seg\u00fan estimaron desde la Polic\u00eda, podr\u00edan demandar <strong>al menos un mes<\/strong>.<\/p>\n\n\n\n<h2 class=\"wp-block-heading\"><strong>Encontraron a un pe\u00f3n que se hab\u00eda perdido en un campo de Telsen<\/strong><\/h2>\n\n\n\n<p class=\"p4 wp-block-paragraph\">Otro de los operativos destacados del fin de semana fue la b\u00fasqueda de un hombre de 53 a\u00f1os que se hab\u00eda perdido en un establecimiento rural de la jurisdicci\u00f3n de Telsen.<\/p>\n\n\n\n<p class=\"p4 wp-block-paragraph\">El hombre hab\u00eda salido durante la ma\u00f1ana del viernes a recorrer el campo y juntar animales, pero no regres\u00f3. Al no contar con se\u00f1al telef\u00f3nica y ante la falta de noticias, un trabajador de un establecimiento lindero intent\u00f3 localizarlo y posteriormente se dio aviso a la Polic\u00eda.<\/p>\n\n\n\n<p class=\"p4 wp-block-paragraph\">Durante la noche del viernes se inici\u00f3 un operativo con participaci\u00f3n de personal policial, Seguridad Rural y Protecci\u00f3n Civil. Tambi\u00e9n se utiliz\u00f3 un dron, aunque durante las primeras horas no pudieron encontrarlo.<\/p>\n\n\n\n<p class=\"p4 wp-block-paragraph\">La b\u00fasqueda continu\u00f3 durante la ma\u00f1ana del s\u00e1bado con efectivos de Canes, Montada, personal convencional de la Comisar\u00eda de Telsen, integrantes de la Divisi\u00f3n B\u00fasqueda de Personas de Puerto Madryn, personal de Investigaciones y otro dron.<\/p>\n\n\n\n<p class=\"p4 wp-block-paragraph\">Finalmente, pasado el mediod\u00eda, el hombre fue encontrado <strong>a unos 60 kil\u00f3metros del casco de la estancia y en buen estado de salud<\/strong>.<\/p>\n\n\n\n<p class=\"p4 wp-block-paragraph\">Seg\u00fan se estableci\u00f3, se hab\u00eda desorientado debido a que llevaba aproximadamente un mes trabajando en el lugar y no conoc\u00eda bien la zona. Antes de continuar su recorrido hab\u00eda dejado un mensaje escrito sobre una madera indicando que estaba perdido.<\/p>\n\n\n\n<h2 class=\"wp-block-heading\"><strong>Dos detenidos por el intento de robo de una moto<\/strong><\/h2>\n\n\n\n<p class=\"p4 wp-block-paragraph\">En otro procedimiento, dos hombres fueron detenidos luego de intentar sustraer una motocicleta en las inmediaciones del Carrefour ubicado sobre avenida Gales.<\/p>\n\n\n\n<p class=\"p4 wp-block-paragraph\">El hecho fue advertido por el Centro de Monitoreo, que observ\u00f3 a los sospechosos forzando la traba de seguridad del manubrio y trasladando la motocicleta a pulso.<\/p>\n\n\n\n<p class=\"p4 wp-block-paragraph\">A partir de las caracter\u00edsticas aportadas por los operadores, la Polic\u00eda inici\u00f3 un rastrillaje y estableci\u00f3 que los sospechosos hab\u00edan tomado por calle Sarmiento en direcci\u00f3n al barrio La Colina.<\/p>\n\n\n\n<p class=\"p4 wp-block-paragraph\">Los efectivos finalmente lograron localizarlos. Al advertir la presencia policial, los hombres arrojaron la motocicleta e intentaron escapar.<\/p>\n\n\n\n<p class=\"p4 wp-block-paragraph\">Uno de ellos fue aprehendido en el lugar, mientras que el segundo intent\u00f3 darse a la fuga y tambi\u00e9n termin\u00f3 siendo detenido.<\/p>\n\n\n\n<p class=\"p4 wp-block-paragraph\">Ambos quedaron a disposici\u00f3n de la Justicia. Adem\u00e1s, se constat\u00f3 que uno de ellos ten\u00eda una <strong>prohibici\u00f3n de salidas nocturnas entre las 20 y las 6<\/strong>, por lo que tambi\u00e9n qued\u00f3 involucrado en una causa por presunta desobediencia.<\/p>\n\n\n\n<h2 class=\"wp-block-heading\"><strong>Hubo 10 controles de alcoholemia durante el fin de semana<\/strong><\/h2>\n\n\n\n<p class=\"p4 wp-block-paragraph\">Por \u00faltimo, desde la Polic\u00eda informaron que durante el fin de semana se realizaron <strong>10 controles de alcoholemia<\/strong> en distintos sectores de Puerto Madryn.<\/p>\n\n\n\n<p class=\"p5 wp-block-paragraph\">Seg\u00fan indicaron, no se registraron mayores novedades en relaci\u00f3n con estos procedimientos.<\/p>\n","protected":false},"excerpt":{"rendered":"<p>Dos hombres, de 33 y 53 a\u00f1os, fueron detenidos durante la madrugada del domingo luego de intentar ingresar a una joyer\u00eda ubicada sobre calle 25 de Mayo. El sistema de alarma detect\u00f3 las vibraciones del intento de boquete y el r\u00e1pido seguimiento de las c\u00e1maras permiti\u00f3 localizar el veh\u00edculo utilizado por los sospechosos. Ambos fueron encontrados mientras intentaban escapar por los techos.<\/p>\n","protected":false},"author":4,"featured_media":13680,"comment_status":"closed","ping_status":"closed","sticky":false,"template":"","format":"standard","meta":{"footnotes":""},"categories":[11],"tags":[601,60],"class_list":["post-26090","post","type-post","status-publish","format-standard","has-post-thumbnail","hentry","category-policiales","tag-policia","tag-robo"],"yoast_head":"<!-- This site is optimized with the Yoast SEO plugin v28.3 - https:\/\/yoast.com\/product\/yoast-seo-wordpress\/ -->\n<title>Intentaron robar una joyer\u00eda en pleno centro de Puerto Madryn: hicieron un boquete y fueron detenidos tras escapar por los techos - FM Patagonia Madryn<\/title>\n<meta name=\"robots\" content=\"index, follow, max-snippet:-1, max-image-preview:large, max-video-preview:-1\" \/>\n<link rel=\"canonical\" href=\"https:\/\/fmpatagoniamadryn.com.ar\/?p=26090\" \/>\n<meta property=\"og:locale\" content=\"es_ES\" \/>\n<meta property=\"og:type\" content=\"article\" \/>\n<meta property=\"og:title\" content=\"Intentaron robar una joyer\u00eda en pleno centro de Puerto Madryn: hicieron un boquete y fueron detenidos tras escapar por los techos - FM Patagonia Madryn\" \/>\n<meta property=\"og:description\" content=\"Dos hombres, de 33 y 53 a\u00f1os, fueron detenidos durante la madrugada del domingo luego de intentar ingresar a una joyer\u00eda ubicada sobre calle 25 de Mayo. El sistema de alarma detect\u00f3 las vibraciones del intento de boquete y el r\u00e1pido seguimiento de las c\u00e1maras permiti\u00f3 localizar el veh\u00edculo utilizado por los sospechosos. Ambos fueron encontrados mientras intentaban escapar por los techos.\" \/>\n<meta property=\"og:url\" content=\"https:\/\/fmpatagoniamadryn.com.ar\/?p=26090\" \/>\n<meta property=\"og:site_name\" content=\"FM Patagonia Madryn\" \/>\n<meta property=\"article:published_time\" content=\"2026-08-31T13:19:42+00:00\" \/>\n<meta property=\"og:image\" content=\"https:\/\/fmpatagoniamadryn.com.ar\/wp-content\/uploads\/2024\/11\/Policia-1.jpg\" \/>\n\t<meta property=\"og:image:width\" content=\"790\" \/>\n\t<meta property=\"og:image:height\" content=\"444\" \/>\n\t<meta property=\"og:image:type\" content=\"image\/jpeg\" \/>\n<meta name=\"author\" content=\"FM Patagonia\" \/>\n<meta name=\"twitter:card\" content=\"summary_large_image\" \/>\n<meta name=\"twitter:label1\" content=\"Escrito por\" \/>\n\t<meta name=\"twitter:data1\" content=\"FM Patagonia\" \/>\n\t<meta name=\"twitter:label2\" content=\"Tiempo de lectura\" \/>\n\t<meta name=\"twitter:data2\" content=\"6 minutos\" \/>\n<script type=\"application\/ld+json\" class=\"yoast-schema-graph\">{\"@context\":\"https:\\\/\\\/schema.org\",\"@graph\":[{\"@type\":\"Article\",\"@id\":\"https:\\\/\\\/fmpatagoniamadryn.com.ar\\\/?p=26090#article\",\"isPartOf\":{\"@id\":\"https:\\\/\\\/fmpatagoniamadryn.com.ar\\\/?p=26090\"},\"author\":{\"name\":\"FM Patagonia\",\"@id\":\"https:\\\/\\\/fmpatagoniamadryn.com.ar\\\/#\\\/schema\\\/person\\\/97b1d30cb2ae311544a88a5201700571\"},\"headline\":\"Intentaron robar una joyer\u00eda en pleno centro de Puerto Madryn: hicieron un boquete y fueron detenidos tras escapar por los techos\",\"datePublished\":\"2026-08-31T13:19:42+00:00\",\"mainEntityOfPage\":{\"@id\":\"https:\\\/\\\/fmpatagoniamadryn.com.ar\\\/?p=26090\"},\"wordCount\":1155,\"publisher\":{\"@id\":\"https:\\\/\\\/fmpatagoniamadryn.com.ar\\\/#organization\"},\"image\":{\"@id\":\"https:\\\/\\\/fmpatagoniamadryn.com.ar\\\/?p=26090#primaryimage\"},\"thumbnailUrl\":\"https:\\\/\\\/fmpatagoniamadryn.com.ar\\\/wp-content\\\/uploads\\\/2024\\\/11\\\/Policia-1.jpg\",\"keywords\":[\"Policia\",\"Robo\"],\"articleSection\":[\"Policiales\"],\"inLanguage\":\"es\"},{\"@type\":\"WebPage\",\"@id\":\"https:\\\/\\\/fmpatagoniamadryn.com.ar\\\/?p=26090\",\"url\":\"https:\\\/\\\/fmpatagoniamadryn.com.ar\\\/?p=26090\",\"name\":\"Intentaron robar una joyer\u00eda en pleno centro de Puerto Madryn: hicieron un boquete y fueron detenidos tras escapar por los techos - FM Patagonia Madryn\",\"isPartOf\":{\"@id\":\"https:\\\/\\\/fmpatagoniamadryn.com.ar\\\/#website\"},\"primaryImageOfPage\":{\"@id\":\"https:\\\/\\\/fmpatagoniamadryn.com.ar\\\/?p=26090#primaryimage\"},\"image\":{\"@id\":\"https:\\\/\\\/fmpatagoniamadryn.com.ar\\\/?p=26090#primaryimage\"},\"thumbnailUrl\":\"https:\\\/\\\/fmpatagoniamadryn.com.ar\\\/wp-content\\\/uploads\\\/2024\\\/11\\\/Policia-1.jpg\",\"datePublished\":\"2026-08-31T13:19:42+00:00\",\"breadcrumb\":{\"@id\":\"https:\\\/\\\/fmpatagoniamadryn.com.ar\\\/?p=26090#breadcrumb\"},\"inLanguage\":\"es\",\"potentialAction\":[{\"@type\":\"ReadAction\",\"target\":[\"https:\\\/\\\/fmpatagoniamadryn.com.ar\\\/?p=26090\"]}]},{\"@type\":\"ImageObject\",\"inLanguage\":\"es\",\"@id\":\"https:\\\/\\\/fmpatagoniamadryn.com.ar\\\/?p=26090#primaryimage\",\"url\":\"https:\\\/\\\/fmpatagoniamadryn.com.ar\\\/wp-content\\\/uploads\\\/2024\\\/11\\\/Policia-1.jpg\",\"contentUrl\":\"https:\\\/\\\/fmpatagoniamadryn.com.ar\\\/wp-content\\\/uploads\\\/2024\\\/11\\\/Policia-1.jpg\",\"width\":790,\"height\":444},{\"@type\":\"BreadcrumbList\",\"@id\":\"https:\\\/\\\/fmpatagoniamadryn.com.ar\\\/?p=26090#breadcrumb\",\"itemListElement\":[{\"@type\":\"ListItem\",\"position\":1,\"name\":\"Portada\",\"item\":\"https:\\\/\\\/fmpatagoniamadryn.com.ar\\\/\"},{\"@type\":\"ListItem\",\"position\":2,\"name\":\"Intentaron robar una joyer\u00eda en pleno centro de Puerto Madryn: hicieron un boquete y fueron detenidos tras escapar por los techos\"}]},{\"@type\":\"WebSite\",\"@id\":\"https:\\\/\\\/fmpatagoniamadryn.com.ar\\\/#website\",\"url\":\"https:\\\/\\\/fmpatagoniamadryn.com.ar\\\/\",\"name\":\"FM Patagonia Madryn\",\"description\":\"Radio Patagonia 105.5\",\"publisher\":{\"@id\":\"https:\\\/\\\/fmpatagoniamadryn.com.ar\\\/#organization\"},\"potentialAction\":[{\"@type\":\"SearchAction\",\"target\":{\"@type\":\"EntryPoint\",\"urlTemplate\":\"https:\\\/\\\/fmpatagoniamadryn.com.ar\\\/?s={search_term_string}\"},\"query-input\":{\"@type\":\"PropertyValueSpecification\",\"valueRequired\":true,\"valueName\":\"search_term_string\"}}],\"inLanguage\":\"es\"},{\"@type\":\"Organization\",\"@id\":\"https:\\\/\\\/fmpatagoniamadryn.com.ar\\\/#organization\",\"name\":\"FM Patagonia Madryn\",\"url\":\"https:\\\/\\\/fmpatagoniamadryn.com.ar\\\/\",\"logo\":{\"@type\":\"ImageObject\",\"inLanguage\":\"es\",\"@id\":\"https:\\\/\\\/fmpatagoniamadryn.com.ar\\\/#\\\/schema\\\/logo\\\/image\\\/\",\"url\":\"https:\\\/\\\/fmpatagoniamadryn.com.ar\\\/wp-content\\\/uploads\\\/2023\\\/01\\\/cropped-Diseno-sin-titulo.png\",\"contentUrl\":\"https:\\\/\\\/fmpatagoniamadryn.com.ar\\\/wp-content\\\/uploads\\\/2023\\\/01\\\/cropped-Diseno-sin-titulo.png\",\"width\":6911,\"height\":2657,\"caption\":\"FM Patagonia Madryn\"},\"image\":{\"@id\":\"https:\\\/\\\/fmpatagoniamadryn.com.ar\\\/#\\\/schema\\\/logo\\\/image\\\/\"}},{\"@type\":\"Person\",\"@id\":\"https:\\\/\\\/fmpatagoniamadryn.com.ar\\\/#\\\/schema\\\/person\\\/97b1d30cb2ae311544a88a5201700571\",\"name\":\"FM Patagonia\",\"url\":\"https:\\\/\\\/fmpatagoniamadryn.com.ar\\\/?author=4\"}]}<\/script>\n<!-- \/ Yoast SEO plugin. -->","yoast_head_json":{"title":"Intentaron robar una joyer\u00eda en pleno centro de Puerto Madryn: hicieron un boquete y fueron detenidos tras escapar por los techos - FM Patagonia Madryn","robots":{"index":"index","follow":"follow","max-snippet":"max-snippet:-1","max-image-preview":"max-image-preview:large","max-video-preview":"max-video-preview:-1"},"canonical":"https:\/\/fmpatagoniamadryn.com.ar\/?p=26090","og_locale":"es_ES","og_type":"article","og_title":"Intentaron robar una joyer\u00eda en pleno centro de Puerto Madryn: hicieron un boquete y fueron detenidos tras escapar por los techos - FM Patagonia Madryn","og_description":"Dos hombres, de 33 y 53 a\u00f1os, fueron detenidos durante la madrugada del domingo luego de intentar ingresar a una joyer\u00eda ubicada sobre calle 25 de Mayo. El sistema de alarma detect\u00f3 las vibraciones del intento de boquete y el r\u00e1pido seguimiento de las c\u00e1maras permiti\u00f3 localizar el veh\u00edculo utilizado por los sospechosos. Ambos fueron encontrados mientras intentaban escapar por los techos.","og_url":"https:\/\/fmpatagoniamadryn.com.ar\/?p=26090","og_site_name":"FM Patagonia Madryn","article_published_time":"2026-08-31T13:19:42+00:00","og_image":[{"width":790,"height":444,"url":"https:\/\/fmpatagoniamadryn.com.ar\/wp-content\/uploads\/2024\/11\/Policia-1.jpg","type":"image\/jpeg"}],"author":"FM Patagonia","twitter_card":"summary_large_image","twitter_misc":{"Escrito por":"FM Patagonia","Tiempo de lectura":"6 minutos"},"schema":{"@context":"https:\/\/schema.org","@graph":[{"@type":"Article","@id":"https:\/\/fmpatagoniamadryn.com.ar\/?p=26090#article","isPartOf":{"@id":"https:\/\/fmpatagoniamadryn.com.ar\/?p=26090"},"author":{"name":"FM Patagonia","@id":"https:\/\/fmpatagoniamadryn.com.ar\/#\/schema\/person\/97b1d30cb2ae311544a88a5201700571"},"headline":"Intentaron robar una joyer\u00eda en pleno centro de Puerto Madryn: hicieron un boquete y fueron detenidos tras escapar por los techos","datePublished":"2026-08-31T13:19:42+00:00","mainEntityOfPage":{"@id":"https:\/\/fmpatagoniamadryn.com.ar\/?p=26090"},"wordCount":1155,"publisher":{"@id":"https:\/\/fmpatagoniamadryn.com.ar\/#organization"},"image":{"@id":"https:\/\/fmpatagoniamadryn.com.ar\/?p=26090#primaryimage"},"thumbnailUrl":"https:\/\/fmpatagoniamadryn.com.ar\/wp-content\/uploads\/2024\/11\/Policia-1.jpg","keywords":["Policia","Robo"],"articleSection":["Policiales"],"inLanguage":"es"},{"@type":"WebPage","@id":"https:\/\/fmpatagoniamadryn.com.ar\/?p=26090","url":"https:\/\/fmpatagoniamadryn.com.ar\/?p=26090","name":"Intentaron robar una joyer\u00eda en pleno centro de Puerto Madryn: hicieron un boquete y fueron detenidos tras escapar por los techos - FM Patagonia Madryn","isPartOf":{"@id":"https:\/\/fmpatagoniamadryn.com.ar\/#website"},"primaryImageOfPage":{"@id":"https:\/\/fmpatagoniamadryn.com.ar\/?p=26090#primaryimage"},"image":{"@id":"https:\/\/fmpatagoniamadryn.com.ar\/?p=26090#primaryimage"},"thumbnailUrl":"https:\/\/fmpatagoniamadryn.com.ar\/wp-content\/uploads\/2024\/11\/Policia-1.jpg","datePublished":"2026-08-31T13:19:42+00:00","breadcrumb":{"@id":"https:\/\/fmpatagoniamadryn.com.ar\/?p=26090#breadcrumb"},"inLanguage":"es","potentialAction":[{"@type":"ReadAction","target":["https:\/\/fmpatagoniamadryn.com.ar\/?p=26090"]}]},{"@type":"ImageObject","inLanguage":"es","@id":"https:\/\/fmpatagoniamadryn.com.ar\/?p=26090#primaryimage","url":"https:\/\/fmpatagoniamadryn.com.ar\/wp-content\/uploads\/2024\/11\/Policia-1.jpg","contentUrl":"https:\/\/fmpatagoniamadryn.com.ar\/wp-content\/uploads\/2024\/11\/Policia-1.jpg","width":790,"height":444},{"@type":"BreadcrumbList","@id":"https:\/\/fmpatagoniamadryn.com.ar\/?p=26090#breadcrumb","itemListElement":[{"@type":"ListItem","position":1,"name":"Portada","item":"https:\/\/fmpatagoniamadryn.com.ar\/"},{"@type":"ListItem","position":2,"name":"Intentaron robar una joyer\u00eda en pleno centro de Puerto Madryn: hicieron un boquete y fueron detenidos tras escapar por los techos"}]},{"@type":"WebSite","@id":"https:\/\/fmpatagoniamadryn.com.ar\/#website","url":"https:\/\/fmpatagoniamadryn.com.ar\/","name":"FM Patagonia Madryn","description":"Radio Patagonia 105.5","publisher":{"@id":"https:\/\/fmpatagoniamadryn.com.ar\/#organization"},"potentialAction":[{"@type":"SearchAction","target":{"@type":"EntryPoint","urlTemplate":"https:\/\/fmpatagoniamadryn.com.ar\/?s={search_term_string}"},"query-input":{"@type":"PropertyValueSpecification","valueRequired":true,"valueName":"search_term_string"}}],"inLanguage":"es"},{"@type":"Organization","@id":"https:\/\/fmpatagoniamadryn.com.ar\/#organization","name":"FM Patagonia Madryn","url":"https:\/\/fmpatagoniamadryn.com.ar\/","logo":{"@type":"ImageObject","inLanguage":"es","@id":"https:\/\/fmpatagoniamadryn.com.ar\/#\/schema\/logo\/image\/","url":"https:\/\/fmpatagoniamadryn.com.ar\/wp-content\/uploads\/2023\/01\/cropped-Diseno-sin-titulo.png","contentUrl":"https:\/\/fmpatagoniamadryn.com.ar\/wp-content\/uploads\/2023\/01\/cropped-Diseno-sin-titulo.png","width":6911,"height":2657,"caption":"FM Patagonia Madryn"},"image":{"@id":"https:\/\/fmpatagoniamadryn.com.ar\/#\/schema\/logo\/image\/"}},{"@type":"Person","@id":"https:\/\/fmpatagoniamadryn.com.ar\/#\/schema\/person\/97b1d30cb2ae311544a88a5201700571","name":"FM Patagonia","url":"https:\/\/fmpatagoniamadryn.com.ar\/?author=4"}]}},"jetpack_featured_media_url":"https:\/\/fmpatagoniamadryn.com.ar\/wp-content\/uploads\/2024\/11\/Policia-1.jpg","_links":{"self":[{"href":"https:\/\/fmpatagoniamadryn.com.ar\/index.php?rest_route=\/wp\/v2\/posts\/26090","targetHints":{"allow":["GET"]}}],"collection":[{"href":"https:\/\/fmpatagoniamadryn.com.ar\/index.php?rest_route=\/wp\/v2\/posts"}],"about":[{"href":"https:\/\/fmpatagoniamadryn.com.ar\/index.php?rest_route=\/wp\/v2\/types\/post"}],"author":[{"embeddable":true,"href":"https:\/\/fmpatagoniamadryn.com.ar\/index.php?rest_route=\/wp\/v2\/users\/4"}],"replies":[{"embeddable":true,"href":"https:\/\/fmpatagoniamadryn.com.ar\/index.php?rest_route=%2Fwp%2Fv2%2Fcomments&post=26090"}],"version-history":[{"count":1,"href":"https:\/\/fmpatagoniamadryn.com.ar\/index.php?rest_route=\/wp\/v2\/posts\/26090\/revisions"}],"predecessor-version":[{"id":26091,"href":"https:\/\/fmpatagoniamadryn.com.ar\/index.php?rest_route=\/wp\/v2\/posts\/26090\/revisions\/26091"}],"wp:featuredmedia":[{"embeddable":true,"href":"https:\/\/fmpatagoniamadryn.com.ar\/index.php?rest_route=\/wp\/v2\/media\/13680"}],"wp:attachment":[{"href":"https:\/\/fmpatagoniamadryn.com.ar\/index.php?rest_route=%2Fwp%2Fv2%2Fmedia&parent=26090"}],"wp:term":[{"taxonomy":"category","embeddable":true,"href":"https:\/\/fmpatagoniamadryn.com.ar\/index.php?rest_route=%2Fwp%2Fv2%2Fcategories&post=26090"},{"taxonomy":"post_tag","embeddable":true,"href":"https:\/\/fmpatagoniamadryn.com.ar\/index.php?rest_route=%2Fwp%2Fv2%2Ftags&post=26090"}],"curies":[{"name":"wp","href":"https:\/\/api.w.org\/{rel}","templated":true}]}}