{"id":26093,"date":"2026-08-31T11:08:33","date_gmt":"2026-08-31T14:08:33","guid":{"rendered":"https:\/\/fmpatagoniamadryn.com.ar\/?p=26093"},"modified":"2026-08-31T11:08:33","modified_gmt":"2026-08-31T14:08:33","slug":"regimen-penal-juvenil-desde-el-5-de-septiembre-podran-ser-imputados-adolescentes-desde-los-14-anos","status":"publish","type":"post","link":"https:\/\/fmpatagoniamadryn.com.ar\/?p=26093","title":{"rendered":"R\u00e9gimen Penal Juvenil: desde el 5 de septiembre podr\u00e1n ser imputados adolescentes desde los 14 a\u00f1os"},"content":{"rendered":"\n<p class=\"p3 wp-block-paragraph\"><\/p>\n\n\n\n<h2 class=\"wp-block-heading\"><strong>Qu\u00e9 significa que un menor pueda ser imputado<\/strong><\/h2>\n\n\n\n<p class=\"p3 wp-block-paragraph\">La posibilidad de llevar a proceso a un adolescente no significa que autom\u00e1ticamente vaya a recibir una condena de prisi\u00f3n. En t\u00e9rminos t\u00e9cnicos, el proceso puede derivar en una <strong>declaraci\u00f3n de responsabilidad penal<\/strong> cuando se comprueba la existencia de un delito y la participaci\u00f3n del adolescente como autor.<\/p>\n\n\n\n<p class=\"p3 wp-block-paragraph\">A partir de esa declaraci\u00f3n, se determina qu\u00e9 medida corresponde aplicar de acuerdo con las caracter\u00edsticas del caso y la pena prevista para el delito cometido.<\/p>\n\n\n\n<p class=\"p3 wp-block-paragraph\">El r\u00e9gimen contempla diferentes alternativas a la privaci\u00f3n de la libertad, especialmente para los casos de menor gravedad. Entre ellas aparecen la amonestaci\u00f3n, la prohibici\u00f3n de acercamiento, la conciliaci\u00f3n, las tareas comunitarias, la reparaci\u00f3n del da\u00f1o y los procesos de mediaci\u00f3n.<\/p>\n\n\n\n<h2 class=\"wp-block-heading\"><strong>La gravedad del delito determinar\u00e1 las medidas<\/strong><\/h2>\n\n\n\n<p class=\"p3 wp-block-paragraph\">El nuevo r\u00e9gimen establece diferentes franjas seg\u00fan la pena prevista para el delito. Se contemplan delitos con penas de hasta tres a\u00f1os, aquellos cuya pena se ubica entre los tres y los diez a\u00f1os y una tercera categor\u00eda para los delitos con penas superiores a los diez a\u00f1os.<\/p>\n\n\n\n<p class=\"p3 wp-block-paragraph\">De acuerdo con la franja correspondiente y las caracter\u00edsticas particulares del hecho, la Justicia podr\u00e1 disponer distintas medidas.<\/p>\n\n\n\n<p class=\"p3 wp-block-paragraph\">La prisi\u00f3n no queda completamente descartada. En determinados casos, y de manera excepcional, un adolescente puede quedar alojado bajo prisi\u00f3n preventiva o recibir una condena efectiva de privaci\u00f3n de la libertad.<\/p>\n\n\n\n<p class=\"p3 wp-block-paragraph\">Sin embargo, cuando corresponda una medida de este tipo, el alojamiento debe realizarse en <strong>institutos especializados para menores<\/strong>, separados del sistema penitenciario destinado a adultos.<\/p>\n\n\n\n<h2 class=\"wp-block-heading\"><strong>En Chubut ya existen centros especializados<\/strong><\/h2>\n\n\n\n<p class=\"p3 wp-block-paragraph\">En Chubut, la implementaci\u00f3n del nuevo r\u00e9gimen no requiere desarrollar una infraestructura completamente nueva, debido a que la provincia ya cuenta con espacios destinados al alojamiento y tratamiento de j\u00f3venes en conflicto con la ley penal.<\/p>\n\n\n\n<p class=\"p3 wp-block-paragraph\">Se trata de los <strong>Centros de Orientaci\u00f3n Socioeducativa (COSE)<\/strong>. Actualmente, la provincia cuenta con uno ubicado sobre la Ruta Nacional 3, antes de llegar a Trelew, y otro en la ciudad de Esquel.<\/p>\n\n\n\n<p class=\"p3 wp-block-paragraph\">Estos establecimientos cuentan con personal especializado para trabajar con adolescentes. Entre ellos se encuentran los denominados celadores, que no pertenecen a las fuerzas policiales ni al sistema penitenciario, sino que cumplen funciones espec\u00edficas vinculadas al acompa\u00f1amiento de los j\u00f3venes alojados.<\/p>\n\n\n\n<p class=\"p3 wp-block-paragraph\">La existencia de esta estructura fue uno de los factores que permiti\u00f3 que Chubut no tuviera que realizar grandes modificaciones de infraestructura para adecuarse al nuevo r\u00e9gimen.<\/p>\n\n\n\n<h2 class=\"wp-block-heading\"><strong>Capacitaci\u00f3n para operadores judiciales y escuelas<\/strong><\/h2>\n\n\n\n<p class=\"p3 wp-block-paragraph\">Desde la sanci\u00f3n de la nueva normativa, en marzo, se llevaron adelante distintas capacitaciones y jornadas destinadas a operadores judiciales y funcionarios para explicar los alcances del nuevo r\u00e9gimen.<\/p>\n\n\n\n<p class=\"p3 wp-block-paragraph\">Pero el trabajo de difusi\u00f3n tambi\u00e9n lleg\u00f3 a las escuelas.<\/p>\n\n\n\n<p class=\"p3 wp-block-paragraph\">Desde el \u00e1mbito de la Fiscal\u00eda se realizaron encuentros en establecimientos educativos para explicar a los adolescentes cu\u00e1les son las principales caracter\u00edsticas de la nueva legislaci\u00f3n y cu\u00e1les son las consecuencias que pueden tener determinadas conductas.<\/p>\n\n\n\n<p class=\"p3 wp-block-paragraph\">El objetivo es que los propios j\u00f3venes conozcan sus derechos, pero tambi\u00e9n las responsabilidades que implica la comisi\u00f3n de un delito.<\/p>\n\n\n\n<h2 class=\"wp-block-heading\"><strong>Las redes sociales, uno de los principales temas de consulta<\/strong><\/h2>\n\n\n\n<p class=\"p3 wp-block-paragraph\">Durante las charlas en las escuelas, uno de los temas que genera mayor inter\u00e9s est\u00e1 relacionado con el uso de las redes sociales y los tel\u00e9fonos celulares.<\/p>\n\n\n\n<p class=\"p3 wp-block-paragraph\">Seg\u00fan explicaron desde la Fiscal\u00eda, los adolescentes realizan numerosas consultas vinculadas con situaciones que se producen en las redes, lo que genera un intercambio entre los funcionarios y los estudiantes.<\/p>\n\n\n\n<p class=\"p3 wp-block-paragraph\">Las jornadas permiten abordar no solamente el contenido del nuevo R\u00e9gimen Penal Juvenil, sino tambi\u00e9n distintos delitos y situaciones que pueden atravesar los j\u00f3venes en su vida cotidiana.<\/p>\n\n\n\n<p class=\"p3 wp-block-paragraph\">Desde la Fiscal\u00eda se\u00f1alaron que la respuesta de los estudiantes fue positiva y que las charlas tuvieron una recepci\u00f3n favorable, con numerosas preguntas y participaci\u00f3n por parte de los adolescentes.<\/p>\n\n\n\n<h2 class=\"wp-block-heading\"><strong>Los antecedentes cometidos durante la minor\u00eda de edad<\/strong><\/h2>\n\n\n\n<p class=\"p3 wp-block-paragraph\">Otro de los aspectos contemplados por la normativa est\u00e1 relacionado con los antecedentes penales.<\/p>\n\n\n\n<p class=\"p3 wp-block-paragraph\">Los antecedentes correspondientes a hechos cometidos durante la minor\u00eda de edad <strong>no pueden ser utilizados posteriormente como antecedentes penales cuando la persona alcanza la adultez<\/strong>.<\/p>\n\n\n\n<p class=\"p3 wp-block-paragraph\">Sin embargo, existe una situaci\u00f3n particular dentro del propio proceso juvenil: al momento de realizar una eventual graduaci\u00f3n de la pena \u2014la denominada cesura\u2014, s\u00ed puede considerarse si el adolescente ya tuvo previamente alg\u00fan conflicto con la ley penal.<\/p>\n\n\n\n<p class=\"p3 wp-block-paragraph\">La prohibici\u00f3n apunta, fundamentalmente, a impedir que los antecedentes de hechos cometidos siendo menor de edad sean utilizados posteriormente en su contra una vez que la persona es adulta.<\/p>\n\n\n\n<h2 class=\"wp-block-heading\"><strong>Un nuevo esquema para determinar la responsabilidad y la pena<\/strong><\/h2>\n\n\n\n<p class=\"p3 wp-block-paragraph\">Uno de los cambios que introduce el nuevo r\u00e9gimen est\u00e1 relacionado con el proceso posterior a la declaraci\u00f3n de responsabilidad.<\/p>\n\n\n\n<p class=\"p3 wp-block-paragraph\">Hasta ahora, en determinados casos se contemplaba un per\u00edodo de tratamiento del adolescente durante un a\u00f1o antes de determinar si correspond\u00eda aplicar una pena y, eventualmente, cu\u00e1l deb\u00eda ser su monto.<\/p>\n\n\n\n<p class=\"p3 wp-block-paragraph\">Con el nuevo sistema, el procedimiento ser\u00e1 diferente. Una vez establecida la responsabilidad por el hecho, se determinar\u00e1 la pena que corresponda de acuerdo con el caso concreto y con las previsiones del C\u00f3digo Penal.<\/p>\n\n\n\n<p class=\"p3 wp-block-paragraph\">Las penas previstas para los delitos contin\u00faan siendo las establecidas por el C\u00f3digo Penal; lo que cambia es el r\u00e9gimen espec\u00edfico mediante el cual se determina la responsabilidad y la respuesta que corresponde frente a un adolescente que comete un delito.<\/p>\n\n\n\n<h2 class=\"wp-block-heading\"><strong>La nueva normativa comenzar\u00e1 a regir el 5 de septiembre<\/strong><\/h2>\n\n\n\n<p class=\"p3 wp-block-paragraph\">La ley fue sancionada en marzo, pero su entrada en vigencia se produjo varios meses despu\u00e9s para permitir que las distintas provincias pudieran adecuar sus legislaciones, organismos e infraestructura.<\/p>\n\n\n\n<p class=\"p3 wp-block-paragraph\">En el caso de Chubut, desde el \u00e1mbito judicial destacaron que la provincia ya contaba con centros especializados y personal capacitado para trabajar con adolescentes en conflicto con la ley penal.<\/p>\n\n\n\n<p class=\"p4 wp-block-paragraph\">A partir del <strong>5 de septiembre<\/strong>, el nuevo R\u00e9gimen Penal Juvenil comenzar\u00e1 a aplicarse y permitir\u00e1 que los adolescentes desde los <strong>14 a\u00f1os<\/strong> puedan ser sometidos a procesos penales, bajo un sistema que establece una respuesta diferenciada respecto de la Justicia de adultos y prioriza, seg\u00fan el caso, medidas socioeducativas y alternativas a la privaci\u00f3n de la libertad.<\/p>\n","protected":false},"excerpt":{"rendered":"<p>La entrada en vigencia del nuevo R\u00e9gimen Penal Juvenil marcar\u00e1 un cambio significativo en el tratamiento judicial de los delitos cometidos por adolescentes en Argentina. A partir del 5 de septiembre, la normativa permitir\u00e1 que personas de 14 y 15 a\u00f1os puedan ser sometidas a un proceso penal, mientras que hasta el momento la posibilidad de imputaci\u00f3n alcanza a adolescentes de 16 y 17 a\u00f1os.<\/p>\n","protected":false},"author":4,"featured_media":26092,"comment_status":"closed","ping_status":"closed","sticky":false,"template":"","format":"standard","meta":{"footnotes":""},"categories":[118],"tags":[],"class_list":["post-26093","post","type-post","status-publish","format-standard","has-post-thumbnail","hentry","category-judiciales"],"yoast_head":"<!-- This site is optimized with the Yoast SEO plugin v28.3 - https:\/\/yoast.com\/product\/yoast-seo-wordpress\/ -->\n<title>R\u00e9gimen Penal Juvenil: desde el 5 de septiembre podr\u00e1n ser imputados adolescentes desde los 14 a\u00f1os - FM Patagonia Madryn<\/title>\n<meta name=\"robots\" content=\"index, follow, max-snippet:-1, max-image-preview:large, max-video-preview:-1\" \/>\n<link rel=\"canonical\" href=\"https:\/\/fmpatagoniamadryn.com.ar\/?p=26093\" \/>\n<meta property=\"og:locale\" content=\"es_ES\" \/>\n<meta property=\"og:type\" content=\"article\" \/>\n<meta property=\"og:title\" content=\"R\u00e9gimen Penal Juvenil: desde el 5 de septiembre podr\u00e1n ser imputados adolescentes desde los 14 a\u00f1os - FM Patagonia Madryn\" \/>\n<meta property=\"og:description\" content=\"La entrada en vigencia del nuevo R\u00e9gimen Penal Juvenil marcar\u00e1 un cambio significativo en el tratamiento judicial de los delitos cometidos por adolescentes en Argentina. A partir del 5 de septiembre, la normativa permitir\u00e1 que personas de 14 y 15 a\u00f1os puedan ser sometidas a un proceso penal, mientras que hasta el momento la posibilidad de imputaci\u00f3n alcanza a adolescentes de 16 y 17 a\u00f1os.\" \/>\n<meta property=\"og:url\" content=\"https:\/\/fmpatagoniamadryn.com.ar\/?p=26093\" \/>\n<meta property=\"og:site_name\" content=\"FM Patagonia Madryn\" \/>\n<meta property=\"article:published_time\" content=\"2026-08-31T14:08:33+00:00\" \/>\n<meta property=\"og:image\" content=\"https:\/\/fmpatagoniamadryn.com.ar\/wp-content\/uploads\/2026\/08\/img_8575.jpg\" \/>\n\t<meta property=\"og:image:width\" content=\"770\" \/>\n\t<meta property=\"og:image:height\" content=\"433\" \/>\n\t<meta property=\"og:image:type\" content=\"image\/jpeg\" \/>\n<meta name=\"author\" content=\"FM Patagonia\" \/>\n<meta name=\"twitter:card\" content=\"summary_large_image\" \/>\n<meta name=\"twitter:label1\" content=\"Escrito por\" \/>\n\t<meta name=\"twitter:data1\" content=\"FM Patagonia\" \/>\n\t<meta name=\"twitter:label2\" content=\"Tiempo de lectura\" \/>\n\t<meta name=\"twitter:data2\" content=\"5 minutos\" \/>\n<script type=\"application\/ld+json\" class=\"yoast-schema-graph\">{\"@context\":\"https:\\\/\\\/schema.org\",\"@graph\":[{\"@type\":\"Article\",\"@id\":\"https:\\\/\\\/fmpatagoniamadryn.com.ar\\\/?p=26093#article\",\"isPartOf\":{\"@id\":\"https:\\\/\\\/fmpatagoniamadryn.com.ar\\\/?p=26093\"},\"author\":{\"name\":\"FM Patagonia\",\"@id\":\"https:\\\/\\\/fmpatagoniamadryn.com.ar\\\/#\\\/schema\\\/person\\\/97b1d30cb2ae311544a88a5201700571\"},\"headline\":\"R\u00e9gimen Penal Juvenil: desde el 5 de septiembre podr\u00e1n ser imputados adolescentes desde los 14 a\u00f1os\",\"datePublished\":\"2026-08-31T14:08:33+00:00\",\"mainEntityOfPage\":{\"@id\":\"https:\\\/\\\/fmpatagoniamadryn.com.ar\\\/?p=26093\"},\"wordCount\":1095,\"publisher\":{\"@id\":\"https:\\\/\\\/fmpatagoniamadryn.com.ar\\\/#organization\"},\"image\":{\"@id\":\"https:\\\/\\\/fmpatagoniamadryn.com.ar\\\/?p=26093#primaryimage\"},\"thumbnailUrl\":\"https:\\\/\\\/fmpatagoniamadryn.com.ar\\\/wp-content\\\/uploads\\\/2026\\\/08\\\/img_8575.jpg\",\"articleSection\":[\"Judiciales\"],\"inLanguage\":\"es\"},{\"@type\":\"WebPage\",\"@id\":\"https:\\\/\\\/fmpatagoniamadryn.com.ar\\\/?p=26093\",\"url\":\"https:\\\/\\\/fmpatagoniamadryn.com.ar\\\/?p=26093\",\"name\":\"R\u00e9gimen Penal Juvenil: desde el 5 de septiembre podr\u00e1n ser imputados adolescentes desde los 14 a\u00f1os - FM Patagonia Madryn\",\"isPartOf\":{\"@id\":\"https:\\\/\\\/fmpatagoniamadryn.com.ar\\\/#website\"},\"primaryImageOfPage\":{\"@id\":\"https:\\\/\\\/fmpatagoniamadryn.com.ar\\\/?p=26093#primaryimage\"},\"image\":{\"@id\":\"https:\\\/\\\/fmpatagoniamadryn.com.ar\\\/?p=26093#primaryimage\"},\"thumbnailUrl\":\"https:\\\/\\\/fmpatagoniamadryn.com.ar\\\/wp-content\\\/uploads\\\/2026\\\/08\\\/img_8575.jpg\",\"datePublished\":\"2026-08-31T14:08:33+00:00\",\"breadcrumb\":{\"@id\":\"https:\\\/\\\/fmpatagoniamadryn.com.ar\\\/?p=26093#breadcrumb\"},\"inLanguage\":\"es\",\"potentialAction\":[{\"@type\":\"ReadAction\",\"target\":[\"https:\\\/\\\/fmpatagoniamadryn.com.ar\\\/?p=26093\"]}]},{\"@type\":\"ImageObject\",\"inLanguage\":\"es\",\"@id\":\"https:\\\/\\\/fmpatagoniamadryn.com.ar\\\/?p=26093#primaryimage\",\"url\":\"https:\\\/\\\/fmpatagoniamadryn.com.ar\\\/wp-content\\\/uploads\\\/2026\\\/08\\\/img_8575.jpg\",\"contentUrl\":\"https:\\\/\\\/fmpatagoniamadryn.com.ar\\\/wp-content\\\/uploads\\\/2026\\\/08\\\/img_8575.jpg\",\"width\":770,\"height\":433},{\"@type\":\"BreadcrumbList\",\"@id\":\"https:\\\/\\\/fmpatagoniamadryn.com.ar\\\/?p=26093#breadcrumb\",\"itemListElement\":[{\"@type\":\"ListItem\",\"position\":1,\"name\":\"Portada\",\"item\":\"https:\\\/\\\/fmpatagoniamadryn.com.ar\\\/\"},{\"@type\":\"ListItem\",\"position\":2,\"name\":\"R\u00e9gimen Penal Juvenil: desde el 5 de septiembre podr\u00e1n ser imputados adolescentes desde los 14 a\u00f1os\"}]},{\"@type\":\"WebSite\",\"@id\":\"https:\\\/\\\/fmpatagoniamadryn.com.ar\\\/#website\",\"url\":\"https:\\\/\\\/fmpatagoniamadryn.com.ar\\\/\",\"name\":\"FM Patagonia Madryn\",\"description\":\"Radio Patagonia 105.5\",\"publisher\":{\"@id\":\"https:\\\/\\\/fmpatagoniamadryn.com.ar\\\/#organization\"},\"potentialAction\":[{\"@type\":\"SearchAction\",\"target\":{\"@type\":\"EntryPoint\",\"urlTemplate\":\"https:\\\/\\\/fmpatagoniamadryn.com.ar\\\/?s={search_term_string}\"},\"query-input\":{\"@type\":\"PropertyValueSpecification\",\"valueRequired\":true,\"valueName\":\"search_term_string\"}}],\"inLanguage\":\"es\"},{\"@type\":\"Organization\",\"@id\":\"https:\\\/\\\/fmpatagoniamadryn.com.ar\\\/#organization\",\"name\":\"FM Patagonia Madryn\",\"url\":\"https:\\\/\\\/fmpatagoniamadryn.com.ar\\\/\",\"logo\":{\"@type\":\"ImageObject\",\"inLanguage\":\"es\",\"@id\":\"https:\\\/\\\/fmpatagoniamadryn.com.ar\\\/#\\\/schema\\\/logo\\\/image\\\/\",\"url\":\"https:\\\/\\\/fmpatagoniamadryn.com.ar\\\/wp-content\\\/uploads\\\/2023\\\/01\\\/cropped-Diseno-sin-titulo.png\",\"contentUrl\":\"https:\\\/\\\/fmpatagoniamadryn.com.ar\\\/wp-content\\\/uploads\\\/2023\\\/01\\\/cropped-Diseno-sin-titulo.png\",\"width\":6911,\"height\":2657,\"caption\":\"FM Patagonia Madryn\"},\"image\":{\"@id\":\"https:\\\/\\\/fmpatagoniamadryn.com.ar\\\/#\\\/schema\\\/logo\\\/image\\\/\"}},{\"@type\":\"Person\",\"@id\":\"https:\\\/\\\/fmpatagoniamadryn.com.ar\\\/#\\\/schema\\\/person\\\/97b1d30cb2ae311544a88a5201700571\",\"name\":\"FM Patagonia\",\"url\":\"https:\\\/\\\/fmpatagoniamadryn.com.ar\\\/?author=4\"}]}<\/script>\n<!-- \/ Yoast SEO plugin. -->","yoast_head_json":{"title":"R\u00e9gimen Penal Juvenil: desde el 5 de septiembre podr\u00e1n ser imputados adolescentes desde los 14 a\u00f1os - FM Patagonia Madryn","robots":{"index":"index","follow":"follow","max-snippet":"max-snippet:-1","max-image-preview":"max-image-preview:large","max-video-preview":"max-video-preview:-1"},"canonical":"https:\/\/fmpatagoniamadryn.com.ar\/?p=26093","og_locale":"es_ES","og_type":"article","og_title":"R\u00e9gimen Penal Juvenil: desde el 5 de septiembre podr\u00e1n ser imputados adolescentes desde los 14 a\u00f1os - FM Patagonia Madryn","og_description":"La entrada en vigencia del nuevo R\u00e9gimen Penal Juvenil marcar\u00e1 un cambio significativo en el tratamiento judicial de los delitos cometidos por adolescentes en Argentina. A partir del 5 de septiembre, la normativa permitir\u00e1 que personas de 14 y 15 a\u00f1os puedan ser sometidas a un proceso penal, mientras que hasta el momento la posibilidad de imputaci\u00f3n alcanza a adolescentes de 16 y 17 a\u00f1os.","og_url":"https:\/\/fmpatagoniamadryn.com.ar\/?p=26093","og_site_name":"FM Patagonia Madryn","article_published_time":"2026-08-31T14:08:33+00:00","og_image":[{"width":770,"height":433,"url":"https:\/\/fmpatagoniamadryn.com.ar\/wp-content\/uploads\/2026\/08\/img_8575.jpg","type":"image\/jpeg"}],"author":"FM Patagonia","twitter_card":"summary_large_image","twitter_misc":{"Escrito por":"FM Patagonia","Tiempo de lectura":"5 minutos"},"schema":{"@context":"https:\/\/schema.org","@graph":[{"@type":"Article","@id":"https:\/\/fmpatagoniamadryn.com.ar\/?p=26093#article","isPartOf":{"@id":"https:\/\/fmpatagoniamadryn.com.ar\/?p=26093"},"author":{"name":"FM Patagonia","@id":"https:\/\/fmpatagoniamadryn.com.ar\/#\/schema\/person\/97b1d30cb2ae311544a88a5201700571"},"headline":"R\u00e9gimen Penal Juvenil: desde el 5 de septiembre podr\u00e1n ser imputados adolescentes desde los 14 a\u00f1os","datePublished":"2026-08-31T14:08:33+00:00","mainEntityOfPage":{"@id":"https:\/\/fmpatagoniamadryn.com.ar\/?p=26093"},"wordCount":1095,"publisher":{"@id":"https:\/\/fmpatagoniamadryn.com.ar\/#organization"},"image":{"@id":"https:\/\/fmpatagoniamadryn.com.ar\/?p=26093#primaryimage"},"thumbnailUrl":"https:\/\/fmpatagoniamadryn.com.ar\/wp-content\/uploads\/2026\/08\/img_8575.jpg","articleSection":["Judiciales"],"inLanguage":"es"},{"@type":"WebPage","@id":"https:\/\/fmpatagoniamadryn.com.ar\/?p=26093","url":"https:\/\/fmpatagoniamadryn.com.ar\/?p=26093","name":"R\u00e9gimen Penal Juvenil: desde el 5 de septiembre podr\u00e1n ser imputados adolescentes desde los 14 a\u00f1os - FM Patagonia Madryn","isPartOf":{"@id":"https:\/\/fmpatagoniamadryn.com.ar\/#website"},"primaryImageOfPage":{"@id":"https:\/\/fmpatagoniamadryn.com.ar\/?p=26093#primaryimage"},"image":{"@id":"https:\/\/fmpatagoniamadryn.com.ar\/?p=26093#primaryimage"},"thumbnailUrl":"https:\/\/fmpatagoniamadryn.com.ar\/wp-content\/uploads\/2026\/08\/img_8575.jpg","datePublished":"2026-08-31T14:08:33+00:00","breadcrumb":{"@id":"https:\/\/fmpatagoniamadryn.com.ar\/?p=26093#breadcrumb"},"inLanguage":"es","potentialAction":[{"@type":"ReadAction","target":["https:\/\/fmpatagoniamadryn.com.ar\/?p=26093"]}]},{"@type":"ImageObject","inLanguage":"es","@id":"https:\/\/fmpatagoniamadryn.com.ar\/?p=26093#primaryimage","url":"https:\/\/fmpatagoniamadryn.com.ar\/wp-content\/uploads\/2026\/08\/img_8575.jpg","contentUrl":"https:\/\/fmpatagoniamadryn.com.ar\/wp-content\/uploads\/2026\/08\/img_8575.jpg","width":770,"height":433},{"@type":"BreadcrumbList","@id":"https:\/\/fmpatagoniamadryn.com.ar\/?p=26093#breadcrumb","itemListElement":[{"@type":"ListItem","position":1,"name":"Portada","item":"https:\/\/fmpatagoniamadryn.com.ar\/"},{"@type":"ListItem","position":2,"name":"R\u00e9gimen Penal Juvenil: desde el 5 de septiembre podr\u00e1n ser imputados adolescentes desde los 14 a\u00f1os"}]},{"@type":"WebSite","@id":"https:\/\/fmpatagoniamadryn.com.ar\/#website","url":"https:\/\/fmpatagoniamadryn.com.ar\/","name":"FM Patagonia Madryn","description":"Radio Patagonia 105.5","publisher":{"@id":"https:\/\/fmpatagoniamadryn.com.ar\/#organization"},"potentialAction":[{"@type":"SearchAction","target":{"@type":"EntryPoint","urlTemplate":"https:\/\/fmpatagoniamadryn.com.ar\/?s={search_term_string}"},"query-input":{"@type":"PropertyValueSpecification","valueRequired":true,"valueName":"search_term_string"}}],"inLanguage":"es"},{"@type":"Organization","@id":"https:\/\/fmpatagoniamadryn.com.ar\/#organization","name":"FM Patagonia Madryn","url":"https:\/\/fmpatagoniamadryn.com.ar\/","logo":{"@type":"ImageObject","inLanguage":"es","@id":"https:\/\/fmpatagoniamadryn.com.ar\/#\/schema\/logo\/image\/","url":"https:\/\/fmpatagoniamadryn.com.ar\/wp-content\/uploads\/2023\/01\/cropped-Diseno-sin-titulo.png","contentUrl":"https:\/\/fmpatagoniamadryn.com.ar\/wp-content\/uploads\/2023\/01\/cropped-Diseno-sin-titulo.png","width":6911,"height":2657,"caption":"FM Patagonia Madryn"},"image":{"@id":"https:\/\/fmpatagoniamadryn.com.ar\/#\/schema\/logo\/image\/"}},{"@type":"Person","@id":"https:\/\/fmpatagoniamadryn.com.ar\/#\/schema\/person\/97b1d30cb2ae311544a88a5201700571","name":"FM Patagonia","url":"https:\/\/fmpatagoniamadryn.com.ar\/?author=4"}]}},"jetpack_featured_media_url":"https:\/\/fmpatagoniamadryn.com.ar\/wp-content\/uploads\/2026\/08\/img_8575.jpg","_links":{"self":[{"href":"https:\/\/fmpatagoniamadryn.com.ar\/index.php?rest_route=\/wp\/v2\/posts\/26093","targetHints":{"allow":["GET"]}}],"collection":[{"href":"https:\/\/fmpatagoniamadryn.com.ar\/index.php?rest_route=\/wp\/v2\/posts"}],"about":[{"href":"https:\/\/fmpatagoniamadryn.com.ar\/index.php?rest_route=\/wp\/v2\/types\/post"}],"author":[{"embeddable":true,"href":"https:\/\/fmpatagoniamadryn.com.ar\/index.php?rest_route=\/wp\/v2\/users\/4"}],"replies":[{"embeddable":true,"href":"https:\/\/fmpatagoniamadryn.com.ar\/index.php?rest_route=%2Fwp%2Fv2%2Fcomments&post=26093"}],"version-history":[{"count":1,"href":"https:\/\/fmpatagoniamadryn.com.ar\/index.php?rest_route=\/wp\/v2\/posts\/26093\/revisions"}],"predecessor-version":[{"id":26094,"href":"https:\/\/fmpatagoniamadryn.com.ar\/index.php?rest_route=\/wp\/v2\/posts\/26093\/revisions\/26094"}],"wp:featuredmedia":[{"embeddable":true,"href":"https:\/\/fmpatagoniamadryn.com.ar\/index.php?rest_route=\/wp\/v2\/media\/26092"}],"wp:attachment":[{"href":"https:\/\/fmpatagoniamadryn.com.ar\/index.php?rest_route=%2Fwp%2Fv2%2Fmedia&parent=26093"}],"wp:term":[{"taxonomy":"category","embeddable":true,"href":"https:\/\/fmpatagoniamadryn.com.ar\/index.php?rest_route=%2Fwp%2Fv2%2Fcategories&post=26093"},{"taxonomy":"post_tag","embeddable":true,"href":"https:\/\/fmpatagoniamadryn.com.ar\/index.php?rest_route=%2Fwp%2Fv2%2Ftags&post=26093"}],"curies":[{"name":"wp","href":"https:\/\/api.w.org\/{rel}","templated":true}]}}