{"id":26103,"date":"2026-08-31T12:27:40","date_gmt":"2026-08-31T15:27:40","guid":{"rendered":"https:\/\/fmpatagoniamadryn.com.ar\/?p=26103"},"modified":"2026-08-31T12:27:41","modified_gmt":"2026-08-31T15:27:41","slug":"bombazo-lionel-messi-anuncio-su-retiro-de-la-seleccion-argentina","status":"publish","type":"post","link":"https:\/\/fmpatagoniamadryn.com.ar\/?p=26103","title":{"rendered":"Bombazo: Lionel Messi anunci\u00f3 su retiro de la Selecci\u00f3n Argentina"},"content":{"rendered":"\n<p class=\"wp-block-paragraph\">Lionel Messi confirm\u00f3 este lunes su retiro de la Selecci\u00f3n Argentina. El capit\u00e1n y m\u00e1ximo referente de la Albiceleste comunic\u00f3 la decisi\u00f3n a trav\u00e9s de una sentida carta publicada en sus redes sociales, poniendo punto final a una historia de m\u00e1s de dos d\u00e9cadas con la camiseta nacional.<\/p>\n\n\n\n<p class=\"wp-block-paragraph\">La noticia sacudi\u00f3 al f\u00fatbol argentino y mundial. A poco m\u00e1s de un mes de la finalizaci\u00f3n del Mundial 2026, Messi decidi\u00f3 cerrar definitivamente su ciclo con la Selecci\u00f3n y asegur\u00f3 que acompa\u00f1ar\u00e1 al equipo desde otro lugar: como un hincha m\u00e1s.<\/p>\n\n\n\n<h2 class=\"wp-block-heading\">\u201cMe vaci\u00e9, ya no tengo m\u00e1s para dar\u201d<\/h2>\n\n\n\n<p class=\"wp-block-paragraph\">En su carta de despedida, Messi explic\u00f3 los motivos que lo llevaron a tomar una de las decisiones m\u00e1s importantes de su carrera. El rosarino reconoci\u00f3 que se trat\u00f3 de una determinaci\u00f3n dolorosa, pero que entiende que lleg\u00f3 el momento de dar un paso al costado.<\/p>\n\n\n\n<p class=\"wp-block-paragraph\">\u201cMe vaci\u00e9, ya no tengo m\u00e1s para dar\u201d, expres\u00f3 el capit\u00e1n en uno de los pasajes m\u00e1s fuertes de su mensaje. Tambi\u00e9n remarc\u00f3 el orgullo que siente por todo lo conseguido durante sus a\u00f1os con la camiseta argentina.<\/p>\n\n\n\n<p class=\"wp-block-paragraph\">El futbolista tambi\u00e9n destac\u00f3 que las nuevas generaciones tendr\u00e1n ahora la oportunidad de asumir el protagonismo dentro de la Selecci\u00f3n.<\/p>\n\n\n\n<h2 class=\"wp-block-heading\">El final de una era inolvidable<\/h2>\n\n\n\n<p class=\"wp-block-paragraph\">Messi se despide de la Selecci\u00f3n despu\u00e9s de m\u00e1s de 20 a\u00f1os desde su debut internacional y luego de haber atravesado todos los escenarios posibles: derrotas, cr\u00edticas, finales perdidas y, finalmente, una etapa dorada llena de t\u00edtulos.<\/p>\n\n\n\n<p class=\"wp-block-paragraph\">Con la Albiceleste conquist\u00f3 la Copa Am\u00e9rica 2021, la Finalissima 2022, el Mundial de Qatar 2022 y volvi\u00f3 a llegar a lo m\u00e1s alto de las competencias internacionales durante su extraordinaria trayectoria.<\/p>\n\n\n\n<p class=\"wp-block-paragraph\">Su paso por la Selecci\u00f3n tambi\u00e9n queda marcado por r\u00e9cords hist\u00f3ricos. Messi se marcha como m\u00e1ximo goleador y uno de los futbolistas con m\u00e1s presencias en la historia del combinado nacional.<\/p>\n\n\n\n<h2 class=\"wp-block-heading\">De las l\u00e1grimas a la gloria<\/h2>\n\n\n\n<p class=\"wp-block-paragraph\">La relaci\u00f3n de Messi con la Selecci\u00f3n tuvo momentos extremadamente dif\u00edciles. En 2016, despu\u00e9s de perder la final de la Copa Am\u00e9rica Centenario ante Chile, hab\u00eda anunciado su retiro del combinado nacional, aunque posteriormente decidi\u00f3 regresar.<\/p>\n\n\n\n<p class=\"wp-block-paragraph\">Aquel episodio qued\u00f3 definitivamente atr\u00e1s con la generaci\u00f3n de t\u00edtulos que comenz\u00f3 en 2021 y que alcanz\u00f3 su punto m\u00e1ximo con la consagraci\u00f3n mundialista en Qatar.<\/p>\n\n\n\n<p class=\"wp-block-paragraph\">Ahora, despu\u00e9s de m\u00e1s de dos d\u00e9cadas, el ciclo lleg\u00f3 a su final.<\/p>\n\n\n\n<h2 class=\"wp-block-heading\">\u201cVoy a ser un hincha m\u00e1s\u201d<\/h2>\n\n\n\n<p class=\"wp-block-paragraph\">Messi dej\u00f3 claro que su v\u00ednculo con la Selecci\u00f3n no termina con su retiro. Aunque ya no volver\u00e1 a ponerse la camiseta argentina dentro de una cancha, continuar\u00e1 acompa\u00f1ando al equipo desde afuera.<\/p>\n\n\n\n<p class=\"wp-block-paragraph\">De esta manera, el f\u00fatbol argentino comienza una nueva etapa sin su m\u00e1xima figura, mientras el recuerdo de Messi con la camiseta albiceleste quedar\u00e1 para siempre en la historia.<\/p>\n\n\n\n<p class=\"wp-block-paragraph\"><strong>El 10 se despide de la Selecci\u00f3n Argentina. Esta vez, definitivamente.<\/strong><\/p>\n","protected":false},"excerpt":{"rendered":"<p>La Pulga public\u00f3 una emotiva carta en sus redes sociales en la que confirm\u00f3 que no volver\u00e1 a vestir la camiseta albiceleste y asegur\u00f3 que, desde ahora, ser\u00e1 un hincha m\u00e1s. La decisi\u00f3n marca el final de una era hist\u00f3rica para el f\u00fatbol argentino.<\/p>\n","protected":false},"author":5,"featured_media":23712,"comment_status":"closed","ping_status":"closed","sticky":false,"template":"","format":"standard","meta":{"footnotes":""},"categories":[4],"tags":[602,65],"class_list":["post-26103","post","type-post","status-publish","format-standard","has-post-thumbnail","hentry","category-deportes","tag-adios-a-la-seleccion","tag-messi"],"yoast_head":"<!-- This site is optimized with the Yoast SEO plugin v28.3 - https:\/\/yoast.com\/product\/yoast-seo-wordpress\/ -->\n<title>Bombazo: Lionel Messi anunci\u00f3 su retiro de la Selecci\u00f3n Argentina - FM Patagonia Madryn<\/title>\n<meta name=\"robots\" content=\"index, follow, max-snippet:-1, max-image-preview:large, max-video-preview:-1\" \/>\n<link rel=\"canonical\" href=\"https:\/\/fmpatagoniamadryn.com.ar\/?p=26103\" \/>\n<meta property=\"og:locale\" content=\"es_ES\" \/>\n<meta property=\"og:type\" content=\"article\" \/>\n<meta property=\"og:title\" content=\"Bombazo: Lionel Messi anunci\u00f3 su retiro de la Selecci\u00f3n Argentina - FM Patagonia Madryn\" \/>\n<meta property=\"og:description\" content=\"La Pulga public\u00f3 una emotiva carta en sus redes sociales en la que confirm\u00f3 que no volver\u00e1 a vestir la camiseta albiceleste y asegur\u00f3 que, desde ahora, ser\u00e1 un hincha m\u00e1s. La decisi\u00f3n marca el final de una era hist\u00f3rica para el f\u00fatbol argentino.\" \/>\n<meta property=\"og:url\" content=\"https:\/\/fmpatagoniamadryn.com.ar\/?p=26103\" \/>\n<meta property=\"og:site_name\" content=\"FM Patagonia Madryn\" \/>\n<meta property=\"article:published_time\" content=\"2026-08-31T15:27:40+00:00\" \/>\n<meta property=\"article:modified_time\" content=\"2026-08-31T15:27:41+00:00\" \/>\n<meta property=\"og:image\" content=\"https:\/\/fmpatagoniamadryn.com.ar\/wp-content\/uploads\/2026\/06\/messi-goleador.webp\" \/>\n\t<meta property=\"og:image:width\" content=\"416\" \/>\n\t<meta property=\"og:image:height\" content=\"234\" \/>\n\t<meta property=\"og:image:type\" content=\"image\/webp\" \/>\n<meta name=\"author\" content=\"FM Patagonia\" \/>\n<meta name=\"twitter:card\" content=\"summary_large_image\" \/>\n<meta name=\"twitter:label1\" content=\"Escrito por\" \/>\n\t<meta name=\"twitter:data1\" content=\"FM Patagonia\" \/>\n\t<meta name=\"twitter:label2\" content=\"Tiempo de lectura\" \/>\n\t<meta name=\"twitter:data2\" content=\"3 minutos\" \/>\n<script type=\"application\/ld+json\" class=\"yoast-schema-graph\">{\"@context\":\"https:\\\/\\\/schema.org\",\"@graph\":[{\"@type\":\"Article\",\"@id\":\"https:\\\/\\\/fmpatagoniamadryn.com.ar\\\/?p=26103#article\",\"isPartOf\":{\"@id\":\"https:\\\/\\\/fmpatagoniamadryn.com.ar\\\/?p=26103\"},\"author\":{\"name\":\"FM Patagonia\",\"@id\":\"https:\\\/\\\/fmpatagoniamadryn.com.ar\\\/#\\\/schema\\\/person\\\/d1eaeab8ab628617785f4d9ef0e8d5d8\"},\"headline\":\"Bombazo: Lionel Messi anunci\u00f3 su retiro de la Selecci\u00f3n Argentina\",\"datePublished\":\"2026-08-31T15:27:40+00:00\",\"dateModified\":\"2026-08-31T15:27:41+00:00\",\"mainEntityOfPage\":{\"@id\":\"https:\\\/\\\/fmpatagoniamadryn.com.ar\\\/?p=26103\"},\"wordCount\":531,\"publisher\":{\"@id\":\"https:\\\/\\\/fmpatagoniamadryn.com.ar\\\/#organization\"},\"image\":{\"@id\":\"https:\\\/\\\/fmpatagoniamadryn.com.ar\\\/?p=26103#primaryimage\"},\"thumbnailUrl\":\"https:\\\/\\\/fmpatagoniamadryn.com.ar\\\/wp-content\\\/uploads\\\/2026\\\/06\\\/messi-goleador.webp\",\"keywords\":[\"Adi\u00f3s a la Selecci\u00f3n\",\"Messi\"],\"articleSection\":[\"Deportes\"],\"inLanguage\":\"es\"},{\"@type\":\"WebPage\",\"@id\":\"https:\\\/\\\/fmpatagoniamadryn.com.ar\\\/?p=26103\",\"url\":\"https:\\\/\\\/fmpatagoniamadryn.com.ar\\\/?p=26103\",\"name\":\"Bombazo: Lionel Messi anunci\u00f3 su retiro de la Selecci\u00f3n Argentina - FM Patagonia Madryn\",\"isPartOf\":{\"@id\":\"https:\\\/\\\/fmpatagoniamadryn.com.ar\\\/#website\"},\"primaryImageOfPage\":{\"@id\":\"https:\\\/\\\/fmpatagoniamadryn.com.ar\\\/?p=26103#primaryimage\"},\"image\":{\"@id\":\"https:\\\/\\\/fmpatagoniamadryn.com.ar\\\/?p=26103#primaryimage\"},\"thumbnailUrl\":\"https:\\\/\\\/fmpatagoniamadryn.com.ar\\\/wp-content\\\/uploads\\\/2026\\\/06\\\/messi-goleador.webp\",\"datePublished\":\"2026-08-31T15:27:40+00:00\",\"dateModified\":\"2026-08-31T15:27:41+00:00\",\"breadcrumb\":{\"@id\":\"https:\\\/\\\/fmpatagoniamadryn.com.ar\\\/?p=26103#breadcrumb\"},\"inLanguage\":\"es\",\"potentialAction\":[{\"@type\":\"ReadAction\",\"target\":[\"https:\\\/\\\/fmpatagoniamadryn.com.ar\\\/?p=26103\"]}]},{\"@type\":\"ImageObject\",\"inLanguage\":\"es\",\"@id\":\"https:\\\/\\\/fmpatagoniamadryn.com.ar\\\/?p=26103#primaryimage\",\"url\":\"https:\\\/\\\/fmpatagoniamadryn.com.ar\\\/wp-content\\\/uploads\\\/2026\\\/06\\\/messi-goleador.webp\",\"contentUrl\":\"https:\\\/\\\/fmpatagoniamadryn.com.ar\\\/wp-content\\\/uploads\\\/2026\\\/06\\\/messi-goleador.webp\",\"width\":416,\"height\":234},{\"@type\":\"BreadcrumbList\",\"@id\":\"https:\\\/\\\/fmpatagoniamadryn.com.ar\\\/?p=26103#breadcrumb\",\"itemListElement\":[{\"@type\":\"ListItem\",\"position\":1,\"name\":\"Portada\",\"item\":\"https:\\\/\\\/fmpatagoniamadryn.com.ar\\\/\"},{\"@type\":\"ListItem\",\"position\":2,\"name\":\"Bombazo: Lionel Messi anunci\u00f3 su retiro de la Selecci\u00f3n Argentina\"}]},{\"@type\":\"WebSite\",\"@id\":\"https:\\\/\\\/fmpatagoniamadryn.com.ar\\\/#website\",\"url\":\"https:\\\/\\\/fmpatagoniamadryn.com.ar\\\/\",\"name\":\"FM Patagonia Madryn\",\"description\":\"Radio Patagonia 105.5\",\"publisher\":{\"@id\":\"https:\\\/\\\/fmpatagoniamadryn.com.ar\\\/#organization\"},\"potentialAction\":[{\"@type\":\"SearchAction\",\"target\":{\"@type\":\"EntryPoint\",\"urlTemplate\":\"https:\\\/\\\/fmpatagoniamadryn.com.ar\\\/?s={search_term_string}\"},\"query-input\":{\"@type\":\"PropertyValueSpecification\",\"valueRequired\":true,\"valueName\":\"search_term_string\"}}],\"inLanguage\":\"es\"},{\"@type\":\"Organization\",\"@id\":\"https:\\\/\\\/fmpatagoniamadryn.com.ar\\\/#organization\",\"name\":\"FM Patagonia Madryn\",\"url\":\"https:\\\/\\\/fmpatagoniamadryn.com.ar\\\/\",\"logo\":{\"@type\":\"ImageObject\",\"inLanguage\":\"es\",\"@id\":\"https:\\\/\\\/fmpatagoniamadryn.com.ar\\\/#\\\/schema\\\/logo\\\/image\\\/\",\"url\":\"https:\\\/\\\/fmpatagoniamadryn.com.ar\\\/wp-content\\\/uploads\\\/2023\\\/01\\\/cropped-Diseno-sin-titulo.png\",\"contentUrl\":\"https:\\\/\\\/fmpatagoniamadryn.com.ar\\\/wp-content\\\/uploads\\\/2023\\\/01\\\/cropped-Diseno-sin-titulo.png\",\"width\":6911,\"height\":2657,\"caption\":\"FM Patagonia Madryn\"},\"image\":{\"@id\":\"https:\\\/\\\/fmpatagoniamadryn.com.ar\\\/#\\\/schema\\\/logo\\\/image\\\/\"}},{\"@type\":\"Person\",\"@id\":\"https:\\\/\\\/fmpatagoniamadryn.com.ar\\\/#\\\/schema\\\/person\\\/d1eaeab8ab628617785f4d9ef0e8d5d8\",\"name\":\"FM Patagonia\",\"url\":\"https:\\\/\\\/fmpatagoniamadryn.com.ar\\\/?author=5\"}]}<\/script>\n<!-- \/ Yoast SEO plugin. -->","yoast_head_json":{"title":"Bombazo: Lionel Messi anunci\u00f3 su retiro de la Selecci\u00f3n Argentina - FM Patagonia Madryn","robots":{"index":"index","follow":"follow","max-snippet":"max-snippet:-1","max-image-preview":"max-image-preview:large","max-video-preview":"max-video-preview:-1"},"canonical":"https:\/\/fmpatagoniamadryn.com.ar\/?p=26103","og_locale":"es_ES","og_type":"article","og_title":"Bombazo: Lionel Messi anunci\u00f3 su retiro de la Selecci\u00f3n Argentina - FM Patagonia Madryn","og_description":"La Pulga public\u00f3 una emotiva carta en sus redes sociales en la que confirm\u00f3 que no volver\u00e1 a vestir la camiseta albiceleste y asegur\u00f3 que, desde ahora, ser\u00e1 un hincha m\u00e1s. La decisi\u00f3n marca el final de una era hist\u00f3rica para el f\u00fatbol argentino.","og_url":"https:\/\/fmpatagoniamadryn.com.ar\/?p=26103","og_site_name":"FM Patagonia Madryn","article_published_time":"2026-08-31T15:27:40+00:00","article_modified_time":"2026-08-31T15:27:41+00:00","og_image":[{"width":416,"height":234,"url":"https:\/\/fmpatagoniamadryn.com.ar\/wp-content\/uploads\/2026\/06\/messi-goleador.webp","type":"image\/webp"}],"author":"FM Patagonia","twitter_card":"summary_large_image","twitter_misc":{"Escrito por":"FM Patagonia","Tiempo de lectura":"3 minutos"},"schema":{"@context":"https:\/\/schema.org","@graph":[{"@type":"Article","@id":"https:\/\/fmpatagoniamadryn.com.ar\/?p=26103#article","isPartOf":{"@id":"https:\/\/fmpatagoniamadryn.com.ar\/?p=26103"},"author":{"name":"FM Patagonia","@id":"https:\/\/fmpatagoniamadryn.com.ar\/#\/schema\/person\/d1eaeab8ab628617785f4d9ef0e8d5d8"},"headline":"Bombazo: Lionel Messi anunci\u00f3 su retiro de la Selecci\u00f3n Argentina","datePublished":"2026-08-31T15:27:40+00:00","dateModified":"2026-08-31T15:27:41+00:00","mainEntityOfPage":{"@id":"https:\/\/fmpatagoniamadryn.com.ar\/?p=26103"},"wordCount":531,"publisher":{"@id":"https:\/\/fmpatagoniamadryn.com.ar\/#organization"},"image":{"@id":"https:\/\/fmpatagoniamadryn.com.ar\/?p=26103#primaryimage"},"thumbnailUrl":"https:\/\/fmpatagoniamadryn.com.ar\/wp-content\/uploads\/2026\/06\/messi-goleador.webp","keywords":["Adi\u00f3s a la Selecci\u00f3n","Messi"],"articleSection":["Deportes"],"inLanguage":"es"},{"@type":"WebPage","@id":"https:\/\/fmpatagoniamadryn.com.ar\/?p=26103","url":"https:\/\/fmpatagoniamadryn.com.ar\/?p=26103","name":"Bombazo: Lionel Messi anunci\u00f3 su retiro de la Selecci\u00f3n Argentina - FM Patagonia Madryn","isPartOf":{"@id":"https:\/\/fmpatagoniamadryn.com.ar\/#website"},"primaryImageOfPage":{"@id":"https:\/\/fmpatagoniamadryn.com.ar\/?p=26103#primaryimage"},"image":{"@id":"https:\/\/fmpatagoniamadryn.com.ar\/?p=26103#primaryimage"},"thumbnailUrl":"https:\/\/fmpatagoniamadryn.com.ar\/wp-content\/uploads\/2026\/06\/messi-goleador.webp","datePublished":"2026-08-31T15:27:40+00:00","dateModified":"2026-08-31T15:27:41+00:00","breadcrumb":{"@id":"https:\/\/fmpatagoniamadryn.com.ar\/?p=26103#breadcrumb"},"inLanguage":"es","potentialAction":[{"@type":"ReadAction","target":["https:\/\/fmpatagoniamadryn.com.ar\/?p=26103"]}]},{"@type":"ImageObject","inLanguage":"es","@id":"https:\/\/fmpatagoniamadryn.com.ar\/?p=26103#primaryimage","url":"https:\/\/fmpatagoniamadryn.com.ar\/wp-content\/uploads\/2026\/06\/messi-goleador.webp","contentUrl":"https:\/\/fmpatagoniamadryn.com.ar\/wp-content\/uploads\/2026\/06\/messi-goleador.webp","width":416,"height":234},{"@type":"BreadcrumbList","@id":"https:\/\/fmpatagoniamadryn.com.ar\/?p=26103#breadcrumb","itemListElement":[{"@type":"ListItem","position":1,"name":"Portada","item":"https:\/\/fmpatagoniamadryn.com.ar\/"},{"@type":"ListItem","position":2,"name":"Bombazo: Lionel Messi anunci\u00f3 su retiro de la Selecci\u00f3n Argentina"}]},{"@type":"WebSite","@id":"https:\/\/fmpatagoniamadryn.com.ar\/#website","url":"https:\/\/fmpatagoniamadryn.com.ar\/","name":"FM Patagonia Madryn","description":"Radio Patagonia 105.5","publisher":{"@id":"https:\/\/fmpatagoniamadryn.com.ar\/#organization"},"potentialAction":[{"@type":"SearchAction","target":{"@type":"EntryPoint","urlTemplate":"https:\/\/fmpatagoniamadryn.com.ar\/?s={search_term_string}"},"query-input":{"@type":"PropertyValueSpecification","valueRequired":true,"valueName":"search_term_string"}}],"inLanguage":"es"},{"@type":"Organization","@id":"https:\/\/fmpatagoniamadryn.com.ar\/#organization","name":"FM Patagonia Madryn","url":"https:\/\/fmpatagoniamadryn.com.ar\/","logo":{"@type":"ImageObject","inLanguage":"es","@id":"https:\/\/fmpatagoniamadryn.com.ar\/#\/schema\/logo\/image\/","url":"https:\/\/fmpatagoniamadryn.com.ar\/wp-content\/uploads\/2023\/01\/cropped-Diseno-sin-titulo.png","contentUrl":"https:\/\/fmpatagoniamadryn.com.ar\/wp-content\/uploads\/2023\/01\/cropped-Diseno-sin-titulo.png","width":6911,"height":2657,"caption":"FM Patagonia Madryn"},"image":{"@id":"https:\/\/fmpatagoniamadryn.com.ar\/#\/schema\/logo\/image\/"}},{"@type":"Person","@id":"https:\/\/fmpatagoniamadryn.com.ar\/#\/schema\/person\/d1eaeab8ab628617785f4d9ef0e8d5d8","name":"FM Patagonia","url":"https:\/\/fmpatagoniamadryn.com.ar\/?author=5"}]}},"jetpack_featured_media_url":"https:\/\/fmpatagoniamadryn.com.ar\/wp-content\/uploads\/2026\/06\/messi-goleador.webp","_links":{"self":[{"href":"https:\/\/fmpatagoniamadryn.com.ar\/index.php?rest_route=\/wp\/v2\/posts\/26103","targetHints":{"allow":["GET"]}}],"collection":[{"href":"https:\/\/fmpatagoniamadryn.com.ar\/index.php?rest_route=\/wp\/v2\/posts"}],"about":[{"href":"https:\/\/fmpatagoniamadryn.com.ar\/index.php?rest_route=\/wp\/v2\/types\/post"}],"author":[{"embeddable":true,"href":"https:\/\/fmpatagoniamadryn.com.ar\/index.php?rest_route=\/wp\/v2\/users\/5"}],"replies":[{"embeddable":true,"href":"https:\/\/fmpatagoniamadryn.com.ar\/index.php?rest_route=%2Fwp%2Fv2%2Fcomments&post=26103"}],"version-history":[{"count":1,"href":"https:\/\/fmpatagoniamadryn.com.ar\/index.php?rest_route=\/wp\/v2\/posts\/26103\/revisions"}],"predecessor-version":[{"id":26104,"href":"https:\/\/fmpatagoniamadryn.com.ar\/index.php?rest_route=\/wp\/v2\/posts\/26103\/revisions\/26104"}],"wp:featuredmedia":[{"embeddable":true,"href":"https:\/\/fmpatagoniamadryn.com.ar\/index.php?rest_route=\/wp\/v2\/media\/23712"}],"wp:attachment":[{"href":"https:\/\/fmpatagoniamadryn.com.ar\/index.php?rest_route=%2Fwp%2Fv2%2Fmedia&parent=26103"}],"wp:term":[{"taxonomy":"category","embeddable":true,"href":"https:\/\/fmpatagoniamadryn.com.ar\/index.php?rest_route=%2Fwp%2Fv2%2Fcategories&post=26103"},{"taxonomy":"post_tag","embeddable":true,"href":"https:\/\/fmpatagoniamadryn.com.ar\/index.php?rest_route=%2Fwp%2Fv2%2Ftags&post=26103"}],"curies":[{"name":"wp","href":"https:\/\/api.w.org\/{rel}","templated":true}]}}