{"id":26106,"date":"2026-08-31T13:15:42","date_gmt":"2026-08-31T16:15:42","guid":{"rendered":"https:\/\/fmpatagoniamadryn.com.ar\/?p=26106"},"modified":"2026-08-31T13:15:42","modified_gmt":"2026-08-31T16:15:42","slug":"uber-podria-ser-habilitado-en-puerto-madryn-el-concejo-buscara-tratar-el-proyecto-el-10-de-septiembre","status":"publish","type":"post","link":"https:\/\/fmpatagoniamadryn.com.ar\/?p=26106","title":{"rendered":"Uber podr\u00eda ser habilitado en Puerto Madryn: el Concejo buscar\u00e1 tratar el proyecto el 10 de septiembre"},"content":{"rendered":"\n<p class=\"p2 wp-block-paragraph\"><\/p>\n\n\n\n<h2 class=\"wp-block-heading\"><strong>Un proyecto para levantar la prohibici\u00f3n y regular la actividad<\/strong><\/h2>\n\n\n\n<p class=\"p2 wp-block-paragraph\">La iniciativa contempla dos aspectos centrales dentro de un mismo proyecto. Por un lado, se busca eliminar la prohibici\u00f3n que rige desde 2016 y que impide formalmente el funcionamiento de aplicaciones de transporte en Puerto Madryn.<\/p>\n\n\n\n<p class=\"p2 wp-block-paragraph\">Por otra parte, el proyecto establece una regulaci\u00f3n espec\u00edfica para los veh\u00edculos y conductores que utilicen estas plataformas.<\/p>\n\n\n\n<p class=\"p2 wp-block-paragraph\">\u201cEl proyecto original que present\u00e9 hace dos a\u00f1os y medio era levantar la prohibici\u00f3n. Despu\u00e9s se pudo negociar para que en el mismo proyecto se incorpore la regularizaci\u00f3n\u201d, explic\u00f3 el edil.<\/p>\n\n\n\n<p class=\"p2 wp-block-paragraph\">El debate incluy\u00f3 reuniones y \u056c\u057das con los distintos sectores involucrados, tanto quienes est\u00e1n a favor como quienes se oponen a la llegada de estas aplicaciones.<\/p>\n\n\n\n<p class=\"p2 wp-block-paragraph\">Adem\u00e1s, se aguard\u00f3 una definici\u00f3n de la Justicia antes de avanzar con el tratamiento legislativo. Seg\u00fan explic\u00f3 el concejal, la Justicia consider\u00f3 que no correspond\u00eda expedirse sobre la constitucionalidad de la iniciativa, lo que permiti\u00f3 continuar con el proceso legislativo.<\/p>\n\n\n\n<h2 class=\"wp-block-heading\"><strong>No habr\u00e1 cupo para los veh\u00edculos<\/strong><\/h2>\n\n\n\n<p class=\"p2 wp-block-paragraph\">Uno de los puntos principales de la futura regulaci\u00f3n ser\u00e1 que no existir\u00eda un l\u00edmite en la cantidad de veh\u00edculos que puedan inscribirse para trabajar mediante Uber, Cabify o Didi.<\/p>\n\n\n\n<p class=\"p2 wp-block-paragraph\">Sin embargo, los conductores deber\u00e1n cumplir con determinados requisitos y obtener la correspondiente habilitaci\u00f3n municipal.<\/p>\n\n\n\n<p class=\"p2 wp-block-paragraph\">El concejal consider\u00f3 que inicialmente podr\u00eda producirse una gran cantidad de inscripciones, aunque sostuvo que posteriormente el propio funcionamiento del mercado podr\u00eda generar una reducci\u00f3n natural de la cantidad de conductores.<\/p>\n\n\n\n<p class=\"p2 wp-block-paragraph\">\u201cCreemos que se va a inscribir mucha gente y despu\u00e9s el mismo mercado va a ver si le da o no el negocio. Es la experiencia que sucedi\u00f3 en otras ciudades\u201d, se\u00f1al\u00f3.<\/p>\n\n\n\n<h2 class=\"wp-block-heading\"><strong>Veh\u00edculos de hasta 10 a\u00f1os y licencia profesional<\/strong><\/h2>\n\n\n\n<p class=\"p2 wp-block-paragraph\">Entre los requisitos previstos, los veh\u00edculos deber\u00e1n tener una antig\u00fcedad m\u00e1xima de 10 a\u00f1os y los conductores deber\u00e1n contar con licencia profesional.<\/p>\n\n\n\n<p class=\"p2 wp-block-paragraph\">Tambi\u00e9n se exigir\u00e1n condiciones similares a las que actualmente deben cumplir taxis y remises, como seguros para pasajeros con coberturas adecuadas y condiciones mec\u00e1nicas necesarias para transportar hasta cuatro pasajeros.<\/p>\n\n\n\n<p class=\"p2 wp-block-paragraph\">Adem\u00e1s, los veh\u00edculos deber\u00e1n estar habilitados por el municipio y contar\u00edan con alg\u00fan tipo de identificaci\u00f3n, aunque no necesariamente mediante un cartel visible como ocurre con otros servicios de transporte.<\/p>\n\n\n\n<h2 class=\"wp-block-heading\"><strong>Uber deber\u00e1 ser solicitado \u00fanicamente a trav\u00e9s de la aplicaci\u00f3n<\/strong><\/h2>\n\n\n\n<p class=\"p2 wp-block-paragraph\">Otro de los puntos centrales de la ordenanza establecer\u00eda diferencias entre el funcionamiento de taxis y veh\u00edculos de aplicaciones.<\/p>\n\n\n\n<p class=\"p2 wp-block-paragraph\">Los taxis ser\u00edan los \u00fanicos habilitados para levantar pasajeros directamente en la v\u00eda p\u00fablica o en las paradas correspondientes. En cambio, quienes trabajen mediante Uber, Cabify o Didi deber\u00e1n ser convocados exclusivamente a trav\u00e9s de la aplicaci\u00f3n.<\/p>\n\n\n\n<p class=\"p2 wp-block-paragraph\">La iniciativa tambi\u00e9n permitir\u00eda que los propios taxis utilicen plataformas como Uber.<\/p>\n\n\n\n<p class=\"p2 wp-block-paragraph\">En ese caso, si un taxi es solicitado mediante la aplicaci\u00f3n, cobrar\u00eda la tarifa establecida por la plataforma. Si el pasajero lo solicita por tel\u00e9fono o mediante el sistema tradicional, el servicio funcionar\u00eda con la tarifa habitual del taxi.<\/p>\n\n\n\n<h2 class=\"wp-block-heading\"><strong>Convivencia de tarifas<\/strong><\/h2>\n\n\n\n<p class=\"p2 wp-block-paragraph\">Respecto a los precios, durante un per\u00edodo convivir\u00edan las tarifas de los servicios tradicionales con aquellas establecidas por las aplicaciones.<\/p>\n\n\n\n<p class=\"p2 wp-block-paragraph\">Consultado sobre qui\u00e9n fijar\u00eda el valor de los viajes en Uber, el concejal fue claro: \u201cUber\u201d.<\/p>\n\n\n\n<p class=\"p2 wp-block-paragraph\">En ese sentido, consider\u00f3 personalmente que, con el tiempo, podr\u00eda producirse un equilibrio entre ambos sistemas.<\/p>\n\n\n\n<p class=\"p2 wp-block-paragraph\">\u201cCreo que Uber va a subir los precios y que los taxis van a bajar los precios. Es una opini\u00f3n personal y el tiempo lo dir\u00e1, pero lo digo por la experiencia de otras ciudades\u201d, expres\u00f3.<\/p>\n\n\n\n<h2 class=\"wp-block-heading\"><strong>Habr\u00e1 controles municipales<\/strong><\/h2>\n\n\n\n<p class=\"p2 wp-block-paragraph\">La futura normativa tambi\u00e9n contemplar\u00eda mecanismos de control para evitar que veh\u00edculos no registrados trabajen mediante las aplicaciones.<\/p>\n\n\n\n<p class=\"p2 wp-block-paragraph\">Si bien la cantidad de unidades habilitadas ser\u00eda ilimitada, todos los conductores deber\u00e1n cumplir con los requisitos establecidos por el municipio.<\/p>\n\n\n\n<p class=\"p2 wp-block-paragraph\">El concejal indic\u00f3 que la tarea de fiscalizaci\u00f3n quedar\u00e1 principalmente en manos del Ejecutivo Municipal.<\/p>\n\n\n\n<p class=\"p2 wp-block-paragraph\">Tambi\u00e9n se analizaron situaciones particulares vinculadas al transporte hacia \u00e1reas protegidas y actividades tur\u00edsticas, un aspecto planteado durante las discusiones del proyecto.<\/p>\n\n\n\n<h2 class=\"wp-block-heading\"><strong>\u201cHay que decidir si funcionan legalmente o ilegalmente\u201d<\/strong><\/h2>\n\n\n\n<p class=\"p2 wp-block-paragraph\">Para el concejal, uno de los principales cambios respecto a debates anteriores tiene que ver con una nueva decisi\u00f3n pol\u00edtica frente a una realidad que, seg\u00fan sostuvo, ya existe en Puerto Madryn.<\/p>\n\n\n\n<p class=\"p2 wp-block-paragraph\">\u201cLas aplicaciones ya est\u00e1n funcionando. Entonces se elige entre que funcionen legalmente o que funcionen ilegalmente. Antes se debat\u00eda si funcionaban o no\u201d, afirm\u00f3.<\/p>\n\n\n\n<p class=\"p2 wp-block-paragraph\">Adem\u00e1s, consider\u00f3 que la llegada formal de las plataformas podr\u00eda generar nuevas oportunidades laborales en la ciudad.<\/p>\n\n\n\n<p class=\"p2 wp-block-paragraph\">De concretarse el acuerdo pol\u00edtico, el proyecto podr\u00eda llegar al recinto el pr\u00f3ximo <strong>10 de septiembre<\/strong>, en una sesi\u00f3n que podr\u00eda marcar un cambio significativo en el sistema de transporte de pasajeros de Puerto Madryn.<\/p>\n","protected":false},"excerpt":{"rendered":"<p>El Concejo Deliberante de Puerto Madryn avanzar\u00eda en la pr\u00f3xima sesi\u00f3n hacia el tratamiento de un proyecto que permitir\u00eda levantar la prohibici\u00f3n vigente desde 2016 para las aplicaciones de transporte como Uber, Cabify y Didi, adem\u00e1s de establecer un marco regulatorio para los veh\u00edculos y choferes que trabajen mediante estas plataformas.<\/p>\n","protected":false},"author":4,"featured_media":26105,"comment_status":"closed","ping_status":"closed","sticky":false,"template":"","format":"standard","meta":{"footnotes":""},"categories":[122],"tags":[603],"class_list":["post-26106","post","type-post","status-publish","format-standard","has-post-thumbnail","hentry","category-sociedad","tag-uber"],"yoast_head":"<!-- This site is optimized with the Yoast SEO plugin v28.3 - https:\/\/yoast.com\/product\/yoast-seo-wordpress\/ -->\n<title>Uber podr\u00eda ser habilitado en Puerto Madryn: el Concejo buscar\u00e1 tratar el proyecto el 10 de septiembre - FM Patagonia Madryn<\/title>\n<meta name=\"robots\" content=\"index, follow, max-snippet:-1, max-image-preview:large, max-video-preview:-1\" \/>\n<link rel=\"canonical\" href=\"https:\/\/fmpatagoniamadryn.com.ar\/?p=26106\" \/>\n<meta property=\"og:locale\" content=\"es_ES\" \/>\n<meta property=\"og:type\" content=\"article\" \/>\n<meta property=\"og:title\" content=\"Uber podr\u00eda ser habilitado en Puerto Madryn: el Concejo buscar\u00e1 tratar el proyecto el 10 de septiembre - FM Patagonia Madryn\" \/>\n<meta property=\"og:description\" content=\"El Concejo Deliberante de Puerto Madryn avanzar\u00eda en la pr\u00f3xima sesi\u00f3n hacia el tratamiento de un proyecto que permitir\u00eda levantar la prohibici\u00f3n vigente desde 2016 para las aplicaciones de transporte como Uber, Cabify y Didi, adem\u00e1s de establecer un marco regulatorio para los veh\u00edculos y choferes que trabajen mediante estas plataformas.\" \/>\n<meta property=\"og:url\" content=\"https:\/\/fmpatagoniamadryn.com.ar\/?p=26106\" \/>\n<meta property=\"og:site_name\" content=\"FM Patagonia Madryn\" \/>\n<meta property=\"article:published_time\" content=\"2026-08-31T16:15:42+00:00\" \/>\n<meta property=\"og:image\" content=\"https:\/\/fmpatagoniamadryn.com.ar\/wp-content\/uploads\/2026\/08\/img_8597.jpg\" \/>\n\t<meta property=\"og:image:width\" content=\"954\" \/>\n\t<meta property=\"og:image:height\" content=\"534\" \/>\n\t<meta property=\"og:image:type\" content=\"image\/jpeg\" \/>\n<meta name=\"author\" content=\"FM Patagonia\" \/>\n<meta name=\"twitter:card\" content=\"summary_large_image\" \/>\n<meta name=\"twitter:label1\" content=\"Escrito por\" \/>\n\t<meta name=\"twitter:data1\" content=\"FM Patagonia\" \/>\n\t<meta name=\"twitter:label2\" content=\"Tiempo de lectura\" \/>\n\t<meta name=\"twitter:data2\" content=\"4 minutos\" \/>\n<script type=\"application\/ld+json\" class=\"yoast-schema-graph\">{\"@context\":\"https:\\\/\\\/schema.org\",\"@graph\":[{\"@type\":\"Article\",\"@id\":\"https:\\\/\\\/fmpatagoniamadryn.com.ar\\\/?p=26106#article\",\"isPartOf\":{\"@id\":\"https:\\\/\\\/fmpatagoniamadryn.com.ar\\\/?p=26106\"},\"author\":{\"name\":\"FM Patagonia\",\"@id\":\"https:\\\/\\\/fmpatagoniamadryn.com.ar\\\/#\\\/schema\\\/person\\\/97b1d30cb2ae311544a88a5201700571\"},\"headline\":\"Uber podr\u00eda ser habilitado en Puerto Madryn: el Concejo buscar\u00e1 tratar el proyecto el 10 de septiembre\",\"datePublished\":\"2026-08-31T16:15:42+00:00\",\"mainEntityOfPage\":{\"@id\":\"https:\\\/\\\/fmpatagoniamadryn.com.ar\\\/?p=26106\"},\"wordCount\":866,\"publisher\":{\"@id\":\"https:\\\/\\\/fmpatagoniamadryn.com.ar\\\/#organization\"},\"image\":{\"@id\":\"https:\\\/\\\/fmpatagoniamadryn.com.ar\\\/?p=26106#primaryimage\"},\"thumbnailUrl\":\"https:\\\/\\\/fmpatagoniamadryn.com.ar\\\/wp-content\\\/uploads\\\/2026\\\/08\\\/img_8597.jpg\",\"keywords\":[\"uber\"],\"articleSection\":[\"Sociedad\"],\"inLanguage\":\"es\"},{\"@type\":\"WebPage\",\"@id\":\"https:\\\/\\\/fmpatagoniamadryn.com.ar\\\/?p=26106\",\"url\":\"https:\\\/\\\/fmpatagoniamadryn.com.ar\\\/?p=26106\",\"name\":\"Uber podr\u00eda ser habilitado en Puerto Madryn: el Concejo buscar\u00e1 tratar el proyecto el 10 de septiembre - FM Patagonia Madryn\",\"isPartOf\":{\"@id\":\"https:\\\/\\\/fmpatagoniamadryn.com.ar\\\/#website\"},\"primaryImageOfPage\":{\"@id\":\"https:\\\/\\\/fmpatagoniamadryn.com.ar\\\/?p=26106#primaryimage\"},\"image\":{\"@id\":\"https:\\\/\\\/fmpatagoniamadryn.com.ar\\\/?p=26106#primaryimage\"},\"thumbnailUrl\":\"https:\\\/\\\/fmpatagoniamadryn.com.ar\\\/wp-content\\\/uploads\\\/2026\\\/08\\\/img_8597.jpg\",\"datePublished\":\"2026-08-31T16:15:42+00:00\",\"breadcrumb\":{\"@id\":\"https:\\\/\\\/fmpatagoniamadryn.com.ar\\\/?p=26106#breadcrumb\"},\"inLanguage\":\"es\",\"potentialAction\":[{\"@type\":\"ReadAction\",\"target\":[\"https:\\\/\\\/fmpatagoniamadryn.com.ar\\\/?p=26106\"]}]},{\"@type\":\"ImageObject\",\"inLanguage\":\"es\",\"@id\":\"https:\\\/\\\/fmpatagoniamadryn.com.ar\\\/?p=26106#primaryimage\",\"url\":\"https:\\\/\\\/fmpatagoniamadryn.com.ar\\\/wp-content\\\/uploads\\\/2026\\\/08\\\/img_8597.jpg\",\"contentUrl\":\"https:\\\/\\\/fmpatagoniamadryn.com.ar\\\/wp-content\\\/uploads\\\/2026\\\/08\\\/img_8597.jpg\",\"width\":954,\"height\":534},{\"@type\":\"BreadcrumbList\",\"@id\":\"https:\\\/\\\/fmpatagoniamadryn.com.ar\\\/?p=26106#breadcrumb\",\"itemListElement\":[{\"@type\":\"ListItem\",\"position\":1,\"name\":\"Portada\",\"item\":\"https:\\\/\\\/fmpatagoniamadryn.com.ar\\\/\"},{\"@type\":\"ListItem\",\"position\":2,\"name\":\"Uber podr\u00eda ser habilitado en Puerto Madryn: el Concejo buscar\u00e1 tratar el proyecto el 10 de septiembre\"}]},{\"@type\":\"WebSite\",\"@id\":\"https:\\\/\\\/fmpatagoniamadryn.com.ar\\\/#website\",\"url\":\"https:\\\/\\\/fmpatagoniamadryn.com.ar\\\/\",\"name\":\"FM Patagonia Madryn\",\"description\":\"Radio Patagonia 105.5\",\"publisher\":{\"@id\":\"https:\\\/\\\/fmpatagoniamadryn.com.ar\\\/#organization\"},\"potentialAction\":[{\"@type\":\"SearchAction\",\"target\":{\"@type\":\"EntryPoint\",\"urlTemplate\":\"https:\\\/\\\/fmpatagoniamadryn.com.ar\\\/?s={search_term_string}\"},\"query-input\":{\"@type\":\"PropertyValueSpecification\",\"valueRequired\":true,\"valueName\":\"search_term_string\"}}],\"inLanguage\":\"es\"},{\"@type\":\"Organization\",\"@id\":\"https:\\\/\\\/fmpatagoniamadryn.com.ar\\\/#organization\",\"name\":\"FM Patagonia Madryn\",\"url\":\"https:\\\/\\\/fmpatagoniamadryn.com.ar\\\/\",\"logo\":{\"@type\":\"ImageObject\",\"inLanguage\":\"es\",\"@id\":\"https:\\\/\\\/fmpatagoniamadryn.com.ar\\\/#\\\/schema\\\/logo\\\/image\\\/\",\"url\":\"https:\\\/\\\/fmpatagoniamadryn.com.ar\\\/wp-content\\\/uploads\\\/2023\\\/01\\\/cropped-Diseno-sin-titulo.png\",\"contentUrl\":\"https:\\\/\\\/fmpatagoniamadryn.com.ar\\\/wp-content\\\/uploads\\\/2023\\\/01\\\/cropped-Diseno-sin-titulo.png\",\"width\":6911,\"height\":2657,\"caption\":\"FM Patagonia Madryn\"},\"image\":{\"@id\":\"https:\\\/\\\/fmpatagoniamadryn.com.ar\\\/#\\\/schema\\\/logo\\\/image\\\/\"}},{\"@type\":\"Person\",\"@id\":\"https:\\\/\\\/fmpatagoniamadryn.com.ar\\\/#\\\/schema\\\/person\\\/97b1d30cb2ae311544a88a5201700571\",\"name\":\"FM Patagonia\",\"url\":\"https:\\\/\\\/fmpatagoniamadryn.com.ar\\\/?author=4\"}]}<\/script>\n<!-- \/ Yoast SEO plugin. -->","yoast_head_json":{"title":"Uber podr\u00eda ser habilitado en Puerto Madryn: el Concejo buscar\u00e1 tratar el proyecto el 10 de septiembre - FM Patagonia Madryn","robots":{"index":"index","follow":"follow","max-snippet":"max-snippet:-1","max-image-preview":"max-image-preview:large","max-video-preview":"max-video-preview:-1"},"canonical":"https:\/\/fmpatagoniamadryn.com.ar\/?p=26106","og_locale":"es_ES","og_type":"article","og_title":"Uber podr\u00eda ser habilitado en Puerto Madryn: el Concejo buscar\u00e1 tratar el proyecto el 10 de septiembre - FM Patagonia Madryn","og_description":"El Concejo Deliberante de Puerto Madryn avanzar\u00eda en la pr\u00f3xima sesi\u00f3n hacia el tratamiento de un proyecto que permitir\u00eda levantar la prohibici\u00f3n vigente desde 2016 para las aplicaciones de transporte como Uber, Cabify y Didi, adem\u00e1s de establecer un marco regulatorio para los veh\u00edculos y choferes que trabajen mediante estas plataformas.","og_url":"https:\/\/fmpatagoniamadryn.com.ar\/?p=26106","og_site_name":"FM Patagonia Madryn","article_published_time":"2026-08-31T16:15:42+00:00","og_image":[{"width":954,"height":534,"url":"https:\/\/fmpatagoniamadryn.com.ar\/wp-content\/uploads\/2026\/08\/img_8597.jpg","type":"image\/jpeg"}],"author":"FM Patagonia","twitter_card":"summary_large_image","twitter_misc":{"Escrito por":"FM Patagonia","Tiempo de lectura":"4 minutos"},"schema":{"@context":"https:\/\/schema.org","@graph":[{"@type":"Article","@id":"https:\/\/fmpatagoniamadryn.com.ar\/?p=26106#article","isPartOf":{"@id":"https:\/\/fmpatagoniamadryn.com.ar\/?p=26106"},"author":{"name":"FM Patagonia","@id":"https:\/\/fmpatagoniamadryn.com.ar\/#\/schema\/person\/97b1d30cb2ae311544a88a5201700571"},"headline":"Uber podr\u00eda ser habilitado en Puerto Madryn: el Concejo buscar\u00e1 tratar el proyecto el 10 de septiembre","datePublished":"2026-08-31T16:15:42+00:00","mainEntityOfPage":{"@id":"https:\/\/fmpatagoniamadryn.com.ar\/?p=26106"},"wordCount":866,"publisher":{"@id":"https:\/\/fmpatagoniamadryn.com.ar\/#organization"},"image":{"@id":"https:\/\/fmpatagoniamadryn.com.ar\/?p=26106#primaryimage"},"thumbnailUrl":"https:\/\/fmpatagoniamadryn.com.ar\/wp-content\/uploads\/2026\/08\/img_8597.jpg","keywords":["uber"],"articleSection":["Sociedad"],"inLanguage":"es"},{"@type":"WebPage","@id":"https:\/\/fmpatagoniamadryn.com.ar\/?p=26106","url":"https:\/\/fmpatagoniamadryn.com.ar\/?p=26106","name":"Uber podr\u00eda ser habilitado en Puerto Madryn: el Concejo buscar\u00e1 tratar el proyecto el 10 de septiembre - FM Patagonia Madryn","isPartOf":{"@id":"https:\/\/fmpatagoniamadryn.com.ar\/#website"},"primaryImageOfPage":{"@id":"https:\/\/fmpatagoniamadryn.com.ar\/?p=26106#primaryimage"},"image":{"@id":"https:\/\/fmpatagoniamadryn.com.ar\/?p=26106#primaryimage"},"thumbnailUrl":"https:\/\/fmpatagoniamadryn.com.ar\/wp-content\/uploads\/2026\/08\/img_8597.jpg","datePublished":"2026-08-31T16:15:42+00:00","breadcrumb":{"@id":"https:\/\/fmpatagoniamadryn.com.ar\/?p=26106#breadcrumb"},"inLanguage":"es","potentialAction":[{"@type":"ReadAction","target":["https:\/\/fmpatagoniamadryn.com.ar\/?p=26106"]}]},{"@type":"ImageObject","inLanguage":"es","@id":"https:\/\/fmpatagoniamadryn.com.ar\/?p=26106#primaryimage","url":"https:\/\/fmpatagoniamadryn.com.ar\/wp-content\/uploads\/2026\/08\/img_8597.jpg","contentUrl":"https:\/\/fmpatagoniamadryn.com.ar\/wp-content\/uploads\/2026\/08\/img_8597.jpg","width":954,"height":534},{"@type":"BreadcrumbList","@id":"https:\/\/fmpatagoniamadryn.com.ar\/?p=26106#breadcrumb","itemListElement":[{"@type":"ListItem","position":1,"name":"Portada","item":"https:\/\/fmpatagoniamadryn.com.ar\/"},{"@type":"ListItem","position":2,"name":"Uber podr\u00eda ser habilitado en Puerto Madryn: el Concejo buscar\u00e1 tratar el proyecto el 10 de septiembre"}]},{"@type":"WebSite","@id":"https:\/\/fmpatagoniamadryn.com.ar\/#website","url":"https:\/\/fmpatagoniamadryn.com.ar\/","name":"FM Patagonia Madryn","description":"Radio Patagonia 105.5","publisher":{"@id":"https:\/\/fmpatagoniamadryn.com.ar\/#organization"},"potentialAction":[{"@type":"SearchAction","target":{"@type":"EntryPoint","urlTemplate":"https:\/\/fmpatagoniamadryn.com.ar\/?s={search_term_string}"},"query-input":{"@type":"PropertyValueSpecification","valueRequired":true,"valueName":"search_term_string"}}],"inLanguage":"es"},{"@type":"Organization","@id":"https:\/\/fmpatagoniamadryn.com.ar\/#organization","name":"FM Patagonia Madryn","url":"https:\/\/fmpatagoniamadryn.com.ar\/","logo":{"@type":"ImageObject","inLanguage":"es","@id":"https:\/\/fmpatagoniamadryn.com.ar\/#\/schema\/logo\/image\/","url":"https:\/\/fmpatagoniamadryn.com.ar\/wp-content\/uploads\/2023\/01\/cropped-Diseno-sin-titulo.png","contentUrl":"https:\/\/fmpatagoniamadryn.com.ar\/wp-content\/uploads\/2023\/01\/cropped-Diseno-sin-titulo.png","width":6911,"height":2657,"caption":"FM Patagonia Madryn"},"image":{"@id":"https:\/\/fmpatagoniamadryn.com.ar\/#\/schema\/logo\/image\/"}},{"@type":"Person","@id":"https:\/\/fmpatagoniamadryn.com.ar\/#\/schema\/person\/97b1d30cb2ae311544a88a5201700571","name":"FM Patagonia","url":"https:\/\/fmpatagoniamadryn.com.ar\/?author=4"}]}},"jetpack_featured_media_url":"https:\/\/fmpatagoniamadryn.com.ar\/wp-content\/uploads\/2026\/08\/img_8597.jpg","_links":{"self":[{"href":"https:\/\/fmpatagoniamadryn.com.ar\/index.php?rest_route=\/wp\/v2\/posts\/26106","targetHints":{"allow":["GET"]}}],"collection":[{"href":"https:\/\/fmpatagoniamadryn.com.ar\/index.php?rest_route=\/wp\/v2\/posts"}],"about":[{"href":"https:\/\/fmpatagoniamadryn.com.ar\/index.php?rest_route=\/wp\/v2\/types\/post"}],"author":[{"embeddable":true,"href":"https:\/\/fmpatagoniamadryn.com.ar\/index.php?rest_route=\/wp\/v2\/users\/4"}],"replies":[{"embeddable":true,"href":"https:\/\/fmpatagoniamadryn.com.ar\/index.php?rest_route=%2Fwp%2Fv2%2Fcomments&post=26106"}],"version-history":[{"count":1,"href":"https:\/\/fmpatagoniamadryn.com.ar\/index.php?rest_route=\/wp\/v2\/posts\/26106\/revisions"}],"predecessor-version":[{"id":26107,"href":"https:\/\/fmpatagoniamadryn.com.ar\/index.php?rest_route=\/wp\/v2\/posts\/26106\/revisions\/26107"}],"wp:featuredmedia":[{"embeddable":true,"href":"https:\/\/fmpatagoniamadryn.com.ar\/index.php?rest_route=\/wp\/v2\/media\/26105"}],"wp:attachment":[{"href":"https:\/\/fmpatagoniamadryn.com.ar\/index.php?rest_route=%2Fwp%2Fv2%2Fmedia&parent=26106"}],"wp:term":[{"taxonomy":"category","embeddable":true,"href":"https:\/\/fmpatagoniamadryn.com.ar\/index.php?rest_route=%2Fwp%2Fv2%2Fcategories&post=26106"},{"taxonomy":"post_tag","embeddable":true,"href":"https:\/\/fmpatagoniamadryn.com.ar\/index.php?rest_route=%2Fwp%2Fv2%2Ftags&post=26106"}],"curies":[{"name":"wp","href":"https:\/\/api.w.org\/{rel}","templated":true}]}}