{"id":26110,"date":"2026-08-31T13:18:06","date_gmt":"2026-08-31T16:18:06","guid":{"rendered":"https:\/\/fmpatagoniamadryn.com.ar\/?p=26110"},"modified":"2026-08-31T13:18:06","modified_gmt":"2026-08-31T16:18:06","slug":"convocan-a-la-segunda-jornada-gratuita-del-autotest-del-virus-del-papiloma-humano","status":"publish","type":"post","link":"https:\/\/fmpatagoniamadryn.com.ar\/?p=26110","title":{"rendered":"Convocan a la segunda jornada gratuita del autotest del virus del Papiloma humano"},"content":{"rendered":"\n<p class=\"wp-block-paragraph\">A partir de un trabajo conjunto entre la Subsecretar\u00eda de Atenci\u00f3n Primaria de la Salud de la Municipalidad de Puerto Madryn y SEROS, contin\u00faa la campa\u00f1a de detecci\u00f3n temprana del Virus del Papiloma Humano (VPH), destinada a las afiliadas a dicha obra social que se desempe\u00f1an en el \u00e1mbito de la Comuna. Con el objetivo de promover el acceso a los controles m\u00e9dicos, la segunda jornada se llevar\u00e1 a cabo el jueves 3 de septiembre.<\/p>\n\n\n\n<p class=\"wp-block-paragraph\">La propuesta est\u00e1 pensada para afiliadas a SEROS, que tengan entre 30 y 65 a\u00f1os, que desarrollen sus funciones en la Municipalidad de Puerto Madryn. En el marco de las acciones de concientizaci\u00f3n sobre la importancia del examen ginecol\u00f3gico peri\u00f3dico, la vacunaci\u00f3n y el test de VPH, se efectuar\u00e1n las tomas de muestras para garantizar una estrategia preventiva eficaz.<\/p>\n\n\n\n<p class=\"wp-block-paragraph\">La actividad tendr\u00e1 lugar en el Sal\u00f3n de los Espejos del Albergue Municipal, ubicado en 9 de julio y Bouchard (ingreso por 9 de julio) el jueves 3 de septiembre de 9 a 12 horas. Las interesadas deben registrarse en https:\/\/www.issys.gov.ar\/plan-de-autotest-vph\/<\/p>\n\n\n\n<p class=\"wp-block-paragraph\">En cuanto a las condiciones, es necesario no encontrarse menstruando el d\u00eda del estudio. En las 48 horas previas, no haber mantenido relaciones sexuales, no utilizar \u00f3vulos, cremas ni medicamentos vaginales y no realizar duchas vaginales. Asimismo, no estar cursando un embarazo (salvo indicaci\u00f3n m\u00e9dica).<\/p>\n\n\n\n<p class=\"wp-block-paragraph\">Cabe mencionar que la detecci\u00f3n temprana del VPH permite identificar infecciones de alto riesgo antes de que produzcan lesiones. De este modo, posibilita el seguimiento oportuno y disminuye significativamente la incidencia del c\u00e1ncer de cuello uterino. Por lo tanto, la campa\u00f1a tiene como objetivo acercar el test a las mujeres que, por distintos motivos, no realizan los controles en tiempo y forma.<\/p>\n","protected":false},"excerpt":{"rendered":"<p>La campa\u00f1a, destinada a agentes municipales afiliadas a Seros, ser\u00e1 el 3 de septiembre con el objetivo de fortalecer las acciones de promoci\u00f3n de la salud<\/p>\n","protected":false},"author":4,"featured_media":26109,"comment_status":"closed","ping_status":"closed","sticky":false,"template":"","format":"standard","meta":{"footnotes":""},"categories":[189],"tags":[],"class_list":["post-26110","post","type-post","status-publish","format-standard","has-post-thumbnail","hentry","category-salud"],"yoast_head":"<!-- This site is optimized with the Yoast SEO plugin v28.3 - https:\/\/yoast.com\/product\/yoast-seo-wordpress\/ -->\n<title>Convocan a la segunda jornada gratuita del autotest del virus del Papiloma humano - FM Patagonia Madryn<\/title>\n<meta name=\"robots\" content=\"index, follow, max-snippet:-1, max-image-preview:large, max-video-preview:-1\" \/>\n<link rel=\"canonical\" href=\"https:\/\/fmpatagoniamadryn.com.ar\/?p=26110\" \/>\n<meta property=\"og:locale\" content=\"es_ES\" \/>\n<meta property=\"og:type\" content=\"article\" \/>\n<meta property=\"og:title\" content=\"Convocan a la segunda jornada gratuita del autotest del virus del Papiloma humano - FM Patagonia Madryn\" \/>\n<meta property=\"og:description\" content=\"La campa\u00f1a, destinada a agentes municipales afiliadas a Seros, ser\u00e1 el 3 de septiembre con el objetivo de fortalecer las acciones de promoci\u00f3n de la salud\" \/>\n<meta property=\"og:url\" content=\"https:\/\/fmpatagoniamadryn.com.ar\/?p=26110\" \/>\n<meta property=\"og:site_name\" content=\"FM Patagonia Madryn\" \/>\n<meta property=\"article:published_time\" content=\"2026-08-31T16:18:06+00:00\" \/>\n<meta property=\"og:image\" content=\"https:\/\/fmpatagoniamadryn.com.ar\/wp-content\/uploads\/2026\/08\/277dccea-a3d6-4aeb-b318-04b336b4dded.jpg\" \/>\n\t<meta property=\"og:image:width\" content=\"1600\" \/>\n\t<meta property=\"og:image:height\" content=\"1066\" \/>\n\t<meta property=\"og:image:type\" content=\"image\/jpeg\" \/>\n<meta name=\"author\" content=\"FM Patagonia\" \/>\n<meta name=\"twitter:card\" content=\"summary_large_image\" \/>\n<meta name=\"twitter:label1\" content=\"Escrito por\" \/>\n\t<meta name=\"twitter:data1\" content=\"FM Patagonia\" \/>\n\t<meta name=\"twitter:label2\" content=\"Tiempo de lectura\" \/>\n\t<meta name=\"twitter:data2\" content=\"1 minuto\" \/>\n<script type=\"application\/ld+json\" class=\"yoast-schema-graph\">{\"@context\":\"https:\\\/\\\/schema.org\",\"@graph\":[{\"@type\":\"Article\",\"@id\":\"https:\\\/\\\/fmpatagoniamadryn.com.ar\\\/?p=26110#article\",\"isPartOf\":{\"@id\":\"https:\\\/\\\/fmpatagoniamadryn.com.ar\\\/?p=26110\"},\"author\":{\"name\":\"FM Patagonia\",\"@id\":\"https:\\\/\\\/fmpatagoniamadryn.com.ar\\\/#\\\/schema\\\/person\\\/97b1d30cb2ae311544a88a5201700571\"},\"headline\":\"Convocan a la segunda jornada gratuita del autotest del virus del Papiloma humano\",\"datePublished\":\"2026-08-31T16:18:06+00:00\",\"mainEntityOfPage\":{\"@id\":\"https:\\\/\\\/fmpatagoniamadryn.com.ar\\\/?p=26110\"},\"wordCount\":311,\"publisher\":{\"@id\":\"https:\\\/\\\/fmpatagoniamadryn.com.ar\\\/#organization\"},\"image\":{\"@id\":\"https:\\\/\\\/fmpatagoniamadryn.com.ar\\\/?p=26110#primaryimage\"},\"thumbnailUrl\":\"https:\\\/\\\/fmpatagoniamadryn.com.ar\\\/wp-content\\\/uploads\\\/2026\\\/08\\\/277dccea-a3d6-4aeb-b318-04b336b4dded.jpg\",\"articleSection\":[\"Salud\"],\"inLanguage\":\"es\"},{\"@type\":\"WebPage\",\"@id\":\"https:\\\/\\\/fmpatagoniamadryn.com.ar\\\/?p=26110\",\"url\":\"https:\\\/\\\/fmpatagoniamadryn.com.ar\\\/?p=26110\",\"name\":\"Convocan a la segunda jornada gratuita del autotest del virus del Papiloma humano - FM Patagonia Madryn\",\"isPartOf\":{\"@id\":\"https:\\\/\\\/fmpatagoniamadryn.com.ar\\\/#website\"},\"primaryImageOfPage\":{\"@id\":\"https:\\\/\\\/fmpatagoniamadryn.com.ar\\\/?p=26110#primaryimage\"},\"image\":{\"@id\":\"https:\\\/\\\/fmpatagoniamadryn.com.ar\\\/?p=26110#primaryimage\"},\"thumbnailUrl\":\"https:\\\/\\\/fmpatagoniamadryn.com.ar\\\/wp-content\\\/uploads\\\/2026\\\/08\\\/277dccea-a3d6-4aeb-b318-04b336b4dded.jpg\",\"datePublished\":\"2026-08-31T16:18:06+00:00\",\"breadcrumb\":{\"@id\":\"https:\\\/\\\/fmpatagoniamadryn.com.ar\\\/?p=26110#breadcrumb\"},\"inLanguage\":\"es\",\"potentialAction\":[{\"@type\":\"ReadAction\",\"target\":[\"https:\\\/\\\/fmpatagoniamadryn.com.ar\\\/?p=26110\"]}]},{\"@type\":\"ImageObject\",\"inLanguage\":\"es\",\"@id\":\"https:\\\/\\\/fmpatagoniamadryn.com.ar\\\/?p=26110#primaryimage\",\"url\":\"https:\\\/\\\/fmpatagoniamadryn.com.ar\\\/wp-content\\\/uploads\\\/2026\\\/08\\\/277dccea-a3d6-4aeb-b318-04b336b4dded.jpg\",\"contentUrl\":\"https:\\\/\\\/fmpatagoniamadryn.com.ar\\\/wp-content\\\/uploads\\\/2026\\\/08\\\/277dccea-a3d6-4aeb-b318-04b336b4dded.jpg\",\"width\":1600,\"height\":1066},{\"@type\":\"BreadcrumbList\",\"@id\":\"https:\\\/\\\/fmpatagoniamadryn.com.ar\\\/?p=26110#breadcrumb\",\"itemListElement\":[{\"@type\":\"ListItem\",\"position\":1,\"name\":\"Portada\",\"item\":\"https:\\\/\\\/fmpatagoniamadryn.com.ar\\\/\"},{\"@type\":\"ListItem\",\"position\":2,\"name\":\"Convocan a la segunda jornada gratuita del autotest del virus del Papiloma humano\"}]},{\"@type\":\"WebSite\",\"@id\":\"https:\\\/\\\/fmpatagoniamadryn.com.ar\\\/#website\",\"url\":\"https:\\\/\\\/fmpatagoniamadryn.com.ar\\\/\",\"name\":\"FM Patagonia Madryn\",\"description\":\"Radio Patagonia 105.5\",\"publisher\":{\"@id\":\"https:\\\/\\\/fmpatagoniamadryn.com.ar\\\/#organization\"},\"potentialAction\":[{\"@type\":\"SearchAction\",\"target\":{\"@type\":\"EntryPoint\",\"urlTemplate\":\"https:\\\/\\\/fmpatagoniamadryn.com.ar\\\/?s={search_term_string}\"},\"query-input\":{\"@type\":\"PropertyValueSpecification\",\"valueRequired\":true,\"valueName\":\"search_term_string\"}}],\"inLanguage\":\"es\"},{\"@type\":\"Organization\",\"@id\":\"https:\\\/\\\/fmpatagoniamadryn.com.ar\\\/#organization\",\"name\":\"FM Patagonia Madryn\",\"url\":\"https:\\\/\\\/fmpatagoniamadryn.com.ar\\\/\",\"logo\":{\"@type\":\"ImageObject\",\"inLanguage\":\"es\",\"@id\":\"https:\\\/\\\/fmpatagoniamadryn.com.ar\\\/#\\\/schema\\\/logo\\\/image\\\/\",\"url\":\"https:\\\/\\\/fmpatagoniamadryn.com.ar\\\/wp-content\\\/uploads\\\/2023\\\/01\\\/cropped-Diseno-sin-titulo.png\",\"contentUrl\":\"https:\\\/\\\/fmpatagoniamadryn.com.ar\\\/wp-content\\\/uploads\\\/2023\\\/01\\\/cropped-Diseno-sin-titulo.png\",\"width\":6911,\"height\":2657,\"caption\":\"FM Patagonia Madryn\"},\"image\":{\"@id\":\"https:\\\/\\\/fmpatagoniamadryn.com.ar\\\/#\\\/schema\\\/logo\\\/image\\\/\"}},{\"@type\":\"Person\",\"@id\":\"https:\\\/\\\/fmpatagoniamadryn.com.ar\\\/#\\\/schema\\\/person\\\/97b1d30cb2ae311544a88a5201700571\",\"name\":\"FM Patagonia\",\"url\":\"https:\\\/\\\/fmpatagoniamadryn.com.ar\\\/?author=4\"}]}<\/script>\n<!-- \/ Yoast SEO plugin. -->","yoast_head_json":{"title":"Convocan a la segunda jornada gratuita del autotest del virus del Papiloma humano - FM Patagonia Madryn","robots":{"index":"index","follow":"follow","max-snippet":"max-snippet:-1","max-image-preview":"max-image-preview:large","max-video-preview":"max-video-preview:-1"},"canonical":"https:\/\/fmpatagoniamadryn.com.ar\/?p=26110","og_locale":"es_ES","og_type":"article","og_title":"Convocan a la segunda jornada gratuita del autotest del virus del Papiloma humano - FM Patagonia Madryn","og_description":"La campa\u00f1a, destinada a agentes municipales afiliadas a Seros, ser\u00e1 el 3 de septiembre con el objetivo de fortalecer las acciones de promoci\u00f3n de la salud","og_url":"https:\/\/fmpatagoniamadryn.com.ar\/?p=26110","og_site_name":"FM Patagonia Madryn","article_published_time":"2026-08-31T16:18:06+00:00","og_image":[{"width":1600,"height":1066,"url":"https:\/\/fmpatagoniamadryn.com.ar\/wp-content\/uploads\/2026\/08\/277dccea-a3d6-4aeb-b318-04b336b4dded.jpg","type":"image\/jpeg"}],"author":"FM Patagonia","twitter_card":"summary_large_image","twitter_misc":{"Escrito por":"FM Patagonia","Tiempo de lectura":"1 minuto"},"schema":{"@context":"https:\/\/schema.org","@graph":[{"@type":"Article","@id":"https:\/\/fmpatagoniamadryn.com.ar\/?p=26110#article","isPartOf":{"@id":"https:\/\/fmpatagoniamadryn.com.ar\/?p=26110"},"author":{"name":"FM Patagonia","@id":"https:\/\/fmpatagoniamadryn.com.ar\/#\/schema\/person\/97b1d30cb2ae311544a88a5201700571"},"headline":"Convocan a la segunda jornada gratuita del autotest del virus del Papiloma humano","datePublished":"2026-08-31T16:18:06+00:00","mainEntityOfPage":{"@id":"https:\/\/fmpatagoniamadryn.com.ar\/?p=26110"},"wordCount":311,"publisher":{"@id":"https:\/\/fmpatagoniamadryn.com.ar\/#organization"},"image":{"@id":"https:\/\/fmpatagoniamadryn.com.ar\/?p=26110#primaryimage"},"thumbnailUrl":"https:\/\/fmpatagoniamadryn.com.ar\/wp-content\/uploads\/2026\/08\/277dccea-a3d6-4aeb-b318-04b336b4dded.jpg","articleSection":["Salud"],"inLanguage":"es"},{"@type":"WebPage","@id":"https:\/\/fmpatagoniamadryn.com.ar\/?p=26110","url":"https:\/\/fmpatagoniamadryn.com.ar\/?p=26110","name":"Convocan a la segunda jornada gratuita del autotest del virus del Papiloma humano - FM Patagonia Madryn","isPartOf":{"@id":"https:\/\/fmpatagoniamadryn.com.ar\/#website"},"primaryImageOfPage":{"@id":"https:\/\/fmpatagoniamadryn.com.ar\/?p=26110#primaryimage"},"image":{"@id":"https:\/\/fmpatagoniamadryn.com.ar\/?p=26110#primaryimage"},"thumbnailUrl":"https:\/\/fmpatagoniamadryn.com.ar\/wp-content\/uploads\/2026\/08\/277dccea-a3d6-4aeb-b318-04b336b4dded.jpg","datePublished":"2026-08-31T16:18:06+00:00","breadcrumb":{"@id":"https:\/\/fmpatagoniamadryn.com.ar\/?p=26110#breadcrumb"},"inLanguage":"es","potentialAction":[{"@type":"ReadAction","target":["https:\/\/fmpatagoniamadryn.com.ar\/?p=26110"]}]},{"@type":"ImageObject","inLanguage":"es","@id":"https:\/\/fmpatagoniamadryn.com.ar\/?p=26110#primaryimage","url":"https:\/\/fmpatagoniamadryn.com.ar\/wp-content\/uploads\/2026\/08\/277dccea-a3d6-4aeb-b318-04b336b4dded.jpg","contentUrl":"https:\/\/fmpatagoniamadryn.com.ar\/wp-content\/uploads\/2026\/08\/277dccea-a3d6-4aeb-b318-04b336b4dded.jpg","width":1600,"height":1066},{"@type":"BreadcrumbList","@id":"https:\/\/fmpatagoniamadryn.com.ar\/?p=26110#breadcrumb","itemListElement":[{"@type":"ListItem","position":1,"name":"Portada","item":"https:\/\/fmpatagoniamadryn.com.ar\/"},{"@type":"ListItem","position":2,"name":"Convocan a la segunda jornada gratuita del autotest del virus del Papiloma humano"}]},{"@type":"WebSite","@id":"https:\/\/fmpatagoniamadryn.com.ar\/#website","url":"https:\/\/fmpatagoniamadryn.com.ar\/","name":"FM Patagonia Madryn","description":"Radio Patagonia 105.5","publisher":{"@id":"https:\/\/fmpatagoniamadryn.com.ar\/#organization"},"potentialAction":[{"@type":"SearchAction","target":{"@type":"EntryPoint","urlTemplate":"https:\/\/fmpatagoniamadryn.com.ar\/?s={search_term_string}"},"query-input":{"@type":"PropertyValueSpecification","valueRequired":true,"valueName":"search_term_string"}}],"inLanguage":"es"},{"@type":"Organization","@id":"https:\/\/fmpatagoniamadryn.com.ar\/#organization","name":"FM Patagonia Madryn","url":"https:\/\/fmpatagoniamadryn.com.ar\/","logo":{"@type":"ImageObject","inLanguage":"es","@id":"https:\/\/fmpatagoniamadryn.com.ar\/#\/schema\/logo\/image\/","url":"https:\/\/fmpatagoniamadryn.com.ar\/wp-content\/uploads\/2023\/01\/cropped-Diseno-sin-titulo.png","contentUrl":"https:\/\/fmpatagoniamadryn.com.ar\/wp-content\/uploads\/2023\/01\/cropped-Diseno-sin-titulo.png","width":6911,"height":2657,"caption":"FM Patagonia Madryn"},"image":{"@id":"https:\/\/fmpatagoniamadryn.com.ar\/#\/schema\/logo\/image\/"}},{"@type":"Person","@id":"https:\/\/fmpatagoniamadryn.com.ar\/#\/schema\/person\/97b1d30cb2ae311544a88a5201700571","name":"FM Patagonia","url":"https:\/\/fmpatagoniamadryn.com.ar\/?author=4"}]}},"jetpack_featured_media_url":"https:\/\/fmpatagoniamadryn.com.ar\/wp-content\/uploads\/2026\/08\/277dccea-a3d6-4aeb-b318-04b336b4dded.jpg","_links":{"self":[{"href":"https:\/\/fmpatagoniamadryn.com.ar\/index.php?rest_route=\/wp\/v2\/posts\/26110","targetHints":{"allow":["GET"]}}],"collection":[{"href":"https:\/\/fmpatagoniamadryn.com.ar\/index.php?rest_route=\/wp\/v2\/posts"}],"about":[{"href":"https:\/\/fmpatagoniamadryn.com.ar\/index.php?rest_route=\/wp\/v2\/types\/post"}],"author":[{"embeddable":true,"href":"https:\/\/fmpatagoniamadryn.com.ar\/index.php?rest_route=\/wp\/v2\/users\/4"}],"replies":[{"embeddable":true,"href":"https:\/\/fmpatagoniamadryn.com.ar\/index.php?rest_route=%2Fwp%2Fv2%2Fcomments&post=26110"}],"version-history":[{"count":1,"href":"https:\/\/fmpatagoniamadryn.com.ar\/index.php?rest_route=\/wp\/v2\/posts\/26110\/revisions"}],"predecessor-version":[{"id":26111,"href":"https:\/\/fmpatagoniamadryn.com.ar\/index.php?rest_route=\/wp\/v2\/posts\/26110\/revisions\/26111"}],"wp:featuredmedia":[{"embeddable":true,"href":"https:\/\/fmpatagoniamadryn.com.ar\/index.php?rest_route=\/wp\/v2\/media\/26109"}],"wp:attachment":[{"href":"https:\/\/fmpatagoniamadryn.com.ar\/index.php?rest_route=%2Fwp%2Fv2%2Fmedia&parent=26110"}],"wp:term":[{"taxonomy":"category","embeddable":true,"href":"https:\/\/fmpatagoniamadryn.com.ar\/index.php?rest_route=%2Fwp%2Fv2%2Fcategories&post=26110"},{"taxonomy":"post_tag","embeddable":true,"href":"https:\/\/fmpatagoniamadryn.com.ar\/index.php?rest_route=%2Fwp%2Fv2%2Ftags&post=26110"}],"curies":[{"name":"wp","href":"https:\/\/api.w.org\/{rel}","templated":true}]}}