{"id":26113,"date":"2026-08-31T13:30:00","date_gmt":"2026-08-31T16:30:00","guid":{"rendered":"https:\/\/fmpatagoniamadryn.com.ar\/?p=26113"},"modified":"2026-08-31T13:19:31","modified_gmt":"2026-08-31T16:19:31","slug":"inicio-la-capacitacion-accesibilidad-juventudes-y-proyectos-solidarios-en-la-escuela-secundaria","status":"publish","type":"post","link":"https:\/\/fmpatagoniamadryn.com.ar\/?p=26113","title":{"rendered":"Inici\u00f3 la capacitacion \u201cACCESIBILIDAD, JUVENTUDES Y PROYECTOS SOLIDARIOS EN LA ESCUELA SECUNDARIA\u201d"},"content":{"rendered":"\n<p class=\"wp-block-paragraph\">La Municipalidad de Puerto Madryn inform\u00f3 que comenz\u00f3 la capacitaci\u00f3n docente \u00abAccesibilidad, juventudes y proyectos solidarios en la escuela secundaria\u00bb. El primer encuentro tuvo lugar en las instalaciones del Colegio Municipal de Pesca N\u00ba 2701 y convoc\u00f3 a docentes de nivel secundario de diversas instituciones de la ciudad.<\/p>\n\n\n\n<p class=\"wp-block-paragraph\">La propuesta, &nbsp;que cuenta con el auspicio de la empresa Aluar, tiene como finalidad promover un intercambio de miradas en torno a las pr\u00e1cticas y proyectos solidarios escolares, problematizando el modelo asistencialista y orientando la reflexi\u00f3n hacia un enfoque basado en la justicia social y la accesibilidad universal. Se busca as\u00ed fortalecer el rol de los y las j\u00f3venes como agentes de cambio en la comunidad de Puerto Madryn y consolidar las experiencias educativas solidarias.<\/p>\n\n\n\n<p class=\"wp-block-paragraph\">En esta oportunidad, las capacitadoras J\u00e9ssica Murphy, Mariana Grandmontagne y Mabel Jofr\u00e9 desarrollaron conceptos vinculados con ciudadan\u00eda, juventudes, caridad, solidaridad y participaci\u00f3n, destacando la importancia de las vinculaciones institucionales, en territorio y en pos del acceso a derechos.<\/p>\n\n\n\n<p class=\"wp-block-paragraph\">Cabe destacar que el segundo encuentro se realizar\u00e1 el s\u00e1bado 5 de septiembre, de 9 a 13 horas. Posteriormente habr\u00e1 un seguimiento tutorial y una tercer jornada en octubre, para cerrar con una exposici\u00f3n en la que docentes y estudiantes mostrar\u00e1n sus proyectos, en el marco del D\u00eda del Estudiante Solidario. Quienes deseen sumarse pueden consultar al mail coordinacionedu@madryn.gob.ar<\/p>\n\n\n\n<p class=\"wp-block-paragraph\">La propuesta es organizada por la Secretar\u00eda de Educaci\u00f3n, Cultura y Deportes, a trav\u00e9s de la Subsecretar\u00eda de Educaci\u00f3n; la Secretar\u00eda de Desarrollo Comunitario, a trav\u00e9s de la Subsecretar\u00eda de Atenci\u00f3n Primaria de la Salud y la Direcci\u00f3n General Integral de Discapacidad.<\/p>\n","protected":false},"excerpt":{"rendered":"<p>El primer encuentro se realiz\u00f3 en el Colegio Municipal de Pesca N\u00ba 2701, con la participaci\u00f3n de docentes de distintas instituciones de la ciudad<\/p>\n","protected":false},"author":4,"featured_media":26112,"comment_status":"closed","ping_status":"closed","sticky":false,"template":"","format":"standard","meta":{"footnotes":""},"categories":[170],"tags":[],"class_list":["post-26113","post","type-post","status-publish","format-standard","has-post-thumbnail","hentry","category-educacion"],"yoast_head":"<!-- This site is optimized with the Yoast SEO plugin v28.3 - https:\/\/yoast.com\/product\/yoast-seo-wordpress\/ -->\n<title>Inici\u00f3 la capacitacion \u201cACCESIBILIDAD, JUVENTUDES Y PROYECTOS SOLIDARIOS EN LA ESCUELA SECUNDARIA\u201d - FM Patagonia Madryn<\/title>\n<meta name=\"robots\" content=\"index, follow, max-snippet:-1, max-image-preview:large, max-video-preview:-1\" \/>\n<link rel=\"canonical\" href=\"https:\/\/fmpatagoniamadryn.com.ar\/?p=26113\" \/>\n<meta property=\"og:locale\" content=\"es_ES\" \/>\n<meta property=\"og:type\" content=\"article\" \/>\n<meta property=\"og:title\" content=\"Inici\u00f3 la capacitacion \u201cACCESIBILIDAD, JUVENTUDES Y PROYECTOS SOLIDARIOS EN LA ESCUELA SECUNDARIA\u201d - FM Patagonia Madryn\" \/>\n<meta property=\"og:description\" content=\"El primer encuentro se realiz\u00f3 en el Colegio Municipal de Pesca N\u00ba 2701, con la participaci\u00f3n de docentes de distintas instituciones de la ciudad\" \/>\n<meta property=\"og:url\" content=\"https:\/\/fmpatagoniamadryn.com.ar\/?p=26113\" \/>\n<meta property=\"og:site_name\" content=\"FM Patagonia Madryn\" \/>\n<meta property=\"article:published_time\" content=\"2026-08-31T16:30:00+00:00\" \/>\n<meta property=\"og:image\" content=\"https:\/\/fmpatagoniamadryn.com.ar\/wp-content\/uploads\/2026\/08\/624ada10-7245-481c-bdd4-189c751effef.jpg\" \/>\n\t<meta property=\"og:image:width\" content=\"1600\" \/>\n\t<meta property=\"og:image:height\" content=\"1200\" \/>\n\t<meta property=\"og:image:type\" content=\"image\/jpeg\" \/>\n<meta name=\"author\" content=\"FM Patagonia\" \/>\n<meta name=\"twitter:card\" content=\"summary_large_image\" \/>\n<meta name=\"twitter:label1\" content=\"Escrito por\" \/>\n\t<meta name=\"twitter:data1\" content=\"FM Patagonia\" \/>\n\t<meta name=\"twitter:label2\" content=\"Tiempo de lectura\" \/>\n\t<meta name=\"twitter:data2\" content=\"1 minuto\" \/>\n<script type=\"application\/ld+json\" class=\"yoast-schema-graph\">{\"@context\":\"https:\\\/\\\/schema.org\",\"@graph\":[{\"@type\":\"Article\",\"@id\":\"https:\\\/\\\/fmpatagoniamadryn.com.ar\\\/?p=26113#article\",\"isPartOf\":{\"@id\":\"https:\\\/\\\/fmpatagoniamadryn.com.ar\\\/?p=26113\"},\"author\":{\"name\":\"FM Patagonia\",\"@id\":\"https:\\\/\\\/fmpatagoniamadryn.com.ar\\\/#\\\/schema\\\/person\\\/97b1d30cb2ae311544a88a5201700571\"},\"headline\":\"Inici\u00f3 la capacitacion \u201cACCESIBILIDAD, JUVENTUDES Y PROYECTOS SOLIDARIOS EN LA ESCUELA SECUNDARIA\u201d\",\"datePublished\":\"2026-08-31T16:30:00+00:00\",\"mainEntityOfPage\":{\"@id\":\"https:\\\/\\\/fmpatagoniamadryn.com.ar\\\/?p=26113\"},\"wordCount\":295,\"publisher\":{\"@id\":\"https:\\\/\\\/fmpatagoniamadryn.com.ar\\\/#organization\"},\"image\":{\"@id\":\"https:\\\/\\\/fmpatagoniamadryn.com.ar\\\/?p=26113#primaryimage\"},\"thumbnailUrl\":\"https:\\\/\\\/fmpatagoniamadryn.com.ar\\\/wp-content\\\/uploads\\\/2026\\\/08\\\/624ada10-7245-481c-bdd4-189c751effef.jpg\",\"articleSection\":[\"Educaci\u00f3n\"],\"inLanguage\":\"es\"},{\"@type\":\"WebPage\",\"@id\":\"https:\\\/\\\/fmpatagoniamadryn.com.ar\\\/?p=26113\",\"url\":\"https:\\\/\\\/fmpatagoniamadryn.com.ar\\\/?p=26113\",\"name\":\"Inici\u00f3 la capacitacion \u201cACCESIBILIDAD, JUVENTUDES Y PROYECTOS SOLIDARIOS EN LA ESCUELA SECUNDARIA\u201d - FM Patagonia Madryn\",\"isPartOf\":{\"@id\":\"https:\\\/\\\/fmpatagoniamadryn.com.ar\\\/#website\"},\"primaryImageOfPage\":{\"@id\":\"https:\\\/\\\/fmpatagoniamadryn.com.ar\\\/?p=26113#primaryimage\"},\"image\":{\"@id\":\"https:\\\/\\\/fmpatagoniamadryn.com.ar\\\/?p=26113#primaryimage\"},\"thumbnailUrl\":\"https:\\\/\\\/fmpatagoniamadryn.com.ar\\\/wp-content\\\/uploads\\\/2026\\\/08\\\/624ada10-7245-481c-bdd4-189c751effef.jpg\",\"datePublished\":\"2026-08-31T16:30:00+00:00\",\"breadcrumb\":{\"@id\":\"https:\\\/\\\/fmpatagoniamadryn.com.ar\\\/?p=26113#breadcrumb\"},\"inLanguage\":\"es\",\"potentialAction\":[{\"@type\":\"ReadAction\",\"target\":[\"https:\\\/\\\/fmpatagoniamadryn.com.ar\\\/?p=26113\"]}]},{\"@type\":\"ImageObject\",\"inLanguage\":\"es\",\"@id\":\"https:\\\/\\\/fmpatagoniamadryn.com.ar\\\/?p=26113#primaryimage\",\"url\":\"https:\\\/\\\/fmpatagoniamadryn.com.ar\\\/wp-content\\\/uploads\\\/2026\\\/08\\\/624ada10-7245-481c-bdd4-189c751effef.jpg\",\"contentUrl\":\"https:\\\/\\\/fmpatagoniamadryn.com.ar\\\/wp-content\\\/uploads\\\/2026\\\/08\\\/624ada10-7245-481c-bdd4-189c751effef.jpg\",\"width\":1600,\"height\":1200},{\"@type\":\"BreadcrumbList\",\"@id\":\"https:\\\/\\\/fmpatagoniamadryn.com.ar\\\/?p=26113#breadcrumb\",\"itemListElement\":[{\"@type\":\"ListItem\",\"position\":1,\"name\":\"Portada\",\"item\":\"https:\\\/\\\/fmpatagoniamadryn.com.ar\\\/\"},{\"@type\":\"ListItem\",\"position\":2,\"name\":\"Inici\u00f3 la capacitacion \u201cACCESIBILIDAD, JUVENTUDES Y PROYECTOS SOLIDARIOS EN LA ESCUELA SECUNDARIA\u201d\"}]},{\"@type\":\"WebSite\",\"@id\":\"https:\\\/\\\/fmpatagoniamadryn.com.ar\\\/#website\",\"url\":\"https:\\\/\\\/fmpatagoniamadryn.com.ar\\\/\",\"name\":\"FM Patagonia Madryn\",\"description\":\"Radio Patagonia 105.5\",\"publisher\":{\"@id\":\"https:\\\/\\\/fmpatagoniamadryn.com.ar\\\/#organization\"},\"potentialAction\":[{\"@type\":\"SearchAction\",\"target\":{\"@type\":\"EntryPoint\",\"urlTemplate\":\"https:\\\/\\\/fmpatagoniamadryn.com.ar\\\/?s={search_term_string}\"},\"query-input\":{\"@type\":\"PropertyValueSpecification\",\"valueRequired\":true,\"valueName\":\"search_term_string\"}}],\"inLanguage\":\"es\"},{\"@type\":\"Organization\",\"@id\":\"https:\\\/\\\/fmpatagoniamadryn.com.ar\\\/#organization\",\"name\":\"FM Patagonia Madryn\",\"url\":\"https:\\\/\\\/fmpatagoniamadryn.com.ar\\\/\",\"logo\":{\"@type\":\"ImageObject\",\"inLanguage\":\"es\",\"@id\":\"https:\\\/\\\/fmpatagoniamadryn.com.ar\\\/#\\\/schema\\\/logo\\\/image\\\/\",\"url\":\"https:\\\/\\\/fmpatagoniamadryn.com.ar\\\/wp-content\\\/uploads\\\/2023\\\/01\\\/cropped-Diseno-sin-titulo.png\",\"contentUrl\":\"https:\\\/\\\/fmpatagoniamadryn.com.ar\\\/wp-content\\\/uploads\\\/2023\\\/01\\\/cropped-Diseno-sin-titulo.png\",\"width\":6911,\"height\":2657,\"caption\":\"FM Patagonia Madryn\"},\"image\":{\"@id\":\"https:\\\/\\\/fmpatagoniamadryn.com.ar\\\/#\\\/schema\\\/logo\\\/image\\\/\"}},{\"@type\":\"Person\",\"@id\":\"https:\\\/\\\/fmpatagoniamadryn.com.ar\\\/#\\\/schema\\\/person\\\/97b1d30cb2ae311544a88a5201700571\",\"name\":\"FM Patagonia\",\"url\":\"https:\\\/\\\/fmpatagoniamadryn.com.ar\\\/?author=4\"}]}<\/script>\n<!-- \/ Yoast SEO plugin. -->","yoast_head_json":{"title":"Inici\u00f3 la capacitacion \u201cACCESIBILIDAD, JUVENTUDES Y PROYECTOS SOLIDARIOS EN LA ESCUELA SECUNDARIA\u201d - FM Patagonia Madryn","robots":{"index":"index","follow":"follow","max-snippet":"max-snippet:-1","max-image-preview":"max-image-preview:large","max-video-preview":"max-video-preview:-1"},"canonical":"https:\/\/fmpatagoniamadryn.com.ar\/?p=26113","og_locale":"es_ES","og_type":"article","og_title":"Inici\u00f3 la capacitacion \u201cACCESIBILIDAD, JUVENTUDES Y PROYECTOS SOLIDARIOS EN LA ESCUELA SECUNDARIA\u201d - FM Patagonia Madryn","og_description":"El primer encuentro se realiz\u00f3 en el Colegio Municipal de Pesca N\u00ba 2701, con la participaci\u00f3n de docentes de distintas instituciones de la ciudad","og_url":"https:\/\/fmpatagoniamadryn.com.ar\/?p=26113","og_site_name":"FM Patagonia Madryn","article_published_time":"2026-08-31T16:30:00+00:00","og_image":[{"width":1600,"height":1200,"url":"https:\/\/fmpatagoniamadryn.com.ar\/wp-content\/uploads\/2026\/08\/624ada10-7245-481c-bdd4-189c751effef.jpg","type":"image\/jpeg"}],"author":"FM Patagonia","twitter_card":"summary_large_image","twitter_misc":{"Escrito por":"FM Patagonia","Tiempo de lectura":"1 minuto"},"schema":{"@context":"https:\/\/schema.org","@graph":[{"@type":"Article","@id":"https:\/\/fmpatagoniamadryn.com.ar\/?p=26113#article","isPartOf":{"@id":"https:\/\/fmpatagoniamadryn.com.ar\/?p=26113"},"author":{"name":"FM Patagonia","@id":"https:\/\/fmpatagoniamadryn.com.ar\/#\/schema\/person\/97b1d30cb2ae311544a88a5201700571"},"headline":"Inici\u00f3 la capacitacion \u201cACCESIBILIDAD, JUVENTUDES Y PROYECTOS SOLIDARIOS EN LA ESCUELA SECUNDARIA\u201d","datePublished":"2026-08-31T16:30:00+00:00","mainEntityOfPage":{"@id":"https:\/\/fmpatagoniamadryn.com.ar\/?p=26113"},"wordCount":295,"publisher":{"@id":"https:\/\/fmpatagoniamadryn.com.ar\/#organization"},"image":{"@id":"https:\/\/fmpatagoniamadryn.com.ar\/?p=26113#primaryimage"},"thumbnailUrl":"https:\/\/fmpatagoniamadryn.com.ar\/wp-content\/uploads\/2026\/08\/624ada10-7245-481c-bdd4-189c751effef.jpg","articleSection":["Educaci\u00f3n"],"inLanguage":"es"},{"@type":"WebPage","@id":"https:\/\/fmpatagoniamadryn.com.ar\/?p=26113","url":"https:\/\/fmpatagoniamadryn.com.ar\/?p=26113","name":"Inici\u00f3 la capacitacion \u201cACCESIBILIDAD, JUVENTUDES Y PROYECTOS SOLIDARIOS EN LA ESCUELA SECUNDARIA\u201d - FM Patagonia Madryn","isPartOf":{"@id":"https:\/\/fmpatagoniamadryn.com.ar\/#website"},"primaryImageOfPage":{"@id":"https:\/\/fmpatagoniamadryn.com.ar\/?p=26113#primaryimage"},"image":{"@id":"https:\/\/fmpatagoniamadryn.com.ar\/?p=26113#primaryimage"},"thumbnailUrl":"https:\/\/fmpatagoniamadryn.com.ar\/wp-content\/uploads\/2026\/08\/624ada10-7245-481c-bdd4-189c751effef.jpg","datePublished":"2026-08-31T16:30:00+00:00","breadcrumb":{"@id":"https:\/\/fmpatagoniamadryn.com.ar\/?p=26113#breadcrumb"},"inLanguage":"es","potentialAction":[{"@type":"ReadAction","target":["https:\/\/fmpatagoniamadryn.com.ar\/?p=26113"]}]},{"@type":"ImageObject","inLanguage":"es","@id":"https:\/\/fmpatagoniamadryn.com.ar\/?p=26113#primaryimage","url":"https:\/\/fmpatagoniamadryn.com.ar\/wp-content\/uploads\/2026\/08\/624ada10-7245-481c-bdd4-189c751effef.jpg","contentUrl":"https:\/\/fmpatagoniamadryn.com.ar\/wp-content\/uploads\/2026\/08\/624ada10-7245-481c-bdd4-189c751effef.jpg","width":1600,"height":1200},{"@type":"BreadcrumbList","@id":"https:\/\/fmpatagoniamadryn.com.ar\/?p=26113#breadcrumb","itemListElement":[{"@type":"ListItem","position":1,"name":"Portada","item":"https:\/\/fmpatagoniamadryn.com.ar\/"},{"@type":"ListItem","position":2,"name":"Inici\u00f3 la capacitacion \u201cACCESIBILIDAD, JUVENTUDES Y PROYECTOS SOLIDARIOS EN LA ESCUELA SECUNDARIA\u201d"}]},{"@type":"WebSite","@id":"https:\/\/fmpatagoniamadryn.com.ar\/#website","url":"https:\/\/fmpatagoniamadryn.com.ar\/","name":"FM Patagonia Madryn","description":"Radio Patagonia 105.5","publisher":{"@id":"https:\/\/fmpatagoniamadryn.com.ar\/#organization"},"potentialAction":[{"@type":"SearchAction","target":{"@type":"EntryPoint","urlTemplate":"https:\/\/fmpatagoniamadryn.com.ar\/?s={search_term_string}"},"query-input":{"@type":"PropertyValueSpecification","valueRequired":true,"valueName":"search_term_string"}}],"inLanguage":"es"},{"@type":"Organization","@id":"https:\/\/fmpatagoniamadryn.com.ar\/#organization","name":"FM Patagonia Madryn","url":"https:\/\/fmpatagoniamadryn.com.ar\/","logo":{"@type":"ImageObject","inLanguage":"es","@id":"https:\/\/fmpatagoniamadryn.com.ar\/#\/schema\/logo\/image\/","url":"https:\/\/fmpatagoniamadryn.com.ar\/wp-content\/uploads\/2023\/01\/cropped-Diseno-sin-titulo.png","contentUrl":"https:\/\/fmpatagoniamadryn.com.ar\/wp-content\/uploads\/2023\/01\/cropped-Diseno-sin-titulo.png","width":6911,"height":2657,"caption":"FM Patagonia Madryn"},"image":{"@id":"https:\/\/fmpatagoniamadryn.com.ar\/#\/schema\/logo\/image\/"}},{"@type":"Person","@id":"https:\/\/fmpatagoniamadryn.com.ar\/#\/schema\/person\/97b1d30cb2ae311544a88a5201700571","name":"FM Patagonia","url":"https:\/\/fmpatagoniamadryn.com.ar\/?author=4"}]}},"jetpack_featured_media_url":"https:\/\/fmpatagoniamadryn.com.ar\/wp-content\/uploads\/2026\/08\/624ada10-7245-481c-bdd4-189c751effef.jpg","_links":{"self":[{"href":"https:\/\/fmpatagoniamadryn.com.ar\/index.php?rest_route=\/wp\/v2\/posts\/26113","targetHints":{"allow":["GET"]}}],"collection":[{"href":"https:\/\/fmpatagoniamadryn.com.ar\/index.php?rest_route=\/wp\/v2\/posts"}],"about":[{"href":"https:\/\/fmpatagoniamadryn.com.ar\/index.php?rest_route=\/wp\/v2\/types\/post"}],"author":[{"embeddable":true,"href":"https:\/\/fmpatagoniamadryn.com.ar\/index.php?rest_route=\/wp\/v2\/users\/4"}],"replies":[{"embeddable":true,"href":"https:\/\/fmpatagoniamadryn.com.ar\/index.php?rest_route=%2Fwp%2Fv2%2Fcomments&post=26113"}],"version-history":[{"count":1,"href":"https:\/\/fmpatagoniamadryn.com.ar\/index.php?rest_route=\/wp\/v2\/posts\/26113\/revisions"}],"predecessor-version":[{"id":26114,"href":"https:\/\/fmpatagoniamadryn.com.ar\/index.php?rest_route=\/wp\/v2\/posts\/26113\/revisions\/26114"}],"wp:featuredmedia":[{"embeddable":true,"href":"https:\/\/fmpatagoniamadryn.com.ar\/index.php?rest_route=\/wp\/v2\/media\/26112"}],"wp:attachment":[{"href":"https:\/\/fmpatagoniamadryn.com.ar\/index.php?rest_route=%2Fwp%2Fv2%2Fmedia&parent=26113"}],"wp:term":[{"taxonomy":"category","embeddable":true,"href":"https:\/\/fmpatagoniamadryn.com.ar\/index.php?rest_route=%2Fwp%2Fv2%2Fcategories&post=26113"},{"taxonomy":"post_tag","embeddable":true,"href":"https:\/\/fmpatagoniamadryn.com.ar\/index.php?rest_route=%2Fwp%2Fv2%2Ftags&post=26113"}],"curies":[{"name":"wp","href":"https:\/\/api.w.org\/{rel}","templated":true}]}}