{"id":26116,"date":"2026-08-31T17:00:00","date_gmt":"2026-08-31T20:00:00","guid":{"rendered":"https:\/\/fmpatagoniamadryn.com.ar\/?p=26116"},"modified":"2026-08-31T13:33:48","modified_gmt":"2026-08-31T16:33:48","slug":"provincia-controlo-mas-de-7-000-vehiculos-y-retiro-de-la-via-publica-a-45-conductores-durante-el-fin-de-semana","status":"publish","type":"post","link":"https:\/\/fmpatagoniamadryn.com.ar\/?p=26116","title":{"rendered":"Provincia control\u00f3 m\u00e1s de 7.000 veh\u00edculos y retir\u00f3 de la v\u00eda p\u00fablica a 45 conductores durante el fin de semana"},"content":{"rendered":"\n<p class=\"wp-block-paragraph\">El Gobierno del Chubut, a trav\u00e9s del Ministerio de Seguridad y Justicia, llev\u00f3 adelante durante el fin de semana un amplio despliegue de operativos de fiscalizaci\u00f3n y prevenci\u00f3n vial en rutas, ciudades y accesos de distintos puntos de la provincia. Las tareas estuvieron orientadas a fortalecer la seguridad en la circulaci\u00f3n y prevenir incidentes, especialmente ante las condiciones clim\u00e1ticas adversas que afectan a gran parte del territorio provincial.<\/p>\n\n\n\n<p class=\"wp-block-paragraph\">En total, la Subsecretar\u00eda de Seguridad Vial control\u00f3 7.663 veh\u00edculos, realiz\u00f3 4.157 test de alcoholemia y retir\u00f3 a 45 conductores alcoholizados de la v\u00eda p\u00fablica. Los procedimientos se llevaron adelante de manera coordinada con la Polic\u00eda del Chubut y organismos municipales de Tr\u00e1nsito.<\/p>\n\n\n\n<h2 class=\"wp-block-heading\">Rawson y playa Union<\/h2>\n\n\n\n<p class=\"wp-block-paragraph\">En el despliegue en la capital provincial; los controles tuvieron lugar en los ingresos a la ciudad tanto sobre la Ruta Provincial N\u00ba 7 como en la Ruta Nacional N\u00ba 25 incluyendo los ingresos a Playa Uni\u00f3n.<\/p>\n\n\n\n<p class=\"wp-block-paragraph\">Durante las tareas de prevenci\u00f3n, se controlaron 1.041 veh\u00edculos, se realizaron 804 test de alcoholemia, hubo 3 casos positivos, se labraron 19 infracciones a la Ley Nacional de tr\u00e1nsito.<\/p>\n\n\n\n<h2 class=\"wp-block-heading\">Trelew y Gaiman<\/h2>\n\n\n\n<p class=\"wp-block-paragraph\">En Trelew los operativos se llevaron adelante en distintos puntos del casco urbano y en la periferia de la ciudad como as\u00ed tambi\u00e9n en la Ruta Nacional N\u00ba 3 tanto en el ingreso norte como en el acceso sur.<\/p>\n\n\n\n<p class=\"wp-block-paragraph\">En total, se verificaron 593 veh\u00edculos, se efectuaron 489 test de alcoholemia en los que se detectaron a 15 conductores en estado de ebriedad. Asimismo, se registraron 19 infracciones a la Ley Nacional de Tr\u00e1nsito.<\/p>\n\n\n\n<p class=\"wp-block-paragraph\">En la localidad de Gaiman se registr\u00f3 un resultado positivo en un test de alcoholemia, por lo que se labr\u00f3 el correspondiente acta de infracci\u00f3n, conforme a la normativa vigente.<\/p>\n\n\n\n<h2 class=\"wp-block-heading\">Puerto Madryn<\/h2>\n\n\n\n<p class=\"wp-block-paragraph\">En Puerto Madryn, se controlaron 367 veh\u00edculos en circulaci\u00f3n, se realizaron 32 test de alcoholemia y se detectaron a 3 conductores alcoholizados, se labraron 15 infracciones a la Ley nacional de Tr\u00e1nsito y se retuvieron 8 veh\u00edculos.<\/p>\n\n\n\n<h2 class=\"wp-block-heading\">Comodoro Rivadavia y Rada Tilly<\/h2>\n\n\n\n<p class=\"wp-block-paragraph\">En Comodoro Rivadavia, se llevaron a cabo operativos en distintos puntos de la ciudad y la periferia en el marco de las tareas preventivas que se desarrollan en la regi\u00f3n.<\/p>\n\n\n\n<p class=\"wp-block-paragraph\">En total, se controlaron 1.873 veh\u00edculos, se realizaron 713 test de alcoholemia, se detect\u00f3 a 16 conductores en estado de ebriedad, se labraron 43 infracciones y se retuvieron 2 veh\u00edculos.<\/p>\n\n\n\n<p class=\"wp-block-paragraph\">En la localidad de Rada Tilly se verificaron 93 veh\u00edculos en circulaci\u00f3n y se realizaron 52 test de alcoholemia sin registrarse ning\u00fan tipo de infracci\u00f3n.<\/p>\n\n\n\n<h2 class=\"wp-block-heading\">Camarones<\/h2>\n\n\n\n<p class=\"wp-block-paragraph\">En Camarones se controlaron 71 veh\u00edculos, no se realizaron test de alcoholemia y se elaboraron 2 infracciones.<\/p>\n\n\n\n<h2 class=\"wp-block-heading\">Comarca Andina<\/h2>\n\n\n\n<p class=\"wp-block-paragraph\">Las tareas de prevenci\u00f3n tuvieron lugar sobre las rutas y accesos a Cholila, El Mait\u00e9n, El Hoyo y Lago Puelo con un total de 725 veh\u00edculos verificados en diversos controles.<\/p>\n\n\n\n<p class=\"wp-block-paragraph\">En estos operativos, se efectuaron 269 test de alcoholemia, se comprob\u00f3 un caso positivo, se labraron 15 infracciones y se retuvieron 2 autom\u00f3viles.<\/p>\n\n\n\n<h2 class=\"wp-block-heading\">Esquel<\/h2>\n\n\n\n<p class=\"wp-block-paragraph\">En Esquel, se controlaron 1.809 veh\u00edculos, se realizaron 1.732 test de alcoholemia, se comprobaron 6 casos positivos, se labraron 38 infracciones y se retuvieron 2 rodados.<\/p>\n\n\n\n<p class=\"wp-block-paragraph\"><em>Jos\u00e9 de San Mart\u00edn, Paso de Indios, Gobernador Costa, R\u00edo Pico , Atilio Viglione y Tecka<\/em><\/p>\n\n\n\n<p class=\"wp-block-paragraph\">En Jos\u00e9 de San Mart\u00edn, se controlaron 160 veh\u00edculos y se labraron 2 infracciones, en tanto que en Paso de Indios, se controlaron 30 veh\u00edculos y no se generaron infracciones a la Ley Nacional de Tr\u00e1nsito.<\/p>\n\n\n\n<p class=\"wp-block-paragraph\">En Gobernador Costa, se verificaron 180 veh\u00edculos en circulaci\u00f3n y se labr\u00f3 un acta de infracci\u00f3n.<\/p>\n\n\n\n<p class=\"wp-block-paragraph\">En R\u00edo Pico, se controlaron 234 veh\u00edculos y no se generaron infracciones a la Ley Nacional de Tr\u00e1nsito. A su vez en Atilio Viglione se controlaron 8 veh\u00edculos en circulaci\u00f3n.<\/p>\n\n\n\n<p class=\"wp-block-paragraph\">Finalmente en Tecka, se controlaron 478 rodados y se efectuaron 65 test de alcoholemia sin registrar positivos.<\/p>\n","protected":false},"excerpt":{"rendered":"<p>Se retuvieron 14 rodados y se labraron 155 infracciones a la Ley Nacional de Tr\u00e1nsito. El registro de alcoholemias m\u00e1s elevado fue en la ciudad de Esquel con 2,46 g\/l.<\/p>\n","protected":false},"author":4,"featured_media":26115,"comment_status":"closed","ping_status":"closed","sticky":false,"template":"","format":"standard","meta":{"footnotes":""},"categories":[11,14],"tags":[],"class_list":["post-26116","post","type-post","status-publish","format-standard","has-post-thumbnail","hentry","category-policiales","category-provinciales"],"yoast_head":"<!-- This site is optimized with the Yoast SEO plugin v28.3 - https:\/\/yoast.com\/product\/yoast-seo-wordpress\/ -->\n<title>Provincia control\u00f3 m\u00e1s de 7.000 veh\u00edculos y retir\u00f3 de la v\u00eda p\u00fablica a 45 conductores durante el fin de semana - FM Patagonia Madryn<\/title>\n<meta name=\"robots\" content=\"index, follow, max-snippet:-1, max-image-preview:large, max-video-preview:-1\" \/>\n<link rel=\"canonical\" href=\"https:\/\/fmpatagoniamadryn.com.ar\/?p=26116\" \/>\n<meta property=\"og:locale\" content=\"es_ES\" \/>\n<meta property=\"og:type\" content=\"article\" \/>\n<meta property=\"og:title\" content=\"Provincia control\u00f3 m\u00e1s de 7.000 veh\u00edculos y retir\u00f3 de la v\u00eda p\u00fablica a 45 conductores durante el fin de semana - FM Patagonia Madryn\" \/>\n<meta property=\"og:description\" content=\"Se retuvieron 14 rodados y se labraron 155 infracciones a la Ley Nacional de Tr\u00e1nsito. El registro de alcoholemias m\u00e1s elevado fue en la ciudad de Esquel con 2,46 g\/l.\" \/>\n<meta property=\"og:url\" content=\"https:\/\/fmpatagoniamadryn.com.ar\/?p=26116\" \/>\n<meta property=\"og:site_name\" content=\"FM Patagonia Madryn\" \/>\n<meta property=\"article:published_time\" content=\"2026-08-31T20:00:00+00:00\" \/>\n<meta property=\"og:image\" content=\"https:\/\/fmpatagoniamadryn.com.ar\/wp-content\/uploads\/2026\/08\/96e68c34-577d-4dd4-8a72-5d0cb6a96c59.jpg\" \/>\n\t<meta property=\"og:image:width\" content=\"940\" \/>\n\t<meta property=\"og:image:height\" content=\"1527\" \/>\n\t<meta property=\"og:image:type\" content=\"image\/jpeg\" \/>\n<meta name=\"author\" content=\"FM Patagonia\" \/>\n<meta name=\"twitter:card\" content=\"summary_large_image\" \/>\n<meta name=\"twitter:label1\" content=\"Escrito por\" \/>\n\t<meta name=\"twitter:data1\" content=\"FM Patagonia\" \/>\n\t<meta name=\"twitter:label2\" content=\"Tiempo de lectura\" \/>\n\t<meta name=\"twitter:data2\" content=\"3 minutos\" \/>\n<script type=\"application\/ld+json\" class=\"yoast-schema-graph\">{\"@context\":\"https:\\\/\\\/schema.org\",\"@graph\":[{\"@type\":\"Article\",\"@id\":\"https:\\\/\\\/fmpatagoniamadryn.com.ar\\\/?p=26116#article\",\"isPartOf\":{\"@id\":\"https:\\\/\\\/fmpatagoniamadryn.com.ar\\\/?p=26116\"},\"author\":{\"name\":\"FM Patagonia\",\"@id\":\"https:\\\/\\\/fmpatagoniamadryn.com.ar\\\/#\\\/schema\\\/person\\\/97b1d30cb2ae311544a88a5201700571\"},\"headline\":\"Provincia control\u00f3 m\u00e1s de 7.000 veh\u00edculos y retir\u00f3 de la v\u00eda p\u00fablica a 45 conductores durante el fin de semana\",\"datePublished\":\"2026-08-31T20:00:00+00:00\",\"mainEntityOfPage\":{\"@id\":\"https:\\\/\\\/fmpatagoniamadryn.com.ar\\\/?p=26116\"},\"wordCount\":658,\"publisher\":{\"@id\":\"https:\\\/\\\/fmpatagoniamadryn.com.ar\\\/#organization\"},\"image\":{\"@id\":\"https:\\\/\\\/fmpatagoniamadryn.com.ar\\\/?p=26116#primaryimage\"},\"thumbnailUrl\":\"https:\\\/\\\/fmpatagoniamadryn.com.ar\\\/wp-content\\\/uploads\\\/2026\\\/08\\\/96e68c34-577d-4dd4-8a72-5d0cb6a96c59.jpg\",\"articleSection\":[\"Policiales\",\"Provinciales\"],\"inLanguage\":\"es\"},{\"@type\":\"WebPage\",\"@id\":\"https:\\\/\\\/fmpatagoniamadryn.com.ar\\\/?p=26116\",\"url\":\"https:\\\/\\\/fmpatagoniamadryn.com.ar\\\/?p=26116\",\"name\":\"Provincia control\u00f3 m\u00e1s de 7.000 veh\u00edculos y retir\u00f3 de la v\u00eda p\u00fablica a 45 conductores durante el fin de semana - FM Patagonia Madryn\",\"isPartOf\":{\"@id\":\"https:\\\/\\\/fmpatagoniamadryn.com.ar\\\/#website\"},\"primaryImageOfPage\":{\"@id\":\"https:\\\/\\\/fmpatagoniamadryn.com.ar\\\/?p=26116#primaryimage\"},\"image\":{\"@id\":\"https:\\\/\\\/fmpatagoniamadryn.com.ar\\\/?p=26116#primaryimage\"},\"thumbnailUrl\":\"https:\\\/\\\/fmpatagoniamadryn.com.ar\\\/wp-content\\\/uploads\\\/2026\\\/08\\\/96e68c34-577d-4dd4-8a72-5d0cb6a96c59.jpg\",\"datePublished\":\"2026-08-31T20:00:00+00:00\",\"breadcrumb\":{\"@id\":\"https:\\\/\\\/fmpatagoniamadryn.com.ar\\\/?p=26116#breadcrumb\"},\"inLanguage\":\"es\",\"potentialAction\":[{\"@type\":\"ReadAction\",\"target\":[\"https:\\\/\\\/fmpatagoniamadryn.com.ar\\\/?p=26116\"]}]},{\"@type\":\"ImageObject\",\"inLanguage\":\"es\",\"@id\":\"https:\\\/\\\/fmpatagoniamadryn.com.ar\\\/?p=26116#primaryimage\",\"url\":\"https:\\\/\\\/fmpatagoniamadryn.com.ar\\\/wp-content\\\/uploads\\\/2026\\\/08\\\/96e68c34-577d-4dd4-8a72-5d0cb6a96c59.jpg\",\"contentUrl\":\"https:\\\/\\\/fmpatagoniamadryn.com.ar\\\/wp-content\\\/uploads\\\/2026\\\/08\\\/96e68c34-577d-4dd4-8a72-5d0cb6a96c59.jpg\",\"width\":940,\"height\":1527},{\"@type\":\"BreadcrumbList\",\"@id\":\"https:\\\/\\\/fmpatagoniamadryn.com.ar\\\/?p=26116#breadcrumb\",\"itemListElement\":[{\"@type\":\"ListItem\",\"position\":1,\"name\":\"Portada\",\"item\":\"https:\\\/\\\/fmpatagoniamadryn.com.ar\\\/\"},{\"@type\":\"ListItem\",\"position\":2,\"name\":\"Provincia control\u00f3 m\u00e1s de 7.000 veh\u00edculos y retir\u00f3 de la v\u00eda p\u00fablica a 45 conductores durante el fin de semana\"}]},{\"@type\":\"WebSite\",\"@id\":\"https:\\\/\\\/fmpatagoniamadryn.com.ar\\\/#website\",\"url\":\"https:\\\/\\\/fmpatagoniamadryn.com.ar\\\/\",\"name\":\"FM Patagonia Madryn\",\"description\":\"Radio Patagonia 105.5\",\"publisher\":{\"@id\":\"https:\\\/\\\/fmpatagoniamadryn.com.ar\\\/#organization\"},\"potentialAction\":[{\"@type\":\"SearchAction\",\"target\":{\"@type\":\"EntryPoint\",\"urlTemplate\":\"https:\\\/\\\/fmpatagoniamadryn.com.ar\\\/?s={search_term_string}\"},\"query-input\":{\"@type\":\"PropertyValueSpecification\",\"valueRequired\":true,\"valueName\":\"search_term_string\"}}],\"inLanguage\":\"es\"},{\"@type\":\"Organization\",\"@id\":\"https:\\\/\\\/fmpatagoniamadryn.com.ar\\\/#organization\",\"name\":\"FM Patagonia Madryn\",\"url\":\"https:\\\/\\\/fmpatagoniamadryn.com.ar\\\/\",\"logo\":{\"@type\":\"ImageObject\",\"inLanguage\":\"es\",\"@id\":\"https:\\\/\\\/fmpatagoniamadryn.com.ar\\\/#\\\/schema\\\/logo\\\/image\\\/\",\"url\":\"https:\\\/\\\/fmpatagoniamadryn.com.ar\\\/wp-content\\\/uploads\\\/2023\\\/01\\\/cropped-Diseno-sin-titulo.png\",\"contentUrl\":\"https:\\\/\\\/fmpatagoniamadryn.com.ar\\\/wp-content\\\/uploads\\\/2023\\\/01\\\/cropped-Diseno-sin-titulo.png\",\"width\":6911,\"height\":2657,\"caption\":\"FM Patagonia Madryn\"},\"image\":{\"@id\":\"https:\\\/\\\/fmpatagoniamadryn.com.ar\\\/#\\\/schema\\\/logo\\\/image\\\/\"}},{\"@type\":\"Person\",\"@id\":\"https:\\\/\\\/fmpatagoniamadryn.com.ar\\\/#\\\/schema\\\/person\\\/97b1d30cb2ae311544a88a5201700571\",\"name\":\"FM Patagonia\",\"url\":\"https:\\\/\\\/fmpatagoniamadryn.com.ar\\\/?author=4\"}]}<\/script>\n<!-- \/ Yoast SEO plugin. -->","yoast_head_json":{"title":"Provincia control\u00f3 m\u00e1s de 7.000 veh\u00edculos y retir\u00f3 de la v\u00eda p\u00fablica a 45 conductores durante el fin de semana - FM Patagonia Madryn","robots":{"index":"index","follow":"follow","max-snippet":"max-snippet:-1","max-image-preview":"max-image-preview:large","max-video-preview":"max-video-preview:-1"},"canonical":"https:\/\/fmpatagoniamadryn.com.ar\/?p=26116","og_locale":"es_ES","og_type":"article","og_title":"Provincia control\u00f3 m\u00e1s de 7.000 veh\u00edculos y retir\u00f3 de la v\u00eda p\u00fablica a 45 conductores durante el fin de semana - FM Patagonia Madryn","og_description":"Se retuvieron 14 rodados y se labraron 155 infracciones a la Ley Nacional de Tr\u00e1nsito. El registro de alcoholemias m\u00e1s elevado fue en la ciudad de Esquel con 2,46 g\/l.","og_url":"https:\/\/fmpatagoniamadryn.com.ar\/?p=26116","og_site_name":"FM Patagonia Madryn","article_published_time":"2026-08-31T20:00:00+00:00","og_image":[{"width":940,"height":1527,"url":"https:\/\/fmpatagoniamadryn.com.ar\/wp-content\/uploads\/2026\/08\/96e68c34-577d-4dd4-8a72-5d0cb6a96c59.jpg","type":"image\/jpeg"}],"author":"FM Patagonia","twitter_card":"summary_large_image","twitter_misc":{"Escrito por":"FM Patagonia","Tiempo de lectura":"3 minutos"},"schema":{"@context":"https:\/\/schema.org","@graph":[{"@type":"Article","@id":"https:\/\/fmpatagoniamadryn.com.ar\/?p=26116#article","isPartOf":{"@id":"https:\/\/fmpatagoniamadryn.com.ar\/?p=26116"},"author":{"name":"FM Patagonia","@id":"https:\/\/fmpatagoniamadryn.com.ar\/#\/schema\/person\/97b1d30cb2ae311544a88a5201700571"},"headline":"Provincia control\u00f3 m\u00e1s de 7.000 veh\u00edculos y retir\u00f3 de la v\u00eda p\u00fablica a 45 conductores durante el fin de semana","datePublished":"2026-08-31T20:00:00+00:00","mainEntityOfPage":{"@id":"https:\/\/fmpatagoniamadryn.com.ar\/?p=26116"},"wordCount":658,"publisher":{"@id":"https:\/\/fmpatagoniamadryn.com.ar\/#organization"},"image":{"@id":"https:\/\/fmpatagoniamadryn.com.ar\/?p=26116#primaryimage"},"thumbnailUrl":"https:\/\/fmpatagoniamadryn.com.ar\/wp-content\/uploads\/2026\/08\/96e68c34-577d-4dd4-8a72-5d0cb6a96c59.jpg","articleSection":["Policiales","Provinciales"],"inLanguage":"es"},{"@type":"WebPage","@id":"https:\/\/fmpatagoniamadryn.com.ar\/?p=26116","url":"https:\/\/fmpatagoniamadryn.com.ar\/?p=26116","name":"Provincia control\u00f3 m\u00e1s de 7.000 veh\u00edculos y retir\u00f3 de la v\u00eda p\u00fablica a 45 conductores durante el fin de semana - FM Patagonia Madryn","isPartOf":{"@id":"https:\/\/fmpatagoniamadryn.com.ar\/#website"},"primaryImageOfPage":{"@id":"https:\/\/fmpatagoniamadryn.com.ar\/?p=26116#primaryimage"},"image":{"@id":"https:\/\/fmpatagoniamadryn.com.ar\/?p=26116#primaryimage"},"thumbnailUrl":"https:\/\/fmpatagoniamadryn.com.ar\/wp-content\/uploads\/2026\/08\/96e68c34-577d-4dd4-8a72-5d0cb6a96c59.jpg","datePublished":"2026-08-31T20:00:00+00:00","breadcrumb":{"@id":"https:\/\/fmpatagoniamadryn.com.ar\/?p=26116#breadcrumb"},"inLanguage":"es","potentialAction":[{"@type":"ReadAction","target":["https:\/\/fmpatagoniamadryn.com.ar\/?p=26116"]}]},{"@type":"ImageObject","inLanguage":"es","@id":"https:\/\/fmpatagoniamadryn.com.ar\/?p=26116#primaryimage","url":"https:\/\/fmpatagoniamadryn.com.ar\/wp-content\/uploads\/2026\/08\/96e68c34-577d-4dd4-8a72-5d0cb6a96c59.jpg","contentUrl":"https:\/\/fmpatagoniamadryn.com.ar\/wp-content\/uploads\/2026\/08\/96e68c34-577d-4dd4-8a72-5d0cb6a96c59.jpg","width":940,"height":1527},{"@type":"BreadcrumbList","@id":"https:\/\/fmpatagoniamadryn.com.ar\/?p=26116#breadcrumb","itemListElement":[{"@type":"ListItem","position":1,"name":"Portada","item":"https:\/\/fmpatagoniamadryn.com.ar\/"},{"@type":"ListItem","position":2,"name":"Provincia control\u00f3 m\u00e1s de 7.000 veh\u00edculos y retir\u00f3 de la v\u00eda p\u00fablica a 45 conductores durante el fin de semana"}]},{"@type":"WebSite","@id":"https:\/\/fmpatagoniamadryn.com.ar\/#website","url":"https:\/\/fmpatagoniamadryn.com.ar\/","name":"FM Patagonia Madryn","description":"Radio Patagonia 105.5","publisher":{"@id":"https:\/\/fmpatagoniamadryn.com.ar\/#organization"},"potentialAction":[{"@type":"SearchAction","target":{"@type":"EntryPoint","urlTemplate":"https:\/\/fmpatagoniamadryn.com.ar\/?s={search_term_string}"},"query-input":{"@type":"PropertyValueSpecification","valueRequired":true,"valueName":"search_term_string"}}],"inLanguage":"es"},{"@type":"Organization","@id":"https:\/\/fmpatagoniamadryn.com.ar\/#organization","name":"FM Patagonia Madryn","url":"https:\/\/fmpatagoniamadryn.com.ar\/","logo":{"@type":"ImageObject","inLanguage":"es","@id":"https:\/\/fmpatagoniamadryn.com.ar\/#\/schema\/logo\/image\/","url":"https:\/\/fmpatagoniamadryn.com.ar\/wp-content\/uploads\/2023\/01\/cropped-Diseno-sin-titulo.png","contentUrl":"https:\/\/fmpatagoniamadryn.com.ar\/wp-content\/uploads\/2023\/01\/cropped-Diseno-sin-titulo.png","width":6911,"height":2657,"caption":"FM Patagonia Madryn"},"image":{"@id":"https:\/\/fmpatagoniamadryn.com.ar\/#\/schema\/logo\/image\/"}},{"@type":"Person","@id":"https:\/\/fmpatagoniamadryn.com.ar\/#\/schema\/person\/97b1d30cb2ae311544a88a5201700571","name":"FM Patagonia","url":"https:\/\/fmpatagoniamadryn.com.ar\/?author=4"}]}},"jetpack_featured_media_url":"https:\/\/fmpatagoniamadryn.com.ar\/wp-content\/uploads\/2026\/08\/96e68c34-577d-4dd4-8a72-5d0cb6a96c59.jpg","_links":{"self":[{"href":"https:\/\/fmpatagoniamadryn.com.ar\/index.php?rest_route=\/wp\/v2\/posts\/26116","targetHints":{"allow":["GET"]}}],"collection":[{"href":"https:\/\/fmpatagoniamadryn.com.ar\/index.php?rest_route=\/wp\/v2\/posts"}],"about":[{"href":"https:\/\/fmpatagoniamadryn.com.ar\/index.php?rest_route=\/wp\/v2\/types\/post"}],"author":[{"embeddable":true,"href":"https:\/\/fmpatagoniamadryn.com.ar\/index.php?rest_route=\/wp\/v2\/users\/4"}],"replies":[{"embeddable":true,"href":"https:\/\/fmpatagoniamadryn.com.ar\/index.php?rest_route=%2Fwp%2Fv2%2Fcomments&post=26116"}],"version-history":[{"count":1,"href":"https:\/\/fmpatagoniamadryn.com.ar\/index.php?rest_route=\/wp\/v2\/posts\/26116\/revisions"}],"predecessor-version":[{"id":26117,"href":"https:\/\/fmpatagoniamadryn.com.ar\/index.php?rest_route=\/wp\/v2\/posts\/26116\/revisions\/26117"}],"wp:featuredmedia":[{"embeddable":true,"href":"https:\/\/fmpatagoniamadryn.com.ar\/index.php?rest_route=\/wp\/v2\/media\/26115"}],"wp:attachment":[{"href":"https:\/\/fmpatagoniamadryn.com.ar\/index.php?rest_route=%2Fwp%2Fv2%2Fmedia&parent=26116"}],"wp:term":[{"taxonomy":"category","embeddable":true,"href":"https:\/\/fmpatagoniamadryn.com.ar\/index.php?rest_route=%2Fwp%2Fv2%2Fcategories&post=26116"},{"taxonomy":"post_tag","embeddable":true,"href":"https:\/\/fmpatagoniamadryn.com.ar\/index.php?rest_route=%2Fwp%2Fv2%2Ftags&post=26116"}],"curies":[{"name":"wp","href":"https:\/\/api.w.org\/{rel}","templated":true}]}}