{"id":26119,"date":"2026-08-31T15:30:00","date_gmt":"2026-08-31T18:30:00","guid":{"rendered":"https:\/\/fmpatagoniamadryn.com.ar\/?p=26119"},"modified":"2026-08-31T14:26:59","modified_gmt":"2026-08-31T17:26:59","slug":"provincia-municipios-y-camaras-empresariales-avanzan-en-una-agenda-conjunta-para-potenciar-los-parques-industriales","status":"publish","type":"post","link":"https:\/\/fmpatagoniamadryn.com.ar\/?p=26119","title":{"rendered":"Provincia, municipios y c\u00e1maras empresariales avanzan en una agenda conjunta para potenciar los parques industriales"},"content":{"rendered":"\n<p class=\"wp-block-paragraph\">El gobernador del Chubut, Ignacio \u201cNacho\u201d Torres, encabez\u00f3 este lunes la firma de siete convenios con municipios y representantes de c\u00e1maras empresariales para la coadministraci\u00f3n de parques industriales ubicados en las ciudades de Comodoro Rivadavia, Trelew, Puerto Madryn y Trevelin.<\/p>\n\n\n\n<p class=\"wp-block-paragraph\">La puesta en marcha de este nuevo esquema de gesti\u00f3n permitir\u00e1 articular acciones para mejorar la infraestructura, los servicios y el funcionamiento de los polos productivos; acompa\u00f1ar a las empresas radicadas; impulsar nuevas inversiones y promover la generaci\u00f3n de m\u00e1s puestos de trabajo.<\/p>\n\n\n\n<p class=\"wp-block-paragraph\">La r\u00fabrica de los acuerdos se concret\u00f3 en el Sal\u00f3n de los Constituyentes de Casa de Gobierno, ante un importante marco de intendentes, diputados, funcionarios, trabajadores y referentes del sector privado chubutense. Su implementaci\u00f3n permitir\u00e1 generar mejores condiciones para quienes producen, invierten y generan empleo en la provincia.<\/p>\n\n\n\n<p class=\"wp-block-paragraph\">Adem\u00e1s del titular del Ejecutivo, participaron de las firmas los intendentes de Trelew, Gerardo Merino, y de Puerto Madryn, Gustavo Sastre; el ministro de Producci\u00f3n, Juan Pav\u00f3n; y el presidente de la Federaci\u00f3n Empresarial Chubutense (FECh), Carlos Lorenzo, en representaci\u00f3n de las c\u00e1maras de Comodoro Rivadavia y Trevelin.<\/p>\n\n\n\n<p class=\"wp-block-paragraph\">Tambi\u00e9n formaron parte Agust\u00edn de la Fuente, de la C\u00e1mara Argentina Patag\u00f3nica de Industrias Pesqueras; Santiago Arnoldi, de la C\u00e1mara de Industria, Comercio, Producci\u00f3n y Turismo de Puerto Madryn; Guillermo L\u00f3pez, de la C\u00e1mara Industrial y de Comercio Exterior de Puerto Madryn; Amneris Nicola, de la Asociaci\u00f3n Civil Parque Industrial Liviano Puerto Madryn; Andr\u00e9s Koss, de la C\u00e1mara de Industria y Comercio del Este del Chubut; y Juan Castillo, de la C\u00e1mara de Empresarios del Parque Industrial de Trelew.<\/p>\n\n\n\n<h2 class=\"wp-block-heading\"><em>Subzona Franca, servicios y un modelo a replicar<\/em><\/h2>\n\n\n\n<p class=\"wp-block-paragraph\">Ante un sal\u00f3n colmado, el mandatario manifest\u00f3 que \u201ccuando Juan Pav\u00f3n asumi\u00f3 ten\u00edamos un objetivo que era dif\u00edcil: avanzar en el ordenamiento de una Subzona Franca que era in\u00e9dita en Argentina\u201d, y celebr\u00f3 que \u201cya se est\u00e1 ejecutando esa obra, que es fundamental m\u00e1s all\u00e1 de la desidia de much\u00edsimos a\u00f1os, donde el tratamiento de efluentes y las famosas bombas del Parque Industrial de Trelew eran cosas que se pon\u00edan bajo la alfombra\u201d.<\/p>\n\n\n\n<p class=\"wp-block-paragraph\">Torres indic\u00f3 que la actual administraci\u00f3n provincial \u201ctom\u00f3 la decisi\u00f3n de hacerse cargo para que ese Parque Industrial tenga los servicios que necesita, tambi\u00e9n de manera complementaria a la Subzona Franca, que hoy es el cimiento para ponerle valor a nuestros servicios\u201d.<\/p>\n\n\n\n<p class=\"wp-block-paragraph\">Precis\u00f3 que, tras un arduo trabajo t\u00e9cnico y legal, \u201choy se est\u00e1 construyendo el cerco perimetral, la portada y la balanza de lo que va a ser la Subzona Franca m\u00e1s grande de la Argentina\u201d, subrayando en ese sentido que \u201cva a estar en Chubut, va a estar en Trelew y va a ser un modelo y un caso de \u00e9xito para replicar\u201d.<\/p>\n\n\n\n<h2 class=\"wp-block-heading\"><em>Articulaci\u00f3n con el sector privado<\/em><\/h2>\n\n\n\n<p class=\"wp-block-paragraph\">El titular del Ejecutivo se refiri\u00f3 adem\u00e1s a los convenios suscriptos este lunes con municipios y c\u00e1maras empresariales. \u201cMuch\u00edsimas veces tuvimos el reclamo de intendentes en cuanto al ordenamiento de parques industriales y las especulaciones inmobiliarias, situaciones complejas donde era necesario ponerle un punto final definitivamente e incorporar tambi\u00e9n al sector privado\u201d.<\/p>\n\n\n\n<p class=\"wp-block-paragraph\">\u201cEsa demanda hoy es una realidad con este acuerdo y definitivamente vamos a ordenar los parques industriales de la provincia del Chubut\u201d, remarc\u00f3 el gobernador, y anticip\u00f3 que \u201ctambi\u00e9n vamos a tener una Subzona Franca que esta semana ya va a estar incorporando la primera empresa con m\u00e1s de cien puestos de trabajo\u201d.<\/p>\n\n\n\n<p class=\"wp-block-paragraph\">Torres asegur\u00f3 en ese marco que \u201cprogresivamente, aquellos que por ignorancia y otros por mala fe dudaban, van a ver el impacto real en una zona que necesita generaci\u00f3n de empleo\u201d.<\/p>\n\n\n\n<h2 class=\"wp-block-heading\"><em>Desendeudamiento y ejecuci\u00f3n de obras postergadas<\/em><\/h2>\n\n\n\n<p class=\"wp-block-paragraph\">El mandatario explic\u00f3 que \u201cpara que las cosas sucedan se necesita planificaci\u00f3n, normas claras y una agenda de desarrollo pensada a corto, mediano y largo plazo\u201d. En esa l\u00ednea, se refiri\u00f3 al esquema de alivio fiscal implementado en Chubut y destac\u00f3 que \u201ctenemos m\u00e1s de 15 millones de d\u00f3lares y 16 proyectos tur\u00edsticos en toda la provincia\u201d.<\/p>\n\n\n\n<p class=\"wp-block-paragraph\">\u201cHoy, en un momento donde la obra p\u00fablica tuvo una baja muy importante a nivel nacional por una decisi\u00f3n ejecutiva, nosotros tomamos la decisi\u00f3n de avanzar en el programa de infraestructura m\u00e1s ambicioso de los \u00faltimos a\u00f1os para toda la provincia\u201d, sostuvo Torres, y remarc\u00f3 que \u201ceso se hace en Chubut porque tenemos un Estado que est\u00e1 donde debe estar\u201d.<\/p>\n\n\n\n<p class=\"wp-block-paragraph\">Al respecto, se refiri\u00f3 tambi\u00e9n a la intervenci\u00f3n de la Provincia sobre rutas nacionales, entre ellas la N\u00b0 3, en el tramo que une Trelew y Puerto Madryn, y la emblem\u00e1tica Ruta 40. \u201cSe est\u00e1n ejecutando con recursos propios y desendeud\u00e1ndonos de la Naci\u00f3n\u201d, enfatiz\u00f3 el gobernador, e indic\u00f3 que \u201ca partir de ese convenio de compensaci\u00f3n de deuda, cero pesos le debe la provincia de Chubut a Naci\u00f3n hoy, y las rutas nacionales se est\u00e1n haciendo como corresponde\u201d.<\/p>\n\n\n\n<p class=\"wp-block-paragraph\">En el tramo final de su discurso, el titular del Ejecutivo se refiri\u00f3 adem\u00e1s a la reactivaci\u00f3n del desarrollo urban\u00edstico del ex Pro.Cre.Ar. de Trelew. \u201cEn el primer proyecto de Procrear, donde m\u00e1s de 200 familias no sab\u00edan qu\u00e9 iba a pasar, Chubut logr\u00f3 desatar todos los cuellos de botella y es la UOCRA nacional la que pide replicar este modelo en toda la Argentina\u201d, expres\u00f3.<\/p>\n\n\n\n<h2 class=\"wp-block-heading\"><em>\u201cSe terminaron los negocios inmobiliarios y los vivos que frenan el desarrollo\u201d<\/em><\/h2>\n\n\n\n<p class=\"wp-block-paragraph\">En tanto, el ministro de Producci\u00f3n, Juan Pav\u00f3n, record\u00f3 una experiencia de hace m\u00e1s de seis a\u00f1os vinculada al Parque Industrial de Trelew. \u201cEn ese momento present\u00e9 un proyecto para la mejora de la planta de efluentes y, por cuestiones pol\u00edticas de ese entonces, ese proyecto se frustr\u00f3\u201d.<\/p>\n\n\n\n<p class=\"wp-block-paragraph\">El funcionario indic\u00f3 que \u201choy el gobernador est\u00e1 resolviendo ese problema porque entendi\u00f3 la necesidad de cambiar la pol\u00edtica de administraci\u00f3n de parques industriales, transformarla en una pol\u00edtica de Estado y evitar que intereses pol\u00edticos impidan su desarrollo\u201d.<\/p>\n\n\n\n<p class=\"wp-block-paragraph\">El titular de la cartera productiva cuestion\u00f3 la falta de gesti\u00f3n e inversi\u00f3n de gobiernos anteriores y sus consecuencias en t\u00e9rminos de generaci\u00f3n de puestos de trabajo y p\u00e9rdida de oportunidades. \u201cVinimos a cambiar eso, tal como me encomend\u00f3 el gobernador: cambiar la din\u00e1mica de administraci\u00f3n de parques industriales, sumando a municipios y al sector privado a trav\u00e9s de cada una de las instituciones. Estamos convencidos de que son ellas las que tienen que formar parte de esta mesa y de la toma de decisiones\u201d, puntualiz\u00f3.<\/p>\n\n\n\n<p class=\"wp-block-paragraph\">Finalmente, el ministro puso en valor los convenios firmados y asegur\u00f3 que, a partir de este nuevo esquema, \u201cse termin\u00f3 el negocio inmobiliario en los parques industriales, se terminaron los vivos que frenan el desarrollo e impiden la generaci\u00f3n de empleo, que es lo que hoy estamos necesitando en cada una de las localidades\u201d.<\/p>\n\n\n\n<h2 class=\"wp-block-heading\"><em>Nuevo esquema de gesti\u00f3n<\/em><\/h2>\n\n\n\n<p class=\"wp-block-paragraph\">A partir de la firma de estos convenios, siete polos productivos de Chubut comenzar\u00e1n a gestionarse de manera conjunta entre la Provincia, los municipios y las c\u00e1maras empresariales. El objetivo es potenciar la actividad productiva, generar mejores condiciones para la radicaci\u00f3n de empresas, impulsar el desarrollo local y promover la generaci\u00f3n de empleo.<\/p>\n\n\n\n<p class=\"wp-block-paragraph\">Esta nueva herramienta de gesti\u00f3n compartida prev\u00e9 mejorar la infraestructura, optimizar los servicios e implementar una Ventanilla \u00danica para centralizar y agilizar consultas, solicitudes y tr\u00e1mites.<\/p>\n\n\n\n<p class=\"wp-block-paragraph\">Los acuerdos alcanzan al Parque Industrial de Trevelin; al de Comodoro Rivadavia, que concentra buena parte de la actividad productiva del sur provincial; al de Trelew, uno de los polos con mayor cantidad de empresas radicadas en Chubut; y a cuatro parques de Puerto Madryn que agrupan algunas de las principales actividades productivas de la ciudad: el Pesquero, el Industrial Pesado, el Conexo Aluminio y el Liviano.<\/p>\n","protected":false},"excerpt":{"rendered":"<p>El mandatario suscribi\u00f3 convenios de coadministraci\u00f3n con municipios y c\u00e1maras empresariales que ponen en marcha un nuevo esquema de gesti\u00f3n conjunta para mejorar la infraestructura y los servicios, acompa\u00f1ar a las empresas radicadas y generar mejores condiciones para nuevos proyectos productivos en Comodoro Rivadavia, Trelew, Puerto Madryn y Trevelin. \u201cDefinitivamente vamos a ordenar los parques industriales y a terminar con las especulaciones inmobiliarias\u201d, asegur\u00f3 el gobernador.<\/p>\n","protected":false},"author":4,"featured_media":26118,"comment_status":"closed","ping_status":"closed","sticky":false,"template":"","format":"standard","meta":{"footnotes":""},"categories":[14],"tags":[604,605],"class_list":["post-26119","post","type-post","status-publish","format-standard","has-post-thumbnail","hentry","category-provinciales","tag-parques-industriales","tag-provincia"],"yoast_head":"<!-- This site is optimized with the Yoast SEO plugin v28.3 - https:\/\/yoast.com\/product\/yoast-seo-wordpress\/ -->\n<title>Provincia, municipios y c\u00e1maras empresariales avanzan en una agenda conjunta para potenciar los parques industriales - FM Patagonia Madryn<\/title>\n<meta name=\"robots\" content=\"index, follow, max-snippet:-1, max-image-preview:large, max-video-preview:-1\" \/>\n<link rel=\"canonical\" href=\"https:\/\/fmpatagoniamadryn.com.ar\/?p=26119\" \/>\n<meta property=\"og:locale\" content=\"es_ES\" \/>\n<meta property=\"og:type\" content=\"article\" \/>\n<meta property=\"og:title\" content=\"Provincia, municipios y c\u00e1maras empresariales avanzan en una agenda conjunta para potenciar los parques industriales - FM Patagonia Madryn\" \/>\n<meta property=\"og:description\" content=\"El mandatario suscribi\u00f3 convenios de coadministraci\u00f3n con municipios y c\u00e1maras empresariales que ponen en marcha un nuevo esquema de gesti\u00f3n conjunta para mejorar la infraestructura y los servicios, acompa\u00f1ar a las empresas radicadas y generar mejores condiciones para nuevos proyectos productivos en Comodoro Rivadavia, Trelew, Puerto Madryn y Trevelin. \u201cDefinitivamente vamos a ordenar los parques industriales y a terminar con las especulaciones inmobiliarias\u201d, asegur\u00f3 el gobernador.\" \/>\n<meta property=\"og:url\" content=\"https:\/\/fmpatagoniamadryn.com.ar\/?p=26119\" \/>\n<meta property=\"og:site_name\" content=\"FM Patagonia Madryn\" \/>\n<meta property=\"article:published_time\" content=\"2026-08-31T18:30:00+00:00\" \/>\n<meta property=\"og:image\" content=\"https:\/\/fmpatagoniamadryn.com.ar\/wp-content\/uploads\/2026\/08\/c18afd10-2af2-44f0-b489-fdacec26316e.jpg\" \/>\n\t<meta property=\"og:image:width\" content=\"2000\" \/>\n\t<meta property=\"og:image:height\" content=\"1112\" \/>\n\t<meta property=\"og:image:type\" content=\"image\/jpeg\" \/>\n<meta name=\"author\" content=\"FM Patagonia\" \/>\n<meta name=\"twitter:card\" content=\"summary_large_image\" \/>\n<meta name=\"twitter:label1\" content=\"Escrito por\" \/>\n\t<meta name=\"twitter:data1\" content=\"FM Patagonia\" \/>\n\t<meta name=\"twitter:label2\" content=\"Tiempo de lectura\" \/>\n\t<meta name=\"twitter:data2\" content=\"7 minutos\" \/>\n<script type=\"application\/ld+json\" class=\"yoast-schema-graph\">{\"@context\":\"https:\\\/\\\/schema.org\",\"@graph\":[{\"@type\":\"Article\",\"@id\":\"https:\\\/\\\/fmpatagoniamadryn.com.ar\\\/?p=26119#article\",\"isPartOf\":{\"@id\":\"https:\\\/\\\/fmpatagoniamadryn.com.ar\\\/?p=26119\"},\"author\":{\"name\":\"FM Patagonia\",\"@id\":\"https:\\\/\\\/fmpatagoniamadryn.com.ar\\\/#\\\/schema\\\/person\\\/97b1d30cb2ae311544a88a5201700571\"},\"headline\":\"Provincia, municipios y c\u00e1maras empresariales avanzan en una agenda conjunta para potenciar los parques industriales\",\"datePublished\":\"2026-08-31T18:30:00+00:00\",\"mainEntityOfPage\":{\"@id\":\"https:\\\/\\\/fmpatagoniamadryn.com.ar\\\/?p=26119\"},\"wordCount\":1353,\"publisher\":{\"@id\":\"https:\\\/\\\/fmpatagoniamadryn.com.ar\\\/#organization\"},\"image\":{\"@id\":\"https:\\\/\\\/fmpatagoniamadryn.com.ar\\\/?p=26119#primaryimage\"},\"thumbnailUrl\":\"https:\\\/\\\/fmpatagoniamadryn.com.ar\\\/wp-content\\\/uploads\\\/2026\\\/08\\\/c18afd10-2af2-44f0-b489-fdacec26316e.jpg\",\"keywords\":[\"parques industriales\",\"provincia\"],\"articleSection\":[\"Provinciales\"],\"inLanguage\":\"es\"},{\"@type\":\"WebPage\",\"@id\":\"https:\\\/\\\/fmpatagoniamadryn.com.ar\\\/?p=26119\",\"url\":\"https:\\\/\\\/fmpatagoniamadryn.com.ar\\\/?p=26119\",\"name\":\"Provincia, municipios y c\u00e1maras empresariales avanzan en una agenda conjunta para potenciar los parques industriales - FM Patagonia Madryn\",\"isPartOf\":{\"@id\":\"https:\\\/\\\/fmpatagoniamadryn.com.ar\\\/#website\"},\"primaryImageOfPage\":{\"@id\":\"https:\\\/\\\/fmpatagoniamadryn.com.ar\\\/?p=26119#primaryimage\"},\"image\":{\"@id\":\"https:\\\/\\\/fmpatagoniamadryn.com.ar\\\/?p=26119#primaryimage\"},\"thumbnailUrl\":\"https:\\\/\\\/fmpatagoniamadryn.com.ar\\\/wp-content\\\/uploads\\\/2026\\\/08\\\/c18afd10-2af2-44f0-b489-fdacec26316e.jpg\",\"datePublished\":\"2026-08-31T18:30:00+00:00\",\"breadcrumb\":{\"@id\":\"https:\\\/\\\/fmpatagoniamadryn.com.ar\\\/?p=26119#breadcrumb\"},\"inLanguage\":\"es\",\"potentialAction\":[{\"@type\":\"ReadAction\",\"target\":[\"https:\\\/\\\/fmpatagoniamadryn.com.ar\\\/?p=26119\"]}]},{\"@type\":\"ImageObject\",\"inLanguage\":\"es\",\"@id\":\"https:\\\/\\\/fmpatagoniamadryn.com.ar\\\/?p=26119#primaryimage\",\"url\":\"https:\\\/\\\/fmpatagoniamadryn.com.ar\\\/wp-content\\\/uploads\\\/2026\\\/08\\\/c18afd10-2af2-44f0-b489-fdacec26316e.jpg\",\"contentUrl\":\"https:\\\/\\\/fmpatagoniamadryn.com.ar\\\/wp-content\\\/uploads\\\/2026\\\/08\\\/c18afd10-2af2-44f0-b489-fdacec26316e.jpg\",\"width\":2000,\"height\":1112},{\"@type\":\"BreadcrumbList\",\"@id\":\"https:\\\/\\\/fmpatagoniamadryn.com.ar\\\/?p=26119#breadcrumb\",\"itemListElement\":[{\"@type\":\"ListItem\",\"position\":1,\"name\":\"Portada\",\"item\":\"https:\\\/\\\/fmpatagoniamadryn.com.ar\\\/\"},{\"@type\":\"ListItem\",\"position\":2,\"name\":\"Provincia, municipios y c\u00e1maras empresariales avanzan en una agenda conjunta para potenciar los parques industriales\"}]},{\"@type\":\"WebSite\",\"@id\":\"https:\\\/\\\/fmpatagoniamadryn.com.ar\\\/#website\",\"url\":\"https:\\\/\\\/fmpatagoniamadryn.com.ar\\\/\",\"name\":\"FM Patagonia Madryn\",\"description\":\"Radio Patagonia 105.5\",\"publisher\":{\"@id\":\"https:\\\/\\\/fmpatagoniamadryn.com.ar\\\/#organization\"},\"potentialAction\":[{\"@type\":\"SearchAction\",\"target\":{\"@type\":\"EntryPoint\",\"urlTemplate\":\"https:\\\/\\\/fmpatagoniamadryn.com.ar\\\/?s={search_term_string}\"},\"query-input\":{\"@type\":\"PropertyValueSpecification\",\"valueRequired\":true,\"valueName\":\"search_term_string\"}}],\"inLanguage\":\"es\"},{\"@type\":\"Organization\",\"@id\":\"https:\\\/\\\/fmpatagoniamadryn.com.ar\\\/#organization\",\"name\":\"FM Patagonia Madryn\",\"url\":\"https:\\\/\\\/fmpatagoniamadryn.com.ar\\\/\",\"logo\":{\"@type\":\"ImageObject\",\"inLanguage\":\"es\",\"@id\":\"https:\\\/\\\/fmpatagoniamadryn.com.ar\\\/#\\\/schema\\\/logo\\\/image\\\/\",\"url\":\"https:\\\/\\\/fmpatagoniamadryn.com.ar\\\/wp-content\\\/uploads\\\/2023\\\/01\\\/cropped-Diseno-sin-titulo.png\",\"contentUrl\":\"https:\\\/\\\/fmpatagoniamadryn.com.ar\\\/wp-content\\\/uploads\\\/2023\\\/01\\\/cropped-Diseno-sin-titulo.png\",\"width\":6911,\"height\":2657,\"caption\":\"FM Patagonia Madryn\"},\"image\":{\"@id\":\"https:\\\/\\\/fmpatagoniamadryn.com.ar\\\/#\\\/schema\\\/logo\\\/image\\\/\"}},{\"@type\":\"Person\",\"@id\":\"https:\\\/\\\/fmpatagoniamadryn.com.ar\\\/#\\\/schema\\\/person\\\/97b1d30cb2ae311544a88a5201700571\",\"name\":\"FM Patagonia\",\"url\":\"https:\\\/\\\/fmpatagoniamadryn.com.ar\\\/?author=4\"}]}<\/script>\n<!-- \/ Yoast SEO plugin. -->","yoast_head_json":{"title":"Provincia, municipios y c\u00e1maras empresariales avanzan en una agenda conjunta para potenciar los parques industriales - FM Patagonia Madryn","robots":{"index":"index","follow":"follow","max-snippet":"max-snippet:-1","max-image-preview":"max-image-preview:large","max-video-preview":"max-video-preview:-1"},"canonical":"https:\/\/fmpatagoniamadryn.com.ar\/?p=26119","og_locale":"es_ES","og_type":"article","og_title":"Provincia, municipios y c\u00e1maras empresariales avanzan en una agenda conjunta para potenciar los parques industriales - FM Patagonia Madryn","og_description":"El mandatario suscribi\u00f3 convenios de coadministraci\u00f3n con municipios y c\u00e1maras empresariales que ponen en marcha un nuevo esquema de gesti\u00f3n conjunta para mejorar la infraestructura y los servicios, acompa\u00f1ar a las empresas radicadas y generar mejores condiciones para nuevos proyectos productivos en Comodoro Rivadavia, Trelew, Puerto Madryn y Trevelin. \u201cDefinitivamente vamos a ordenar los parques industriales y a terminar con las especulaciones inmobiliarias\u201d, asegur\u00f3 el gobernador.","og_url":"https:\/\/fmpatagoniamadryn.com.ar\/?p=26119","og_site_name":"FM Patagonia Madryn","article_published_time":"2026-08-31T18:30:00+00:00","og_image":[{"width":2000,"height":1112,"url":"https:\/\/fmpatagoniamadryn.com.ar\/wp-content\/uploads\/2026\/08\/c18afd10-2af2-44f0-b489-fdacec26316e.jpg","type":"image\/jpeg"}],"author":"FM Patagonia","twitter_card":"summary_large_image","twitter_misc":{"Escrito por":"FM Patagonia","Tiempo de lectura":"7 minutos"},"schema":{"@context":"https:\/\/schema.org","@graph":[{"@type":"Article","@id":"https:\/\/fmpatagoniamadryn.com.ar\/?p=26119#article","isPartOf":{"@id":"https:\/\/fmpatagoniamadryn.com.ar\/?p=26119"},"author":{"name":"FM Patagonia","@id":"https:\/\/fmpatagoniamadryn.com.ar\/#\/schema\/person\/97b1d30cb2ae311544a88a5201700571"},"headline":"Provincia, municipios y c\u00e1maras empresariales avanzan en una agenda conjunta para potenciar los parques industriales","datePublished":"2026-08-31T18:30:00+00:00","mainEntityOfPage":{"@id":"https:\/\/fmpatagoniamadryn.com.ar\/?p=26119"},"wordCount":1353,"publisher":{"@id":"https:\/\/fmpatagoniamadryn.com.ar\/#organization"},"image":{"@id":"https:\/\/fmpatagoniamadryn.com.ar\/?p=26119#primaryimage"},"thumbnailUrl":"https:\/\/fmpatagoniamadryn.com.ar\/wp-content\/uploads\/2026\/08\/c18afd10-2af2-44f0-b489-fdacec26316e.jpg","keywords":["parques industriales","provincia"],"articleSection":["Provinciales"],"inLanguage":"es"},{"@type":"WebPage","@id":"https:\/\/fmpatagoniamadryn.com.ar\/?p=26119","url":"https:\/\/fmpatagoniamadryn.com.ar\/?p=26119","name":"Provincia, municipios y c\u00e1maras empresariales avanzan en una agenda conjunta para potenciar los parques industriales - FM Patagonia Madryn","isPartOf":{"@id":"https:\/\/fmpatagoniamadryn.com.ar\/#website"},"primaryImageOfPage":{"@id":"https:\/\/fmpatagoniamadryn.com.ar\/?p=26119#primaryimage"},"image":{"@id":"https:\/\/fmpatagoniamadryn.com.ar\/?p=26119#primaryimage"},"thumbnailUrl":"https:\/\/fmpatagoniamadryn.com.ar\/wp-content\/uploads\/2026\/08\/c18afd10-2af2-44f0-b489-fdacec26316e.jpg","datePublished":"2026-08-31T18:30:00+00:00","breadcrumb":{"@id":"https:\/\/fmpatagoniamadryn.com.ar\/?p=26119#breadcrumb"},"inLanguage":"es","potentialAction":[{"@type":"ReadAction","target":["https:\/\/fmpatagoniamadryn.com.ar\/?p=26119"]}]},{"@type":"ImageObject","inLanguage":"es","@id":"https:\/\/fmpatagoniamadryn.com.ar\/?p=26119#primaryimage","url":"https:\/\/fmpatagoniamadryn.com.ar\/wp-content\/uploads\/2026\/08\/c18afd10-2af2-44f0-b489-fdacec26316e.jpg","contentUrl":"https:\/\/fmpatagoniamadryn.com.ar\/wp-content\/uploads\/2026\/08\/c18afd10-2af2-44f0-b489-fdacec26316e.jpg","width":2000,"height":1112},{"@type":"BreadcrumbList","@id":"https:\/\/fmpatagoniamadryn.com.ar\/?p=26119#breadcrumb","itemListElement":[{"@type":"ListItem","position":1,"name":"Portada","item":"https:\/\/fmpatagoniamadryn.com.ar\/"},{"@type":"ListItem","position":2,"name":"Provincia, municipios y c\u00e1maras empresariales avanzan en una agenda conjunta para potenciar los parques industriales"}]},{"@type":"WebSite","@id":"https:\/\/fmpatagoniamadryn.com.ar\/#website","url":"https:\/\/fmpatagoniamadryn.com.ar\/","name":"FM Patagonia Madryn","description":"Radio Patagonia 105.5","publisher":{"@id":"https:\/\/fmpatagoniamadryn.com.ar\/#organization"},"potentialAction":[{"@type":"SearchAction","target":{"@type":"EntryPoint","urlTemplate":"https:\/\/fmpatagoniamadryn.com.ar\/?s={search_term_string}"},"query-input":{"@type":"PropertyValueSpecification","valueRequired":true,"valueName":"search_term_string"}}],"inLanguage":"es"},{"@type":"Organization","@id":"https:\/\/fmpatagoniamadryn.com.ar\/#organization","name":"FM Patagonia Madryn","url":"https:\/\/fmpatagoniamadryn.com.ar\/","logo":{"@type":"ImageObject","inLanguage":"es","@id":"https:\/\/fmpatagoniamadryn.com.ar\/#\/schema\/logo\/image\/","url":"https:\/\/fmpatagoniamadryn.com.ar\/wp-content\/uploads\/2023\/01\/cropped-Diseno-sin-titulo.png","contentUrl":"https:\/\/fmpatagoniamadryn.com.ar\/wp-content\/uploads\/2023\/01\/cropped-Diseno-sin-titulo.png","width":6911,"height":2657,"caption":"FM Patagonia Madryn"},"image":{"@id":"https:\/\/fmpatagoniamadryn.com.ar\/#\/schema\/logo\/image\/"}},{"@type":"Person","@id":"https:\/\/fmpatagoniamadryn.com.ar\/#\/schema\/person\/97b1d30cb2ae311544a88a5201700571","name":"FM Patagonia","url":"https:\/\/fmpatagoniamadryn.com.ar\/?author=4"}]}},"jetpack_featured_media_url":"https:\/\/fmpatagoniamadryn.com.ar\/wp-content\/uploads\/2026\/08\/c18afd10-2af2-44f0-b489-fdacec26316e.jpg","_links":{"self":[{"href":"https:\/\/fmpatagoniamadryn.com.ar\/index.php?rest_route=\/wp\/v2\/posts\/26119","targetHints":{"allow":["GET"]}}],"collection":[{"href":"https:\/\/fmpatagoniamadryn.com.ar\/index.php?rest_route=\/wp\/v2\/posts"}],"about":[{"href":"https:\/\/fmpatagoniamadryn.com.ar\/index.php?rest_route=\/wp\/v2\/types\/post"}],"author":[{"embeddable":true,"href":"https:\/\/fmpatagoniamadryn.com.ar\/index.php?rest_route=\/wp\/v2\/users\/4"}],"replies":[{"embeddable":true,"href":"https:\/\/fmpatagoniamadryn.com.ar\/index.php?rest_route=%2Fwp%2Fv2%2Fcomments&post=26119"}],"version-history":[{"count":1,"href":"https:\/\/fmpatagoniamadryn.com.ar\/index.php?rest_route=\/wp\/v2\/posts\/26119\/revisions"}],"predecessor-version":[{"id":26120,"href":"https:\/\/fmpatagoniamadryn.com.ar\/index.php?rest_route=\/wp\/v2\/posts\/26119\/revisions\/26120"}],"wp:featuredmedia":[{"embeddable":true,"href":"https:\/\/fmpatagoniamadryn.com.ar\/index.php?rest_route=\/wp\/v2\/media\/26118"}],"wp:attachment":[{"href":"https:\/\/fmpatagoniamadryn.com.ar\/index.php?rest_route=%2Fwp%2Fv2%2Fmedia&parent=26119"}],"wp:term":[{"taxonomy":"category","embeddable":true,"href":"https:\/\/fmpatagoniamadryn.com.ar\/index.php?rest_route=%2Fwp%2Fv2%2Fcategories&post=26119"},{"taxonomy":"post_tag","embeddable":true,"href":"https:\/\/fmpatagoniamadryn.com.ar\/index.php?rest_route=%2Fwp%2Fv2%2Ftags&post=26119"}],"curies":[{"name":"wp","href":"https:\/\/api.w.org\/{rel}","templated":true}]}}