{"id":26122,"date":"2026-08-31T17:35:54","date_gmt":"2026-08-31T20:35:54","guid":{"rendered":"https:\/\/fmpatagoniamadryn.com.ar\/?p=26122"},"modified":"2026-08-31T18:05:28","modified_gmt":"2026-08-31T21:05:28","slug":"chubut-llevo-adelante-una-jornada-de-capacitacion-sobre-violencia-digital-de-genero","status":"publish","type":"post","link":"https:\/\/fmpatagoniamadryn.com.ar\/?p=26122","title":{"rendered":"Chubut llev\u00f3 adelante una jornada de capacitaci\u00f3n sobre violencia digital de g\u00e9nero"},"content":{"rendered":"\n<p class=\"wp-block-paragraph\">Con un auditorio completo y una amplia participaci\u00f3n de representantes de distintos organismos e instituciones, el Gobierno del Chubut, a trav\u00e9s de la Secretar\u00eda General de Gobierno y el Centro de Estudios Pol\u00edticos y Sociales (CEPS), llev\u00f3 adelante la jornada \u201cViolencia digital de g\u00e9nero: una problem\u00e1tica en aumento\u201d, en la Honorable Legislatura de la Provincia.<\/p>\n\n\n\n<p class=\"wp-block-paragraph\">La actividad se desarroll\u00f3 junto a Datag\u00e9nero, el primer Observatorio de Datos con Perspectiva de G\u00e9nero de Am\u00e9rica Latina, y tuvo como objetivo sensibilizar, generar conocimiento y brindar herramientas para la prevenci\u00f3n y el abordaje de las distintas manifestaciones de violencia que se producen en los entornos digitales.<\/p>\n\n\n\n<p class=\"wp-block-paragraph\">La convocatoria alcanz\u00f3 previamente el cupo m\u00e1ximo previsto y la jornada se desarroll\u00f3 a sala llena, con la participaci\u00f3n de integrantes de los tres poderes del Estado, junto a referentes y equipos vinculados a educaci\u00f3n, salud, justicia, seguridad, g\u00e9nero y familia, entre otros \u00e1mbitos.<\/p>\n\n\n\n<h2 class=\"wp-block-heading\"><em>La formaci\u00f3n como herramienta transformadora<\/em><\/h2>\n\n\n\n<p class=\"wp-block-paragraph\">La apertura institucional estuvo a cargo de Macarena Acuipil, secretaria general de Gobierno, quien destac\u00f3 la importancia de continuar generando espacios de formaci\u00f3n y articulaci\u00f3n que permitan incorporar nuevas herramientas y fortalecer las capacidades del Estado frente a problem\u00e1ticas emergentes.<\/p>\n\n\n\n<p class=\"wp-block-paragraph\">La iniciativa se enmarca en los lineamientos de la gesti\u00f3n del gobernador Ignacio \u201cNacho\u201d Torres, para impulsar un Estado m\u00e1s cercano, preparado y con mayores capacidades para brindar respuestas a las necesidades y desaf\u00edos actuales de la ciudadan\u00eda.<\/p>\n\n\n\n<p class=\"wp-block-paragraph\">Desde la Secretar\u00eda General de Gobierno se viene fortaleciendo una agenda de formaci\u00f3n que entiende al conocimiento como una herramienta transformadora: formar a las personas, fortalecer los equipos y generar nuevas capacidades tambi\u00e9n significa mejorar las respuestas que el Estado brinda a la comunidad.<\/p>\n\n\n\n<p class=\"wp-block-paragraph\">Durante el encuentro, Mail\u00e9n Garc\u00eda, directora general de Datag\u00e9nero, comparti\u00f3 datos, experiencias y herramientas para reconocer las distintas manifestaciones de la violencia digital, prevenirlas y avanzar en respuestas institucionales frente a una problem\u00e1tica que adquiere cada vez mayor relevancia, especialmente entre las juventudes.<\/p>\n\n\n\n<p class=\"wp-block-paragraph\">La propuesta permiti\u00f3 adem\u00e1s generar un espacio de intercambio entre quienes intervienen desde diferentes \u00e1mbitos, poniendo en valor la necesidad de construir respuestas articuladas entre las distintas \u00e1reas e instituciones.<\/p>\n\n\n\n<h2 class=\"wp-block-heading\"><em>Una jornada que contin\u00faa en el Campus Virtual<\/em><\/h2>\n\n\n\n<p class=\"wp-block-paragraph\">El cierre estuvo a cargo de Romina Millanao, directora provincial de Formaci\u00f3n y Capacitaci\u00f3n del CEPS, quien present\u00f3 la continuidad de la propuesta a trav\u00e9s del Campus Virtual del Gobierno del Chubut, destacando que la jornada presencial constituye un punto de partida para seguir profundizando la tem\u00e1tica y ampliar el acceso a herramientas y conocimiento.<\/p>\n\n\n\n<p class=\"wp-block-paragraph\">En el Campus se pondr\u00e1 a disposici\u00f3n una biblioteca de recursos y contenidos sobre violencia digital de g\u00e9nero, para que quienes participaron de la jornada y todas aquellas personas interesadas puedan continuar accediendo a informaci\u00f3n y materiales desde cualquier punto de la provincia.<\/p>\n\n\n\n<p class=\"wp-block-paragraph\">Los contenidos estar\u00e1n disponibles en el Campus Virtual del Gobierno del Chubut, en capacitacion.chubut.gov.ar.<\/p>\n\n\n\n<p class=\"wp-block-paragraph\">De esta manera, el Gobierno del Chubut contin\u00faa fortaleciendo una pol\u00edtica de formaci\u00f3n y articulaci\u00f3n institucional que busca llegar a todo el territorio provincial, entendiendo que la formaci\u00f3n es una herramienta transformadora que genera oportunidades, fortalece capacidades y contribuye a construir un Estado m\u00e1s preparado y cercano a su comunidad.<\/p>\n","protected":false},"excerpt":{"rendered":"<p>Participaron integrantes de los tres poderes del Estado, junto a referentes y equipos vinculados a educaci\u00f3n, salud, justicia, seguridad, g\u00e9nero y familia, entre otros \u00e1mbitos. Los contenidos estar\u00e1n disponibles en el Campus Virtual del Gobierno del Chubut.<\/p>\n","protected":false},"author":4,"featured_media":26121,"comment_status":"closed","ping_status":"closed","sticky":false,"template":"","format":"standard","meta":{"footnotes":""},"categories":[14,525],"tags":[606],"class_list":["post-26122","post","type-post","status-publish","format-standard","has-post-thumbnail","hentry","category-provinciales","category-seguridad","tag-violencia-digital-de-genero"],"yoast_head":"<!-- This site is optimized with the Yoast SEO plugin v28.3 - https:\/\/yoast.com\/product\/yoast-seo-wordpress\/ -->\n<title>Chubut llev\u00f3 adelante una jornada de capacitaci\u00f3n sobre violencia digital de g\u00e9nero - FM Patagonia Madryn<\/title>\n<meta name=\"robots\" content=\"index, follow, max-snippet:-1, max-image-preview:large, max-video-preview:-1\" \/>\n<link rel=\"canonical\" href=\"https:\/\/fmpatagoniamadryn.com.ar\/?p=26122\" \/>\n<meta property=\"og:locale\" content=\"es_ES\" \/>\n<meta property=\"og:type\" content=\"article\" \/>\n<meta property=\"og:title\" content=\"Chubut llev\u00f3 adelante una jornada de capacitaci\u00f3n sobre violencia digital de g\u00e9nero - FM Patagonia Madryn\" \/>\n<meta property=\"og:description\" content=\"Participaron integrantes de los tres poderes del Estado, junto a referentes y equipos vinculados a educaci\u00f3n, salud, justicia, seguridad, g\u00e9nero y familia, entre otros \u00e1mbitos. Los contenidos estar\u00e1n disponibles en el Campus Virtual del Gobierno del Chubut.\" \/>\n<meta property=\"og:url\" content=\"https:\/\/fmpatagoniamadryn.com.ar\/?p=26122\" \/>\n<meta property=\"og:site_name\" content=\"FM Patagonia Madryn\" \/>\n<meta property=\"article:published_time\" content=\"2026-08-31T20:35:54+00:00\" \/>\n<meta property=\"article:modified_time\" content=\"2026-08-31T21:05:28+00:00\" \/>\n<meta property=\"og:image\" content=\"https:\/\/fmpatagoniamadryn.com.ar\/wp-content\/uploads\/2026\/08\/0fa09daf-1086-4134-bed3-0bfcbacab468.jpg\" \/>\n\t<meta property=\"og:image:width\" content=\"1600\" \/>\n\t<meta property=\"og:image:height\" content=\"761\" \/>\n\t<meta property=\"og:image:type\" content=\"image\/jpeg\" \/>\n<meta name=\"author\" content=\"FM Patagonia\" \/>\n<meta name=\"twitter:card\" content=\"summary_large_image\" \/>\n<meta name=\"twitter:label1\" content=\"Escrito por\" \/>\n\t<meta name=\"twitter:data1\" content=\"FM Patagonia\" \/>\n\t<meta name=\"twitter:label2\" content=\"Tiempo de lectura\" \/>\n\t<meta name=\"twitter:data2\" content=\"3 minutos\" \/>\n<script type=\"application\/ld+json\" class=\"yoast-schema-graph\">{\"@context\":\"https:\\\/\\\/schema.org\",\"@graph\":[{\"@type\":\"Article\",\"@id\":\"https:\\\/\\\/fmpatagoniamadryn.com.ar\\\/?p=26122#article\",\"isPartOf\":{\"@id\":\"https:\\\/\\\/fmpatagoniamadryn.com.ar\\\/?p=26122\"},\"author\":{\"name\":\"FM Patagonia\",\"@id\":\"https:\\\/\\\/fmpatagoniamadryn.com.ar\\\/#\\\/schema\\\/person\\\/97b1d30cb2ae311544a88a5201700571\"},\"headline\":\"Chubut llev\u00f3 adelante una jornada de capacitaci\u00f3n sobre violencia digital de g\u00e9nero\",\"datePublished\":\"2026-08-31T20:35:54+00:00\",\"dateModified\":\"2026-08-31T21:05:28+00:00\",\"mainEntityOfPage\":{\"@id\":\"https:\\\/\\\/fmpatagoniamadryn.com.ar\\\/?p=26122\"},\"wordCount\":579,\"publisher\":{\"@id\":\"https:\\\/\\\/fmpatagoniamadryn.com.ar\\\/#organization\"},\"image\":{\"@id\":\"https:\\\/\\\/fmpatagoniamadryn.com.ar\\\/?p=26122#primaryimage\"},\"thumbnailUrl\":\"https:\\\/\\\/fmpatagoniamadryn.com.ar\\\/wp-content\\\/uploads\\\/2026\\\/08\\\/0fa09daf-1086-4134-bed3-0bfcbacab468.jpg\",\"keywords\":[\"violencia digital de genero\"],\"articleSection\":[\"Provinciales\",\"Seguridad\"],\"inLanguage\":\"es\"},{\"@type\":\"WebPage\",\"@id\":\"https:\\\/\\\/fmpatagoniamadryn.com.ar\\\/?p=26122\",\"url\":\"https:\\\/\\\/fmpatagoniamadryn.com.ar\\\/?p=26122\",\"name\":\"Chubut llev\u00f3 adelante una jornada de capacitaci\u00f3n sobre violencia digital de g\u00e9nero - FM Patagonia Madryn\",\"isPartOf\":{\"@id\":\"https:\\\/\\\/fmpatagoniamadryn.com.ar\\\/#website\"},\"primaryImageOfPage\":{\"@id\":\"https:\\\/\\\/fmpatagoniamadryn.com.ar\\\/?p=26122#primaryimage\"},\"image\":{\"@id\":\"https:\\\/\\\/fmpatagoniamadryn.com.ar\\\/?p=26122#primaryimage\"},\"thumbnailUrl\":\"https:\\\/\\\/fmpatagoniamadryn.com.ar\\\/wp-content\\\/uploads\\\/2026\\\/08\\\/0fa09daf-1086-4134-bed3-0bfcbacab468.jpg\",\"datePublished\":\"2026-08-31T20:35:54+00:00\",\"dateModified\":\"2026-08-31T21:05:28+00:00\",\"breadcrumb\":{\"@id\":\"https:\\\/\\\/fmpatagoniamadryn.com.ar\\\/?p=26122#breadcrumb\"},\"inLanguage\":\"es\",\"potentialAction\":[{\"@type\":\"ReadAction\",\"target\":[\"https:\\\/\\\/fmpatagoniamadryn.com.ar\\\/?p=26122\"]}]},{\"@type\":\"ImageObject\",\"inLanguage\":\"es\",\"@id\":\"https:\\\/\\\/fmpatagoniamadryn.com.ar\\\/?p=26122#primaryimage\",\"url\":\"https:\\\/\\\/fmpatagoniamadryn.com.ar\\\/wp-content\\\/uploads\\\/2026\\\/08\\\/0fa09daf-1086-4134-bed3-0bfcbacab468.jpg\",\"contentUrl\":\"https:\\\/\\\/fmpatagoniamadryn.com.ar\\\/wp-content\\\/uploads\\\/2026\\\/08\\\/0fa09daf-1086-4134-bed3-0bfcbacab468.jpg\",\"width\":1600,\"height\":761},{\"@type\":\"BreadcrumbList\",\"@id\":\"https:\\\/\\\/fmpatagoniamadryn.com.ar\\\/?p=26122#breadcrumb\",\"itemListElement\":[{\"@type\":\"ListItem\",\"position\":1,\"name\":\"Portada\",\"item\":\"https:\\\/\\\/fmpatagoniamadryn.com.ar\\\/\"},{\"@type\":\"ListItem\",\"position\":2,\"name\":\"Chubut llev\u00f3 adelante una jornada de capacitaci\u00f3n sobre violencia digital de g\u00e9nero\"}]},{\"@type\":\"WebSite\",\"@id\":\"https:\\\/\\\/fmpatagoniamadryn.com.ar\\\/#website\",\"url\":\"https:\\\/\\\/fmpatagoniamadryn.com.ar\\\/\",\"name\":\"FM Patagonia Madryn\",\"description\":\"Radio Patagonia 105.5\",\"publisher\":{\"@id\":\"https:\\\/\\\/fmpatagoniamadryn.com.ar\\\/#organization\"},\"potentialAction\":[{\"@type\":\"SearchAction\",\"target\":{\"@type\":\"EntryPoint\",\"urlTemplate\":\"https:\\\/\\\/fmpatagoniamadryn.com.ar\\\/?s={search_term_string}\"},\"query-input\":{\"@type\":\"PropertyValueSpecification\",\"valueRequired\":true,\"valueName\":\"search_term_string\"}}],\"inLanguage\":\"es\"},{\"@type\":\"Organization\",\"@id\":\"https:\\\/\\\/fmpatagoniamadryn.com.ar\\\/#organization\",\"name\":\"FM Patagonia Madryn\",\"url\":\"https:\\\/\\\/fmpatagoniamadryn.com.ar\\\/\",\"logo\":{\"@type\":\"ImageObject\",\"inLanguage\":\"es\",\"@id\":\"https:\\\/\\\/fmpatagoniamadryn.com.ar\\\/#\\\/schema\\\/logo\\\/image\\\/\",\"url\":\"https:\\\/\\\/fmpatagoniamadryn.com.ar\\\/wp-content\\\/uploads\\\/2023\\\/01\\\/cropped-Diseno-sin-titulo.png\",\"contentUrl\":\"https:\\\/\\\/fmpatagoniamadryn.com.ar\\\/wp-content\\\/uploads\\\/2023\\\/01\\\/cropped-Diseno-sin-titulo.png\",\"width\":6911,\"height\":2657,\"caption\":\"FM Patagonia Madryn\"},\"image\":{\"@id\":\"https:\\\/\\\/fmpatagoniamadryn.com.ar\\\/#\\\/schema\\\/logo\\\/image\\\/\"}},{\"@type\":\"Person\",\"@id\":\"https:\\\/\\\/fmpatagoniamadryn.com.ar\\\/#\\\/schema\\\/person\\\/97b1d30cb2ae311544a88a5201700571\",\"name\":\"FM Patagonia\",\"url\":\"https:\\\/\\\/fmpatagoniamadryn.com.ar\\\/?author=4\"}]}<\/script>\n<!-- \/ Yoast SEO plugin. -->","yoast_head_json":{"title":"Chubut llev\u00f3 adelante una jornada de capacitaci\u00f3n sobre violencia digital de g\u00e9nero - FM Patagonia Madryn","robots":{"index":"index","follow":"follow","max-snippet":"max-snippet:-1","max-image-preview":"max-image-preview:large","max-video-preview":"max-video-preview:-1"},"canonical":"https:\/\/fmpatagoniamadryn.com.ar\/?p=26122","og_locale":"es_ES","og_type":"article","og_title":"Chubut llev\u00f3 adelante una jornada de capacitaci\u00f3n sobre violencia digital de g\u00e9nero - FM Patagonia Madryn","og_description":"Participaron integrantes de los tres poderes del Estado, junto a referentes y equipos vinculados a educaci\u00f3n, salud, justicia, seguridad, g\u00e9nero y familia, entre otros \u00e1mbitos. Los contenidos estar\u00e1n disponibles en el Campus Virtual del Gobierno del Chubut.","og_url":"https:\/\/fmpatagoniamadryn.com.ar\/?p=26122","og_site_name":"FM Patagonia Madryn","article_published_time":"2026-08-31T20:35:54+00:00","article_modified_time":"2026-08-31T21:05:28+00:00","og_image":[{"width":1600,"height":761,"url":"https:\/\/fmpatagoniamadryn.com.ar\/wp-content\/uploads\/2026\/08\/0fa09daf-1086-4134-bed3-0bfcbacab468.jpg","type":"image\/jpeg"}],"author":"FM Patagonia","twitter_card":"summary_large_image","twitter_misc":{"Escrito por":"FM Patagonia","Tiempo de lectura":"3 minutos"},"schema":{"@context":"https:\/\/schema.org","@graph":[{"@type":"Article","@id":"https:\/\/fmpatagoniamadryn.com.ar\/?p=26122#article","isPartOf":{"@id":"https:\/\/fmpatagoniamadryn.com.ar\/?p=26122"},"author":{"name":"FM Patagonia","@id":"https:\/\/fmpatagoniamadryn.com.ar\/#\/schema\/person\/97b1d30cb2ae311544a88a5201700571"},"headline":"Chubut llev\u00f3 adelante una jornada de capacitaci\u00f3n sobre violencia digital de g\u00e9nero","datePublished":"2026-08-31T20:35:54+00:00","dateModified":"2026-08-31T21:05:28+00:00","mainEntityOfPage":{"@id":"https:\/\/fmpatagoniamadryn.com.ar\/?p=26122"},"wordCount":579,"publisher":{"@id":"https:\/\/fmpatagoniamadryn.com.ar\/#organization"},"image":{"@id":"https:\/\/fmpatagoniamadryn.com.ar\/?p=26122#primaryimage"},"thumbnailUrl":"https:\/\/fmpatagoniamadryn.com.ar\/wp-content\/uploads\/2026\/08\/0fa09daf-1086-4134-bed3-0bfcbacab468.jpg","keywords":["violencia digital de genero"],"articleSection":["Provinciales","Seguridad"],"inLanguage":"es"},{"@type":"WebPage","@id":"https:\/\/fmpatagoniamadryn.com.ar\/?p=26122","url":"https:\/\/fmpatagoniamadryn.com.ar\/?p=26122","name":"Chubut llev\u00f3 adelante una jornada de capacitaci\u00f3n sobre violencia digital de g\u00e9nero - FM Patagonia Madryn","isPartOf":{"@id":"https:\/\/fmpatagoniamadryn.com.ar\/#website"},"primaryImageOfPage":{"@id":"https:\/\/fmpatagoniamadryn.com.ar\/?p=26122#primaryimage"},"image":{"@id":"https:\/\/fmpatagoniamadryn.com.ar\/?p=26122#primaryimage"},"thumbnailUrl":"https:\/\/fmpatagoniamadryn.com.ar\/wp-content\/uploads\/2026\/08\/0fa09daf-1086-4134-bed3-0bfcbacab468.jpg","datePublished":"2026-08-31T20:35:54+00:00","dateModified":"2026-08-31T21:05:28+00:00","breadcrumb":{"@id":"https:\/\/fmpatagoniamadryn.com.ar\/?p=26122#breadcrumb"},"inLanguage":"es","potentialAction":[{"@type":"ReadAction","target":["https:\/\/fmpatagoniamadryn.com.ar\/?p=26122"]}]},{"@type":"ImageObject","inLanguage":"es","@id":"https:\/\/fmpatagoniamadryn.com.ar\/?p=26122#primaryimage","url":"https:\/\/fmpatagoniamadryn.com.ar\/wp-content\/uploads\/2026\/08\/0fa09daf-1086-4134-bed3-0bfcbacab468.jpg","contentUrl":"https:\/\/fmpatagoniamadryn.com.ar\/wp-content\/uploads\/2026\/08\/0fa09daf-1086-4134-bed3-0bfcbacab468.jpg","width":1600,"height":761},{"@type":"BreadcrumbList","@id":"https:\/\/fmpatagoniamadryn.com.ar\/?p=26122#breadcrumb","itemListElement":[{"@type":"ListItem","position":1,"name":"Portada","item":"https:\/\/fmpatagoniamadryn.com.ar\/"},{"@type":"ListItem","position":2,"name":"Chubut llev\u00f3 adelante una jornada de capacitaci\u00f3n sobre violencia digital de g\u00e9nero"}]},{"@type":"WebSite","@id":"https:\/\/fmpatagoniamadryn.com.ar\/#website","url":"https:\/\/fmpatagoniamadryn.com.ar\/","name":"FM Patagonia Madryn","description":"Radio Patagonia 105.5","publisher":{"@id":"https:\/\/fmpatagoniamadryn.com.ar\/#organization"},"potentialAction":[{"@type":"SearchAction","target":{"@type":"EntryPoint","urlTemplate":"https:\/\/fmpatagoniamadryn.com.ar\/?s={search_term_string}"},"query-input":{"@type":"PropertyValueSpecification","valueRequired":true,"valueName":"search_term_string"}}],"inLanguage":"es"},{"@type":"Organization","@id":"https:\/\/fmpatagoniamadryn.com.ar\/#organization","name":"FM Patagonia Madryn","url":"https:\/\/fmpatagoniamadryn.com.ar\/","logo":{"@type":"ImageObject","inLanguage":"es","@id":"https:\/\/fmpatagoniamadryn.com.ar\/#\/schema\/logo\/image\/","url":"https:\/\/fmpatagoniamadryn.com.ar\/wp-content\/uploads\/2023\/01\/cropped-Diseno-sin-titulo.png","contentUrl":"https:\/\/fmpatagoniamadryn.com.ar\/wp-content\/uploads\/2023\/01\/cropped-Diseno-sin-titulo.png","width":6911,"height":2657,"caption":"FM Patagonia Madryn"},"image":{"@id":"https:\/\/fmpatagoniamadryn.com.ar\/#\/schema\/logo\/image\/"}},{"@type":"Person","@id":"https:\/\/fmpatagoniamadryn.com.ar\/#\/schema\/person\/97b1d30cb2ae311544a88a5201700571","name":"FM Patagonia","url":"https:\/\/fmpatagoniamadryn.com.ar\/?author=4"}]}},"jetpack_featured_media_url":"https:\/\/fmpatagoniamadryn.com.ar\/wp-content\/uploads\/2026\/08\/0fa09daf-1086-4134-bed3-0bfcbacab468.jpg","_links":{"self":[{"href":"https:\/\/fmpatagoniamadryn.com.ar\/index.php?rest_route=\/wp\/v2\/posts\/26122","targetHints":{"allow":["GET"]}}],"collection":[{"href":"https:\/\/fmpatagoniamadryn.com.ar\/index.php?rest_route=\/wp\/v2\/posts"}],"about":[{"href":"https:\/\/fmpatagoniamadryn.com.ar\/index.php?rest_route=\/wp\/v2\/types\/post"}],"author":[{"embeddable":true,"href":"https:\/\/fmpatagoniamadryn.com.ar\/index.php?rest_route=\/wp\/v2\/users\/4"}],"replies":[{"embeddable":true,"href":"https:\/\/fmpatagoniamadryn.com.ar\/index.php?rest_route=%2Fwp%2Fv2%2Fcomments&post=26122"}],"version-history":[{"count":1,"href":"https:\/\/fmpatagoniamadryn.com.ar\/index.php?rest_route=\/wp\/v2\/posts\/26122\/revisions"}],"predecessor-version":[{"id":26123,"href":"https:\/\/fmpatagoniamadryn.com.ar\/index.php?rest_route=\/wp\/v2\/posts\/26122\/revisions\/26123"}],"wp:featuredmedia":[{"embeddable":true,"href":"https:\/\/fmpatagoniamadryn.com.ar\/index.php?rest_route=\/wp\/v2\/media\/26121"}],"wp:attachment":[{"href":"https:\/\/fmpatagoniamadryn.com.ar\/index.php?rest_route=%2Fwp%2Fv2%2Fmedia&parent=26122"}],"wp:term":[{"taxonomy":"category","embeddable":true,"href":"https:\/\/fmpatagoniamadryn.com.ar\/index.php?rest_route=%2Fwp%2Fv2%2Fcategories&post=26122"},{"taxonomy":"post_tag","embeddable":true,"href":"https:\/\/fmpatagoniamadryn.com.ar\/index.php?rest_route=%2Fwp%2Fv2%2Ftags&post=26122"}],"curies":[{"name":"wp","href":"https:\/\/api.w.org\/{rel}","templated":true}]}}