{"id":26125,"date":"2026-08-31T19:30:00","date_gmt":"2026-08-31T22:30:00","guid":{"rendered":"https:\/\/fmpatagoniamadryn.com.ar\/?p=26125"},"modified":"2026-08-31T17:44:47","modified_gmt":"2026-08-31T20:44:47","slug":"nacionales-la-dotacion-de-personal-estatal-cayo-58-en-un-ano","status":"publish","type":"post","link":"https:\/\/fmpatagoniamadryn.com.ar\/?p=26125","title":{"rendered":"Nacionales: La dotaci\u00f3n de personal estatal cay\u00f3 5,8% en un a\u00f1o"},"content":{"rendered":"\n<p class=\"p2 wp-block-paragraph\"><\/p>\n\n\n\n<p class=\"p2 wp-block-paragraph\"><strong>Ca\u00edda en la administraci\u00f3n p\u00fablica y las empresas estatales<\/strong><\/p>\n\n\n\n<p class=\"p2 wp-block-paragraph\">La baja fue m\u00e1s pronunciada dentro de la Administraci\u00f3n P\u00fablica Nacional (APN), donde la cantidad de empleados se redujo un 6,6% en comparaci\u00f3n con julio del a\u00f1o pasado.<\/p>\n\n\n\n<p class=\"p2 wp-block-paragraph\">En tanto, las empresas y sociedades del Estado o con participaci\u00f3n estatal registraron una disminuci\u00f3n interanual del 4,2%.<\/p>\n\n\n\n<p class=\"p2 wp-block-paragraph\">Dentro de la Administraci\u00f3n P\u00fablica Nacional, la mayor ca\u00edda se produjo en la administraci\u00f3n centralizada, con una baja del 7%. Le siguieron la administraci\u00f3n descentralizada y la administraci\u00f3n desconcentrada, ambas con un retroceso del 6,7% interanual.&nbsp;<\/p>\n\n\n\n<h2 class=\"wp-block-heading\"><strong>M\u00e1s de 17 mil personas menos en un a\u00f1o<\/strong><\/h2>\n\n\n\n<p class=\"p2 wp-block-paragraph\">En t\u00e9rminos absolutos, la dotaci\u00f3n total relevada por el INDEC disminuy\u00f3 de 287.951 personas en julio de 2025 a 270.835 en julio de 2026.<\/p>\n\n\n\n<p class=\"p2 wp-block-paragraph\">Uno de los mayores descensos se registr\u00f3 en la administraci\u00f3n descentralizada, que pas\u00f3 de contar con 119.107 trabajadores en julio de 2025 a 111.117 un a\u00f1o despu\u00e9s.<\/p>\n\n\n\n<p class=\"p2 wp-block-paragraph\">El informe tambi\u00e9n mostr\u00f3 variaciones mensuales inferiores al 1% respecto de junio de 2026, tanto para el total de la dotaci\u00f3n como para la Administraci\u00f3n P\u00fablica Nacional y las empresas y sociedades estatales.&nbsp;<\/p>\n\n\n\n<h2 class=\"wp-block-heading\"><strong>Contin\u00faa la reducci\u00f3n de la estructura estatal<\/strong><\/h2>\n\n\n\n<p class=\"p2 wp-block-paragraph\">Los n\u00fameros reflejan la continuidad de la reducci\u00f3n en la dotaci\u00f3n de personal del sector p\u00fablico nacional. El relevamiento del INDEC incluye a trabajadores de la Administraci\u00f3n P\u00fablica Nacional, as\u00ed como de empresas y sociedades del Estado o con participaci\u00f3n societaria estatal.<\/p>\n\n\n\n<p class=\"p2 wp-block-paragraph\">La medici\u00f3n permite seguir la evoluci\u00f3n mensual de la cantidad de personas que integran estas estructuras, aunque la variaci\u00f3n en la dotaci\u00f3n no especifica por s\u00ed sola los motivos particulares de cada baja registrada.&nbsp;<\/p>\n","protected":false},"excerpt":{"rendered":"<p>La cantidad de personas empleadas en la administraci\u00f3n p\u00fablica nacional y en las empresas y sociedades del Estado registr\u00f3 una ca\u00edda interanual del 5,8% en julio de 2026, seg\u00fan los \u00faltimos datos difundidos por el Instituto Nacional de Estad\u00edstica y Censos (INDEC).<\/p>\n","protected":false},"author":4,"featured_media":26124,"comment_status":"closed","ping_status":"closed","sticky":false,"template":"","format":"standard","meta":{"footnotes":""},"categories":[13],"tags":[607],"class_list":["post-26125","post","type-post","status-publish","format-standard","has-post-thumbnail","hentry","category-nacionales","tag-dotacion-de-personal"],"yoast_head":"<!-- This site is optimized with the Yoast SEO plugin v28.3 - https:\/\/yoast.com\/product\/yoast-seo-wordpress\/ -->\n<title>Nacionales: La dotaci\u00f3n de personal estatal cay\u00f3 5,8% en un a\u00f1o - FM Patagonia Madryn<\/title>\n<meta name=\"robots\" content=\"index, follow, max-snippet:-1, max-image-preview:large, max-video-preview:-1\" \/>\n<link rel=\"canonical\" href=\"https:\/\/fmpatagoniamadryn.com.ar\/?p=26125\" \/>\n<meta property=\"og:locale\" content=\"es_ES\" \/>\n<meta property=\"og:type\" content=\"article\" \/>\n<meta property=\"og:title\" content=\"Nacionales: La dotaci\u00f3n de personal estatal cay\u00f3 5,8% en un a\u00f1o - FM Patagonia Madryn\" \/>\n<meta property=\"og:description\" content=\"La cantidad de personas empleadas en la administraci\u00f3n p\u00fablica nacional y en las empresas y sociedades del Estado registr\u00f3 una ca\u00edda interanual del 5,8% en julio de 2026, seg\u00fan los \u00faltimos datos difundidos por el Instituto Nacional de Estad\u00edstica y Censos (INDEC).\" \/>\n<meta property=\"og:url\" content=\"https:\/\/fmpatagoniamadryn.com.ar\/?p=26125\" \/>\n<meta property=\"og:site_name\" content=\"FM Patagonia Madryn\" \/>\n<meta property=\"article:published_time\" content=\"2026-08-31T22:30:00+00:00\" \/>\n<meta property=\"og:image\" content=\"https:\/\/fmpatagoniamadryn.com.ar\/wp-content\/uploads\/2026\/08\/img_8604.jpg\" \/>\n\t<meta property=\"og:image:width\" content=\"790\" \/>\n\t<meta property=\"og:image:height\" content=\"444\" \/>\n\t<meta property=\"og:image:type\" content=\"image\/jpeg\" \/>\n<meta name=\"author\" content=\"FM Patagonia\" \/>\n<meta name=\"twitter:card\" content=\"summary_large_image\" \/>\n<meta name=\"twitter:label1\" content=\"Escrito por\" \/>\n\t<meta name=\"twitter:data1\" content=\"FM Patagonia\" \/>\n\t<meta name=\"twitter:label2\" content=\"Tiempo de lectura\" \/>\n\t<meta name=\"twitter:data2\" content=\"1 minuto\" \/>\n<script type=\"application\/ld+json\" class=\"yoast-schema-graph\">{\"@context\":\"https:\\\/\\\/schema.org\",\"@graph\":[{\"@type\":\"Article\",\"@id\":\"https:\\\/\\\/fmpatagoniamadryn.com.ar\\\/?p=26125#article\",\"isPartOf\":{\"@id\":\"https:\\\/\\\/fmpatagoniamadryn.com.ar\\\/?p=26125\"},\"author\":{\"name\":\"FM Patagonia\",\"@id\":\"https:\\\/\\\/fmpatagoniamadryn.com.ar\\\/#\\\/schema\\\/person\\\/97b1d30cb2ae311544a88a5201700571\"},\"headline\":\"Nacionales: La dotaci\u00f3n de personal estatal cay\u00f3 5,8% en un a\u00f1o\",\"datePublished\":\"2026-08-31T22:30:00+00:00\",\"mainEntityOfPage\":{\"@id\":\"https:\\\/\\\/fmpatagoniamadryn.com.ar\\\/?p=26125\"},\"wordCount\":308,\"publisher\":{\"@id\":\"https:\\\/\\\/fmpatagoniamadryn.com.ar\\\/#organization\"},\"image\":{\"@id\":\"https:\\\/\\\/fmpatagoniamadryn.com.ar\\\/?p=26125#primaryimage\"},\"thumbnailUrl\":\"https:\\\/\\\/fmpatagoniamadryn.com.ar\\\/wp-content\\\/uploads\\\/2026\\\/08\\\/img_8604.jpg\",\"keywords\":[\"dotacion de personal\"],\"articleSection\":[\"Nacionales\"],\"inLanguage\":\"es\"},{\"@type\":\"WebPage\",\"@id\":\"https:\\\/\\\/fmpatagoniamadryn.com.ar\\\/?p=26125\",\"url\":\"https:\\\/\\\/fmpatagoniamadryn.com.ar\\\/?p=26125\",\"name\":\"Nacionales: La dotaci\u00f3n de personal estatal cay\u00f3 5,8% en un a\u00f1o - FM Patagonia Madryn\",\"isPartOf\":{\"@id\":\"https:\\\/\\\/fmpatagoniamadryn.com.ar\\\/#website\"},\"primaryImageOfPage\":{\"@id\":\"https:\\\/\\\/fmpatagoniamadryn.com.ar\\\/?p=26125#primaryimage\"},\"image\":{\"@id\":\"https:\\\/\\\/fmpatagoniamadryn.com.ar\\\/?p=26125#primaryimage\"},\"thumbnailUrl\":\"https:\\\/\\\/fmpatagoniamadryn.com.ar\\\/wp-content\\\/uploads\\\/2026\\\/08\\\/img_8604.jpg\",\"datePublished\":\"2026-08-31T22:30:00+00:00\",\"breadcrumb\":{\"@id\":\"https:\\\/\\\/fmpatagoniamadryn.com.ar\\\/?p=26125#breadcrumb\"},\"inLanguage\":\"es\",\"potentialAction\":[{\"@type\":\"ReadAction\",\"target\":[\"https:\\\/\\\/fmpatagoniamadryn.com.ar\\\/?p=26125\"]}]},{\"@type\":\"ImageObject\",\"inLanguage\":\"es\",\"@id\":\"https:\\\/\\\/fmpatagoniamadryn.com.ar\\\/?p=26125#primaryimage\",\"url\":\"https:\\\/\\\/fmpatagoniamadryn.com.ar\\\/wp-content\\\/uploads\\\/2026\\\/08\\\/img_8604.jpg\",\"contentUrl\":\"https:\\\/\\\/fmpatagoniamadryn.com.ar\\\/wp-content\\\/uploads\\\/2026\\\/08\\\/img_8604.jpg\",\"width\":790,\"height\":444},{\"@type\":\"BreadcrumbList\",\"@id\":\"https:\\\/\\\/fmpatagoniamadryn.com.ar\\\/?p=26125#breadcrumb\",\"itemListElement\":[{\"@type\":\"ListItem\",\"position\":1,\"name\":\"Portada\",\"item\":\"https:\\\/\\\/fmpatagoniamadryn.com.ar\\\/\"},{\"@type\":\"ListItem\",\"position\":2,\"name\":\"Nacionales: La dotaci\u00f3n de personal estatal cay\u00f3 5,8% en un a\u00f1o\"}]},{\"@type\":\"WebSite\",\"@id\":\"https:\\\/\\\/fmpatagoniamadryn.com.ar\\\/#website\",\"url\":\"https:\\\/\\\/fmpatagoniamadryn.com.ar\\\/\",\"name\":\"FM Patagonia Madryn\",\"description\":\"Radio Patagonia 105.5\",\"publisher\":{\"@id\":\"https:\\\/\\\/fmpatagoniamadryn.com.ar\\\/#organization\"},\"potentialAction\":[{\"@type\":\"SearchAction\",\"target\":{\"@type\":\"EntryPoint\",\"urlTemplate\":\"https:\\\/\\\/fmpatagoniamadryn.com.ar\\\/?s={search_term_string}\"},\"query-input\":{\"@type\":\"PropertyValueSpecification\",\"valueRequired\":true,\"valueName\":\"search_term_string\"}}],\"inLanguage\":\"es\"},{\"@type\":\"Organization\",\"@id\":\"https:\\\/\\\/fmpatagoniamadryn.com.ar\\\/#organization\",\"name\":\"FM Patagonia Madryn\",\"url\":\"https:\\\/\\\/fmpatagoniamadryn.com.ar\\\/\",\"logo\":{\"@type\":\"ImageObject\",\"inLanguage\":\"es\",\"@id\":\"https:\\\/\\\/fmpatagoniamadryn.com.ar\\\/#\\\/schema\\\/logo\\\/image\\\/\",\"url\":\"https:\\\/\\\/fmpatagoniamadryn.com.ar\\\/wp-content\\\/uploads\\\/2023\\\/01\\\/cropped-Diseno-sin-titulo.png\",\"contentUrl\":\"https:\\\/\\\/fmpatagoniamadryn.com.ar\\\/wp-content\\\/uploads\\\/2023\\\/01\\\/cropped-Diseno-sin-titulo.png\",\"width\":6911,\"height\":2657,\"caption\":\"FM Patagonia Madryn\"},\"image\":{\"@id\":\"https:\\\/\\\/fmpatagoniamadryn.com.ar\\\/#\\\/schema\\\/logo\\\/image\\\/\"}},{\"@type\":\"Person\",\"@id\":\"https:\\\/\\\/fmpatagoniamadryn.com.ar\\\/#\\\/schema\\\/person\\\/97b1d30cb2ae311544a88a5201700571\",\"name\":\"FM Patagonia\",\"url\":\"https:\\\/\\\/fmpatagoniamadryn.com.ar\\\/?author=4\"}]}<\/script>\n<!-- \/ Yoast SEO plugin. -->","yoast_head_json":{"title":"Nacionales: La dotaci\u00f3n de personal estatal cay\u00f3 5,8% en un a\u00f1o - FM Patagonia Madryn","robots":{"index":"index","follow":"follow","max-snippet":"max-snippet:-1","max-image-preview":"max-image-preview:large","max-video-preview":"max-video-preview:-1"},"canonical":"https:\/\/fmpatagoniamadryn.com.ar\/?p=26125","og_locale":"es_ES","og_type":"article","og_title":"Nacionales: La dotaci\u00f3n de personal estatal cay\u00f3 5,8% en un a\u00f1o - FM Patagonia Madryn","og_description":"La cantidad de personas empleadas en la administraci\u00f3n p\u00fablica nacional y en las empresas y sociedades del Estado registr\u00f3 una ca\u00edda interanual del 5,8% en julio de 2026, seg\u00fan los \u00faltimos datos difundidos por el Instituto Nacional de Estad\u00edstica y Censos (INDEC).","og_url":"https:\/\/fmpatagoniamadryn.com.ar\/?p=26125","og_site_name":"FM Patagonia Madryn","article_published_time":"2026-08-31T22:30:00+00:00","og_image":[{"width":790,"height":444,"url":"https:\/\/fmpatagoniamadryn.com.ar\/wp-content\/uploads\/2026\/08\/img_8604.jpg","type":"image\/jpeg"}],"author":"FM Patagonia","twitter_card":"summary_large_image","twitter_misc":{"Escrito por":"FM Patagonia","Tiempo de lectura":"1 minuto"},"schema":{"@context":"https:\/\/schema.org","@graph":[{"@type":"Article","@id":"https:\/\/fmpatagoniamadryn.com.ar\/?p=26125#article","isPartOf":{"@id":"https:\/\/fmpatagoniamadryn.com.ar\/?p=26125"},"author":{"name":"FM Patagonia","@id":"https:\/\/fmpatagoniamadryn.com.ar\/#\/schema\/person\/97b1d30cb2ae311544a88a5201700571"},"headline":"Nacionales: La dotaci\u00f3n de personal estatal cay\u00f3 5,8% en un a\u00f1o","datePublished":"2026-08-31T22:30:00+00:00","mainEntityOfPage":{"@id":"https:\/\/fmpatagoniamadryn.com.ar\/?p=26125"},"wordCount":308,"publisher":{"@id":"https:\/\/fmpatagoniamadryn.com.ar\/#organization"},"image":{"@id":"https:\/\/fmpatagoniamadryn.com.ar\/?p=26125#primaryimage"},"thumbnailUrl":"https:\/\/fmpatagoniamadryn.com.ar\/wp-content\/uploads\/2026\/08\/img_8604.jpg","keywords":["dotacion de personal"],"articleSection":["Nacionales"],"inLanguage":"es"},{"@type":"WebPage","@id":"https:\/\/fmpatagoniamadryn.com.ar\/?p=26125","url":"https:\/\/fmpatagoniamadryn.com.ar\/?p=26125","name":"Nacionales: La dotaci\u00f3n de personal estatal cay\u00f3 5,8% en un a\u00f1o - FM Patagonia Madryn","isPartOf":{"@id":"https:\/\/fmpatagoniamadryn.com.ar\/#website"},"primaryImageOfPage":{"@id":"https:\/\/fmpatagoniamadryn.com.ar\/?p=26125#primaryimage"},"image":{"@id":"https:\/\/fmpatagoniamadryn.com.ar\/?p=26125#primaryimage"},"thumbnailUrl":"https:\/\/fmpatagoniamadryn.com.ar\/wp-content\/uploads\/2026\/08\/img_8604.jpg","datePublished":"2026-08-31T22:30:00+00:00","breadcrumb":{"@id":"https:\/\/fmpatagoniamadryn.com.ar\/?p=26125#breadcrumb"},"inLanguage":"es","potentialAction":[{"@type":"ReadAction","target":["https:\/\/fmpatagoniamadryn.com.ar\/?p=26125"]}]},{"@type":"ImageObject","inLanguage":"es","@id":"https:\/\/fmpatagoniamadryn.com.ar\/?p=26125#primaryimage","url":"https:\/\/fmpatagoniamadryn.com.ar\/wp-content\/uploads\/2026\/08\/img_8604.jpg","contentUrl":"https:\/\/fmpatagoniamadryn.com.ar\/wp-content\/uploads\/2026\/08\/img_8604.jpg","width":790,"height":444},{"@type":"BreadcrumbList","@id":"https:\/\/fmpatagoniamadryn.com.ar\/?p=26125#breadcrumb","itemListElement":[{"@type":"ListItem","position":1,"name":"Portada","item":"https:\/\/fmpatagoniamadryn.com.ar\/"},{"@type":"ListItem","position":2,"name":"Nacionales: La dotaci\u00f3n de personal estatal cay\u00f3 5,8% en un a\u00f1o"}]},{"@type":"WebSite","@id":"https:\/\/fmpatagoniamadryn.com.ar\/#website","url":"https:\/\/fmpatagoniamadryn.com.ar\/","name":"FM Patagonia Madryn","description":"Radio Patagonia 105.5","publisher":{"@id":"https:\/\/fmpatagoniamadryn.com.ar\/#organization"},"potentialAction":[{"@type":"SearchAction","target":{"@type":"EntryPoint","urlTemplate":"https:\/\/fmpatagoniamadryn.com.ar\/?s={search_term_string}"},"query-input":{"@type":"PropertyValueSpecification","valueRequired":true,"valueName":"search_term_string"}}],"inLanguage":"es"},{"@type":"Organization","@id":"https:\/\/fmpatagoniamadryn.com.ar\/#organization","name":"FM Patagonia Madryn","url":"https:\/\/fmpatagoniamadryn.com.ar\/","logo":{"@type":"ImageObject","inLanguage":"es","@id":"https:\/\/fmpatagoniamadryn.com.ar\/#\/schema\/logo\/image\/","url":"https:\/\/fmpatagoniamadryn.com.ar\/wp-content\/uploads\/2023\/01\/cropped-Diseno-sin-titulo.png","contentUrl":"https:\/\/fmpatagoniamadryn.com.ar\/wp-content\/uploads\/2023\/01\/cropped-Diseno-sin-titulo.png","width":6911,"height":2657,"caption":"FM Patagonia Madryn"},"image":{"@id":"https:\/\/fmpatagoniamadryn.com.ar\/#\/schema\/logo\/image\/"}},{"@type":"Person","@id":"https:\/\/fmpatagoniamadryn.com.ar\/#\/schema\/person\/97b1d30cb2ae311544a88a5201700571","name":"FM Patagonia","url":"https:\/\/fmpatagoniamadryn.com.ar\/?author=4"}]}},"jetpack_featured_media_url":"https:\/\/fmpatagoniamadryn.com.ar\/wp-content\/uploads\/2026\/08\/img_8604.jpg","_links":{"self":[{"href":"https:\/\/fmpatagoniamadryn.com.ar\/index.php?rest_route=\/wp\/v2\/posts\/26125","targetHints":{"allow":["GET"]}}],"collection":[{"href":"https:\/\/fmpatagoniamadryn.com.ar\/index.php?rest_route=\/wp\/v2\/posts"}],"about":[{"href":"https:\/\/fmpatagoniamadryn.com.ar\/index.php?rest_route=\/wp\/v2\/types\/post"}],"author":[{"embeddable":true,"href":"https:\/\/fmpatagoniamadryn.com.ar\/index.php?rest_route=\/wp\/v2\/users\/4"}],"replies":[{"embeddable":true,"href":"https:\/\/fmpatagoniamadryn.com.ar\/index.php?rest_route=%2Fwp%2Fv2%2Fcomments&post=26125"}],"version-history":[{"count":1,"href":"https:\/\/fmpatagoniamadryn.com.ar\/index.php?rest_route=\/wp\/v2\/posts\/26125\/revisions"}],"predecessor-version":[{"id":26126,"href":"https:\/\/fmpatagoniamadryn.com.ar\/index.php?rest_route=\/wp\/v2\/posts\/26125\/revisions\/26126"}],"wp:featuredmedia":[{"embeddable":true,"href":"https:\/\/fmpatagoniamadryn.com.ar\/index.php?rest_route=\/wp\/v2\/media\/26124"}],"wp:attachment":[{"href":"https:\/\/fmpatagoniamadryn.com.ar\/index.php?rest_route=%2Fwp%2Fv2%2Fmedia&parent=26125"}],"wp:term":[{"taxonomy":"category","embeddable":true,"href":"https:\/\/fmpatagoniamadryn.com.ar\/index.php?rest_route=%2Fwp%2Fv2%2Fcategories&post=26125"},{"taxonomy":"post_tag","embeddable":true,"href":"https:\/\/fmpatagoniamadryn.com.ar\/index.php?rest_route=%2Fwp%2Fv2%2Ftags&post=26125"}],"curies":[{"name":"wp","href":"https:\/\/api.w.org\/{rel}","templated":true}]}}