{"id":26127,"date":"2026-08-31T20:00:00","date_gmt":"2026-08-31T23:00:00","guid":{"rendered":"https:\/\/fmpatagoniamadryn.com.ar\/?p=26127"},"modified":"2026-08-31T18:07:08","modified_gmt":"2026-08-31T21:07:08","slug":"chubut-participo-del-comite-de-integracion-binacional-los-lagos-y-sera-sede-del-proximo-encuentro-en-2027","status":"publish","type":"post","link":"https:\/\/fmpatagoniamadryn.com.ar\/?p=26127","title":{"rendered":"Chubut particip\u00f3 del Comit\u00e9 de Integraci\u00f3n Binacional Los Lagos y ser\u00e1 sede del pr\u00f3ximo encuentro en 2027"},"content":{"rendered":"\n<p class=\"wp-block-paragraph\">El Gobierno de la Provincia, a trav\u00e9s de representantes de la Agencia Chubut Turismo, estuvo presente en la 40\u00b0 Reuni\u00f3n del Comit\u00e9 de Integraci\u00f3n Binacional Los Lagos que se desarroll\u00f3 en la ciudad chilena de Valdivia. La participaci\u00f3n chubutense tuvo como finalidad profundizar los v\u00ednculos con el pa\u00eds vecino y fortalecer un mercado estrat\u00e9gico para el desarrollo tur\u00edstico provincial.<\/p>\n\n\n\n<p class=\"wp-block-paragraph\">La presencia de la Agencia Chubut Turismo se concret\u00f3 a trav\u00e9s de los representantes de la C\u00e1mara de Turismo del Chubut (CATCh), Miguel Sosa y Bruno English, quienes participaron de las comisiones de Infraestructura, de Facilitaci\u00f3n Fronteriza y de Comercio, Industria y Turismo, principalmente.<\/p>\n\n\n\n<p class=\"wp-block-paragraph\">En las instancias vinculadas al sector tur\u00edstico, el objetivo es fortalecer la articulaci\u00f3n entre el sector p\u00fablico y privado, llevando la oferta y las oportunidades de desarrollo tur\u00edstico de la provincia a este espacio de integraci\u00f3n binacional. Mientras que, de las fronteras entre ambos pa\u00edses, se hizo foco en el Paso Puelo, una oportunidad para consolidar el turismo binacional.<\/p>\n\n\n\n<h2 class=\"wp-block-heading\"><em>Integraci\u00f3n territorial<\/em><\/h2>\n\n\n\n<p class=\"wp-block-paragraph\">El encuentro reuni\u00f3 durante dos jornadas a m\u00e1s de 500 representantes de Chile y Argentina, incluyendo autoridades regionales y provinciales, organismos p\u00fablicos, municipios y referentes de distintos sectores, con una agenda centrada en la integraci\u00f3n territorial, la conectividad, el turismo, el comercio, la cultura y la facilitaci\u00f3n fronteriza.<\/p>\n\n\n\n<p class=\"wp-block-paragraph\">En este marco, la participaci\u00f3n de Chubut permiti\u00f3 fortalecer la presencia provincial en un espacio estrat\u00e9gico para la articulaci\u00f3n de acciones vinculadas al turismo binacional, promoviendo oportunidades de cooperaci\u00f3n y generaci\u00f3n de nuevos v\u00ednculos con actores del sector tur\u00edstico chileno.<\/p>\n\n\n\n<p class=\"wp-block-paragraph\">Para la provincia, Chile representa un mercado estrat\u00e9gico por su cercan\u00eda geogr\u00e1fica y por las posibilidades de integraci\u00f3n que ofrece la conectividad cordillerana. En este sentido, la participaci\u00f3n en estos \u00e1mbitos permite posicionar la oferta tur\u00edstica chubutense y generar nuevas oportunidades de promoci\u00f3n y comercializaci\u00f3n.<\/p>\n\n\n\n<p class=\"wp-block-paragraph\">La agenda tur\u00edstica del Comit\u00e9 avanz\u00f3, entre otros puntos, en la realizaci\u00f3n de ruedas de negocios, la coordinaci\u00f3n de eventos conjuntos, la elaboraci\u00f3n de un calendario tur\u00edstico unificado y el intercambio de informaci\u00f3n sobre rutas transfronterizas, iniciativas que apuntan a ampliar la circulaci\u00f3n de visitantes y potenciar los destinos de ambos lados de la cordillera.<\/p>\n\n\n\n<h2 class=\"wp-block-heading\"><em>Chubut 2027<\/em><\/h2>\n\n\n\n<p class=\"wp-block-paragraph\">Como resultado del encuentro, se confirm\u00f3 que la 41\u00ba edici\u00f3n del Comit\u00e9 de Integraci\u00f3n Los Lagos se realizar\u00e1 durante 2027 por primera vez en la provincia del Chubut. Ser\u00e1 en la localidad de Lago Puelo donde se dar\u00e1 continuidad al trabajo y al seguimiento de los compromisos asumidos en Valdivia.<\/p>\n\n\n\n<p class=\"wp-block-paragraph\">La designaci\u00f3n de Chubut como sede de la pr\u00f3xima reuni\u00f3n representa una oportunidad para que la provincia sea protagonista de un nuevo cap\u00edtulo de la integraci\u00f3n entre Chile y Argentina, poniendo en valor su oferta tur\u00edstica, sus destinos cordilleranos y los corredores que vinculan a ambos pa\u00edses.<\/p>\n","protected":false},"excerpt":{"rendered":"<p>Representantes de la Agencia Chubut Turismo formaron parte de la 40\u00b0 reuni\u00f3n realizada en Valdivia, Chile, donde se abordaron estrategias para fortalecer la conectividad, el turismo y el intercambio entre ambos pa\u00edses. La pr\u00f3xima edici\u00f3n del encuentro se realizar\u00e1 el a\u00f1o que viene en la localidad de Lago Puelo.<\/p>\n","protected":false},"author":4,"featured_media":26129,"comment_status":"closed","ping_status":"closed","sticky":false,"template":"","format":"standard","meta":{"footnotes":""},"categories":[14],"tags":[608],"class_list":["post-26127","post","type-post","status-publish","format-standard","has-post-thumbnail","hentry","category-provinciales","tag-comite-de-integracion-binacional"],"yoast_head":"<!-- This site is optimized with the Yoast SEO plugin v28.3 - https:\/\/yoast.com\/product\/yoast-seo-wordpress\/ -->\n<title>Chubut particip\u00f3 del Comit\u00e9 de Integraci\u00f3n Binacional Los Lagos y ser\u00e1 sede del pr\u00f3ximo encuentro en 2027 - FM Patagonia Madryn<\/title>\n<meta name=\"robots\" content=\"index, follow, max-snippet:-1, max-image-preview:large, max-video-preview:-1\" \/>\n<link rel=\"canonical\" href=\"https:\/\/fmpatagoniamadryn.com.ar\/?p=26127\" \/>\n<meta property=\"og:locale\" content=\"es_ES\" \/>\n<meta property=\"og:type\" content=\"article\" \/>\n<meta property=\"og:title\" content=\"Chubut particip\u00f3 del Comit\u00e9 de Integraci\u00f3n Binacional Los Lagos y ser\u00e1 sede del pr\u00f3ximo encuentro en 2027 - FM Patagonia Madryn\" \/>\n<meta property=\"og:description\" content=\"Representantes de la Agencia Chubut Turismo formaron parte de la 40\u00b0 reuni\u00f3n realizada en Valdivia, Chile, donde se abordaron estrategias para fortalecer la conectividad, el turismo y el intercambio entre ambos pa\u00edses. La pr\u00f3xima edici\u00f3n del encuentro se realizar\u00e1 el a\u00f1o que viene en la localidad de Lago Puelo.\" \/>\n<meta property=\"og:url\" content=\"https:\/\/fmpatagoniamadryn.com.ar\/?p=26127\" \/>\n<meta property=\"og:site_name\" content=\"FM Patagonia Madryn\" \/>\n<meta property=\"article:published_time\" content=\"2026-08-31T23:00:00+00:00\" \/>\n<meta property=\"og:image\" content=\"https:\/\/fmpatagoniamadryn.com.ar\/wp-content\/uploads\/2026\/08\/99a4946f-616b-4460-be63-d4a62ff8f1ec.jpg\" \/>\n\t<meta property=\"og:image:width\" content=\"960\" \/>\n\t<meta property=\"og:image:height\" content=\"1280\" \/>\n\t<meta property=\"og:image:type\" content=\"image\/jpeg\" \/>\n<meta name=\"author\" content=\"FM Patagonia\" \/>\n<meta name=\"twitter:card\" content=\"summary_large_image\" \/>\n<meta name=\"twitter:label1\" content=\"Escrito por\" \/>\n\t<meta name=\"twitter:data1\" content=\"FM Patagonia\" \/>\n\t<meta name=\"twitter:label2\" content=\"Tiempo de lectura\" \/>\n\t<meta name=\"twitter:data2\" content=\"2 minutos\" \/>\n<script type=\"application\/ld+json\" class=\"yoast-schema-graph\">{\"@context\":\"https:\\\/\\\/schema.org\",\"@graph\":[{\"@type\":\"Article\",\"@id\":\"https:\\\/\\\/fmpatagoniamadryn.com.ar\\\/?p=26127#article\",\"isPartOf\":{\"@id\":\"https:\\\/\\\/fmpatagoniamadryn.com.ar\\\/?p=26127\"},\"author\":{\"name\":\"FM Patagonia\",\"@id\":\"https:\\\/\\\/fmpatagoniamadryn.com.ar\\\/#\\\/schema\\\/person\\\/97b1d30cb2ae311544a88a5201700571\"},\"headline\":\"Chubut particip\u00f3 del Comit\u00e9 de Integraci\u00f3n Binacional Los Lagos y ser\u00e1 sede del pr\u00f3ximo encuentro en 2027\",\"datePublished\":\"2026-08-31T23:00:00+00:00\",\"mainEntityOfPage\":{\"@id\":\"https:\\\/\\\/fmpatagoniamadryn.com.ar\\\/?p=26127\"},\"wordCount\":517,\"publisher\":{\"@id\":\"https:\\\/\\\/fmpatagoniamadryn.com.ar\\\/#organization\"},\"image\":{\"@id\":\"https:\\\/\\\/fmpatagoniamadryn.com.ar\\\/?p=26127#primaryimage\"},\"thumbnailUrl\":\"https:\\\/\\\/fmpatagoniamadryn.com.ar\\\/wp-content\\\/uploads\\\/2026\\\/08\\\/99a4946f-616b-4460-be63-d4a62ff8f1ec.jpg\",\"keywords\":[\"comite de integracion binacional\"],\"articleSection\":[\"Provinciales\"],\"inLanguage\":\"es\"},{\"@type\":\"WebPage\",\"@id\":\"https:\\\/\\\/fmpatagoniamadryn.com.ar\\\/?p=26127\",\"url\":\"https:\\\/\\\/fmpatagoniamadryn.com.ar\\\/?p=26127\",\"name\":\"Chubut particip\u00f3 del Comit\u00e9 de Integraci\u00f3n Binacional Los Lagos y ser\u00e1 sede del pr\u00f3ximo encuentro en 2027 - FM Patagonia Madryn\",\"isPartOf\":{\"@id\":\"https:\\\/\\\/fmpatagoniamadryn.com.ar\\\/#website\"},\"primaryImageOfPage\":{\"@id\":\"https:\\\/\\\/fmpatagoniamadryn.com.ar\\\/?p=26127#primaryimage\"},\"image\":{\"@id\":\"https:\\\/\\\/fmpatagoniamadryn.com.ar\\\/?p=26127#primaryimage\"},\"thumbnailUrl\":\"https:\\\/\\\/fmpatagoniamadryn.com.ar\\\/wp-content\\\/uploads\\\/2026\\\/08\\\/99a4946f-616b-4460-be63-d4a62ff8f1ec.jpg\",\"datePublished\":\"2026-08-31T23:00:00+00:00\",\"breadcrumb\":{\"@id\":\"https:\\\/\\\/fmpatagoniamadryn.com.ar\\\/?p=26127#breadcrumb\"},\"inLanguage\":\"es\",\"potentialAction\":[{\"@type\":\"ReadAction\",\"target\":[\"https:\\\/\\\/fmpatagoniamadryn.com.ar\\\/?p=26127\"]}]},{\"@type\":\"ImageObject\",\"inLanguage\":\"es\",\"@id\":\"https:\\\/\\\/fmpatagoniamadryn.com.ar\\\/?p=26127#primaryimage\",\"url\":\"https:\\\/\\\/fmpatagoniamadryn.com.ar\\\/wp-content\\\/uploads\\\/2026\\\/08\\\/99a4946f-616b-4460-be63-d4a62ff8f1ec.jpg\",\"contentUrl\":\"https:\\\/\\\/fmpatagoniamadryn.com.ar\\\/wp-content\\\/uploads\\\/2026\\\/08\\\/99a4946f-616b-4460-be63-d4a62ff8f1ec.jpg\",\"width\":960,\"height\":1280},{\"@type\":\"BreadcrumbList\",\"@id\":\"https:\\\/\\\/fmpatagoniamadryn.com.ar\\\/?p=26127#breadcrumb\",\"itemListElement\":[{\"@type\":\"ListItem\",\"position\":1,\"name\":\"Portada\",\"item\":\"https:\\\/\\\/fmpatagoniamadryn.com.ar\\\/\"},{\"@type\":\"ListItem\",\"position\":2,\"name\":\"Chubut particip\u00f3 del Comit\u00e9 de Integraci\u00f3n Binacional Los Lagos y ser\u00e1 sede del pr\u00f3ximo encuentro en 2027\"}]},{\"@type\":\"WebSite\",\"@id\":\"https:\\\/\\\/fmpatagoniamadryn.com.ar\\\/#website\",\"url\":\"https:\\\/\\\/fmpatagoniamadryn.com.ar\\\/\",\"name\":\"FM Patagonia Madryn\",\"description\":\"Radio Patagonia 105.5\",\"publisher\":{\"@id\":\"https:\\\/\\\/fmpatagoniamadryn.com.ar\\\/#organization\"},\"potentialAction\":[{\"@type\":\"SearchAction\",\"target\":{\"@type\":\"EntryPoint\",\"urlTemplate\":\"https:\\\/\\\/fmpatagoniamadryn.com.ar\\\/?s={search_term_string}\"},\"query-input\":{\"@type\":\"PropertyValueSpecification\",\"valueRequired\":true,\"valueName\":\"search_term_string\"}}],\"inLanguage\":\"es\"},{\"@type\":\"Organization\",\"@id\":\"https:\\\/\\\/fmpatagoniamadryn.com.ar\\\/#organization\",\"name\":\"FM Patagonia Madryn\",\"url\":\"https:\\\/\\\/fmpatagoniamadryn.com.ar\\\/\",\"logo\":{\"@type\":\"ImageObject\",\"inLanguage\":\"es\",\"@id\":\"https:\\\/\\\/fmpatagoniamadryn.com.ar\\\/#\\\/schema\\\/logo\\\/image\\\/\",\"url\":\"https:\\\/\\\/fmpatagoniamadryn.com.ar\\\/wp-content\\\/uploads\\\/2023\\\/01\\\/cropped-Diseno-sin-titulo.png\",\"contentUrl\":\"https:\\\/\\\/fmpatagoniamadryn.com.ar\\\/wp-content\\\/uploads\\\/2023\\\/01\\\/cropped-Diseno-sin-titulo.png\",\"width\":6911,\"height\":2657,\"caption\":\"FM Patagonia Madryn\"},\"image\":{\"@id\":\"https:\\\/\\\/fmpatagoniamadryn.com.ar\\\/#\\\/schema\\\/logo\\\/image\\\/\"}},{\"@type\":\"Person\",\"@id\":\"https:\\\/\\\/fmpatagoniamadryn.com.ar\\\/#\\\/schema\\\/person\\\/97b1d30cb2ae311544a88a5201700571\",\"name\":\"FM Patagonia\",\"url\":\"https:\\\/\\\/fmpatagoniamadryn.com.ar\\\/?author=4\"}]}<\/script>\n<!-- \/ Yoast SEO plugin. -->","yoast_head_json":{"title":"Chubut particip\u00f3 del Comit\u00e9 de Integraci\u00f3n Binacional Los Lagos y ser\u00e1 sede del pr\u00f3ximo encuentro en 2027 - FM Patagonia Madryn","robots":{"index":"index","follow":"follow","max-snippet":"max-snippet:-1","max-image-preview":"max-image-preview:large","max-video-preview":"max-video-preview:-1"},"canonical":"https:\/\/fmpatagoniamadryn.com.ar\/?p=26127","og_locale":"es_ES","og_type":"article","og_title":"Chubut particip\u00f3 del Comit\u00e9 de Integraci\u00f3n Binacional Los Lagos y ser\u00e1 sede del pr\u00f3ximo encuentro en 2027 - FM Patagonia Madryn","og_description":"Representantes de la Agencia Chubut Turismo formaron parte de la 40\u00b0 reuni\u00f3n realizada en Valdivia, Chile, donde se abordaron estrategias para fortalecer la conectividad, el turismo y el intercambio entre ambos pa\u00edses. La pr\u00f3xima edici\u00f3n del encuentro se realizar\u00e1 el a\u00f1o que viene en la localidad de Lago Puelo.","og_url":"https:\/\/fmpatagoniamadryn.com.ar\/?p=26127","og_site_name":"FM Patagonia Madryn","article_published_time":"2026-08-31T23:00:00+00:00","og_image":[{"width":960,"height":1280,"url":"https:\/\/fmpatagoniamadryn.com.ar\/wp-content\/uploads\/2026\/08\/99a4946f-616b-4460-be63-d4a62ff8f1ec.jpg","type":"image\/jpeg"}],"author":"FM Patagonia","twitter_card":"summary_large_image","twitter_misc":{"Escrito por":"FM Patagonia","Tiempo de lectura":"2 minutos"},"schema":{"@context":"https:\/\/schema.org","@graph":[{"@type":"Article","@id":"https:\/\/fmpatagoniamadryn.com.ar\/?p=26127#article","isPartOf":{"@id":"https:\/\/fmpatagoniamadryn.com.ar\/?p=26127"},"author":{"name":"FM Patagonia","@id":"https:\/\/fmpatagoniamadryn.com.ar\/#\/schema\/person\/97b1d30cb2ae311544a88a5201700571"},"headline":"Chubut particip\u00f3 del Comit\u00e9 de Integraci\u00f3n Binacional Los Lagos y ser\u00e1 sede del pr\u00f3ximo encuentro en 2027","datePublished":"2026-08-31T23:00:00+00:00","mainEntityOfPage":{"@id":"https:\/\/fmpatagoniamadryn.com.ar\/?p=26127"},"wordCount":517,"publisher":{"@id":"https:\/\/fmpatagoniamadryn.com.ar\/#organization"},"image":{"@id":"https:\/\/fmpatagoniamadryn.com.ar\/?p=26127#primaryimage"},"thumbnailUrl":"https:\/\/fmpatagoniamadryn.com.ar\/wp-content\/uploads\/2026\/08\/99a4946f-616b-4460-be63-d4a62ff8f1ec.jpg","keywords":["comite de integracion binacional"],"articleSection":["Provinciales"],"inLanguage":"es"},{"@type":"WebPage","@id":"https:\/\/fmpatagoniamadryn.com.ar\/?p=26127","url":"https:\/\/fmpatagoniamadryn.com.ar\/?p=26127","name":"Chubut particip\u00f3 del Comit\u00e9 de Integraci\u00f3n Binacional Los Lagos y ser\u00e1 sede del pr\u00f3ximo encuentro en 2027 - FM Patagonia Madryn","isPartOf":{"@id":"https:\/\/fmpatagoniamadryn.com.ar\/#website"},"primaryImageOfPage":{"@id":"https:\/\/fmpatagoniamadryn.com.ar\/?p=26127#primaryimage"},"image":{"@id":"https:\/\/fmpatagoniamadryn.com.ar\/?p=26127#primaryimage"},"thumbnailUrl":"https:\/\/fmpatagoniamadryn.com.ar\/wp-content\/uploads\/2026\/08\/99a4946f-616b-4460-be63-d4a62ff8f1ec.jpg","datePublished":"2026-08-31T23:00:00+00:00","breadcrumb":{"@id":"https:\/\/fmpatagoniamadryn.com.ar\/?p=26127#breadcrumb"},"inLanguage":"es","potentialAction":[{"@type":"ReadAction","target":["https:\/\/fmpatagoniamadryn.com.ar\/?p=26127"]}]},{"@type":"ImageObject","inLanguage":"es","@id":"https:\/\/fmpatagoniamadryn.com.ar\/?p=26127#primaryimage","url":"https:\/\/fmpatagoniamadryn.com.ar\/wp-content\/uploads\/2026\/08\/99a4946f-616b-4460-be63-d4a62ff8f1ec.jpg","contentUrl":"https:\/\/fmpatagoniamadryn.com.ar\/wp-content\/uploads\/2026\/08\/99a4946f-616b-4460-be63-d4a62ff8f1ec.jpg","width":960,"height":1280},{"@type":"BreadcrumbList","@id":"https:\/\/fmpatagoniamadryn.com.ar\/?p=26127#breadcrumb","itemListElement":[{"@type":"ListItem","position":1,"name":"Portada","item":"https:\/\/fmpatagoniamadryn.com.ar\/"},{"@type":"ListItem","position":2,"name":"Chubut particip\u00f3 del Comit\u00e9 de Integraci\u00f3n Binacional Los Lagos y ser\u00e1 sede del pr\u00f3ximo encuentro en 2027"}]},{"@type":"WebSite","@id":"https:\/\/fmpatagoniamadryn.com.ar\/#website","url":"https:\/\/fmpatagoniamadryn.com.ar\/","name":"FM Patagonia Madryn","description":"Radio Patagonia 105.5","publisher":{"@id":"https:\/\/fmpatagoniamadryn.com.ar\/#organization"},"potentialAction":[{"@type":"SearchAction","target":{"@type":"EntryPoint","urlTemplate":"https:\/\/fmpatagoniamadryn.com.ar\/?s={search_term_string}"},"query-input":{"@type":"PropertyValueSpecification","valueRequired":true,"valueName":"search_term_string"}}],"inLanguage":"es"},{"@type":"Organization","@id":"https:\/\/fmpatagoniamadryn.com.ar\/#organization","name":"FM Patagonia Madryn","url":"https:\/\/fmpatagoniamadryn.com.ar\/","logo":{"@type":"ImageObject","inLanguage":"es","@id":"https:\/\/fmpatagoniamadryn.com.ar\/#\/schema\/logo\/image\/","url":"https:\/\/fmpatagoniamadryn.com.ar\/wp-content\/uploads\/2023\/01\/cropped-Diseno-sin-titulo.png","contentUrl":"https:\/\/fmpatagoniamadryn.com.ar\/wp-content\/uploads\/2023\/01\/cropped-Diseno-sin-titulo.png","width":6911,"height":2657,"caption":"FM Patagonia Madryn"},"image":{"@id":"https:\/\/fmpatagoniamadryn.com.ar\/#\/schema\/logo\/image\/"}},{"@type":"Person","@id":"https:\/\/fmpatagoniamadryn.com.ar\/#\/schema\/person\/97b1d30cb2ae311544a88a5201700571","name":"FM Patagonia","url":"https:\/\/fmpatagoniamadryn.com.ar\/?author=4"}]}},"jetpack_featured_media_url":"https:\/\/fmpatagoniamadryn.com.ar\/wp-content\/uploads\/2026\/08\/99a4946f-616b-4460-be63-d4a62ff8f1ec.jpg","_links":{"self":[{"href":"https:\/\/fmpatagoniamadryn.com.ar\/index.php?rest_route=\/wp\/v2\/posts\/26127","targetHints":{"allow":["GET"]}}],"collection":[{"href":"https:\/\/fmpatagoniamadryn.com.ar\/index.php?rest_route=\/wp\/v2\/posts"}],"about":[{"href":"https:\/\/fmpatagoniamadryn.com.ar\/index.php?rest_route=\/wp\/v2\/types\/post"}],"author":[{"embeddable":true,"href":"https:\/\/fmpatagoniamadryn.com.ar\/index.php?rest_route=\/wp\/v2\/users\/4"}],"replies":[{"embeddable":true,"href":"https:\/\/fmpatagoniamadryn.com.ar\/index.php?rest_route=%2Fwp%2Fv2%2Fcomments&post=26127"}],"version-history":[{"count":2,"href":"https:\/\/fmpatagoniamadryn.com.ar\/index.php?rest_route=\/wp\/v2\/posts\/26127\/revisions"}],"predecessor-version":[{"id":26130,"href":"https:\/\/fmpatagoniamadryn.com.ar\/index.php?rest_route=\/wp\/v2\/posts\/26127\/revisions\/26130"}],"wp:featuredmedia":[{"embeddable":true,"href":"https:\/\/fmpatagoniamadryn.com.ar\/index.php?rest_route=\/wp\/v2\/media\/26129"}],"wp:attachment":[{"href":"https:\/\/fmpatagoniamadryn.com.ar\/index.php?rest_route=%2Fwp%2Fv2%2Fmedia&parent=26127"}],"wp:term":[{"taxonomy":"category","embeddable":true,"href":"https:\/\/fmpatagoniamadryn.com.ar\/index.php?rest_route=%2Fwp%2Fv2%2Fcategories&post=26127"},{"taxonomy":"post_tag","embeddable":true,"href":"https:\/\/fmpatagoniamadryn.com.ar\/index.php?rest_route=%2Fwp%2Fv2%2Ftags&post=26127"}],"curies":[{"name":"wp","href":"https:\/\/api.w.org\/{rel}","templated":true}]}}