{"id":26131,"date":"2026-08-31T18:21:44","date_gmt":"2026-08-31T21:21:44","guid":{"rendered":"https:\/\/fmpatagoniamadryn.com.ar\/?p=26131"},"modified":"2026-08-31T18:21:45","modified_gmt":"2026-08-31T21:21:45","slug":"lionel-messi-y-el-final-de-una-era-asi-fue-la-historia-del-capitan-de-la-seleccion-argentina","status":"publish","type":"post","link":"https:\/\/fmpatagoniamadryn.com.ar\/?p=26131","title":{"rendered":"Lionel Messi y el final de una era: as\u00ed fue la historia del capit\u00e1n de la Selecci\u00f3n Argentina"},"content":{"rendered":"\n<p class=\"wp-block-paragraph\">Lionel Messi dio este lunes una de esas noticias que se esperaban, pero que nadie quer\u00eda que llegara: <strong>su retiro definitivo de la Selecci\u00f3n Argentina<\/strong>, uno de sus grandes amores dentro del f\u00fatbol. Con la camiseta albiceleste vivi\u00f3 momentos de enorme sacrificio, sufri\u00f3 las derrotas m\u00e1s dolorosas y tambi\u00e9n alcanz\u00f3 la m\u00e1xima gloria con la obtenci\u00f3n de la Copa del Mundo.<\/p>\n\n\n\n<p class=\"wp-block-paragraph\">Su despedida marca el final de una etapa irrepetible. La del futbolista que durante a\u00f1os carg\u00f3 con la comparaci\u00f3n con Diego Maradona, que fue cuestionado por su manera de liderar y que finalmente encontr\u00f3 en la Selecci\u00f3n un lugar en el que pudo construir su propia historia.<\/p>\n\n\n\n<h2 class=\"wp-block-heading\">Seis Mundiales y una camiseta que defendi\u00f3 desde juvenil<\/h2>\n\n\n\n<p class=\"wp-block-paragraph\">Messi disput\u00f3 <strong>seis Mundiales<\/strong> a lo largo de su carrera y en cuatro de ellos tuvo, adem\u00e1s, la responsabilidad m\u00e1xima de ser la cara y la voz del equipo argentino como capit\u00e1n.<\/p>\n\n\n\n<p class=\"wp-block-paragraph\">La historia del \u00ab10\u00bb con la cinta en el brazo no fue casualidad. Mucho antes de convertirse en el l\u00edder indiscutido del seleccionado, Messi ya hab\u00eda demostrado desde las categor\u00edas juveniles las condiciones futbol\u00edsticas que pod\u00eda aportarle al pa\u00eds.<\/p>\n\n\n\n<p class=\"wp-block-paragraph\">Incluso cuando brillaba en las inferiores del Barcelona, <strong>rechaz\u00f3 distintas propuestas de la Federaci\u00f3n Espa\u00f1ola para representar a Espa\u00f1a<\/strong>, una decisi\u00f3n que dej\u00f3 en claro desde muy temprano el v\u00ednculo que ten\u00eda con la camiseta argentina.<\/p>\n\n\n\n<p class=\"wp-block-paragraph\">Desde entonces, su compromiso con la Selecci\u00f3n estuvo presente en cada competencia, incluso en los momentos m\u00e1s dif\u00edciles.<\/p>\n\n\n\n<h2 class=\"wp-block-heading\">Maradona y una comparaci\u00f3n que lo acompa\u00f1\u00f3 durante a\u00f1os<\/h2>\n\n\n\n<p class=\"wp-block-paragraph\">Desde su llegada al seleccionado mayor, Messi fue comparado permanentemente con <strong>Diego Armando Maradona<\/strong>. La comparaci\u00f3n, inevitable por su talento y por la expectativa que generaba en el f\u00fatbol argentino, termin\u00f3 siendo durante a\u00f1os uno de los grandes pesos que debi\u00f3 soportar.<\/p>\n\n\n\n<p class=\"wp-block-paragraph\">Las diferencias entre ambos no estuvieron solamente dentro de la cancha. Tambi\u00e9n fueron notables sus personalidades y sus maneras de ejercer el liderazgo.<\/p>\n\n\n\n<p class=\"wp-block-paragraph\">Mientras Maradona ten\u00eda una personalidad explosiva y una enorme capacidad para expresarse p\u00fablicamente, Messi construy\u00f3 su liderazgo desde el silencio, el respeto y, principalmente, desde sus actuaciones dentro del campo de juego.<\/p>\n\n\n\n<h2 class=\"wp-block-heading\">El d\u00eda que Maradona le entreg\u00f3 la cinta<\/h2>\n\n\n\n<p class=\"wp-block-paragraph\">La primera vez que Messi llev\u00f3 la cinta de capit\u00e1n en un Mundial fue durante Sud\u00e1frica 2010.<\/p>\n\n\n\n<p class=\"wp-block-paragraph\">Diego Maradona era el entrenador de la Selecci\u00f3n y, para el partido ante Grecia, decidi\u00f3 darle esa responsabilidad al joven Lionel. <strong>El 22 de junio de 2010, con apenas 23 a\u00f1os, Messi fue capit\u00e1n en el triunfo argentino por 2-0.<\/strong><\/p>\n\n\n\n<p class=\"wp-block-paragraph\">Por entonces, Javier Mascherano, Javier Zanetti y Sebasti\u00e1n Ver\u00f3n eran algunos de los principales referentes del plantel. Sin embargo, Maradona decidi\u00f3 confiar en el joven rosarino.<\/p>\n\n\n\n<p class=\"wp-block-paragraph\">Fue el primer gran paso de una historia que tendr\u00eda continuidad un a\u00f1o despu\u00e9s y que terminar\u00eda convirtiendo a Messi en el capit\u00e1n m\u00e1s importante de la Selecci\u00f3n Argentina.<\/p>\n\n\n\n<h2 class=\"wp-block-heading\">Sabella tom\u00f3 la decisi\u00f3n que cambi\u00f3 su historia<\/h2>\n\n\n\n<p class=\"wp-block-paragraph\">Despu\u00e9s de la Copa Am\u00e9rica 2011, Alejandro Sabella asumi\u00f3 como entrenador de la Selecci\u00f3n Argentina y tom\u00f3 una decisi\u00f3n trascendental: <strong>Messi deb\u00eda convertirse en el capit\u00e1n absoluto del equipo<\/strong>.<\/p>\n\n\n\n<p class=\"wp-block-paragraph\">Sabella entend\u00eda que la personalidad de Messi era diferente. Lo describ\u00eda como una persona callada, respetuosa y tranquila. Precisamente por eso consideraba que llevar la cinta pod\u00eda ayudarlo a asumir una mayor responsabilidad dentro del grupo.<\/p>\n\n\n\n<p class=\"wp-block-paragraph\">El entrenador lleg\u00f3 a explicarle que esa responsabilidad pod\u00eda hacerlo madurar y darle un peso positivo frente a sus compa\u00f1eros.<\/p>\n\n\n\n<p class=\"wp-block-paragraph\">Por eso, en 2011 viaj\u00f3 a Europa para reunirse personalmente con el futbolista y comunicarle su decisi\u00f3n.<\/p>\n\n\n\n<p class=\"wp-block-paragraph\">A partir de ese momento, <strong>Messi llev\u00f3 la cinta de capit\u00e1n de manera permanente<\/strong>.<\/p>\n\n\n\n<h2 class=\"wp-block-heading\">Del silencio a convertirse en la voz de la Selecci\u00f3n<\/h2>\n\n\n\n<p class=\"wp-block-paragraph\">Durante a\u00f1os, esa personalidad tranquila fue motivo de cr\u00edticas. Muchos le reclamaban a Messi que hablara m\u00e1s, que tuviera una actitud m\u00e1s fuerte y que asumiera p\u00fablicamente el liderazgo que ya ejerc\u00eda futbol\u00edsticamente.<\/p>\n\n\n\n<p class=\"wp-block-paragraph\">El quiebre lleg\u00f3 en 2019.<\/p>\n\n\n\n<p class=\"wp-block-paragraph\">Luego de la derrota ante Brasil en las semifinales de la Copa Am\u00e9rica disputada en territorio brasile\u00f1o, Messi expres\u00f3 p\u00fablicamente su enojo con la CONMEBOL y protagoniz\u00f3 una de sus declaraciones m\u00e1s fuertes con la camiseta argentina.<\/p>\n\n\n\n<p class=\"wp-block-paragraph\">Aquella reacci\u00f3n mostr\u00f3 una faceta diferente del capit\u00e1n. <strong>El Messi callado y tranquilo hab\u00eda encontrado una voz de mando<\/strong>, una transformaci\u00f3n que se profundizar\u00eda durante la etapa de Lionel Scaloni.<\/p>\n\n\n\n<h2 class=\"wp-block-heading\">El liderazgo que construy\u00f3 junto a una nueva generaci\u00f3n<\/h2>\n\n\n\n<p class=\"wp-block-paragraph\">Con Scaloni lleg\u00f3 tambi\u00e9n una nueva generaci\u00f3n de futbolistas que creci\u00f3 admirando a Messi.<\/p>\n\n\n\n<p class=\"wp-block-paragraph\">El capit\u00e1n pas\u00f3 a ocupar un lugar diferente dentro del plantel. Ya no era solamente el mejor jugador del equipo: <strong>era el referente de un grupo de j\u00f3venes que lo miraban como \u00eddolo y l\u00edder<\/strong>.<\/p>\n\n\n\n<p class=\"wp-block-paragraph\">La relaci\u00f3n con sus compa\u00f1eros, su manera de acompa\u00f1ar a los m\u00e1s j\u00f3venes y su protagonismo dentro de la cancha terminaron consolidando un liderazgo que durante mucho tiempo hab\u00eda sido discutido.<\/p>\n\n\n\n<p class=\"wp-block-paragraph\">Y los resultados acompa\u00f1aron ese proceso.<\/p>\n\n\n\n<p class=\"wp-block-paragraph\">La Copa Am\u00e9rica 2021 signific\u00f3 el primer gran t\u00edtulo de la Selecci\u00f3n Mayor con Messi como capit\u00e1n. Luego lleg\u00f3 la Finalissima ante Italia y, finalmente, la consagraci\u00f3n m\u00e1s importante de todas: <strong>el Mundial de Qatar 2022<\/strong>.<\/p>\n\n\n\n<h2 class=\"wp-block-heading\">La Copa del Mundo y el final perfecto<\/h2>\n\n\n\n<p class=\"wp-block-paragraph\">En Qatar, Messi complet\u00f3 la historia que durante tantos a\u00f1os parec\u00eda imposible.<\/p>\n\n\n\n<p class=\"wp-block-paragraph\">Fue capit\u00e1n, goleador, figura y l\u00edder de una Selecci\u00f3n que derrot\u00f3 a Francia en una final inolvidable. Con la Copa del Mundo entre sus manos, finalmente pudo cumplir el gran sue\u00f1o que hab\u00eda perseguido durante toda su carrera.<\/p>\n\n\n\n<p class=\"wp-block-paragraph\">El festejo junto a sus compa\u00f1eros y aquella imagen levantando el trofeo quedaron grabados para siempre en la memoria del f\u00fatbol argentino.<\/p>\n\n\n\n<p class=\"wp-block-paragraph\">Despu\u00e9s llegar\u00edan nuevos desaf\u00edos y m\u00e1s t\u00edtulos con la camiseta albiceleste, pero aquella consagraci\u00f3n signific\u00f3 el punto m\u00e1ximo de una historia que hab\u00eda comenzado muchos a\u00f1os antes.<\/p>\n\n\n\n<h2 class=\"wp-block-heading\">El \u00faltimo cap\u00edtulo de una historia inolvidable<\/h2>\n\n\n\n<p class=\"wp-block-paragraph\">La historia de Messi como capit\u00e1n comenz\u00f3 oficialmente en 2011 y tuvo su cierre este lunes, cuando el propio protagonista anunci\u00f3 su retiro de la Selecci\u00f3n Argentina a trav\u00e9s de una carta publicada en sus redes sociales.<\/p>\n\n\n\n<p class=\"wp-block-paragraph\">El \u00faltimo partido con la camiseta argentina fue la <strong>final del Mundial 2026<\/strong>, poniendo punto final a una etapa que atraves\u00f3 m\u00e1s de una d\u00e9cada y que dej\u00f3 t\u00edtulos, r\u00e9cords, goles, frustraciones y momentos que forman parte de la historia grande del deporte argentino.<\/p>\n\n\n\n<p class=\"wp-block-paragraph\">Messi se va de la Selecci\u00f3n como lleg\u00f3: siendo protagonista.<\/p>\n\n\n\n<p class=\"wp-block-paragraph\">Pero se marcha dejando algo mucho m\u00e1s grande que estad\u00edsticas. <strong>Deja una historia de amor con la camiseta argentina que sobrevivi\u00f3 a las derrotas, a las cr\u00edticas y a los momentos de mayor presi\u00f3n, y que termin\u00f3 con el \u00ab10\u00bb levantando la Copa del Mundo.<\/strong><\/p>\n\n\n\n<p class=\"wp-block-paragraph\">El capit\u00e1n finalmente solt\u00f3 la cinta.<\/p>\n\n\n\n<p class=\"wp-block-paragraph\">Ahora ser\u00e1, como \u00e9l mismo decidi\u00f3, <strong>un hincha m\u00e1s de la Selecci\u00f3n Argentina<\/strong>.<\/p>\n","protected":false},"excerpt":{"rendered":"<p>Lionel Messi anunci\u00f3 su retiro definitivo de la Selecci\u00f3n Argentina luego de una historia marcada por sacrificios, frustraciones, l\u00e1grimas y las mayores alegr\u00edas. Desde 2011 llev\u00f3 la cinta de capit\u00e1n y cerr\u00f3 su ciclo como campe\u00f3n del mundo y uno de los m\u00e1ximos s\u00edmbolos de la historia del f\u00fatbol argentino.<\/p>\n","protected":false},"author":5,"featured_media":26132,"comment_status":"closed","ping_status":"closed","sticky":false,"template":"","format":"standard","meta":{"footnotes":""},"categories":[4],"tags":[609,65],"class_list":["post-26131","post","type-post","status-publish","format-standard","has-post-thumbnail","hentry","category-deportes","tag-despedida-de-la-seleccion","tag-messi"],"yoast_head":"<!-- This site is optimized with the Yoast SEO plugin v28.3 - https:\/\/yoast.com\/product\/yoast-seo-wordpress\/ -->\n<title>Lionel Messi y el final de una era: as\u00ed fue la historia del capit\u00e1n de la Selecci\u00f3n Argentina - FM Patagonia Madryn<\/title>\n<meta name=\"robots\" content=\"index, follow, max-snippet:-1, max-image-preview:large, max-video-preview:-1\" \/>\n<link rel=\"canonical\" href=\"https:\/\/fmpatagoniamadryn.com.ar\/?p=26131\" \/>\n<meta property=\"og:locale\" content=\"es_ES\" \/>\n<meta property=\"og:type\" content=\"article\" \/>\n<meta property=\"og:title\" content=\"Lionel Messi y el final de una era: as\u00ed fue la historia del capit\u00e1n de la Selecci\u00f3n Argentina - FM Patagonia Madryn\" \/>\n<meta property=\"og:description\" content=\"Lionel Messi anunci\u00f3 su retiro definitivo de la Selecci\u00f3n Argentina luego de una historia marcada por sacrificios, frustraciones, l\u00e1grimas y las mayores alegr\u00edas. Desde 2011 llev\u00f3 la cinta de capit\u00e1n y cerr\u00f3 su ciclo como campe\u00f3n del mundo y uno de los m\u00e1ximos s\u00edmbolos de la historia del f\u00fatbol argentino.\" \/>\n<meta property=\"og:url\" content=\"https:\/\/fmpatagoniamadryn.com.ar\/?p=26131\" \/>\n<meta property=\"og:site_name\" content=\"FM Patagonia Madryn\" \/>\n<meta property=\"article:published_time\" content=\"2026-08-31T21:21:44+00:00\" \/>\n<meta property=\"article:modified_time\" content=\"2026-08-31T21:21:45+00:00\" \/>\n<meta name=\"author\" content=\"FM Patagonia\" \/>\n<meta name=\"twitter:card\" content=\"summary_large_image\" \/>\n<meta name=\"twitter:label1\" content=\"Escrito por\" \/>\n\t<meta name=\"twitter:data1\" content=\"FM Patagonia\" \/>\n\t<meta name=\"twitter:label2\" content=\"Tiempo de lectura\" \/>\n\t<meta name=\"twitter:data2\" content=\"6 minutos\" \/>\n<script type=\"application\/ld+json\" class=\"yoast-schema-graph\">{\"@context\":\"https:\\\/\\\/schema.org\",\"@graph\":[{\"@type\":\"Article\",\"@id\":\"https:\\\/\\\/fmpatagoniamadryn.com.ar\\\/?p=26131#article\",\"isPartOf\":{\"@id\":\"https:\\\/\\\/fmpatagoniamadryn.com.ar\\\/?p=26131\"},\"author\":{\"name\":\"FM Patagonia\",\"@id\":\"https:\\\/\\\/fmpatagoniamadryn.com.ar\\\/#\\\/schema\\\/person\\\/d1eaeab8ab628617785f4d9ef0e8d5d8\"},\"headline\":\"Lionel Messi y el final de una era: as\u00ed fue la historia del capit\u00e1n de la Selecci\u00f3n Argentina\",\"datePublished\":\"2026-08-31T21:21:44+00:00\",\"dateModified\":\"2026-08-31T21:21:45+00:00\",\"mainEntityOfPage\":{\"@id\":\"https:\\\/\\\/fmpatagoniamadryn.com.ar\\\/?p=26131\"},\"wordCount\":1249,\"publisher\":{\"@id\":\"https:\\\/\\\/fmpatagoniamadryn.com.ar\\\/#organization\"},\"image\":{\"@id\":\"https:\\\/\\\/fmpatagoniamadryn.com.ar\\\/?p=26131#primaryimage\"},\"thumbnailUrl\":\"https:\\\/\\\/fmpatagoniamadryn.com.ar\\\/wp-content\\\/uploads\\\/2026\\\/08\\\/messi-capitan-eterno.avif\",\"keywords\":[\"Despedida de la Selecci\u00f3n\",\"Messi\"],\"articleSection\":[\"Deportes\"],\"inLanguage\":\"es\"},{\"@type\":\"WebPage\",\"@id\":\"https:\\\/\\\/fmpatagoniamadryn.com.ar\\\/?p=26131\",\"url\":\"https:\\\/\\\/fmpatagoniamadryn.com.ar\\\/?p=26131\",\"name\":\"Lionel Messi y el final de una era: as\u00ed fue la historia del capit\u00e1n de la Selecci\u00f3n Argentina - FM Patagonia Madryn\",\"isPartOf\":{\"@id\":\"https:\\\/\\\/fmpatagoniamadryn.com.ar\\\/#website\"},\"primaryImageOfPage\":{\"@id\":\"https:\\\/\\\/fmpatagoniamadryn.com.ar\\\/?p=26131#primaryimage\"},\"image\":{\"@id\":\"https:\\\/\\\/fmpatagoniamadryn.com.ar\\\/?p=26131#primaryimage\"},\"thumbnailUrl\":\"https:\\\/\\\/fmpatagoniamadryn.com.ar\\\/wp-content\\\/uploads\\\/2026\\\/08\\\/messi-capitan-eterno.avif\",\"datePublished\":\"2026-08-31T21:21:44+00:00\",\"dateModified\":\"2026-08-31T21:21:45+00:00\",\"breadcrumb\":{\"@id\":\"https:\\\/\\\/fmpatagoniamadryn.com.ar\\\/?p=26131#breadcrumb\"},\"inLanguage\":\"es\",\"potentialAction\":[{\"@type\":\"ReadAction\",\"target\":[\"https:\\\/\\\/fmpatagoniamadryn.com.ar\\\/?p=26131\"]}]},{\"@type\":\"ImageObject\",\"inLanguage\":\"es\",\"@id\":\"https:\\\/\\\/fmpatagoniamadryn.com.ar\\\/?p=26131#primaryimage\",\"url\":\"https:\\\/\\\/fmpatagoniamadryn.com.ar\\\/wp-content\\\/uploads\\\/2026\\\/08\\\/messi-capitan-eterno.avif\",\"contentUrl\":\"https:\\\/\\\/fmpatagoniamadryn.com.ar\\\/wp-content\\\/uploads\\\/2026\\\/08\\\/messi-capitan-eterno.avif\",\"width\":810,\"height\":540},{\"@type\":\"BreadcrumbList\",\"@id\":\"https:\\\/\\\/fmpatagoniamadryn.com.ar\\\/?p=26131#breadcrumb\",\"itemListElement\":[{\"@type\":\"ListItem\",\"position\":1,\"name\":\"Portada\",\"item\":\"https:\\\/\\\/fmpatagoniamadryn.com.ar\\\/\"},{\"@type\":\"ListItem\",\"position\":2,\"name\":\"Lionel Messi y el final de una era: as\u00ed fue la historia del capit\u00e1n de la Selecci\u00f3n Argentina\"}]},{\"@type\":\"WebSite\",\"@id\":\"https:\\\/\\\/fmpatagoniamadryn.com.ar\\\/#website\",\"url\":\"https:\\\/\\\/fmpatagoniamadryn.com.ar\\\/\",\"name\":\"FM Patagonia Madryn\",\"description\":\"Radio Patagonia 105.5\",\"publisher\":{\"@id\":\"https:\\\/\\\/fmpatagoniamadryn.com.ar\\\/#organization\"},\"potentialAction\":[{\"@type\":\"SearchAction\",\"target\":{\"@type\":\"EntryPoint\",\"urlTemplate\":\"https:\\\/\\\/fmpatagoniamadryn.com.ar\\\/?s={search_term_string}\"},\"query-input\":{\"@type\":\"PropertyValueSpecification\",\"valueRequired\":true,\"valueName\":\"search_term_string\"}}],\"inLanguage\":\"es\"},{\"@type\":\"Organization\",\"@id\":\"https:\\\/\\\/fmpatagoniamadryn.com.ar\\\/#organization\",\"name\":\"FM Patagonia Madryn\",\"url\":\"https:\\\/\\\/fmpatagoniamadryn.com.ar\\\/\",\"logo\":{\"@type\":\"ImageObject\",\"inLanguage\":\"es\",\"@id\":\"https:\\\/\\\/fmpatagoniamadryn.com.ar\\\/#\\\/schema\\\/logo\\\/image\\\/\",\"url\":\"https:\\\/\\\/fmpatagoniamadryn.com.ar\\\/wp-content\\\/uploads\\\/2023\\\/01\\\/cropped-Diseno-sin-titulo.png\",\"contentUrl\":\"https:\\\/\\\/fmpatagoniamadryn.com.ar\\\/wp-content\\\/uploads\\\/2023\\\/01\\\/cropped-Diseno-sin-titulo.png\",\"width\":6911,\"height\":2657,\"caption\":\"FM Patagonia Madryn\"},\"image\":{\"@id\":\"https:\\\/\\\/fmpatagoniamadryn.com.ar\\\/#\\\/schema\\\/logo\\\/image\\\/\"}},{\"@type\":\"Person\",\"@id\":\"https:\\\/\\\/fmpatagoniamadryn.com.ar\\\/#\\\/schema\\\/person\\\/d1eaeab8ab628617785f4d9ef0e8d5d8\",\"name\":\"FM Patagonia\",\"url\":\"https:\\\/\\\/fmpatagoniamadryn.com.ar\\\/?author=5\"}]}<\/script>\n<!-- \/ Yoast SEO plugin. -->","yoast_head_json":{"title":"Lionel Messi y el final de una era: as\u00ed fue la historia del capit\u00e1n de la Selecci\u00f3n Argentina - FM Patagonia Madryn","robots":{"index":"index","follow":"follow","max-snippet":"max-snippet:-1","max-image-preview":"max-image-preview:large","max-video-preview":"max-video-preview:-1"},"canonical":"https:\/\/fmpatagoniamadryn.com.ar\/?p=26131","og_locale":"es_ES","og_type":"article","og_title":"Lionel Messi y el final de una era: as\u00ed fue la historia del capit\u00e1n de la Selecci\u00f3n Argentina - FM Patagonia Madryn","og_description":"Lionel Messi anunci\u00f3 su retiro definitivo de la Selecci\u00f3n Argentina luego de una historia marcada por sacrificios, frustraciones, l\u00e1grimas y las mayores alegr\u00edas. Desde 2011 llev\u00f3 la cinta de capit\u00e1n y cerr\u00f3 su ciclo como campe\u00f3n del mundo y uno de los m\u00e1ximos s\u00edmbolos de la historia del f\u00fatbol argentino.","og_url":"https:\/\/fmpatagoniamadryn.com.ar\/?p=26131","og_site_name":"FM Patagonia Madryn","article_published_time":"2026-08-31T21:21:44+00:00","article_modified_time":"2026-08-31T21:21:45+00:00","author":"FM Patagonia","twitter_card":"summary_large_image","twitter_misc":{"Escrito por":"FM Patagonia","Tiempo de lectura":"6 minutos"},"schema":{"@context":"https:\/\/schema.org","@graph":[{"@type":"Article","@id":"https:\/\/fmpatagoniamadryn.com.ar\/?p=26131#article","isPartOf":{"@id":"https:\/\/fmpatagoniamadryn.com.ar\/?p=26131"},"author":{"name":"FM Patagonia","@id":"https:\/\/fmpatagoniamadryn.com.ar\/#\/schema\/person\/d1eaeab8ab628617785f4d9ef0e8d5d8"},"headline":"Lionel Messi y el final de una era: as\u00ed fue la historia del capit\u00e1n de la Selecci\u00f3n Argentina","datePublished":"2026-08-31T21:21:44+00:00","dateModified":"2026-08-31T21:21:45+00:00","mainEntityOfPage":{"@id":"https:\/\/fmpatagoniamadryn.com.ar\/?p=26131"},"wordCount":1249,"publisher":{"@id":"https:\/\/fmpatagoniamadryn.com.ar\/#organization"},"image":{"@id":"https:\/\/fmpatagoniamadryn.com.ar\/?p=26131#primaryimage"},"thumbnailUrl":"https:\/\/fmpatagoniamadryn.com.ar\/wp-content\/uploads\/2026\/08\/messi-capitan-eterno.avif","keywords":["Despedida de la Selecci\u00f3n","Messi"],"articleSection":["Deportes"],"inLanguage":"es"},{"@type":"WebPage","@id":"https:\/\/fmpatagoniamadryn.com.ar\/?p=26131","url":"https:\/\/fmpatagoniamadryn.com.ar\/?p=26131","name":"Lionel Messi y el final de una era: as\u00ed fue la historia del capit\u00e1n de la Selecci\u00f3n Argentina - FM Patagonia Madryn","isPartOf":{"@id":"https:\/\/fmpatagoniamadryn.com.ar\/#website"},"primaryImageOfPage":{"@id":"https:\/\/fmpatagoniamadryn.com.ar\/?p=26131#primaryimage"},"image":{"@id":"https:\/\/fmpatagoniamadryn.com.ar\/?p=26131#primaryimage"},"thumbnailUrl":"https:\/\/fmpatagoniamadryn.com.ar\/wp-content\/uploads\/2026\/08\/messi-capitan-eterno.avif","datePublished":"2026-08-31T21:21:44+00:00","dateModified":"2026-08-31T21:21:45+00:00","breadcrumb":{"@id":"https:\/\/fmpatagoniamadryn.com.ar\/?p=26131#breadcrumb"},"inLanguage":"es","potentialAction":[{"@type":"ReadAction","target":["https:\/\/fmpatagoniamadryn.com.ar\/?p=26131"]}]},{"@type":"ImageObject","inLanguage":"es","@id":"https:\/\/fmpatagoniamadryn.com.ar\/?p=26131#primaryimage","url":"https:\/\/fmpatagoniamadryn.com.ar\/wp-content\/uploads\/2026\/08\/messi-capitan-eterno.avif","contentUrl":"https:\/\/fmpatagoniamadryn.com.ar\/wp-content\/uploads\/2026\/08\/messi-capitan-eterno.avif","width":810,"height":540},{"@type":"BreadcrumbList","@id":"https:\/\/fmpatagoniamadryn.com.ar\/?p=26131#breadcrumb","itemListElement":[{"@type":"ListItem","position":1,"name":"Portada","item":"https:\/\/fmpatagoniamadryn.com.ar\/"},{"@type":"ListItem","position":2,"name":"Lionel Messi y el final de una era: as\u00ed fue la historia del capit\u00e1n de la Selecci\u00f3n Argentina"}]},{"@type":"WebSite","@id":"https:\/\/fmpatagoniamadryn.com.ar\/#website","url":"https:\/\/fmpatagoniamadryn.com.ar\/","name":"FM Patagonia Madryn","description":"Radio Patagonia 105.5","publisher":{"@id":"https:\/\/fmpatagoniamadryn.com.ar\/#organization"},"potentialAction":[{"@type":"SearchAction","target":{"@type":"EntryPoint","urlTemplate":"https:\/\/fmpatagoniamadryn.com.ar\/?s={search_term_string}"},"query-input":{"@type":"PropertyValueSpecification","valueRequired":true,"valueName":"search_term_string"}}],"inLanguage":"es"},{"@type":"Organization","@id":"https:\/\/fmpatagoniamadryn.com.ar\/#organization","name":"FM Patagonia Madryn","url":"https:\/\/fmpatagoniamadryn.com.ar\/","logo":{"@type":"ImageObject","inLanguage":"es","@id":"https:\/\/fmpatagoniamadryn.com.ar\/#\/schema\/logo\/image\/","url":"https:\/\/fmpatagoniamadryn.com.ar\/wp-content\/uploads\/2023\/01\/cropped-Diseno-sin-titulo.png","contentUrl":"https:\/\/fmpatagoniamadryn.com.ar\/wp-content\/uploads\/2023\/01\/cropped-Diseno-sin-titulo.png","width":6911,"height":2657,"caption":"FM Patagonia Madryn"},"image":{"@id":"https:\/\/fmpatagoniamadryn.com.ar\/#\/schema\/logo\/image\/"}},{"@type":"Person","@id":"https:\/\/fmpatagoniamadryn.com.ar\/#\/schema\/person\/d1eaeab8ab628617785f4d9ef0e8d5d8","name":"FM Patagonia","url":"https:\/\/fmpatagoniamadryn.com.ar\/?author=5"}]}},"jetpack_featured_media_url":"https:\/\/fmpatagoniamadryn.com.ar\/wp-content\/uploads\/2026\/08\/messi-capitan-eterno.avif","_links":{"self":[{"href":"https:\/\/fmpatagoniamadryn.com.ar\/index.php?rest_route=\/wp\/v2\/posts\/26131","targetHints":{"allow":["GET"]}}],"collection":[{"href":"https:\/\/fmpatagoniamadryn.com.ar\/index.php?rest_route=\/wp\/v2\/posts"}],"about":[{"href":"https:\/\/fmpatagoniamadryn.com.ar\/index.php?rest_route=\/wp\/v2\/types\/post"}],"author":[{"embeddable":true,"href":"https:\/\/fmpatagoniamadryn.com.ar\/index.php?rest_route=\/wp\/v2\/users\/5"}],"replies":[{"embeddable":true,"href":"https:\/\/fmpatagoniamadryn.com.ar\/index.php?rest_route=%2Fwp%2Fv2%2Fcomments&post=26131"}],"version-history":[{"count":1,"href":"https:\/\/fmpatagoniamadryn.com.ar\/index.php?rest_route=\/wp\/v2\/posts\/26131\/revisions"}],"predecessor-version":[{"id":26133,"href":"https:\/\/fmpatagoniamadryn.com.ar\/index.php?rest_route=\/wp\/v2\/posts\/26131\/revisions\/26133"}],"wp:featuredmedia":[{"embeddable":true,"href":"https:\/\/fmpatagoniamadryn.com.ar\/index.php?rest_route=\/wp\/v2\/media\/26132"}],"wp:attachment":[{"href":"https:\/\/fmpatagoniamadryn.com.ar\/index.php?rest_route=%2Fwp%2Fv2%2Fmedia&parent=26131"}],"wp:term":[{"taxonomy":"category","embeddable":true,"href":"https:\/\/fmpatagoniamadryn.com.ar\/index.php?rest_route=%2Fwp%2Fv2%2Fcategories&post=26131"},{"taxonomy":"post_tag","embeddable":true,"href":"https:\/\/fmpatagoniamadryn.com.ar\/index.php?rest_route=%2Fwp%2Fv2%2Ftags&post=26131"}],"curies":[{"name":"wp","href":"https:\/\/api.w.org\/{rel}","templated":true}]}}