{"id":26147,"date":"2026-09-01T07:41:24","date_gmt":"2026-09-01T10:41:24","guid":{"rendered":"https:\/\/fmpatagoniamadryn.com.ar\/?p=26147"},"modified":"2026-09-01T07:41:45","modified_gmt":"2026-09-01T10:41:45","slug":"clima-en-puerto-madryn-martes-fresco-con-nubes-y-claros-y-viento-durante-gran-parte-del-dia","status":"publish","type":"post","link":"https:\/\/fmpatagoniamadryn.com.ar\/?p=26147","title":{"rendered":"Clima en Puerto Madryn: martes fresco, con nubes y viento durante gran parte del d\u00eda"},"content":{"rendered":"\n<p class=\"p2 wp-block-paragraph\"><\/p>\n\n\n\n<p class=\"p2 wp-block-paragraph\"><strong>Una ma\u00f1ana fr\u00eda y ventosa<\/strong><\/p>\n\n\n\n<p class=\"p2 wp-block-paragraph\">La jornada comenz\u00f3 con temperaturas cercanas a los <strong>5\u00b0C y 6\u00b0C<\/strong>. Con el correr de las horas, el term\u00f3metro ir\u00e1 en ascenso: se esperan alrededor de <strong>8\u00b0C a las 10<\/strong>, <strong>10\u00b0C hacia las 11<\/strong> y unos <strong>12\u00b0C al mediod\u00eda<\/strong>.<\/p>\n\n\n\n<p class=\"p2 wp-block-paragraph\">El viento ser\u00e1 uno de los protagonistas de la ma\u00f1ana, soplando desde el sector <strong>Oeste<\/strong>, con velocidades que podr\u00edan alcanzar r\u00e1fagas de entre <strong>35 y 41 km\/h<\/strong> en las horas centrales del d\u00eda.<\/p>\n\n\n\n<h2 class=\"wp-block-heading\"><strong>La m\u00e1xima llegar\u00e1 durante la tarde<\/strong><\/h2>\n\n\n\n<p class=\"p2 wp-block-paragraph\">A partir de las 15 horas, la temperatura alcanzar\u00eda los <strong>13\u00b0C<\/strong>, valor que se mantendr\u00eda hasta aproximadamente las 18.<\/p>\n\n\n\n<p class=\"p2 wp-block-paragraph\">El cielo se presentar\u00e1 entre <strong>parcialmente nublado y con algunos claros<\/strong>, mientras que el viento ir\u00e1 perdiendo intensidad de manera gradual durante la tarde.<\/p>\n\n\n\n<p class=\"p2 wp-block-paragraph\">La puesta del sol est\u00e1 prevista para las <strong>18:54<\/strong>, mientras que la \u00faltima luz del d\u00eda ser\u00e1 alrededor de las <strong>19:23<\/strong>.<\/p>\n\n\n\n<h2 class=\"wp-block-heading\"><strong>Descenso de temperatura hacia la noche<\/strong><\/h2>\n\n\n\n<p class=\"p2 wp-block-paragraph\">Durante la noche volver\u00e1 a sentirse el descenso t\u00e9rmico. Para las 20 horas se esperan unos <strong>10\u00b0C<\/strong>, mientras que hacia las 22 y 23 la temperatura rondar\u00eda los <strong>9\u00b0C<\/strong>, finalizando el d\u00eda cerca de los <strong>8\u00b0C<\/strong>.<\/p>\n\n\n\n<p class=\"p2 wp-block-paragraph\">El viento cambiar\u00e1 hacia el sector <strong>Norte<\/strong> durante la noche, aunque con menor intensidad que durante la ma\u00f1ana y la tarde.<\/p>\n","protected":false},"excerpt":{"rendered":"<p>Puerto Madryn transita este martes 1 de septiembre con una jornada fresca, cielo con nubosidad variable y presencia de viento, especialmente durante las primeras horas y el mediod\u00eda.<\/p>\n","protected":false},"author":4,"featured_media":13963,"comment_status":"closed","ping_status":"closed","sticky":false,"template":"","format":"standard","meta":{"footnotes":""},"categories":[122],"tags":[133],"class_list":["post-26147","post","type-post","status-publish","format-standard","has-post-thumbnail","hentry","category-sociedad","tag-clima"],"yoast_head":"<!-- This site is optimized with the Yoast SEO plugin v28.3 - https:\/\/yoast.com\/product\/yoast-seo-wordpress\/ -->\n<title>Clima en Puerto Madryn: martes fresco, con nubes y viento durante gran parte del d\u00eda - FM Patagonia Madryn<\/title>\n<meta name=\"robots\" content=\"index, follow, max-snippet:-1, max-image-preview:large, max-video-preview:-1\" \/>\n<link rel=\"canonical\" href=\"https:\/\/fmpatagoniamadryn.com.ar\/?p=26147\" \/>\n<meta property=\"og:locale\" content=\"es_ES\" \/>\n<meta property=\"og:type\" content=\"article\" \/>\n<meta property=\"og:title\" content=\"Clima en Puerto Madryn: martes fresco, con nubes y viento durante gran parte del d\u00eda - FM Patagonia Madryn\" \/>\n<meta property=\"og:description\" content=\"Puerto Madryn transita este martes 1 de septiembre con una jornada fresca, cielo con nubosidad variable y presencia de viento, especialmente durante las primeras horas y el mediod\u00eda.\" \/>\n<meta property=\"og:url\" content=\"https:\/\/fmpatagoniamadryn.com.ar\/?p=26147\" \/>\n<meta property=\"og:site_name\" content=\"FM Patagonia Madryn\" \/>\n<meta property=\"article:published_time\" content=\"2026-09-01T10:41:24+00:00\" \/>\n<meta property=\"article:modified_time\" content=\"2026-09-01T10:41:45+00:00\" \/>\n<meta property=\"og:image\" content=\"https:\/\/fmpatagoniamadryn.com.ar\/wp-content\/uploads\/2024\/12\/Puerto-Madryn1-1.jpg\" \/>\n\t<meta property=\"og:image:width\" content=\"1920\" \/>\n\t<meta property=\"og:image:height\" content=\"1080\" \/>\n\t<meta property=\"og:image:type\" content=\"image\/jpeg\" \/>\n<meta name=\"author\" content=\"FM Patagonia\" \/>\n<meta name=\"twitter:card\" content=\"summary_large_image\" \/>\n<meta name=\"twitter:label1\" content=\"Escrito por\" \/>\n\t<meta name=\"twitter:data1\" content=\"FM Patagonia\" \/>\n\t<meta name=\"twitter:label2\" content=\"Tiempo de lectura\" \/>\n\t<meta name=\"twitter:data2\" content=\"1 minuto\" \/>\n<script type=\"application\/ld+json\" class=\"yoast-schema-graph\">{\"@context\":\"https:\\\/\\\/schema.org\",\"@graph\":[{\"@type\":\"Article\",\"@id\":\"https:\\\/\\\/fmpatagoniamadryn.com.ar\\\/?p=26147#article\",\"isPartOf\":{\"@id\":\"https:\\\/\\\/fmpatagoniamadryn.com.ar\\\/?p=26147\"},\"author\":{\"name\":\"FM Patagonia\",\"@id\":\"https:\\\/\\\/fmpatagoniamadryn.com.ar\\\/#\\\/schema\\\/person\\\/97b1d30cb2ae311544a88a5201700571\"},\"headline\":\"Clima en Puerto Madryn: martes fresco, con nubes y viento durante gran parte del d\u00eda\",\"datePublished\":\"2026-09-01T10:41:24+00:00\",\"dateModified\":\"2026-09-01T10:41:45+00:00\",\"mainEntityOfPage\":{\"@id\":\"https:\\\/\\\/fmpatagoniamadryn.com.ar\\\/?p=26147\"},\"wordCount\":232,\"publisher\":{\"@id\":\"https:\\\/\\\/fmpatagoniamadryn.com.ar\\\/#organization\"},\"image\":{\"@id\":\"https:\\\/\\\/fmpatagoniamadryn.com.ar\\\/?p=26147#primaryimage\"},\"thumbnailUrl\":\"https:\\\/\\\/fmpatagoniamadryn.com.ar\\\/wp-content\\\/uploads\\\/2024\\\/12\\\/Puerto-Madryn1-1.jpg\",\"keywords\":[\"@clima\"],\"articleSection\":[\"Sociedad\"],\"inLanguage\":\"es\"},{\"@type\":\"WebPage\",\"@id\":\"https:\\\/\\\/fmpatagoniamadryn.com.ar\\\/?p=26147\",\"url\":\"https:\\\/\\\/fmpatagoniamadryn.com.ar\\\/?p=26147\",\"name\":\"Clima en Puerto Madryn: martes fresco, con nubes y viento durante gran parte del d\u00eda - FM Patagonia Madryn\",\"isPartOf\":{\"@id\":\"https:\\\/\\\/fmpatagoniamadryn.com.ar\\\/#website\"},\"primaryImageOfPage\":{\"@id\":\"https:\\\/\\\/fmpatagoniamadryn.com.ar\\\/?p=26147#primaryimage\"},\"image\":{\"@id\":\"https:\\\/\\\/fmpatagoniamadryn.com.ar\\\/?p=26147#primaryimage\"},\"thumbnailUrl\":\"https:\\\/\\\/fmpatagoniamadryn.com.ar\\\/wp-content\\\/uploads\\\/2024\\\/12\\\/Puerto-Madryn1-1.jpg\",\"datePublished\":\"2026-09-01T10:41:24+00:00\",\"dateModified\":\"2026-09-01T10:41:45+00:00\",\"breadcrumb\":{\"@id\":\"https:\\\/\\\/fmpatagoniamadryn.com.ar\\\/?p=26147#breadcrumb\"},\"inLanguage\":\"es\",\"potentialAction\":[{\"@type\":\"ReadAction\",\"target\":[\"https:\\\/\\\/fmpatagoniamadryn.com.ar\\\/?p=26147\"]}]},{\"@type\":\"ImageObject\",\"inLanguage\":\"es\",\"@id\":\"https:\\\/\\\/fmpatagoniamadryn.com.ar\\\/?p=26147#primaryimage\",\"url\":\"https:\\\/\\\/fmpatagoniamadryn.com.ar\\\/wp-content\\\/uploads\\\/2024\\\/12\\\/Puerto-Madryn1-1.jpg\",\"contentUrl\":\"https:\\\/\\\/fmpatagoniamadryn.com.ar\\\/wp-content\\\/uploads\\\/2024\\\/12\\\/Puerto-Madryn1-1.jpg\",\"width\":1920,\"height\":1080},{\"@type\":\"BreadcrumbList\",\"@id\":\"https:\\\/\\\/fmpatagoniamadryn.com.ar\\\/?p=26147#breadcrumb\",\"itemListElement\":[{\"@type\":\"ListItem\",\"position\":1,\"name\":\"Portada\",\"item\":\"https:\\\/\\\/fmpatagoniamadryn.com.ar\\\/\"},{\"@type\":\"ListItem\",\"position\":2,\"name\":\"Clima en Puerto Madryn: martes fresco, con nubes y viento durante gran parte del d\u00eda\"}]},{\"@type\":\"WebSite\",\"@id\":\"https:\\\/\\\/fmpatagoniamadryn.com.ar\\\/#website\",\"url\":\"https:\\\/\\\/fmpatagoniamadryn.com.ar\\\/\",\"name\":\"FM Patagonia Madryn\",\"description\":\"Radio Patagonia 105.5\",\"publisher\":{\"@id\":\"https:\\\/\\\/fmpatagoniamadryn.com.ar\\\/#organization\"},\"potentialAction\":[{\"@type\":\"SearchAction\",\"target\":{\"@type\":\"EntryPoint\",\"urlTemplate\":\"https:\\\/\\\/fmpatagoniamadryn.com.ar\\\/?s={search_term_string}\"},\"query-input\":{\"@type\":\"PropertyValueSpecification\",\"valueRequired\":true,\"valueName\":\"search_term_string\"}}],\"inLanguage\":\"es\"},{\"@type\":\"Organization\",\"@id\":\"https:\\\/\\\/fmpatagoniamadryn.com.ar\\\/#organization\",\"name\":\"FM Patagonia Madryn\",\"url\":\"https:\\\/\\\/fmpatagoniamadryn.com.ar\\\/\",\"logo\":{\"@type\":\"ImageObject\",\"inLanguage\":\"es\",\"@id\":\"https:\\\/\\\/fmpatagoniamadryn.com.ar\\\/#\\\/schema\\\/logo\\\/image\\\/\",\"url\":\"https:\\\/\\\/fmpatagoniamadryn.com.ar\\\/wp-content\\\/uploads\\\/2023\\\/01\\\/cropped-Diseno-sin-titulo.png\",\"contentUrl\":\"https:\\\/\\\/fmpatagoniamadryn.com.ar\\\/wp-content\\\/uploads\\\/2023\\\/01\\\/cropped-Diseno-sin-titulo.png\",\"width\":6911,\"height\":2657,\"caption\":\"FM Patagonia Madryn\"},\"image\":{\"@id\":\"https:\\\/\\\/fmpatagoniamadryn.com.ar\\\/#\\\/schema\\\/logo\\\/image\\\/\"}},{\"@type\":\"Person\",\"@id\":\"https:\\\/\\\/fmpatagoniamadryn.com.ar\\\/#\\\/schema\\\/person\\\/97b1d30cb2ae311544a88a5201700571\",\"name\":\"FM Patagonia\",\"url\":\"https:\\\/\\\/fmpatagoniamadryn.com.ar\\\/?author=4\"}]}<\/script>\n<!-- \/ Yoast SEO plugin. -->","yoast_head_json":{"title":"Clima en Puerto Madryn: martes fresco, con nubes y viento durante gran parte del d\u00eda - FM Patagonia Madryn","robots":{"index":"index","follow":"follow","max-snippet":"max-snippet:-1","max-image-preview":"max-image-preview:large","max-video-preview":"max-video-preview:-1"},"canonical":"https:\/\/fmpatagoniamadryn.com.ar\/?p=26147","og_locale":"es_ES","og_type":"article","og_title":"Clima en Puerto Madryn: martes fresco, con nubes y viento durante gran parte del d\u00eda - FM Patagonia Madryn","og_description":"Puerto Madryn transita este martes 1 de septiembre con una jornada fresca, cielo con nubosidad variable y presencia de viento, especialmente durante las primeras horas y el mediod\u00eda.","og_url":"https:\/\/fmpatagoniamadryn.com.ar\/?p=26147","og_site_name":"FM Patagonia Madryn","article_published_time":"2026-09-01T10:41:24+00:00","article_modified_time":"2026-09-01T10:41:45+00:00","og_image":[{"width":1920,"height":1080,"url":"https:\/\/fmpatagoniamadryn.com.ar\/wp-content\/uploads\/2024\/12\/Puerto-Madryn1-1.jpg","type":"image\/jpeg"}],"author":"FM Patagonia","twitter_card":"summary_large_image","twitter_misc":{"Escrito por":"FM Patagonia","Tiempo de lectura":"1 minuto"},"schema":{"@context":"https:\/\/schema.org","@graph":[{"@type":"Article","@id":"https:\/\/fmpatagoniamadryn.com.ar\/?p=26147#article","isPartOf":{"@id":"https:\/\/fmpatagoniamadryn.com.ar\/?p=26147"},"author":{"name":"FM Patagonia","@id":"https:\/\/fmpatagoniamadryn.com.ar\/#\/schema\/person\/97b1d30cb2ae311544a88a5201700571"},"headline":"Clima en Puerto Madryn: martes fresco, con nubes y viento durante gran parte del d\u00eda","datePublished":"2026-09-01T10:41:24+00:00","dateModified":"2026-09-01T10:41:45+00:00","mainEntityOfPage":{"@id":"https:\/\/fmpatagoniamadryn.com.ar\/?p=26147"},"wordCount":232,"publisher":{"@id":"https:\/\/fmpatagoniamadryn.com.ar\/#organization"},"image":{"@id":"https:\/\/fmpatagoniamadryn.com.ar\/?p=26147#primaryimage"},"thumbnailUrl":"https:\/\/fmpatagoniamadryn.com.ar\/wp-content\/uploads\/2024\/12\/Puerto-Madryn1-1.jpg","keywords":["@clima"],"articleSection":["Sociedad"],"inLanguage":"es"},{"@type":"WebPage","@id":"https:\/\/fmpatagoniamadryn.com.ar\/?p=26147","url":"https:\/\/fmpatagoniamadryn.com.ar\/?p=26147","name":"Clima en Puerto Madryn: martes fresco, con nubes y viento durante gran parte del d\u00eda - FM Patagonia Madryn","isPartOf":{"@id":"https:\/\/fmpatagoniamadryn.com.ar\/#website"},"primaryImageOfPage":{"@id":"https:\/\/fmpatagoniamadryn.com.ar\/?p=26147#primaryimage"},"image":{"@id":"https:\/\/fmpatagoniamadryn.com.ar\/?p=26147#primaryimage"},"thumbnailUrl":"https:\/\/fmpatagoniamadryn.com.ar\/wp-content\/uploads\/2024\/12\/Puerto-Madryn1-1.jpg","datePublished":"2026-09-01T10:41:24+00:00","dateModified":"2026-09-01T10:41:45+00:00","breadcrumb":{"@id":"https:\/\/fmpatagoniamadryn.com.ar\/?p=26147#breadcrumb"},"inLanguage":"es","potentialAction":[{"@type":"ReadAction","target":["https:\/\/fmpatagoniamadryn.com.ar\/?p=26147"]}]},{"@type":"ImageObject","inLanguage":"es","@id":"https:\/\/fmpatagoniamadryn.com.ar\/?p=26147#primaryimage","url":"https:\/\/fmpatagoniamadryn.com.ar\/wp-content\/uploads\/2024\/12\/Puerto-Madryn1-1.jpg","contentUrl":"https:\/\/fmpatagoniamadryn.com.ar\/wp-content\/uploads\/2024\/12\/Puerto-Madryn1-1.jpg","width":1920,"height":1080},{"@type":"BreadcrumbList","@id":"https:\/\/fmpatagoniamadryn.com.ar\/?p=26147#breadcrumb","itemListElement":[{"@type":"ListItem","position":1,"name":"Portada","item":"https:\/\/fmpatagoniamadryn.com.ar\/"},{"@type":"ListItem","position":2,"name":"Clima en Puerto Madryn: martes fresco, con nubes y viento durante gran parte del d\u00eda"}]},{"@type":"WebSite","@id":"https:\/\/fmpatagoniamadryn.com.ar\/#website","url":"https:\/\/fmpatagoniamadryn.com.ar\/","name":"FM Patagonia Madryn","description":"Radio Patagonia 105.5","publisher":{"@id":"https:\/\/fmpatagoniamadryn.com.ar\/#organization"},"potentialAction":[{"@type":"SearchAction","target":{"@type":"EntryPoint","urlTemplate":"https:\/\/fmpatagoniamadryn.com.ar\/?s={search_term_string}"},"query-input":{"@type":"PropertyValueSpecification","valueRequired":true,"valueName":"search_term_string"}}],"inLanguage":"es"},{"@type":"Organization","@id":"https:\/\/fmpatagoniamadryn.com.ar\/#organization","name":"FM Patagonia Madryn","url":"https:\/\/fmpatagoniamadryn.com.ar\/","logo":{"@type":"ImageObject","inLanguage":"es","@id":"https:\/\/fmpatagoniamadryn.com.ar\/#\/schema\/logo\/image\/","url":"https:\/\/fmpatagoniamadryn.com.ar\/wp-content\/uploads\/2023\/01\/cropped-Diseno-sin-titulo.png","contentUrl":"https:\/\/fmpatagoniamadryn.com.ar\/wp-content\/uploads\/2023\/01\/cropped-Diseno-sin-titulo.png","width":6911,"height":2657,"caption":"FM Patagonia Madryn"},"image":{"@id":"https:\/\/fmpatagoniamadryn.com.ar\/#\/schema\/logo\/image\/"}},{"@type":"Person","@id":"https:\/\/fmpatagoniamadryn.com.ar\/#\/schema\/person\/97b1d30cb2ae311544a88a5201700571","name":"FM Patagonia","url":"https:\/\/fmpatagoniamadryn.com.ar\/?author=4"}]}},"jetpack_featured_media_url":"https:\/\/fmpatagoniamadryn.com.ar\/wp-content\/uploads\/2024\/12\/Puerto-Madryn1-1.jpg","_links":{"self":[{"href":"https:\/\/fmpatagoniamadryn.com.ar\/index.php?rest_route=\/wp\/v2\/posts\/26147","targetHints":{"allow":["GET"]}}],"collection":[{"href":"https:\/\/fmpatagoniamadryn.com.ar\/index.php?rest_route=\/wp\/v2\/posts"}],"about":[{"href":"https:\/\/fmpatagoniamadryn.com.ar\/index.php?rest_route=\/wp\/v2\/types\/post"}],"author":[{"embeddable":true,"href":"https:\/\/fmpatagoniamadryn.com.ar\/index.php?rest_route=\/wp\/v2\/users\/4"}],"replies":[{"embeddable":true,"href":"https:\/\/fmpatagoniamadryn.com.ar\/index.php?rest_route=%2Fwp%2Fv2%2Fcomments&post=26147"}],"version-history":[{"count":2,"href":"https:\/\/fmpatagoniamadryn.com.ar\/index.php?rest_route=\/wp\/v2\/posts\/26147\/revisions"}],"predecessor-version":[{"id":26149,"href":"https:\/\/fmpatagoniamadryn.com.ar\/index.php?rest_route=\/wp\/v2\/posts\/26147\/revisions\/26149"}],"wp:featuredmedia":[{"embeddable":true,"href":"https:\/\/fmpatagoniamadryn.com.ar\/index.php?rest_route=\/wp\/v2\/media\/13963"}],"wp:attachment":[{"href":"https:\/\/fmpatagoniamadryn.com.ar\/index.php?rest_route=%2Fwp%2Fv2%2Fmedia&parent=26147"}],"wp:term":[{"taxonomy":"category","embeddable":true,"href":"https:\/\/fmpatagoniamadryn.com.ar\/index.php?rest_route=%2Fwp%2Fv2%2Fcategories&post=26147"},{"taxonomy":"post_tag","embeddable":true,"href":"https:\/\/fmpatagoniamadryn.com.ar\/index.php?rest_route=%2Fwp%2Fv2%2Ftags&post=26147"}],"curies":[{"name":"wp","href":"https:\/\/api.w.org\/{rel}","templated":true}]}}