{"id":26151,"date":"2026-09-01T10:05:00","date_gmt":"2026-09-01T13:05:00","guid":{"rendered":"https:\/\/fmpatagoniamadryn.com.ar\/?p=26151"},"modified":"2026-09-01T09:06:07","modified_gmt":"2026-09-01T12:06:07","slug":"puerto-madryn-avanza-en-la-coadministracion-de-sus-parques-industriales-junto-a-provincia-y-el-sector-privado","status":"publish","type":"post","link":"https:\/\/fmpatagoniamadryn.com.ar\/?p=26151","title":{"rendered":"Puerto Madryn avanza en la coadministraci\u00f3n de sus parques industriales junto a Provincia y el sector privado"},"content":{"rendered":"\n<p class=\"p2 wp-block-paragraph\"><\/p>\n\n\n\n<h2 class=\"wp-block-heading\"><strong>Un cambio para destrabar demoras hist\u00f3ricas<\/strong><\/h2>\n\n\n\n<p class=\"p2 wp-block-paragraph\">Hasta ahora, la administraci\u00f3n de los parques industriales depend\u00eda exclusivamente de la Provincia, una situaci\u00f3n que, seg\u00fan se explic\u00f3 durante la entrevista, generaba importantes demoras en la resoluci\u00f3n de expedientes y en la instalaci\u00f3n de nuevas empresas.<\/p>\n\n\n\n<p class=\"p2 wp-block-paragraph\">Hab\u00eda casos de tr\u00e1mites con una antig\u00fcedad de entre 10 y 12 a\u00f1os, mientras que algunos inversores interesados en radicarse en Puerto Madryn encontraban dificultades para avanzar con los procedimientos necesarios.<\/p>\n\n\n\n<p class=\"p2 wp-block-paragraph\">A esto se sumaba la existencia de terrenos que hab\u00edan sido asignados a empresas que dejaron de funcionar hace a\u00f1os y cuyos predios permanec\u00edan sin actividad, impidiendo su utilizaci\u00f3n para nuevos proyectos productivos.<\/p>\n\n\n\n<p class=\"p2 wp-block-paragraph\">En este contexto, el trabajo desarrollado junto al ministro de Producci\u00f3n de Chubut, Juan Pav\u00f3n, deriv\u00f3 en un decreto reglamentario que modific\u00f3 el sistema de administraci\u00f3n y habilit\u00f3 la coadministraci\u00f3n de los parques.<\/p>\n\n\n\n<p class=\"p2 wp-block-paragraph\">Posteriormente, se firmaron los convenios particulares para cada localidad, extendiendo el nuevo modelo a los parques industriales de distintas ciudades de la provincia.<\/p>\n\n\n\n<h2 class=\"wp-block-heading\"><strong>Provincia, Municipio y empresarios en una misma mesa<\/strong><\/h2>\n\n\n\n<p class=\"p2 wp-block-paragraph\">La nueva estructura estar\u00e1 integrada por representantes del Gobierno provincial, los municipios y las c\u00e1maras empresariales vinculadas a cada parque.<\/p>\n\n\n\n<p class=\"p2 wp-block-paragraph\">La Provincia continuar\u00e1 formando parte de la administraci\u00f3n, mientras que el Municipio tendr\u00e1 representaci\u00f3n en las decisiones y el sector privado participar\u00e1 a trav\u00e9s de las entidades empresariales que conocen de cerca las necesidades cotidianas de cada \u00e1rea industrial.<\/p>\n\n\n\n<p class=\"p2 wp-block-paragraph\">En el caso de Puerto Madryn, el esquema tendr\u00e1 particularidades seg\u00fan cada parque.<\/p>\n\n\n\n<p class=\"p2 wp-block-paragraph\">Para el Parque Industrial Pesado y el Parque Industrial Conexo participar\u00e1n representantes del sector privado junto a CIMA. En el Parque Industrial Pesquero estar\u00e1 involucrada CAPIP, mientras que en el Parque Industrial Liviano participar\u00e1 la asociaci\u00f3n del parque junto a las entidades empresariales que vienen trabajando desde hace a\u00f1os en el sector.<\/p>\n\n\n\n<p class=\"p2 wp-block-paragraph\">La intenci\u00f3n es conformar mesas de trabajo que permitan abordar de manera conjunta las problem\u00e1ticas y tomar decisiones con mayor conocimiento de la realidad local.<\/p>\n\n\n\n<h2 class=\"wp-block-heading\"><strong>Recuperar terrenos abandonados y poner orden<\/strong><\/h2>\n\n\n\n<p class=\"p2 wp-block-paragraph\">Uno de los principales desaf\u00edos ser\u00e1 determinar la situaci\u00f3n legal y productiva de los predios existentes.<\/p>\n\n\n\n<p class=\"p2 wp-block-paragraph\">La nueva modalidad permitir\u00e1 avanzar sobre terrenos que fueron asignados hace a\u00f1os, pero que actualmente se encuentran abandonados o pertenec\u00edan a empresas que ya no existen.<\/p>\n\n\n\n<p class=\"p2 wp-block-paragraph\">De hecho, se se\u00f1al\u00f3 que en el Parque Industrial Pesquero ya fueron recuperados tres predios como parte de un trabajo que comenz\u00f3 antes de la firma de los nuevos convenios.<\/p>\n\n\n\n<p class=\"p2 wp-block-paragraph\">La situaci\u00f3n del Parque Industrial Liviano aparece como una de las m\u00e1s complejas. All\u00ed existen terrenos sin actividad y tambi\u00e9n casos de lotes que habr\u00edan perdido el destino productivo para el que fueron originalmente otorgados.<\/p>\n\n\n\n<p class=\"p2 wp-block-paragraph\">Incluso, se mencion\u00f3 la existencia de viviendas dentro del \u00e1rea industrial y situaciones de comercializaci\u00f3n de lotes, algo que no deber\u00eda ocurrir dentro del r\u00e9gimen establecido para estos espacios.<\/p>\n\n\n\n<p class=\"p2 wp-block-paragraph\">El objetivo ser\u00e1 realizar un relevamiento completo para determinar qu\u00e9 predios est\u00e1n efectivamente abandonados, cu\u00e1les mantienen alg\u00fan tipo de actividad productiva y qu\u00e9 situaciones deben ser regularizadas.<\/p>\n\n\n\n<h2 class=\"wp-block-heading\"><strong>Se habilitar\u00e1 el alquiler de predios industriales<\/strong><\/h2>\n\n\n\n<p class=\"p2 wp-block-paragraph\">Uno de los cambios destacados del nuevo decreto reglamentario es la posibilidad de alquilar predios industriales.<\/p>\n\n\n\n<p class=\"p2 wp-block-paragraph\">Hasta ahora, la normativa no permit\u00eda la comercializaci\u00f3n de la tierra ni el alquiler de instalaciones dentro de determinados parques, una situaci\u00f3n que dificultaba la llegada de nuevas empresas.<\/p>\n\n\n\n<p class=\"p2 wp-block-paragraph\">Seg\u00fan se explic\u00f3, existen galpones e instalaciones que quedaron sin actividad debido a cambios econ\u00f3micos o productivos, pero que cuentan con infraestructura en buenas condiciones.<\/p>\n\n\n\n<p class=\"p2 wp-block-paragraph\">La posibilidad de alquilar esos espacios podr\u00eda permitir que nuevas empresas se instalen con mayor rapidez, evitando los tiempos y costos que implica construir desde cero.<\/p>\n\n\n\n<p class=\"p2 wp-block-paragraph\">Esto podr\u00eda resultar especialmente importante para inversores que necesitan instalaciones de grandes dimensiones y que, ante la imposibilidad de alquilar un galp\u00f3n ya construido, terminaban descartando proyectos debido a los plazos necesarios para desarrollar nueva infraestructura.<\/p>\n\n\n\n<h2 class=\"wp-block-heading\"><strong>Una \u201cventanilla \u00fanica\u201d para nuevas inversiones<\/strong><\/h2>\n\n\n\n<p class=\"p2 wp-block-paragraph\">Otro de los cambios previstos es la creaci\u00f3n de una ventanilla \u00fanica para la presentaci\u00f3n de proyectos.<\/p>\n\n\n\n<p class=\"p2 wp-block-paragraph\">La idea es concentrar los tr\u00e1mites y permitir que la mesa de coadministraci\u00f3n analice de manera conjunta las propuestas de empresarios e inversores interesados en instalarse en los parques industriales.<\/p>\n\n\n\n<p class=\"p2 wp-block-paragraph\">Adem\u00e1s de evaluar proyectos, el nuevo esquema buscar\u00e1 impulsar activamente la llegada de nuevas empresas y generar oportunidades de inversi\u00f3n.<\/p>\n\n\n\n<p class=\"p2 wp-block-paragraph\">El objetivo es reducir la burocracia y evitar que los expedientes permanezcan durante a\u00f1os sin resoluci\u00f3n.<\/p>\n\n\n\n<p class=\"p2 wp-block-paragraph\">Tambi\u00e9n se buscar\u00e1 analizar aquellos tr\u00e1mites que a\u00fan tienen sentido y avanzar r\u00e1pidamente sobre proyectos que representen oportunidades concretas para la ciudad y la provincia.<\/p>\n\n\n\n<h2 class=\"wp-block-heading\"><strong>El Parque Industrial Liviano, entre las principales prioridades<\/strong><\/h2>\n\n\n\n<p class=\"p2 wp-block-paragraph\">El Parque Industrial Liviano ser\u00e1 uno de los sectores donde se deber\u00e1 realizar un mayor trabajo de ordenamiento e infraestructura.<\/p>\n\n\n\n<p class=\"p2 wp-block-paragraph\">Actualmente presenta d\u00e9ficits en cuestiones b\u00e1sicas y obras pendientes desde hace a\u00f1os.<\/p>\n\n\n\n<p class=\"p2 wp-block-paragraph\">Entre las necesidades mencionadas se encuentran trabajos de cord\u00f3n cuneta, mejoras en las calles y obras de infraestructura hidr\u00e1ulica, especialmente teniendo en cuenta la circulaci\u00f3n de camiones de gran porte en sectores que todav\u00eda cuentan con calles de tierra.<\/p>\n\n\n\n<p class=\"p2 wp-block-paragraph\">Si bien se reconoci\u00f3 que muchas de estas obras no podr\u00e1n ejecutarse de manera inmediata, el nuevo esquema permitir\u00eda comenzar a planificarlas y establecer prioridades.<\/p>\n\n\n\n<p class=\"p2 wp-block-paragraph\">Hasta ahora, la situaci\u00f3n administrativa generaba dificultades, ya que se trataba de un \u00e1rea bajo jurisdicci\u00f3n provincial, mientras que el Municipio ten\u00eda una participaci\u00f3n limitada en las decisiones y el sector privado no contaba con herramientas directas para intervenir.<\/p>\n\n\n\n<h2 class=\"wp-block-heading\"><strong>Una apuesta a la articulaci\u00f3n p\u00fablico-privada<\/strong><\/h2>\n\n\n\n<p class=\"p2 wp-block-paragraph\">La coadministraci\u00f3n apunta a fortalecer la relaci\u00f3n entre el Estado y el sector privado para resolver problemas vinculados con el desarrollo industrial.<\/p>\n\n\n\n<p class=\"p2 wp-block-paragraph\">Desde el sector empresarial consideran que la participaci\u00f3n directa de quienes trabajan diariamente en los parques permitir\u00e1 identificar con mayor rapidez las necesidades y acelerar las soluciones.<\/p>\n\n\n\n<p class=\"p2 wp-block-paragraph\">El Estado, por su parte, continuar\u00e1 cumpliendo un rol central como articulador y responsable del marco administrativo y legal.<\/p>\n\n\n\n<p class=\"p2 wp-block-paragraph\">La experiencia buscar\u00e1 apoyarse en otros modelos de articulaci\u00f3n p\u00fablico-privada que ya funcionan en distintos sectores de Puerto Madryn y del pa\u00eds.<\/p>\n\n\n\n<p class=\"p2 wp-block-paragraph\">Con la firma de los convenios, comenzar\u00e1 ahora una etapa de relevamientos, revisi\u00f3n de expedientes y planificaci\u00f3n de obras, con el objetivo de ordenar los parques industriales, recuperar terrenos sin actividad y generar mejores condiciones para la llegada de nuevas inversiones.<\/p>\n","protected":false},"excerpt":{"rendered":"<p>La puesta en marcha de un nuevo esquema de coadministraci\u00f3n para los parques industriales de Chubut fue destacada como un paso importante para agilizar inversiones, recuperar predios abandonados y ordenar la situaci\u00f3n de las tierras industriales.<\/p>\n","protected":false},"author":4,"featured_media":26150,"comment_status":"closed","ping_status":"closed","sticky":false,"template":"","format":"standard","meta":{"footnotes":""},"categories":[475,15],"tags":[604],"class_list":["post-26151","post","type-post","status-publish","format-standard","has-post-thumbnail","hentry","category-industria","category-locales","tag-parques-industriales"],"yoast_head":"<!-- This site is optimized with the Yoast SEO plugin v28.3 - https:\/\/yoast.com\/product\/yoast-seo-wordpress\/ -->\n<title>Puerto Madryn avanza en la coadministraci\u00f3n de sus parques industriales junto a Provincia y el sector privado - FM Patagonia Madryn<\/title>\n<meta name=\"robots\" content=\"index, follow, max-snippet:-1, max-image-preview:large, max-video-preview:-1\" \/>\n<link rel=\"canonical\" href=\"https:\/\/fmpatagoniamadryn.com.ar\/?p=26151\" \/>\n<meta property=\"og:locale\" content=\"es_ES\" \/>\n<meta property=\"og:type\" content=\"article\" \/>\n<meta property=\"og:title\" content=\"Puerto Madryn avanza en la coadministraci\u00f3n de sus parques industriales junto a Provincia y el sector privado - FM Patagonia Madryn\" \/>\n<meta property=\"og:description\" content=\"La puesta en marcha de un nuevo esquema de coadministraci\u00f3n para los parques industriales de Chubut fue destacada como un paso importante para agilizar inversiones, recuperar predios abandonados y ordenar la situaci\u00f3n de las tierras industriales.\" \/>\n<meta property=\"og:url\" content=\"https:\/\/fmpatagoniamadryn.com.ar\/?p=26151\" \/>\n<meta property=\"og:site_name\" content=\"FM Patagonia Madryn\" \/>\n<meta property=\"article:published_time\" content=\"2026-09-01T13:05:00+00:00\" \/>\n<meta property=\"og:image\" content=\"https:\/\/fmpatagoniamadryn.com.ar\/wp-content\/uploads\/2026\/09\/img_8615.jpg\" \/>\n\t<meta property=\"og:image:width\" content=\"723\" \/>\n\t<meta property=\"og:image:height\" content=\"405\" \/>\n\t<meta property=\"og:image:type\" content=\"image\/jpeg\" \/>\n<meta name=\"author\" content=\"FM Patagonia\" \/>\n<meta name=\"twitter:card\" content=\"summary_large_image\" \/>\n<meta name=\"twitter:label1\" content=\"Escrito por\" \/>\n\t<meta name=\"twitter:data1\" content=\"FM Patagonia\" \/>\n\t<meta name=\"twitter:label2\" content=\"Tiempo de lectura\" \/>\n\t<meta name=\"twitter:data2\" content=\"6 minutos\" \/>\n<script type=\"application\/ld+json\" class=\"yoast-schema-graph\">{\"@context\":\"https:\\\/\\\/schema.org\",\"@graph\":[{\"@type\":\"Article\",\"@id\":\"https:\\\/\\\/fmpatagoniamadryn.com.ar\\\/?p=26151#article\",\"isPartOf\":{\"@id\":\"https:\\\/\\\/fmpatagoniamadryn.com.ar\\\/?p=26151\"},\"author\":{\"name\":\"FM Patagonia\",\"@id\":\"https:\\\/\\\/fmpatagoniamadryn.com.ar\\\/#\\\/schema\\\/person\\\/97b1d30cb2ae311544a88a5201700571\"},\"headline\":\"Puerto Madryn avanza en la coadministraci\u00f3n de sus parques industriales junto a Provincia y el sector privado\",\"datePublished\":\"2026-09-01T13:05:00+00:00\",\"mainEntityOfPage\":{\"@id\":\"https:\\\/\\\/fmpatagoniamadryn.com.ar\\\/?p=26151\"},\"wordCount\":1125,\"publisher\":{\"@id\":\"https:\\\/\\\/fmpatagoniamadryn.com.ar\\\/#organization\"},\"image\":{\"@id\":\"https:\\\/\\\/fmpatagoniamadryn.com.ar\\\/?p=26151#primaryimage\"},\"thumbnailUrl\":\"https:\\\/\\\/fmpatagoniamadryn.com.ar\\\/wp-content\\\/uploads\\\/2026\\\/09\\\/img_8615.jpg\",\"keywords\":[\"parques industriales\"],\"articleSection\":[\"Industria\",\"Locales\"],\"inLanguage\":\"es\"},{\"@type\":\"WebPage\",\"@id\":\"https:\\\/\\\/fmpatagoniamadryn.com.ar\\\/?p=26151\",\"url\":\"https:\\\/\\\/fmpatagoniamadryn.com.ar\\\/?p=26151\",\"name\":\"Puerto Madryn avanza en la coadministraci\u00f3n de sus parques industriales junto a Provincia y el sector privado - FM Patagonia Madryn\",\"isPartOf\":{\"@id\":\"https:\\\/\\\/fmpatagoniamadryn.com.ar\\\/#website\"},\"primaryImageOfPage\":{\"@id\":\"https:\\\/\\\/fmpatagoniamadryn.com.ar\\\/?p=26151#primaryimage\"},\"image\":{\"@id\":\"https:\\\/\\\/fmpatagoniamadryn.com.ar\\\/?p=26151#primaryimage\"},\"thumbnailUrl\":\"https:\\\/\\\/fmpatagoniamadryn.com.ar\\\/wp-content\\\/uploads\\\/2026\\\/09\\\/img_8615.jpg\",\"datePublished\":\"2026-09-01T13:05:00+00:00\",\"breadcrumb\":{\"@id\":\"https:\\\/\\\/fmpatagoniamadryn.com.ar\\\/?p=26151#breadcrumb\"},\"inLanguage\":\"es\",\"potentialAction\":[{\"@type\":\"ReadAction\",\"target\":[\"https:\\\/\\\/fmpatagoniamadryn.com.ar\\\/?p=26151\"]}]},{\"@type\":\"ImageObject\",\"inLanguage\":\"es\",\"@id\":\"https:\\\/\\\/fmpatagoniamadryn.com.ar\\\/?p=26151#primaryimage\",\"url\":\"https:\\\/\\\/fmpatagoniamadryn.com.ar\\\/wp-content\\\/uploads\\\/2026\\\/09\\\/img_8615.jpg\",\"contentUrl\":\"https:\\\/\\\/fmpatagoniamadryn.com.ar\\\/wp-content\\\/uploads\\\/2026\\\/09\\\/img_8615.jpg\",\"width\":723,\"height\":405},{\"@type\":\"BreadcrumbList\",\"@id\":\"https:\\\/\\\/fmpatagoniamadryn.com.ar\\\/?p=26151#breadcrumb\",\"itemListElement\":[{\"@type\":\"ListItem\",\"position\":1,\"name\":\"Portada\",\"item\":\"https:\\\/\\\/fmpatagoniamadryn.com.ar\\\/\"},{\"@type\":\"ListItem\",\"position\":2,\"name\":\"Puerto Madryn avanza en la coadministraci\u00f3n de sus parques industriales junto a Provincia y el sector privado\"}]},{\"@type\":\"WebSite\",\"@id\":\"https:\\\/\\\/fmpatagoniamadryn.com.ar\\\/#website\",\"url\":\"https:\\\/\\\/fmpatagoniamadryn.com.ar\\\/\",\"name\":\"FM Patagonia Madryn\",\"description\":\"Radio Patagonia 105.5\",\"publisher\":{\"@id\":\"https:\\\/\\\/fmpatagoniamadryn.com.ar\\\/#organization\"},\"potentialAction\":[{\"@type\":\"SearchAction\",\"target\":{\"@type\":\"EntryPoint\",\"urlTemplate\":\"https:\\\/\\\/fmpatagoniamadryn.com.ar\\\/?s={search_term_string}\"},\"query-input\":{\"@type\":\"PropertyValueSpecification\",\"valueRequired\":true,\"valueName\":\"search_term_string\"}}],\"inLanguage\":\"es\"},{\"@type\":\"Organization\",\"@id\":\"https:\\\/\\\/fmpatagoniamadryn.com.ar\\\/#organization\",\"name\":\"FM Patagonia Madryn\",\"url\":\"https:\\\/\\\/fmpatagoniamadryn.com.ar\\\/\",\"logo\":{\"@type\":\"ImageObject\",\"inLanguage\":\"es\",\"@id\":\"https:\\\/\\\/fmpatagoniamadryn.com.ar\\\/#\\\/schema\\\/logo\\\/image\\\/\",\"url\":\"https:\\\/\\\/fmpatagoniamadryn.com.ar\\\/wp-content\\\/uploads\\\/2023\\\/01\\\/cropped-Diseno-sin-titulo.png\",\"contentUrl\":\"https:\\\/\\\/fmpatagoniamadryn.com.ar\\\/wp-content\\\/uploads\\\/2023\\\/01\\\/cropped-Diseno-sin-titulo.png\",\"width\":6911,\"height\":2657,\"caption\":\"FM Patagonia Madryn\"},\"image\":{\"@id\":\"https:\\\/\\\/fmpatagoniamadryn.com.ar\\\/#\\\/schema\\\/logo\\\/image\\\/\"}},{\"@type\":\"Person\",\"@id\":\"https:\\\/\\\/fmpatagoniamadryn.com.ar\\\/#\\\/schema\\\/person\\\/97b1d30cb2ae311544a88a5201700571\",\"name\":\"FM Patagonia\",\"url\":\"https:\\\/\\\/fmpatagoniamadryn.com.ar\\\/?author=4\"}]}<\/script>\n<!-- \/ Yoast SEO plugin. -->","yoast_head_json":{"title":"Puerto Madryn avanza en la coadministraci\u00f3n de sus parques industriales junto a Provincia y el sector privado - FM Patagonia Madryn","robots":{"index":"index","follow":"follow","max-snippet":"max-snippet:-1","max-image-preview":"max-image-preview:large","max-video-preview":"max-video-preview:-1"},"canonical":"https:\/\/fmpatagoniamadryn.com.ar\/?p=26151","og_locale":"es_ES","og_type":"article","og_title":"Puerto Madryn avanza en la coadministraci\u00f3n de sus parques industriales junto a Provincia y el sector privado - FM Patagonia Madryn","og_description":"La puesta en marcha de un nuevo esquema de coadministraci\u00f3n para los parques industriales de Chubut fue destacada como un paso importante para agilizar inversiones, recuperar predios abandonados y ordenar la situaci\u00f3n de las tierras industriales.","og_url":"https:\/\/fmpatagoniamadryn.com.ar\/?p=26151","og_site_name":"FM Patagonia Madryn","article_published_time":"2026-09-01T13:05:00+00:00","og_image":[{"width":723,"height":405,"url":"https:\/\/fmpatagoniamadryn.com.ar\/wp-content\/uploads\/2026\/09\/img_8615.jpg","type":"image\/jpeg"}],"author":"FM Patagonia","twitter_card":"summary_large_image","twitter_misc":{"Escrito por":"FM Patagonia","Tiempo de lectura":"6 minutos"},"schema":{"@context":"https:\/\/schema.org","@graph":[{"@type":"Article","@id":"https:\/\/fmpatagoniamadryn.com.ar\/?p=26151#article","isPartOf":{"@id":"https:\/\/fmpatagoniamadryn.com.ar\/?p=26151"},"author":{"name":"FM Patagonia","@id":"https:\/\/fmpatagoniamadryn.com.ar\/#\/schema\/person\/97b1d30cb2ae311544a88a5201700571"},"headline":"Puerto Madryn avanza en la coadministraci\u00f3n de sus parques industriales junto a Provincia y el sector privado","datePublished":"2026-09-01T13:05:00+00:00","mainEntityOfPage":{"@id":"https:\/\/fmpatagoniamadryn.com.ar\/?p=26151"},"wordCount":1125,"publisher":{"@id":"https:\/\/fmpatagoniamadryn.com.ar\/#organization"},"image":{"@id":"https:\/\/fmpatagoniamadryn.com.ar\/?p=26151#primaryimage"},"thumbnailUrl":"https:\/\/fmpatagoniamadryn.com.ar\/wp-content\/uploads\/2026\/09\/img_8615.jpg","keywords":["parques industriales"],"articleSection":["Industria","Locales"],"inLanguage":"es"},{"@type":"WebPage","@id":"https:\/\/fmpatagoniamadryn.com.ar\/?p=26151","url":"https:\/\/fmpatagoniamadryn.com.ar\/?p=26151","name":"Puerto Madryn avanza en la coadministraci\u00f3n de sus parques industriales junto a Provincia y el sector privado - FM Patagonia Madryn","isPartOf":{"@id":"https:\/\/fmpatagoniamadryn.com.ar\/#website"},"primaryImageOfPage":{"@id":"https:\/\/fmpatagoniamadryn.com.ar\/?p=26151#primaryimage"},"image":{"@id":"https:\/\/fmpatagoniamadryn.com.ar\/?p=26151#primaryimage"},"thumbnailUrl":"https:\/\/fmpatagoniamadryn.com.ar\/wp-content\/uploads\/2026\/09\/img_8615.jpg","datePublished":"2026-09-01T13:05:00+00:00","breadcrumb":{"@id":"https:\/\/fmpatagoniamadryn.com.ar\/?p=26151#breadcrumb"},"inLanguage":"es","potentialAction":[{"@type":"ReadAction","target":["https:\/\/fmpatagoniamadryn.com.ar\/?p=26151"]}]},{"@type":"ImageObject","inLanguage":"es","@id":"https:\/\/fmpatagoniamadryn.com.ar\/?p=26151#primaryimage","url":"https:\/\/fmpatagoniamadryn.com.ar\/wp-content\/uploads\/2026\/09\/img_8615.jpg","contentUrl":"https:\/\/fmpatagoniamadryn.com.ar\/wp-content\/uploads\/2026\/09\/img_8615.jpg","width":723,"height":405},{"@type":"BreadcrumbList","@id":"https:\/\/fmpatagoniamadryn.com.ar\/?p=26151#breadcrumb","itemListElement":[{"@type":"ListItem","position":1,"name":"Portada","item":"https:\/\/fmpatagoniamadryn.com.ar\/"},{"@type":"ListItem","position":2,"name":"Puerto Madryn avanza en la coadministraci\u00f3n de sus parques industriales junto a Provincia y el sector privado"}]},{"@type":"WebSite","@id":"https:\/\/fmpatagoniamadryn.com.ar\/#website","url":"https:\/\/fmpatagoniamadryn.com.ar\/","name":"FM Patagonia Madryn","description":"Radio Patagonia 105.5","publisher":{"@id":"https:\/\/fmpatagoniamadryn.com.ar\/#organization"},"potentialAction":[{"@type":"SearchAction","target":{"@type":"EntryPoint","urlTemplate":"https:\/\/fmpatagoniamadryn.com.ar\/?s={search_term_string}"},"query-input":{"@type":"PropertyValueSpecification","valueRequired":true,"valueName":"search_term_string"}}],"inLanguage":"es"},{"@type":"Organization","@id":"https:\/\/fmpatagoniamadryn.com.ar\/#organization","name":"FM Patagonia Madryn","url":"https:\/\/fmpatagoniamadryn.com.ar\/","logo":{"@type":"ImageObject","inLanguage":"es","@id":"https:\/\/fmpatagoniamadryn.com.ar\/#\/schema\/logo\/image\/","url":"https:\/\/fmpatagoniamadryn.com.ar\/wp-content\/uploads\/2023\/01\/cropped-Diseno-sin-titulo.png","contentUrl":"https:\/\/fmpatagoniamadryn.com.ar\/wp-content\/uploads\/2023\/01\/cropped-Diseno-sin-titulo.png","width":6911,"height":2657,"caption":"FM Patagonia Madryn"},"image":{"@id":"https:\/\/fmpatagoniamadryn.com.ar\/#\/schema\/logo\/image\/"}},{"@type":"Person","@id":"https:\/\/fmpatagoniamadryn.com.ar\/#\/schema\/person\/97b1d30cb2ae311544a88a5201700571","name":"FM Patagonia","url":"https:\/\/fmpatagoniamadryn.com.ar\/?author=4"}]}},"jetpack_featured_media_url":"https:\/\/fmpatagoniamadryn.com.ar\/wp-content\/uploads\/2026\/09\/img_8615.jpg","_links":{"self":[{"href":"https:\/\/fmpatagoniamadryn.com.ar\/index.php?rest_route=\/wp\/v2\/posts\/26151","targetHints":{"allow":["GET"]}}],"collection":[{"href":"https:\/\/fmpatagoniamadryn.com.ar\/index.php?rest_route=\/wp\/v2\/posts"}],"about":[{"href":"https:\/\/fmpatagoniamadryn.com.ar\/index.php?rest_route=\/wp\/v2\/types\/post"}],"author":[{"embeddable":true,"href":"https:\/\/fmpatagoniamadryn.com.ar\/index.php?rest_route=\/wp\/v2\/users\/4"}],"replies":[{"embeddable":true,"href":"https:\/\/fmpatagoniamadryn.com.ar\/index.php?rest_route=%2Fwp%2Fv2%2Fcomments&post=26151"}],"version-history":[{"count":1,"href":"https:\/\/fmpatagoniamadryn.com.ar\/index.php?rest_route=\/wp\/v2\/posts\/26151\/revisions"}],"predecessor-version":[{"id":26152,"href":"https:\/\/fmpatagoniamadryn.com.ar\/index.php?rest_route=\/wp\/v2\/posts\/26151\/revisions\/26152"}],"wp:featuredmedia":[{"embeddable":true,"href":"https:\/\/fmpatagoniamadryn.com.ar\/index.php?rest_route=\/wp\/v2\/media\/26150"}],"wp:attachment":[{"href":"https:\/\/fmpatagoniamadryn.com.ar\/index.php?rest_route=%2Fwp%2Fv2%2Fmedia&parent=26151"}],"wp:term":[{"taxonomy":"category","embeddable":true,"href":"https:\/\/fmpatagoniamadryn.com.ar\/index.php?rest_route=%2Fwp%2Fv2%2Fcategories&post=26151"},{"taxonomy":"post_tag","embeddable":true,"href":"https:\/\/fmpatagoniamadryn.com.ar\/index.php?rest_route=%2Fwp%2Fv2%2Ftags&post=26151"}],"curies":[{"name":"wp","href":"https:\/\/api.w.org\/{rel}","templated":true}]}}