{"id":26156,"date":"2026-09-01T16:54:00","date_gmt":"2026-09-01T19:54:00","guid":{"rendered":"https:\/\/fmpatagoniamadryn.com.ar\/?p=26156"},"modified":"2026-09-01T09:56:34","modified_gmt":"2026-09-01T12:56:34","slug":"finalizo-en-esquel-el-2-torneo-provincial-de-padel-clasificatorio-al-nacional-de-mar-del-plata","status":"publish","type":"post","link":"https:\/\/fmpatagoniamadryn.com.ar\/?p=26156","title":{"rendered":"Finaliz\u00f3 en Esquel el 2\u00b0 Torneo Provincial de P\u00e1del, clasificatorio al Nacional de Mar del Plata"},"content":{"rendered":"\n<p class=\"wp-block-paragraph\">La competencia fue organizada por la Asociaci\u00f3n de P\u00e1del de Chubut y cont\u00f3 con el acompa\u00f1amiento de Chubut Deportes y de la Municipalidad de Esquel, a trav\u00e9s de la Subsecretar\u00eda de Turismo, Deporte y Cultura.<\/p>\n\n\n\n<p class=\"wp-block-paragraph\">La ceremonia de premiaci\u00f3n cont\u00f3 con la presencia del presidente de Chubut Deportes, Milton Reyes; Ariel Leguizam\u00f3n, representante de la Federaci\u00f3n Argentina de P\u00e1del y responsable de la fiscalizaci\u00f3n del torneo durante los dos fines de semana de competencia; Alan Rowlands, presidente de la Asociaci\u00f3n de P\u00e1del de Chubut; y el subsecretario municipal Walter Torres.<\/p>\n\n\n\n<h2 class=\"wp-block-heading\">Premiaci\u00f3n<\/h2>\n\n\n\n<p class=\"wp-block-paragraph\">En la categor\u00eda Cuarta femenina, las campeonas fueron Estefan\u00eda Ruiz y Valeria Grosaus, mientras que el subcampeonato qued\u00f3 en manos de Valentina Parodi y Paola Mauro.<\/p>\n\n\n\n<p class=\"wp-block-paragraph\">En la rama masculina de Cuarta categor\u00eda, Federico V\u00e1zquez y Juan Cruz Roselot se consagraron campeones. Federico Garay y Lisandro Sayago finalizaron en el segundo lugar.<\/p>\n\n\n\n<p class=\"wp-block-paragraph\">En Sexta categor\u00eda masculina, el t\u00edtulo fue para Federico Jaramillo y C\u00e9sar Arr\u00faa, mientras que Daniel Guzm\u00e1n y Nahuel Mastronardi obtuvieron el subcampeonato.<\/p>\n\n\n\n<p class=\"wp-block-paragraph\">Por su parte, en Sexta femenina, Sol Bilches y Alejandra Barobachi se quedaron con el primer puesto, seguidas por Valeria Arden y Jackeline Cerda, quienes finalizaron como subcampeonas.<\/p>\n\n\n\n<p class=\"wp-block-paragraph\">Desde la Asociaci\u00f3n organizadora destacaron y agradecieron el acompa\u00f1amiento del Gobierno Provincial y de la Municipalidad de Esquel, adem\u00e1s de resaltar la predisposici\u00f3n y el compromiso de los tres complejos que fueron escenario de la competencia: Esquel P\u00e1del, Impulso Complejo Deportivo y P\u00e1del Los Eiros.<\/p>\n\n\n\n<p class=\"wp-block-paragraph\">Durante el acto de coronaci\u00f3n, Milton Reyes destac\u00f3 el crecimiento que viene experimentando la Asociaci\u00f3n de P\u00e1del de Chubut, el importante trabajo que se desarrolla con las categor\u00edas formativas y el impacto que este tipo de torneos genera en las ciudades que reciben competencias provinciales.<\/p>\n\n\n\n<p class=\"wp-block-paragraph\">Adem\u00e1s, el presidente de Chubut Deportes record\u00f3 la reciente experiencia de los j\u00f3venes deportistas que viajaron a la costa provincial, donde se alojaron en el Hotel Deportivo y tuvieron la posibilidad de competir, compartir experiencias y fortalecer v\u00ednculos con jugadores de otras localidades.<\/p>\n","protected":false},"excerpt":{"rendered":"<p>Con la ceremonia de premiaci\u00f3n de las categor\u00edas disputadas durante el segundo fin de semana de competencia, finaliz\u00f3 el domingo por la tarde en Esquel el 2\u00b0 Torneo Provincial de P\u00e1del, certamen clasificatorio para el Campeonato Nacional que se disputar\u00e1 en octubre en la ciudad de Mar del Plata.<\/p>\n","protected":false},"author":5,"featured_media":26157,"comment_status":"closed","ping_status":"closed","sticky":false,"template":"","format":"standard","meta":{"footnotes":""},"categories":[4],"tags":[611],"class_list":["post-26156","post","type-post","status-publish","format-standard","has-post-thumbnail","hentry","category-deportes","tag-padel"],"yoast_head":"<!-- This site is optimized with the Yoast SEO plugin v28.4 - https:\/\/yoast.com\/product\/yoast-seo-wordpress\/ -->\n<title>Finaliz\u00f3 en Esquel el 2\u00b0 Torneo Provincial de P\u00e1del, clasificatorio al Nacional de Mar del Plata - FM Patagonia Madryn<\/title>\n<meta name=\"robots\" content=\"index, follow, max-snippet:-1, max-image-preview:large, max-video-preview:-1\" \/>\n<link rel=\"canonical\" href=\"https:\/\/fmpatagoniamadryn.com.ar\/?p=26156\" \/>\n<meta property=\"og:locale\" content=\"es_ES\" \/>\n<meta property=\"og:type\" content=\"article\" \/>\n<meta property=\"og:title\" content=\"Finaliz\u00f3 en Esquel el 2\u00b0 Torneo Provincial de P\u00e1del, clasificatorio al Nacional de Mar del Plata - FM Patagonia Madryn\" \/>\n<meta property=\"og:description\" content=\"Con la ceremonia de premiaci\u00f3n de las categor\u00edas disputadas durante el segundo fin de semana de competencia, finaliz\u00f3 el domingo por la tarde en Esquel el 2\u00b0 Torneo Provincial de P\u00e1del, certamen clasificatorio para el Campeonato Nacional que se disputar\u00e1 en octubre en la ciudad de Mar del Plata.\" \/>\n<meta property=\"og:url\" content=\"https:\/\/fmpatagoniamadryn.com.ar\/?p=26156\" \/>\n<meta property=\"og:site_name\" content=\"FM Patagonia Madryn\" \/>\n<meta property=\"article:published_time\" content=\"2026-09-01T19:54:00+00:00\" \/>\n<meta property=\"og:image\" content=\"https:\/\/fmpatagoniamadryn.com.ar\/wp-content\/uploads\/2026\/09\/padel-esquel.jpg\" \/>\n\t<meta property=\"og:image:width\" content=\"2048\" \/>\n\t<meta property=\"og:image:height\" content=\"1361\" \/>\n\t<meta property=\"og:image:type\" content=\"image\/jpeg\" \/>\n<meta name=\"author\" content=\"FM Patagonia\" \/>\n<meta name=\"twitter:card\" content=\"summary_large_image\" \/>\n<meta name=\"twitter:label1\" content=\"Escrito por\" \/>\n\t<meta name=\"twitter:data1\" content=\"FM Patagonia\" \/>\n\t<meta name=\"twitter:label2\" content=\"Tiempo de lectura\" \/>\n\t<meta name=\"twitter:data2\" content=\"2 minutos\" \/>\n<script type=\"application\/ld+json\" class=\"yoast-schema-graph\">{\"@context\":\"https:\\\/\\\/schema.org\",\"@graph\":[{\"@type\":\"Article\",\"@id\":\"https:\\\/\\\/fmpatagoniamadryn.com.ar\\\/?p=26156#article\",\"isPartOf\":{\"@id\":\"https:\\\/\\\/fmpatagoniamadryn.com.ar\\\/?p=26156\"},\"author\":{\"name\":\"FM Patagonia\",\"@id\":\"https:\\\/\\\/fmpatagoniamadryn.com.ar\\\/#\\\/schema\\\/person\\\/d1eaeab8ab628617785f4d9ef0e8d5d8\"},\"headline\":\"Finaliz\u00f3 en Esquel el 2\u00b0 Torneo Provincial de P\u00e1del, clasificatorio al Nacional de Mar del Plata\",\"datePublished\":\"2026-09-01T19:54:00+00:00\",\"mainEntityOfPage\":{\"@id\":\"https:\\\/\\\/fmpatagoniamadryn.com.ar\\\/?p=26156\"},\"wordCount\":378,\"publisher\":{\"@id\":\"https:\\\/\\\/fmpatagoniamadryn.com.ar\\\/#organization\"},\"image\":{\"@id\":\"https:\\\/\\\/fmpatagoniamadryn.com.ar\\\/?p=26156#primaryimage\"},\"thumbnailUrl\":\"https:\\\/\\\/fmpatagoniamadryn.com.ar\\\/wp-content\\\/uploads\\\/2026\\\/09\\\/padel-esquel.jpg\",\"keywords\":[\"P\u00e1del\"],\"articleSection\":[\"Deportes\"],\"inLanguage\":\"es\"},{\"@type\":\"WebPage\",\"@id\":\"https:\\\/\\\/fmpatagoniamadryn.com.ar\\\/?p=26156\",\"url\":\"https:\\\/\\\/fmpatagoniamadryn.com.ar\\\/?p=26156\",\"name\":\"Finaliz\u00f3 en Esquel el 2\u00b0 Torneo Provincial de P\u00e1del, clasificatorio al Nacional de Mar del Plata - FM Patagonia Madryn\",\"isPartOf\":{\"@id\":\"https:\\\/\\\/fmpatagoniamadryn.com.ar\\\/#website\"},\"primaryImageOfPage\":{\"@id\":\"https:\\\/\\\/fmpatagoniamadryn.com.ar\\\/?p=26156#primaryimage\"},\"image\":{\"@id\":\"https:\\\/\\\/fmpatagoniamadryn.com.ar\\\/?p=26156#primaryimage\"},\"thumbnailUrl\":\"https:\\\/\\\/fmpatagoniamadryn.com.ar\\\/wp-content\\\/uploads\\\/2026\\\/09\\\/padel-esquel.jpg\",\"datePublished\":\"2026-09-01T19:54:00+00:00\",\"breadcrumb\":{\"@id\":\"https:\\\/\\\/fmpatagoniamadryn.com.ar\\\/?p=26156#breadcrumb\"},\"inLanguage\":\"es\",\"potentialAction\":[{\"@type\":\"ReadAction\",\"target\":[\"https:\\\/\\\/fmpatagoniamadryn.com.ar\\\/?p=26156\"]}]},{\"@type\":\"ImageObject\",\"inLanguage\":\"es\",\"@id\":\"https:\\\/\\\/fmpatagoniamadryn.com.ar\\\/?p=26156#primaryimage\",\"url\":\"https:\\\/\\\/fmpatagoniamadryn.com.ar\\\/wp-content\\\/uploads\\\/2026\\\/09\\\/padel-esquel.jpg\",\"contentUrl\":\"https:\\\/\\\/fmpatagoniamadryn.com.ar\\\/wp-content\\\/uploads\\\/2026\\\/09\\\/padel-esquel.jpg\",\"width\":2048,\"height\":1361},{\"@type\":\"BreadcrumbList\",\"@id\":\"https:\\\/\\\/fmpatagoniamadryn.com.ar\\\/?p=26156#breadcrumb\",\"itemListElement\":[{\"@type\":\"ListItem\",\"position\":1,\"name\":\"Portada\",\"item\":\"https:\\\/\\\/fmpatagoniamadryn.com.ar\\\/\"},{\"@type\":\"ListItem\",\"position\":2,\"name\":\"Finaliz\u00f3 en Esquel el 2\u00b0 Torneo Provincial de P\u00e1del, clasificatorio al Nacional de Mar del Plata\"}]},{\"@type\":\"WebSite\",\"@id\":\"https:\\\/\\\/fmpatagoniamadryn.com.ar\\\/#website\",\"url\":\"https:\\\/\\\/fmpatagoniamadryn.com.ar\\\/\",\"name\":\"FM Patagonia Madryn\",\"description\":\"Radio Patagonia 105.5\",\"publisher\":{\"@id\":\"https:\\\/\\\/fmpatagoniamadryn.com.ar\\\/#organization\"},\"potentialAction\":[{\"@type\":\"SearchAction\",\"target\":{\"@type\":\"EntryPoint\",\"urlTemplate\":\"https:\\\/\\\/fmpatagoniamadryn.com.ar\\\/?s={search_term_string}\"},\"query-input\":{\"@type\":\"PropertyValueSpecification\",\"valueRequired\":true,\"valueName\":\"search_term_string\"}}],\"inLanguage\":\"es\"},{\"@type\":\"Organization\",\"@id\":\"https:\\\/\\\/fmpatagoniamadryn.com.ar\\\/#organization\",\"name\":\"FM Patagonia Madryn\",\"url\":\"https:\\\/\\\/fmpatagoniamadryn.com.ar\\\/\",\"logo\":{\"@type\":\"ImageObject\",\"inLanguage\":\"es\",\"@id\":\"https:\\\/\\\/fmpatagoniamadryn.com.ar\\\/#\\\/schema\\\/logo\\\/image\\\/\",\"url\":\"https:\\\/\\\/fmpatagoniamadryn.com.ar\\\/wp-content\\\/uploads\\\/2023\\\/01\\\/cropped-Diseno-sin-titulo.png\",\"contentUrl\":\"https:\\\/\\\/fmpatagoniamadryn.com.ar\\\/wp-content\\\/uploads\\\/2023\\\/01\\\/cropped-Diseno-sin-titulo.png\",\"width\":6911,\"height\":2657,\"caption\":\"FM Patagonia Madryn\"},\"image\":{\"@id\":\"https:\\\/\\\/fmpatagoniamadryn.com.ar\\\/#\\\/schema\\\/logo\\\/image\\\/\"}},{\"@type\":\"Person\",\"@id\":\"https:\\\/\\\/fmpatagoniamadryn.com.ar\\\/#\\\/schema\\\/person\\\/d1eaeab8ab628617785f4d9ef0e8d5d8\",\"name\":\"FM Patagonia\",\"url\":\"https:\\\/\\\/fmpatagoniamadryn.com.ar\\\/?author=5\"}]}<\/script>\n<!-- \/ Yoast SEO plugin. -->","yoast_head_json":{"title":"Finaliz\u00f3 en Esquel el 2\u00b0 Torneo Provincial de P\u00e1del, clasificatorio al Nacional de Mar del Plata - FM Patagonia Madryn","robots":{"index":"index","follow":"follow","max-snippet":"max-snippet:-1","max-image-preview":"max-image-preview:large","max-video-preview":"max-video-preview:-1"},"canonical":"https:\/\/fmpatagoniamadryn.com.ar\/?p=26156","og_locale":"es_ES","og_type":"article","og_title":"Finaliz\u00f3 en Esquel el 2\u00b0 Torneo Provincial de P\u00e1del, clasificatorio al Nacional de Mar del Plata - FM Patagonia Madryn","og_description":"Con la ceremonia de premiaci\u00f3n de las categor\u00edas disputadas durante el segundo fin de semana de competencia, finaliz\u00f3 el domingo por la tarde en Esquel el 2\u00b0 Torneo Provincial de P\u00e1del, certamen clasificatorio para el Campeonato Nacional que se disputar\u00e1 en octubre en la ciudad de Mar del Plata.","og_url":"https:\/\/fmpatagoniamadryn.com.ar\/?p=26156","og_site_name":"FM Patagonia Madryn","article_published_time":"2026-09-01T19:54:00+00:00","og_image":[{"width":2048,"height":1361,"url":"https:\/\/fmpatagoniamadryn.com.ar\/wp-content\/uploads\/2026\/09\/padel-esquel.jpg","type":"image\/jpeg"}],"author":"FM Patagonia","twitter_card":"summary_large_image","twitter_misc":{"Escrito por":"FM Patagonia","Tiempo de lectura":"2 minutos"},"schema":{"@context":"https:\/\/schema.org","@graph":[{"@type":"Article","@id":"https:\/\/fmpatagoniamadryn.com.ar\/?p=26156#article","isPartOf":{"@id":"https:\/\/fmpatagoniamadryn.com.ar\/?p=26156"},"author":{"name":"FM Patagonia","@id":"https:\/\/fmpatagoniamadryn.com.ar\/#\/schema\/person\/d1eaeab8ab628617785f4d9ef0e8d5d8"},"headline":"Finaliz\u00f3 en Esquel el 2\u00b0 Torneo Provincial de P\u00e1del, clasificatorio al Nacional de Mar del Plata","datePublished":"2026-09-01T19:54:00+00:00","mainEntityOfPage":{"@id":"https:\/\/fmpatagoniamadryn.com.ar\/?p=26156"},"wordCount":378,"publisher":{"@id":"https:\/\/fmpatagoniamadryn.com.ar\/#organization"},"image":{"@id":"https:\/\/fmpatagoniamadryn.com.ar\/?p=26156#primaryimage"},"thumbnailUrl":"https:\/\/fmpatagoniamadryn.com.ar\/wp-content\/uploads\/2026\/09\/padel-esquel.jpg","keywords":["P\u00e1del"],"articleSection":["Deportes"],"inLanguage":"es"},{"@type":"WebPage","@id":"https:\/\/fmpatagoniamadryn.com.ar\/?p=26156","url":"https:\/\/fmpatagoniamadryn.com.ar\/?p=26156","name":"Finaliz\u00f3 en Esquel el 2\u00b0 Torneo Provincial de P\u00e1del, clasificatorio al Nacional de Mar del Plata - FM Patagonia Madryn","isPartOf":{"@id":"https:\/\/fmpatagoniamadryn.com.ar\/#website"},"primaryImageOfPage":{"@id":"https:\/\/fmpatagoniamadryn.com.ar\/?p=26156#primaryimage"},"image":{"@id":"https:\/\/fmpatagoniamadryn.com.ar\/?p=26156#primaryimage"},"thumbnailUrl":"https:\/\/fmpatagoniamadryn.com.ar\/wp-content\/uploads\/2026\/09\/padel-esquel.jpg","datePublished":"2026-09-01T19:54:00+00:00","breadcrumb":{"@id":"https:\/\/fmpatagoniamadryn.com.ar\/?p=26156#breadcrumb"},"inLanguage":"es","potentialAction":[{"@type":"ReadAction","target":["https:\/\/fmpatagoniamadryn.com.ar\/?p=26156"]}]},{"@type":"ImageObject","inLanguage":"es","@id":"https:\/\/fmpatagoniamadryn.com.ar\/?p=26156#primaryimage","url":"https:\/\/fmpatagoniamadryn.com.ar\/wp-content\/uploads\/2026\/09\/padel-esquel.jpg","contentUrl":"https:\/\/fmpatagoniamadryn.com.ar\/wp-content\/uploads\/2026\/09\/padel-esquel.jpg","width":2048,"height":1361},{"@type":"BreadcrumbList","@id":"https:\/\/fmpatagoniamadryn.com.ar\/?p=26156#breadcrumb","itemListElement":[{"@type":"ListItem","position":1,"name":"Portada","item":"https:\/\/fmpatagoniamadryn.com.ar\/"},{"@type":"ListItem","position":2,"name":"Finaliz\u00f3 en Esquel el 2\u00b0 Torneo Provincial de P\u00e1del, clasificatorio al Nacional de Mar del Plata"}]},{"@type":"WebSite","@id":"https:\/\/fmpatagoniamadryn.com.ar\/#website","url":"https:\/\/fmpatagoniamadryn.com.ar\/","name":"FM Patagonia Madryn","description":"Radio Patagonia 105.5","publisher":{"@id":"https:\/\/fmpatagoniamadryn.com.ar\/#organization"},"potentialAction":[{"@type":"SearchAction","target":{"@type":"EntryPoint","urlTemplate":"https:\/\/fmpatagoniamadryn.com.ar\/?s={search_term_string}"},"query-input":{"@type":"PropertyValueSpecification","valueRequired":true,"valueName":"search_term_string"}}],"inLanguage":"es"},{"@type":"Organization","@id":"https:\/\/fmpatagoniamadryn.com.ar\/#organization","name":"FM Patagonia Madryn","url":"https:\/\/fmpatagoniamadryn.com.ar\/","logo":{"@type":"ImageObject","inLanguage":"es","@id":"https:\/\/fmpatagoniamadryn.com.ar\/#\/schema\/logo\/image\/","url":"https:\/\/fmpatagoniamadryn.com.ar\/wp-content\/uploads\/2023\/01\/cropped-Diseno-sin-titulo.png","contentUrl":"https:\/\/fmpatagoniamadryn.com.ar\/wp-content\/uploads\/2023\/01\/cropped-Diseno-sin-titulo.png","width":6911,"height":2657,"caption":"FM Patagonia Madryn"},"image":{"@id":"https:\/\/fmpatagoniamadryn.com.ar\/#\/schema\/logo\/image\/"}},{"@type":"Person","@id":"https:\/\/fmpatagoniamadryn.com.ar\/#\/schema\/person\/d1eaeab8ab628617785f4d9ef0e8d5d8","name":"FM Patagonia","url":"https:\/\/fmpatagoniamadryn.com.ar\/?author=5"}]}},"jetpack_featured_media_url":"https:\/\/fmpatagoniamadryn.com.ar\/wp-content\/uploads\/2026\/09\/padel-esquel.jpg","_links":{"self":[{"href":"https:\/\/fmpatagoniamadryn.com.ar\/index.php?rest_route=\/wp\/v2\/posts\/26156","targetHints":{"allow":["GET"]}}],"collection":[{"href":"https:\/\/fmpatagoniamadryn.com.ar\/index.php?rest_route=\/wp\/v2\/posts"}],"about":[{"href":"https:\/\/fmpatagoniamadryn.com.ar\/index.php?rest_route=\/wp\/v2\/types\/post"}],"author":[{"embeddable":true,"href":"https:\/\/fmpatagoniamadryn.com.ar\/index.php?rest_route=\/wp\/v2\/users\/5"}],"replies":[{"embeddable":true,"href":"https:\/\/fmpatagoniamadryn.com.ar\/index.php?rest_route=%2Fwp%2Fv2%2Fcomments&post=26156"}],"version-history":[{"count":1,"href":"https:\/\/fmpatagoniamadryn.com.ar\/index.php?rest_route=\/wp\/v2\/posts\/26156\/revisions"}],"predecessor-version":[{"id":26158,"href":"https:\/\/fmpatagoniamadryn.com.ar\/index.php?rest_route=\/wp\/v2\/posts\/26156\/revisions\/26158"}],"wp:featuredmedia":[{"embeddable":true,"href":"https:\/\/fmpatagoniamadryn.com.ar\/index.php?rest_route=\/wp\/v2\/media\/26157"}],"wp:attachment":[{"href":"https:\/\/fmpatagoniamadryn.com.ar\/index.php?rest_route=%2Fwp%2Fv2%2Fmedia&parent=26156"}],"wp:term":[{"taxonomy":"category","embeddable":true,"href":"https:\/\/fmpatagoniamadryn.com.ar\/index.php?rest_route=%2Fwp%2Fv2%2Fcategories&post=26156"},{"taxonomy":"post_tag","embeddable":true,"href":"https:\/\/fmpatagoniamadryn.com.ar\/index.php?rest_route=%2Fwp%2Fv2%2Ftags&post=26156"}],"curies":[{"name":"wp","href":"https:\/\/api.w.org\/{rel}","templated":true}]}}