{"id":26159,"date":"2026-09-01T15:55:00","date_gmt":"2026-09-01T18:55:00","guid":{"rendered":"https:\/\/fmpatagoniamadryn.com.ar\/?p=26159"},"modified":"2026-09-01T14:14:47","modified_gmt":"2026-09-01T17:14:47","slug":"tobias-weise-bicampeon-sudamericano-en-trampolin","status":"publish","type":"post","link":"https:\/\/fmpatagoniamadryn.com.ar\/?p=26159","title":{"rendered":"Tob\u00edas Weise, bicampe\u00f3n Sudamericano en Trampol\u00edn"},"content":{"rendered":"\n<p class=\"wp-block-paragraph\">El gimnasta trelewense Tob\u00edas Weise Gontier volvi\u00f3 a dejar a Chubut y a la Argentina en lo m\u00e1s alto al consagrarse campe\u00f3n sudamericano Senior de Gimnasia de Trampol\u00edn en Belo Horizonte, Brasil.<\/p>\n\n\n\n<p class=\"wp-block-paragraph\">El chubutense logr\u00f3 superar la instancia clasificatoria y avanzar a la final, reservada a un m\u00e1ximo de dos representantes por pa\u00eds. All\u00ed complet\u00f3 una sobresaliente actuaci\u00f3n, aument\u00f3 su r\u00e9cord personal de dificultad y consigui\u00f3 finalizar una exigente rutina que le permiti\u00f3 alcanzar el primer puesto.<\/p>\n\n\n\n<p class=\"wp-block-paragraph\">\u201c\u00c9ramos 16 gimnastas de Sudam\u00e9rica. Consegu\u00ed pasar a la final, donde solo clasifican dos por pa\u00eds, y, rompiendo mi r\u00e9cord de dificultad, pude terminar mi rutina y consagrarme bicampe\u00f3n sudamericano\u201d, destac\u00f3 Weise tras la competencia.<\/p>\n\n\n\n<p class=\"wp-block-paragraph\">De esta manera, el deportista nacido en Trelew revalid\u00f3 el t\u00edtulo obtenido en 2025 en Cochabamba, Bolivia, y alcanz\u00f3 por segundo a\u00f1o consecutivo la corona sudamericana Senior en trampol\u00edn individual.<\/p>\n\n\n\n<p class=\"wp-block-paragraph\">Adem\u00e1s, Weise complet\u00f3 su destacada participaci\u00f3n en Brasil con una medalla de bronce en trampol\u00edn sincronizado masculino, cerrando el campeonato con dos podios para la delegaci\u00f3n argentina.<\/p>\n\n\n\n<p class=\"wp-block-paragraph\">El gimnasta continuar\u00e1 ahora su preparaci\u00f3n para los Juegos Suramericanos ODESUR, que se desarrollar\u00e1n en Santa Fe del 12 al 26 de septiembre y representan uno de sus principales objetivos deportivos de la temporada.<\/p>\n\n\n\n<p class=\"wp-block-paragraph\">Desde Chubut Deportes se celebra esta nueva consagraci\u00f3n y se contin\u00faa acompa\u00f1ando el crecimiento de los atletas provinciales que representan a Chubut y a la Argentina en las principales competencias nacionales e internacionales.<\/p>\n\n\n\n<p class=\"wp-block-paragraph\">Una nueva conquista para Tob\u00edas Weise, quien contin\u00faa creciendo en la \u00e9lite de la gimnasia de trampol\u00edn y llevando con orgullo las banderas de Chubut y de nuestro pa\u00eds.<\/p>\n","protected":false},"excerpt":{"rendered":"<p>Representando a la Selecci\u00f3n Argentina, Weise obtuvo la medalla de oro en la modalidad trampol\u00edn individual masculino, dentro de una competencia que reuni\u00f3 a 16 gimnastas de distintos pa\u00edses de Sudam\u00e9rica.<\/p>\n","protected":false},"author":5,"featured_media":26170,"comment_status":"closed","ping_status":"closed","sticky":false,"template":"","format":"standard","meta":{"footnotes":""},"categories":[4],"tags":[613],"class_list":["post-26159","post","type-post","status-publish","format-standard","has-post-thumbnail","hentry","category-deportes","tag-gimnasia-de-trampolin"],"yoast_head":"<!-- This site is optimized with the Yoast SEO plugin v28.4 - https:\/\/yoast.com\/product\/yoast-seo-wordpress\/ -->\n<title>Tob\u00edas Weise, bicampe\u00f3n Sudamericano en Trampol\u00edn - FM Patagonia Madryn<\/title>\n<meta name=\"robots\" content=\"index, follow, max-snippet:-1, max-image-preview:large, max-video-preview:-1\" \/>\n<link rel=\"canonical\" href=\"https:\/\/fmpatagoniamadryn.com.ar\/?p=26159\" \/>\n<meta property=\"og:locale\" content=\"es_ES\" \/>\n<meta property=\"og:type\" content=\"article\" \/>\n<meta property=\"og:title\" content=\"Tob\u00edas Weise, bicampe\u00f3n Sudamericano en Trampol\u00edn - FM Patagonia Madryn\" \/>\n<meta property=\"og:description\" content=\"Representando a la Selecci\u00f3n Argentina, Weise obtuvo la medalla de oro en la modalidad trampol\u00edn individual masculino, dentro de una competencia que reuni\u00f3 a 16 gimnastas de distintos pa\u00edses de Sudam\u00e9rica.\" \/>\n<meta property=\"og:url\" content=\"https:\/\/fmpatagoniamadryn.com.ar\/?p=26159\" \/>\n<meta property=\"og:site_name\" content=\"FM Patagonia Madryn\" \/>\n<meta property=\"article:published_time\" content=\"2026-09-01T18:55:00+00:00\" \/>\n<meta property=\"og:image\" content=\"https:\/\/fmpatagoniamadryn.com.ar\/wp-content\/uploads\/2026\/09\/weise-chubut-e1788282843912.jpg\" \/>\n\t<meta property=\"og:image:width\" content=\"960\" \/>\n\t<meta property=\"og:image:height\" content=\"796\" \/>\n\t<meta property=\"og:image:type\" content=\"image\/jpeg\" \/>\n<meta name=\"author\" content=\"FM Patagonia\" \/>\n<meta name=\"twitter:card\" content=\"summary_large_image\" \/>\n<meta name=\"twitter:label1\" content=\"Escrito por\" \/>\n\t<meta name=\"twitter:data1\" content=\"FM Patagonia\" \/>\n\t<meta name=\"twitter:label2\" content=\"Tiempo de lectura\" \/>\n\t<meta name=\"twitter:data2\" content=\"2 minutos\" \/>\n<script type=\"application\/ld+json\" class=\"yoast-schema-graph\">{\"@context\":\"https:\\\/\\\/schema.org\",\"@graph\":[{\"@type\":\"Article\",\"@id\":\"https:\\\/\\\/fmpatagoniamadryn.com.ar\\\/?p=26159#article\",\"isPartOf\":{\"@id\":\"https:\\\/\\\/fmpatagoniamadryn.com.ar\\\/?p=26159\"},\"author\":{\"name\":\"FM Patagonia\",\"@id\":\"https:\\\/\\\/fmpatagoniamadryn.com.ar\\\/#\\\/schema\\\/person\\\/d1eaeab8ab628617785f4d9ef0e8d5d8\"},\"headline\":\"Tob\u00edas Weise, bicampe\u00f3n Sudamericano en Trampol\u00edn\",\"datePublished\":\"2026-09-01T18:55:00+00:00\",\"mainEntityOfPage\":{\"@id\":\"https:\\\/\\\/fmpatagoniamadryn.com.ar\\\/?p=26159\"},\"wordCount\":298,\"publisher\":{\"@id\":\"https:\\\/\\\/fmpatagoniamadryn.com.ar\\\/#organization\"},\"image\":{\"@id\":\"https:\\\/\\\/fmpatagoniamadryn.com.ar\\\/?p=26159#primaryimage\"},\"thumbnailUrl\":\"https:\\\/\\\/fmpatagoniamadryn.com.ar\\\/wp-content\\\/uploads\\\/2026\\\/09\\\/weise-chubut-e1788282843912.jpg\",\"keywords\":[\"Gimnasia de Trampol\u00edn\"],\"articleSection\":[\"Deportes\"],\"inLanguage\":\"es\"},{\"@type\":\"WebPage\",\"@id\":\"https:\\\/\\\/fmpatagoniamadryn.com.ar\\\/?p=26159\",\"url\":\"https:\\\/\\\/fmpatagoniamadryn.com.ar\\\/?p=26159\",\"name\":\"Tob\u00edas Weise, bicampe\u00f3n Sudamericano en Trampol\u00edn - FM Patagonia Madryn\",\"isPartOf\":{\"@id\":\"https:\\\/\\\/fmpatagoniamadryn.com.ar\\\/#website\"},\"primaryImageOfPage\":{\"@id\":\"https:\\\/\\\/fmpatagoniamadryn.com.ar\\\/?p=26159#primaryimage\"},\"image\":{\"@id\":\"https:\\\/\\\/fmpatagoniamadryn.com.ar\\\/?p=26159#primaryimage\"},\"thumbnailUrl\":\"https:\\\/\\\/fmpatagoniamadryn.com.ar\\\/wp-content\\\/uploads\\\/2026\\\/09\\\/weise-chubut-e1788282843912.jpg\",\"datePublished\":\"2026-09-01T18:55:00+00:00\",\"breadcrumb\":{\"@id\":\"https:\\\/\\\/fmpatagoniamadryn.com.ar\\\/?p=26159#breadcrumb\"},\"inLanguage\":\"es\",\"potentialAction\":[{\"@type\":\"ReadAction\",\"target\":[\"https:\\\/\\\/fmpatagoniamadryn.com.ar\\\/?p=26159\"]}]},{\"@type\":\"ImageObject\",\"inLanguage\":\"es\",\"@id\":\"https:\\\/\\\/fmpatagoniamadryn.com.ar\\\/?p=26159#primaryimage\",\"url\":\"https:\\\/\\\/fmpatagoniamadryn.com.ar\\\/wp-content\\\/uploads\\\/2026\\\/09\\\/weise-chubut-e1788282843912.jpg\",\"contentUrl\":\"https:\\\/\\\/fmpatagoniamadryn.com.ar\\\/wp-content\\\/uploads\\\/2026\\\/09\\\/weise-chubut-e1788282843912.jpg\",\"width\":960,\"height\":796},{\"@type\":\"BreadcrumbList\",\"@id\":\"https:\\\/\\\/fmpatagoniamadryn.com.ar\\\/?p=26159#breadcrumb\",\"itemListElement\":[{\"@type\":\"ListItem\",\"position\":1,\"name\":\"Portada\",\"item\":\"https:\\\/\\\/fmpatagoniamadryn.com.ar\\\/\"},{\"@type\":\"ListItem\",\"position\":2,\"name\":\"Tob\u00edas Weise, bicampe\u00f3n Sudamericano en Trampol\u00edn\"}]},{\"@type\":\"WebSite\",\"@id\":\"https:\\\/\\\/fmpatagoniamadryn.com.ar\\\/#website\",\"url\":\"https:\\\/\\\/fmpatagoniamadryn.com.ar\\\/\",\"name\":\"FM Patagonia Madryn\",\"description\":\"Radio Patagonia 105.5\",\"publisher\":{\"@id\":\"https:\\\/\\\/fmpatagoniamadryn.com.ar\\\/#organization\"},\"potentialAction\":[{\"@type\":\"SearchAction\",\"target\":{\"@type\":\"EntryPoint\",\"urlTemplate\":\"https:\\\/\\\/fmpatagoniamadryn.com.ar\\\/?s={search_term_string}\"},\"query-input\":{\"@type\":\"PropertyValueSpecification\",\"valueRequired\":true,\"valueName\":\"search_term_string\"}}],\"inLanguage\":\"es\"},{\"@type\":\"Organization\",\"@id\":\"https:\\\/\\\/fmpatagoniamadryn.com.ar\\\/#organization\",\"name\":\"FM Patagonia Madryn\",\"url\":\"https:\\\/\\\/fmpatagoniamadryn.com.ar\\\/\",\"logo\":{\"@type\":\"ImageObject\",\"inLanguage\":\"es\",\"@id\":\"https:\\\/\\\/fmpatagoniamadryn.com.ar\\\/#\\\/schema\\\/logo\\\/image\\\/\",\"url\":\"https:\\\/\\\/fmpatagoniamadryn.com.ar\\\/wp-content\\\/uploads\\\/2023\\\/01\\\/cropped-Diseno-sin-titulo.png\",\"contentUrl\":\"https:\\\/\\\/fmpatagoniamadryn.com.ar\\\/wp-content\\\/uploads\\\/2023\\\/01\\\/cropped-Diseno-sin-titulo.png\",\"width\":6911,\"height\":2657,\"caption\":\"FM Patagonia Madryn\"},\"image\":{\"@id\":\"https:\\\/\\\/fmpatagoniamadryn.com.ar\\\/#\\\/schema\\\/logo\\\/image\\\/\"}},{\"@type\":\"Person\",\"@id\":\"https:\\\/\\\/fmpatagoniamadryn.com.ar\\\/#\\\/schema\\\/person\\\/d1eaeab8ab628617785f4d9ef0e8d5d8\",\"name\":\"FM Patagonia\",\"url\":\"https:\\\/\\\/fmpatagoniamadryn.com.ar\\\/?author=5\"}]}<\/script>\n<!-- \/ Yoast SEO plugin. -->","yoast_head_json":{"title":"Tob\u00edas Weise, bicampe\u00f3n Sudamericano en Trampol\u00edn - FM Patagonia Madryn","robots":{"index":"index","follow":"follow","max-snippet":"max-snippet:-1","max-image-preview":"max-image-preview:large","max-video-preview":"max-video-preview:-1"},"canonical":"https:\/\/fmpatagoniamadryn.com.ar\/?p=26159","og_locale":"es_ES","og_type":"article","og_title":"Tob\u00edas Weise, bicampe\u00f3n Sudamericano en Trampol\u00edn - FM Patagonia Madryn","og_description":"Representando a la Selecci\u00f3n Argentina, Weise obtuvo la medalla de oro en la modalidad trampol\u00edn individual masculino, dentro de una competencia que reuni\u00f3 a 16 gimnastas de distintos pa\u00edses de Sudam\u00e9rica.","og_url":"https:\/\/fmpatagoniamadryn.com.ar\/?p=26159","og_site_name":"FM Patagonia Madryn","article_published_time":"2026-09-01T18:55:00+00:00","og_image":[{"width":960,"height":796,"url":"https:\/\/fmpatagoniamadryn.com.ar\/wp-content\/uploads\/2026\/09\/weise-chubut-e1788282843912.jpg","type":"image\/jpeg"}],"author":"FM Patagonia","twitter_card":"summary_large_image","twitter_misc":{"Escrito por":"FM Patagonia","Tiempo de lectura":"2 minutos"},"schema":{"@context":"https:\/\/schema.org","@graph":[{"@type":"Article","@id":"https:\/\/fmpatagoniamadryn.com.ar\/?p=26159#article","isPartOf":{"@id":"https:\/\/fmpatagoniamadryn.com.ar\/?p=26159"},"author":{"name":"FM Patagonia","@id":"https:\/\/fmpatagoniamadryn.com.ar\/#\/schema\/person\/d1eaeab8ab628617785f4d9ef0e8d5d8"},"headline":"Tob\u00edas Weise, bicampe\u00f3n Sudamericano en Trampol\u00edn","datePublished":"2026-09-01T18:55:00+00:00","mainEntityOfPage":{"@id":"https:\/\/fmpatagoniamadryn.com.ar\/?p=26159"},"wordCount":298,"publisher":{"@id":"https:\/\/fmpatagoniamadryn.com.ar\/#organization"},"image":{"@id":"https:\/\/fmpatagoniamadryn.com.ar\/?p=26159#primaryimage"},"thumbnailUrl":"https:\/\/fmpatagoniamadryn.com.ar\/wp-content\/uploads\/2026\/09\/weise-chubut-e1788282843912.jpg","keywords":["Gimnasia de Trampol\u00edn"],"articleSection":["Deportes"],"inLanguage":"es"},{"@type":"WebPage","@id":"https:\/\/fmpatagoniamadryn.com.ar\/?p=26159","url":"https:\/\/fmpatagoniamadryn.com.ar\/?p=26159","name":"Tob\u00edas Weise, bicampe\u00f3n Sudamericano en Trampol\u00edn - FM Patagonia Madryn","isPartOf":{"@id":"https:\/\/fmpatagoniamadryn.com.ar\/#website"},"primaryImageOfPage":{"@id":"https:\/\/fmpatagoniamadryn.com.ar\/?p=26159#primaryimage"},"image":{"@id":"https:\/\/fmpatagoniamadryn.com.ar\/?p=26159#primaryimage"},"thumbnailUrl":"https:\/\/fmpatagoniamadryn.com.ar\/wp-content\/uploads\/2026\/09\/weise-chubut-e1788282843912.jpg","datePublished":"2026-09-01T18:55:00+00:00","breadcrumb":{"@id":"https:\/\/fmpatagoniamadryn.com.ar\/?p=26159#breadcrumb"},"inLanguage":"es","potentialAction":[{"@type":"ReadAction","target":["https:\/\/fmpatagoniamadryn.com.ar\/?p=26159"]}]},{"@type":"ImageObject","inLanguage":"es","@id":"https:\/\/fmpatagoniamadryn.com.ar\/?p=26159#primaryimage","url":"https:\/\/fmpatagoniamadryn.com.ar\/wp-content\/uploads\/2026\/09\/weise-chubut-e1788282843912.jpg","contentUrl":"https:\/\/fmpatagoniamadryn.com.ar\/wp-content\/uploads\/2026\/09\/weise-chubut-e1788282843912.jpg","width":960,"height":796},{"@type":"BreadcrumbList","@id":"https:\/\/fmpatagoniamadryn.com.ar\/?p=26159#breadcrumb","itemListElement":[{"@type":"ListItem","position":1,"name":"Portada","item":"https:\/\/fmpatagoniamadryn.com.ar\/"},{"@type":"ListItem","position":2,"name":"Tob\u00edas Weise, bicampe\u00f3n Sudamericano en Trampol\u00edn"}]},{"@type":"WebSite","@id":"https:\/\/fmpatagoniamadryn.com.ar\/#website","url":"https:\/\/fmpatagoniamadryn.com.ar\/","name":"FM Patagonia Madryn","description":"Radio Patagonia 105.5","publisher":{"@id":"https:\/\/fmpatagoniamadryn.com.ar\/#organization"},"potentialAction":[{"@type":"SearchAction","target":{"@type":"EntryPoint","urlTemplate":"https:\/\/fmpatagoniamadryn.com.ar\/?s={search_term_string}"},"query-input":{"@type":"PropertyValueSpecification","valueRequired":true,"valueName":"search_term_string"}}],"inLanguage":"es"},{"@type":"Organization","@id":"https:\/\/fmpatagoniamadryn.com.ar\/#organization","name":"FM Patagonia Madryn","url":"https:\/\/fmpatagoniamadryn.com.ar\/","logo":{"@type":"ImageObject","inLanguage":"es","@id":"https:\/\/fmpatagoniamadryn.com.ar\/#\/schema\/logo\/image\/","url":"https:\/\/fmpatagoniamadryn.com.ar\/wp-content\/uploads\/2023\/01\/cropped-Diseno-sin-titulo.png","contentUrl":"https:\/\/fmpatagoniamadryn.com.ar\/wp-content\/uploads\/2023\/01\/cropped-Diseno-sin-titulo.png","width":6911,"height":2657,"caption":"FM Patagonia Madryn"},"image":{"@id":"https:\/\/fmpatagoniamadryn.com.ar\/#\/schema\/logo\/image\/"}},{"@type":"Person","@id":"https:\/\/fmpatagoniamadryn.com.ar\/#\/schema\/person\/d1eaeab8ab628617785f4d9ef0e8d5d8","name":"FM Patagonia","url":"https:\/\/fmpatagoniamadryn.com.ar\/?author=5"}]}},"jetpack_featured_media_url":"https:\/\/fmpatagoniamadryn.com.ar\/wp-content\/uploads\/2026\/09\/weise-chubut-e1788282843912.jpg","_links":{"self":[{"href":"https:\/\/fmpatagoniamadryn.com.ar\/index.php?rest_route=\/wp\/v2\/posts\/26159","targetHints":{"allow":["GET"]}}],"collection":[{"href":"https:\/\/fmpatagoniamadryn.com.ar\/index.php?rest_route=\/wp\/v2\/posts"}],"about":[{"href":"https:\/\/fmpatagoniamadryn.com.ar\/index.php?rest_route=\/wp\/v2\/types\/post"}],"author":[{"embeddable":true,"href":"https:\/\/fmpatagoniamadryn.com.ar\/index.php?rest_route=\/wp\/v2\/users\/5"}],"replies":[{"embeddable":true,"href":"https:\/\/fmpatagoniamadryn.com.ar\/index.php?rest_route=%2Fwp%2Fv2%2Fcomments&post=26159"}],"version-history":[{"count":2,"href":"https:\/\/fmpatagoniamadryn.com.ar\/index.php?rest_route=\/wp\/v2\/posts\/26159\/revisions"}],"predecessor-version":[{"id":26171,"href":"https:\/\/fmpatagoniamadryn.com.ar\/index.php?rest_route=\/wp\/v2\/posts\/26159\/revisions\/26171"}],"wp:featuredmedia":[{"embeddable":true,"href":"https:\/\/fmpatagoniamadryn.com.ar\/index.php?rest_route=\/wp\/v2\/media\/26170"}],"wp:attachment":[{"href":"https:\/\/fmpatagoniamadryn.com.ar\/index.php?rest_route=%2Fwp%2Fv2%2Fmedia&parent=26159"}],"wp:term":[{"taxonomy":"category","embeddable":true,"href":"https:\/\/fmpatagoniamadryn.com.ar\/index.php?rest_route=%2Fwp%2Fv2%2Fcategories&post=26159"},{"taxonomy":"post_tag","embeddable":true,"href":"https:\/\/fmpatagoniamadryn.com.ar\/index.php?rest_route=%2Fwp%2Fv2%2Ftags&post=26159"}],"curies":[{"name":"wp","href":"https:\/\/api.w.org\/{rel}","templated":true}]}}