{"id":26162,"date":"2026-09-01T10:29:02","date_gmt":"2026-09-01T13:29:02","guid":{"rendered":"https:\/\/fmpatagoniamadryn.com.ar\/?p=26162"},"modified":"2026-09-01T10:29:02","modified_gmt":"2026-09-01T13:29:02","slug":"la-camapana-de-limpieza-continua-en-los-barrios-del-peron-y-el-porvenir","status":"publish","type":"post","link":"https:\/\/fmpatagoniamadryn.com.ar\/?p=26162","title":{"rendered":"La camapa\u00f1a de limpieza continua en los barrios del Peron y el Porvenir"},"content":{"rendered":"\n<p class=\"wp-block-paragraph\">La Municipalidad de Puerto Madryn informa que, en el marco de las campa\u00f1as de limpieza que recorren las distintas zonas de la ciudad, el cronograma continuar\u00e1 durante agosto y septiembre en los barrios Presidente Juan Domingo Per\u00f3n y El Porvenir.<\/p>\n\n\n\n<p class=\"wp-block-paragraph\">La iniciativa, llevada adelante por las \u00e1reas de Gobierno y Ecolog\u00eda y Protecci\u00f3n Ambiental, tiene como objetivo facilitar a los vecinos y vecinas la disposici\u00f3n de residuos voluminosos, evitando la acumulaci\u00f3n de estos materiales en la v\u00eda p\u00fablica.<\/p>\n\n\n\n<p class=\"wp-block-paragraph\">En el barrio Presidente Juan Domingo Per\u00f3n, los contenedores estar\u00e1n disponibles el 4 y 7 de septiembre. El primer d\u00eda se ubicar\u00e1n en Meangolarra, entre Moreno y Rivadavia; Zarlach, entre Espa\u00f1a y Albarrac\u00edn; Azcarate, entre Avenida Gales y Sarmiento. El segundo d\u00eda, los contenedores estar\u00e1n en Bordenave, entre Albarrac\u00edn y Espa\u00f1a; C\u00f3digo 344 (Calle\/N\u00ba 9), entre Espa\u00f1a y Avenida Gales; Mario Rossi, entre Espa\u00f1a y Avenida Gales.<\/p>\n\n\n\n<p class=\"wp-block-paragraph\">La campa\u00f1a continuar\u00e1 en el barrio El Porvenir el martes 8 y mi\u00e9rcoles 9 de septiembre. Los puntos establecidos para el primer d\u00eda ser\u00e1n Roberto G\u00f3mez, entre los pasajes Am\u00e9rica y Bah\u00eda sin Fondo; Vicente Calder\u00f3n, entre los pasajes Tamarisco y Ricardo Amancay; Roberto G\u00f3mez, entre los pasajes Juana Azurduy y Gabriela Mistral. En el segundo d\u00eda, los contenedores se ubicar\u00e1n en Roberto G\u00f3mez, entre los pasajes Granaderos y Am\u00e9rica; Calder\u00f3n entre, Juan XXIII y Roberto G\u00f3mez; Roberto G\u00f3mez, entre los pasajes G\u00fciraldes y Tamarisco.<\/p>\n\n\n\n<p class=\"wp-block-paragraph\">Desde el Municipio se informa que los contenedores se colocar\u00e1n entre las 8 y las 10 horas. Una vez que se llenen, se retirar\u00e1n para evitar contingencias.<\/p>\n\n\n\n<p class=\"wp-block-paragraph\">Se recuerda adem\u00e1s que \u00fanicamente se recibir\u00e1n chatarra, maderas, escombros, neum\u00e1ticos y residuos de aparatos el\u00e9ctricos y electr\u00f3nicos, por lo que se solicita a la comunidad respetar los materiales permitidos para garantizar el correcto funcionamiento de la campa\u00f1a.<\/p>\n","protected":false},"excerpt":{"rendered":"<p>Vecinos y vecinas podr\u00e1n acercar residuos voluminosos como chatarra, escombros, neum\u00e1ticos, maderas y residuos de aparatos el\u00e9ctricos y electr\u00f3nicos a los contenedores que se dispondr\u00e1n en distintos puntos de cada sector<\/p>\n","protected":false},"author":4,"featured_media":26161,"comment_status":"closed","ping_status":"closed","sticky":false,"template":"","format":"standard","meta":{"footnotes":""},"categories":[122],"tags":[612],"class_list":["post-26162","post","type-post","status-publish","format-standard","has-post-thumbnail","hentry","category-sociedad","tag-campana-de-limpieza"],"yoast_head":"<!-- This site is optimized with the Yoast SEO plugin v28.3 - https:\/\/yoast.com\/product\/yoast-seo-wordpress\/ -->\n<title>La camapa\u00f1a de limpieza continua en los barrios del Peron y el Porvenir - FM Patagonia Madryn<\/title>\n<meta name=\"robots\" content=\"index, follow, max-snippet:-1, max-image-preview:large, max-video-preview:-1\" \/>\n<link rel=\"canonical\" href=\"https:\/\/fmpatagoniamadryn.com.ar\/?p=26162\" \/>\n<meta property=\"og:locale\" content=\"es_ES\" \/>\n<meta property=\"og:type\" content=\"article\" \/>\n<meta property=\"og:title\" content=\"La camapa\u00f1a de limpieza continua en los barrios del Peron y el Porvenir - FM Patagonia Madryn\" \/>\n<meta property=\"og:description\" content=\"Vecinos y vecinas podr\u00e1n acercar residuos voluminosos como chatarra, escombros, neum\u00e1ticos, maderas y residuos de aparatos el\u00e9ctricos y electr\u00f3nicos a los contenedores que se dispondr\u00e1n en distintos puntos de cada sector\" \/>\n<meta property=\"og:url\" content=\"https:\/\/fmpatagoniamadryn.com.ar\/?p=26162\" \/>\n<meta property=\"og:site_name\" content=\"FM Patagonia Madryn\" \/>\n<meta property=\"article:published_time\" content=\"2026-09-01T13:29:02+00:00\" \/>\n<meta property=\"og:image\" content=\"https:\/\/fmpatagoniamadryn.com.ar\/wp-content\/uploads\/2026\/09\/27ec27a7-8586-4596-af2f-c0e0f4ffcee4.jpg\" \/>\n\t<meta property=\"og:image:width\" content=\"1024\" \/>\n\t<meta property=\"og:image:height\" content=\"768\" \/>\n\t<meta property=\"og:image:type\" content=\"image\/jpeg\" \/>\n<meta name=\"author\" content=\"FM Patagonia\" \/>\n<meta name=\"twitter:card\" content=\"summary_large_image\" \/>\n<meta name=\"twitter:label1\" content=\"Escrito por\" \/>\n\t<meta name=\"twitter:data1\" content=\"FM Patagonia\" \/>\n\t<meta name=\"twitter:label2\" content=\"Tiempo de lectura\" \/>\n\t<meta name=\"twitter:data2\" content=\"2 minutos\" \/>\n<script type=\"application\/ld+json\" class=\"yoast-schema-graph\">{\"@context\":\"https:\\\/\\\/schema.org\",\"@graph\":[{\"@type\":\"Article\",\"@id\":\"https:\\\/\\\/fmpatagoniamadryn.com.ar\\\/?p=26162#article\",\"isPartOf\":{\"@id\":\"https:\\\/\\\/fmpatagoniamadryn.com.ar\\\/?p=26162\"},\"author\":{\"name\":\"FM Patagonia\",\"@id\":\"https:\\\/\\\/fmpatagoniamadryn.com.ar\\\/#\\\/schema\\\/person\\\/97b1d30cb2ae311544a88a5201700571\"},\"headline\":\"La camapa\u00f1a de limpieza continua en los barrios del Peron y el Porvenir\",\"datePublished\":\"2026-09-01T13:29:02+00:00\",\"mainEntityOfPage\":{\"@id\":\"https:\\\/\\\/fmpatagoniamadryn.com.ar\\\/?p=26162\"},\"wordCount\":348,\"publisher\":{\"@id\":\"https:\\\/\\\/fmpatagoniamadryn.com.ar\\\/#organization\"},\"image\":{\"@id\":\"https:\\\/\\\/fmpatagoniamadryn.com.ar\\\/?p=26162#primaryimage\"},\"thumbnailUrl\":\"https:\\\/\\\/fmpatagoniamadryn.com.ar\\\/wp-content\\\/uploads\\\/2026\\\/09\\\/27ec27a7-8586-4596-af2f-c0e0f4ffcee4.jpg\",\"keywords\":[\"campa\u00f1a de limpieza\"],\"articleSection\":[\"Sociedad\"],\"inLanguage\":\"es\"},{\"@type\":\"WebPage\",\"@id\":\"https:\\\/\\\/fmpatagoniamadryn.com.ar\\\/?p=26162\",\"url\":\"https:\\\/\\\/fmpatagoniamadryn.com.ar\\\/?p=26162\",\"name\":\"La camapa\u00f1a de limpieza continua en los barrios del Peron y el Porvenir - FM Patagonia Madryn\",\"isPartOf\":{\"@id\":\"https:\\\/\\\/fmpatagoniamadryn.com.ar\\\/#website\"},\"primaryImageOfPage\":{\"@id\":\"https:\\\/\\\/fmpatagoniamadryn.com.ar\\\/?p=26162#primaryimage\"},\"image\":{\"@id\":\"https:\\\/\\\/fmpatagoniamadryn.com.ar\\\/?p=26162#primaryimage\"},\"thumbnailUrl\":\"https:\\\/\\\/fmpatagoniamadryn.com.ar\\\/wp-content\\\/uploads\\\/2026\\\/09\\\/27ec27a7-8586-4596-af2f-c0e0f4ffcee4.jpg\",\"datePublished\":\"2026-09-01T13:29:02+00:00\",\"breadcrumb\":{\"@id\":\"https:\\\/\\\/fmpatagoniamadryn.com.ar\\\/?p=26162#breadcrumb\"},\"inLanguage\":\"es\",\"potentialAction\":[{\"@type\":\"ReadAction\",\"target\":[\"https:\\\/\\\/fmpatagoniamadryn.com.ar\\\/?p=26162\"]}]},{\"@type\":\"ImageObject\",\"inLanguage\":\"es\",\"@id\":\"https:\\\/\\\/fmpatagoniamadryn.com.ar\\\/?p=26162#primaryimage\",\"url\":\"https:\\\/\\\/fmpatagoniamadryn.com.ar\\\/wp-content\\\/uploads\\\/2026\\\/09\\\/27ec27a7-8586-4596-af2f-c0e0f4ffcee4.jpg\",\"contentUrl\":\"https:\\\/\\\/fmpatagoniamadryn.com.ar\\\/wp-content\\\/uploads\\\/2026\\\/09\\\/27ec27a7-8586-4596-af2f-c0e0f4ffcee4.jpg\",\"width\":1024,\"height\":768},{\"@type\":\"BreadcrumbList\",\"@id\":\"https:\\\/\\\/fmpatagoniamadryn.com.ar\\\/?p=26162#breadcrumb\",\"itemListElement\":[{\"@type\":\"ListItem\",\"position\":1,\"name\":\"Portada\",\"item\":\"https:\\\/\\\/fmpatagoniamadryn.com.ar\\\/\"},{\"@type\":\"ListItem\",\"position\":2,\"name\":\"La camapa\u00f1a de limpieza continua en los barrios del Peron y el Porvenir\"}]},{\"@type\":\"WebSite\",\"@id\":\"https:\\\/\\\/fmpatagoniamadryn.com.ar\\\/#website\",\"url\":\"https:\\\/\\\/fmpatagoniamadryn.com.ar\\\/\",\"name\":\"FM Patagonia Madryn\",\"description\":\"Radio Patagonia 105.5\",\"publisher\":{\"@id\":\"https:\\\/\\\/fmpatagoniamadryn.com.ar\\\/#organization\"},\"potentialAction\":[{\"@type\":\"SearchAction\",\"target\":{\"@type\":\"EntryPoint\",\"urlTemplate\":\"https:\\\/\\\/fmpatagoniamadryn.com.ar\\\/?s={search_term_string}\"},\"query-input\":{\"@type\":\"PropertyValueSpecification\",\"valueRequired\":true,\"valueName\":\"search_term_string\"}}],\"inLanguage\":\"es\"},{\"@type\":\"Organization\",\"@id\":\"https:\\\/\\\/fmpatagoniamadryn.com.ar\\\/#organization\",\"name\":\"FM Patagonia Madryn\",\"url\":\"https:\\\/\\\/fmpatagoniamadryn.com.ar\\\/\",\"logo\":{\"@type\":\"ImageObject\",\"inLanguage\":\"es\",\"@id\":\"https:\\\/\\\/fmpatagoniamadryn.com.ar\\\/#\\\/schema\\\/logo\\\/image\\\/\",\"url\":\"https:\\\/\\\/fmpatagoniamadryn.com.ar\\\/wp-content\\\/uploads\\\/2023\\\/01\\\/cropped-Diseno-sin-titulo.png\",\"contentUrl\":\"https:\\\/\\\/fmpatagoniamadryn.com.ar\\\/wp-content\\\/uploads\\\/2023\\\/01\\\/cropped-Diseno-sin-titulo.png\",\"width\":6911,\"height\":2657,\"caption\":\"FM Patagonia Madryn\"},\"image\":{\"@id\":\"https:\\\/\\\/fmpatagoniamadryn.com.ar\\\/#\\\/schema\\\/logo\\\/image\\\/\"}},{\"@type\":\"Person\",\"@id\":\"https:\\\/\\\/fmpatagoniamadryn.com.ar\\\/#\\\/schema\\\/person\\\/97b1d30cb2ae311544a88a5201700571\",\"name\":\"FM Patagonia\",\"url\":\"https:\\\/\\\/fmpatagoniamadryn.com.ar\\\/?author=4\"}]}<\/script>\n<!-- \/ Yoast SEO plugin. -->","yoast_head_json":{"title":"La camapa\u00f1a de limpieza continua en los barrios del Peron y el Porvenir - FM Patagonia Madryn","robots":{"index":"index","follow":"follow","max-snippet":"max-snippet:-1","max-image-preview":"max-image-preview:large","max-video-preview":"max-video-preview:-1"},"canonical":"https:\/\/fmpatagoniamadryn.com.ar\/?p=26162","og_locale":"es_ES","og_type":"article","og_title":"La camapa\u00f1a de limpieza continua en los barrios del Peron y el Porvenir - FM Patagonia Madryn","og_description":"Vecinos y vecinas podr\u00e1n acercar residuos voluminosos como chatarra, escombros, neum\u00e1ticos, maderas y residuos de aparatos el\u00e9ctricos y electr\u00f3nicos a los contenedores que se dispondr\u00e1n en distintos puntos de cada sector","og_url":"https:\/\/fmpatagoniamadryn.com.ar\/?p=26162","og_site_name":"FM Patagonia Madryn","article_published_time":"2026-09-01T13:29:02+00:00","og_image":[{"width":1024,"height":768,"url":"https:\/\/fmpatagoniamadryn.com.ar\/wp-content\/uploads\/2026\/09\/27ec27a7-8586-4596-af2f-c0e0f4ffcee4.jpg","type":"image\/jpeg"}],"author":"FM Patagonia","twitter_card":"summary_large_image","twitter_misc":{"Escrito por":"FM Patagonia","Tiempo de lectura":"2 minutos"},"schema":{"@context":"https:\/\/schema.org","@graph":[{"@type":"Article","@id":"https:\/\/fmpatagoniamadryn.com.ar\/?p=26162#article","isPartOf":{"@id":"https:\/\/fmpatagoniamadryn.com.ar\/?p=26162"},"author":{"name":"FM Patagonia","@id":"https:\/\/fmpatagoniamadryn.com.ar\/#\/schema\/person\/97b1d30cb2ae311544a88a5201700571"},"headline":"La camapa\u00f1a de limpieza continua en los barrios del Peron y el Porvenir","datePublished":"2026-09-01T13:29:02+00:00","mainEntityOfPage":{"@id":"https:\/\/fmpatagoniamadryn.com.ar\/?p=26162"},"wordCount":348,"publisher":{"@id":"https:\/\/fmpatagoniamadryn.com.ar\/#organization"},"image":{"@id":"https:\/\/fmpatagoniamadryn.com.ar\/?p=26162#primaryimage"},"thumbnailUrl":"https:\/\/fmpatagoniamadryn.com.ar\/wp-content\/uploads\/2026\/09\/27ec27a7-8586-4596-af2f-c0e0f4ffcee4.jpg","keywords":["campa\u00f1a de limpieza"],"articleSection":["Sociedad"],"inLanguage":"es"},{"@type":"WebPage","@id":"https:\/\/fmpatagoniamadryn.com.ar\/?p=26162","url":"https:\/\/fmpatagoniamadryn.com.ar\/?p=26162","name":"La camapa\u00f1a de limpieza continua en los barrios del Peron y el Porvenir - FM Patagonia Madryn","isPartOf":{"@id":"https:\/\/fmpatagoniamadryn.com.ar\/#website"},"primaryImageOfPage":{"@id":"https:\/\/fmpatagoniamadryn.com.ar\/?p=26162#primaryimage"},"image":{"@id":"https:\/\/fmpatagoniamadryn.com.ar\/?p=26162#primaryimage"},"thumbnailUrl":"https:\/\/fmpatagoniamadryn.com.ar\/wp-content\/uploads\/2026\/09\/27ec27a7-8586-4596-af2f-c0e0f4ffcee4.jpg","datePublished":"2026-09-01T13:29:02+00:00","breadcrumb":{"@id":"https:\/\/fmpatagoniamadryn.com.ar\/?p=26162#breadcrumb"},"inLanguage":"es","potentialAction":[{"@type":"ReadAction","target":["https:\/\/fmpatagoniamadryn.com.ar\/?p=26162"]}]},{"@type":"ImageObject","inLanguage":"es","@id":"https:\/\/fmpatagoniamadryn.com.ar\/?p=26162#primaryimage","url":"https:\/\/fmpatagoniamadryn.com.ar\/wp-content\/uploads\/2026\/09\/27ec27a7-8586-4596-af2f-c0e0f4ffcee4.jpg","contentUrl":"https:\/\/fmpatagoniamadryn.com.ar\/wp-content\/uploads\/2026\/09\/27ec27a7-8586-4596-af2f-c0e0f4ffcee4.jpg","width":1024,"height":768},{"@type":"BreadcrumbList","@id":"https:\/\/fmpatagoniamadryn.com.ar\/?p=26162#breadcrumb","itemListElement":[{"@type":"ListItem","position":1,"name":"Portada","item":"https:\/\/fmpatagoniamadryn.com.ar\/"},{"@type":"ListItem","position":2,"name":"La camapa\u00f1a de limpieza continua en los barrios del Peron y el Porvenir"}]},{"@type":"WebSite","@id":"https:\/\/fmpatagoniamadryn.com.ar\/#website","url":"https:\/\/fmpatagoniamadryn.com.ar\/","name":"FM Patagonia Madryn","description":"Radio Patagonia 105.5","publisher":{"@id":"https:\/\/fmpatagoniamadryn.com.ar\/#organization"},"potentialAction":[{"@type":"SearchAction","target":{"@type":"EntryPoint","urlTemplate":"https:\/\/fmpatagoniamadryn.com.ar\/?s={search_term_string}"},"query-input":{"@type":"PropertyValueSpecification","valueRequired":true,"valueName":"search_term_string"}}],"inLanguage":"es"},{"@type":"Organization","@id":"https:\/\/fmpatagoniamadryn.com.ar\/#organization","name":"FM Patagonia Madryn","url":"https:\/\/fmpatagoniamadryn.com.ar\/","logo":{"@type":"ImageObject","inLanguage":"es","@id":"https:\/\/fmpatagoniamadryn.com.ar\/#\/schema\/logo\/image\/","url":"https:\/\/fmpatagoniamadryn.com.ar\/wp-content\/uploads\/2023\/01\/cropped-Diseno-sin-titulo.png","contentUrl":"https:\/\/fmpatagoniamadryn.com.ar\/wp-content\/uploads\/2023\/01\/cropped-Diseno-sin-titulo.png","width":6911,"height":2657,"caption":"FM Patagonia Madryn"},"image":{"@id":"https:\/\/fmpatagoniamadryn.com.ar\/#\/schema\/logo\/image\/"}},{"@type":"Person","@id":"https:\/\/fmpatagoniamadryn.com.ar\/#\/schema\/person\/97b1d30cb2ae311544a88a5201700571","name":"FM Patagonia","url":"https:\/\/fmpatagoniamadryn.com.ar\/?author=4"}]}},"jetpack_featured_media_url":"https:\/\/fmpatagoniamadryn.com.ar\/wp-content\/uploads\/2026\/09\/27ec27a7-8586-4596-af2f-c0e0f4ffcee4.jpg","_links":{"self":[{"href":"https:\/\/fmpatagoniamadryn.com.ar\/index.php?rest_route=\/wp\/v2\/posts\/26162","targetHints":{"allow":["GET"]}}],"collection":[{"href":"https:\/\/fmpatagoniamadryn.com.ar\/index.php?rest_route=\/wp\/v2\/posts"}],"about":[{"href":"https:\/\/fmpatagoniamadryn.com.ar\/index.php?rest_route=\/wp\/v2\/types\/post"}],"author":[{"embeddable":true,"href":"https:\/\/fmpatagoniamadryn.com.ar\/index.php?rest_route=\/wp\/v2\/users\/4"}],"replies":[{"embeddable":true,"href":"https:\/\/fmpatagoniamadryn.com.ar\/index.php?rest_route=%2Fwp%2Fv2%2Fcomments&post=26162"}],"version-history":[{"count":1,"href":"https:\/\/fmpatagoniamadryn.com.ar\/index.php?rest_route=\/wp\/v2\/posts\/26162\/revisions"}],"predecessor-version":[{"id":26163,"href":"https:\/\/fmpatagoniamadryn.com.ar\/index.php?rest_route=\/wp\/v2\/posts\/26162\/revisions\/26163"}],"wp:featuredmedia":[{"embeddable":true,"href":"https:\/\/fmpatagoniamadryn.com.ar\/index.php?rest_route=\/wp\/v2\/media\/26161"}],"wp:attachment":[{"href":"https:\/\/fmpatagoniamadryn.com.ar\/index.php?rest_route=%2Fwp%2Fv2%2Fmedia&parent=26162"}],"wp:term":[{"taxonomy":"category","embeddable":true,"href":"https:\/\/fmpatagoniamadryn.com.ar\/index.php?rest_route=%2Fwp%2Fv2%2Fcategories&post=26162"},{"taxonomy":"post_tag","embeddable":true,"href":"https:\/\/fmpatagoniamadryn.com.ar\/index.php?rest_route=%2Fwp%2Fv2%2Ftags&post=26162"}],"curies":[{"name":"wp","href":"https:\/\/api.w.org\/{rel}","templated":true}]}}