{"id":26177,"date":"2026-09-01T19:03:07","date_gmt":"2026-09-01T22:03:07","guid":{"rendered":"https:\/\/fmpatagoniamadryn.com.ar\/?p=26177"},"modified":"2026-09-01T19:03:36","modified_gmt":"2026-09-01T22:03:36","slug":"chubut-extiende-hasta-el-30-de-septiembre-la-vacunacion-contra-el-virus-sincicial-respiratorio","status":"publish","type":"post","link":"https:\/\/fmpatagoniamadryn.com.ar\/?p=26177","title":{"rendered":"Chubut extiende hasta el 30 de septiembre la vacunaci\u00f3n contra el Virus Sincicial Respiratorio"},"content":{"rendered":"\n<p class=\"wp-block-paragraph\">El Gobierno del Chubut, a trav\u00e9s de la Secretar\u00eda de Salud, inform\u00f3 que la vacunaci\u00f3n contra el Virus Sincicial Respiratorio (VSR), destinada a embarazadas que cursan el octavo mes de embarazo, continuar\u00e1 hasta el 30 de septiembre.<\/p>\n\n\n\n<p class=\"wp-block-paragraph\">La estrategia tiene como objetivo reducir la morbimortalidad por infecciones respiratorias agudas bajas en lactantes menores de seis meses. En este sentido, la continuidad de la vacunaci\u00f3n durante septiembre permitir\u00e1 sostener la protecci\u00f3n de los reci\u00e9n nacidos durante sus primeros meses de vida.<\/p>\n\n\n\n<p class=\"wp-block-paragraph\">Desde la Secretar\u00eda de Salud, que conduce Sergio Wisky, se contin\u00faa convocando a las gestantes a vacunarse contra el VSR hasta el pr\u00f3ximo 30 de septiembre, recordando que las dosis est\u00e1n disponibles en los vacunatorios de la provincia de forma totalmente gratuita, y sin necesidad de presentar indicaci\u00f3n m\u00e9dica.<\/p>\n\n\n\n<h2 class=\"wp-block-heading\"><em>Vacunaci\u00f3n<\/em><\/h2>\n\n\n\n<p class=\"wp-block-paragraph\">La vacunaci\u00f3n permite la transferencia de anticuerpos al reci\u00e9n nacido y la protecci\u00f3n durante los primeros meses de vida, per\u00edodo de mayor vulnerabilidad frente al VSR, principal causante de la bronquiolitis, la neumon\u00eda y otras Infecciones Respiratorias Agudas Bajas (IRAB).<\/p>\n\n\n\n<p class=\"wp-block-paragraph\">La vacuna es gratuita y no requiere indicaci\u00f3n m\u00e9dica. Adem\u00e1s, puede aplicarse junto con cualquiera de las otras vacunas indicadas durante el embarazo, como la Triple Bacteriana Acelular, la antigripal y la vacuna contra el Covid-19.<\/p>\n","protected":false},"excerpt":{"rendered":"<p>La campa\u00f1a de inmunizaci\u00f3n est\u00e1 destinada a embarazadas que se encuentren entre las semanas 32 y 36,6.<\/p>\n","protected":false},"author":4,"featured_media":26176,"comment_status":"closed","ping_status":"closed","sticky":false,"template":"","format":"standard","meta":{"footnotes":""},"categories":[14],"tags":[468,213],"class_list":["post-26177","post","type-post","status-publish","format-standard","has-post-thumbnail","hentry","category-provinciales","tag-vacunacion","tag-virus-sincicial-respiratorio"],"yoast_head":"<!-- This site is optimized with the Yoast SEO plugin v28.4 - https:\/\/yoast.com\/product\/yoast-seo-wordpress\/ -->\n<title>Chubut extiende hasta el 30 de septiembre la vacunaci\u00f3n contra el Virus Sincicial Respiratorio - FM Patagonia Madryn<\/title>\n<meta name=\"robots\" content=\"index, follow, max-snippet:-1, max-image-preview:large, max-video-preview:-1\" \/>\n<link rel=\"canonical\" href=\"https:\/\/fmpatagoniamadryn.com.ar\/?p=26177\" \/>\n<meta property=\"og:locale\" content=\"es_ES\" \/>\n<meta property=\"og:type\" content=\"article\" \/>\n<meta property=\"og:title\" content=\"Chubut extiende hasta el 30 de septiembre la vacunaci\u00f3n contra el Virus Sincicial Respiratorio - FM Patagonia Madryn\" \/>\n<meta property=\"og:description\" content=\"La campa\u00f1a de inmunizaci\u00f3n est\u00e1 destinada a embarazadas que se encuentren entre las semanas 32 y 36,6.\" \/>\n<meta property=\"og:url\" content=\"https:\/\/fmpatagoniamadryn.com.ar\/?p=26177\" \/>\n<meta property=\"og:site_name\" content=\"FM Patagonia Madryn\" \/>\n<meta property=\"article:published_time\" content=\"2026-09-01T22:03:07+00:00\" \/>\n<meta property=\"article:modified_time\" content=\"2026-09-01T22:03:36+00:00\" \/>\n<meta property=\"og:image\" content=\"https:\/\/fmpatagoniamadryn.com.ar\/wp-content\/uploads\/2026\/09\/593e8649-c655-470f-8d31-adde37552799.jpg\" \/>\n\t<meta property=\"og:image:width\" content=\"1024\" \/>\n\t<meta property=\"og:image:height\" content=\"1280\" \/>\n\t<meta property=\"og:image:type\" content=\"image\/jpeg\" \/>\n<meta name=\"author\" content=\"FM Patagonia\" \/>\n<meta name=\"twitter:card\" content=\"summary_large_image\" \/>\n<meta name=\"twitter:label1\" content=\"Escrito por\" \/>\n\t<meta name=\"twitter:data1\" content=\"FM Patagonia\" \/>\n\t<meta name=\"twitter:label2\" content=\"Tiempo de lectura\" \/>\n\t<meta name=\"twitter:data2\" content=\"1 minuto\" \/>\n<script type=\"application\/ld+json\" class=\"yoast-schema-graph\">{\"@context\":\"https:\\\/\\\/schema.org\",\"@graph\":[{\"@type\":\"Article\",\"@id\":\"https:\\\/\\\/fmpatagoniamadryn.com.ar\\\/?p=26177#article\",\"isPartOf\":{\"@id\":\"https:\\\/\\\/fmpatagoniamadryn.com.ar\\\/?p=26177\"},\"author\":{\"name\":\"FM Patagonia\",\"@id\":\"https:\\\/\\\/fmpatagoniamadryn.com.ar\\\/#\\\/schema\\\/person\\\/97b1d30cb2ae311544a88a5201700571\"},\"headline\":\"Chubut extiende hasta el 30 de septiembre la vacunaci\u00f3n contra el Virus Sincicial Respiratorio\",\"datePublished\":\"2026-09-01T22:03:07+00:00\",\"dateModified\":\"2026-09-01T22:03:36+00:00\",\"mainEntityOfPage\":{\"@id\":\"https:\\\/\\\/fmpatagoniamadryn.com.ar\\\/?p=26177\"},\"wordCount\":239,\"publisher\":{\"@id\":\"https:\\\/\\\/fmpatagoniamadryn.com.ar\\\/#organization\"},\"image\":{\"@id\":\"https:\\\/\\\/fmpatagoniamadryn.com.ar\\\/?p=26177#primaryimage\"},\"thumbnailUrl\":\"https:\\\/\\\/fmpatagoniamadryn.com.ar\\\/wp-content\\\/uploads\\\/2026\\\/09\\\/593e8649-c655-470f-8d31-adde37552799.jpg\",\"keywords\":[\"Vacunaci\u00f3n\",\"Virus Sincicial Respiratorio\"],\"articleSection\":[\"Provinciales\"],\"inLanguage\":\"es\"},{\"@type\":\"WebPage\",\"@id\":\"https:\\\/\\\/fmpatagoniamadryn.com.ar\\\/?p=26177\",\"url\":\"https:\\\/\\\/fmpatagoniamadryn.com.ar\\\/?p=26177\",\"name\":\"Chubut extiende hasta el 30 de septiembre la vacunaci\u00f3n contra el Virus Sincicial Respiratorio - FM Patagonia Madryn\",\"isPartOf\":{\"@id\":\"https:\\\/\\\/fmpatagoniamadryn.com.ar\\\/#website\"},\"primaryImageOfPage\":{\"@id\":\"https:\\\/\\\/fmpatagoniamadryn.com.ar\\\/?p=26177#primaryimage\"},\"image\":{\"@id\":\"https:\\\/\\\/fmpatagoniamadryn.com.ar\\\/?p=26177#primaryimage\"},\"thumbnailUrl\":\"https:\\\/\\\/fmpatagoniamadryn.com.ar\\\/wp-content\\\/uploads\\\/2026\\\/09\\\/593e8649-c655-470f-8d31-adde37552799.jpg\",\"datePublished\":\"2026-09-01T22:03:07+00:00\",\"dateModified\":\"2026-09-01T22:03:36+00:00\",\"breadcrumb\":{\"@id\":\"https:\\\/\\\/fmpatagoniamadryn.com.ar\\\/?p=26177#breadcrumb\"},\"inLanguage\":\"es\",\"potentialAction\":[{\"@type\":\"ReadAction\",\"target\":[\"https:\\\/\\\/fmpatagoniamadryn.com.ar\\\/?p=26177\"]}]},{\"@type\":\"ImageObject\",\"inLanguage\":\"es\",\"@id\":\"https:\\\/\\\/fmpatagoniamadryn.com.ar\\\/?p=26177#primaryimage\",\"url\":\"https:\\\/\\\/fmpatagoniamadryn.com.ar\\\/wp-content\\\/uploads\\\/2026\\\/09\\\/593e8649-c655-470f-8d31-adde37552799.jpg\",\"contentUrl\":\"https:\\\/\\\/fmpatagoniamadryn.com.ar\\\/wp-content\\\/uploads\\\/2026\\\/09\\\/593e8649-c655-470f-8d31-adde37552799.jpg\",\"width\":1024,\"height\":1280},{\"@type\":\"BreadcrumbList\",\"@id\":\"https:\\\/\\\/fmpatagoniamadryn.com.ar\\\/?p=26177#breadcrumb\",\"itemListElement\":[{\"@type\":\"ListItem\",\"position\":1,\"name\":\"Portada\",\"item\":\"https:\\\/\\\/fmpatagoniamadryn.com.ar\\\/\"},{\"@type\":\"ListItem\",\"position\":2,\"name\":\"Chubut extiende hasta el 30 de septiembre la vacunaci\u00f3n contra el Virus Sincicial Respiratorio\"}]},{\"@type\":\"WebSite\",\"@id\":\"https:\\\/\\\/fmpatagoniamadryn.com.ar\\\/#website\",\"url\":\"https:\\\/\\\/fmpatagoniamadryn.com.ar\\\/\",\"name\":\"FM Patagonia Madryn\",\"description\":\"Radio Patagonia 105.5\",\"publisher\":{\"@id\":\"https:\\\/\\\/fmpatagoniamadryn.com.ar\\\/#organization\"},\"potentialAction\":[{\"@type\":\"SearchAction\",\"target\":{\"@type\":\"EntryPoint\",\"urlTemplate\":\"https:\\\/\\\/fmpatagoniamadryn.com.ar\\\/?s={search_term_string}\"},\"query-input\":{\"@type\":\"PropertyValueSpecification\",\"valueRequired\":true,\"valueName\":\"search_term_string\"}}],\"inLanguage\":\"es\"},{\"@type\":\"Organization\",\"@id\":\"https:\\\/\\\/fmpatagoniamadryn.com.ar\\\/#organization\",\"name\":\"FM Patagonia Madryn\",\"url\":\"https:\\\/\\\/fmpatagoniamadryn.com.ar\\\/\",\"logo\":{\"@type\":\"ImageObject\",\"inLanguage\":\"es\",\"@id\":\"https:\\\/\\\/fmpatagoniamadryn.com.ar\\\/#\\\/schema\\\/logo\\\/image\\\/\",\"url\":\"https:\\\/\\\/fmpatagoniamadryn.com.ar\\\/wp-content\\\/uploads\\\/2023\\\/01\\\/cropped-Diseno-sin-titulo.png\",\"contentUrl\":\"https:\\\/\\\/fmpatagoniamadryn.com.ar\\\/wp-content\\\/uploads\\\/2023\\\/01\\\/cropped-Diseno-sin-titulo.png\",\"width\":6911,\"height\":2657,\"caption\":\"FM Patagonia Madryn\"},\"image\":{\"@id\":\"https:\\\/\\\/fmpatagoniamadryn.com.ar\\\/#\\\/schema\\\/logo\\\/image\\\/\"}},{\"@type\":\"Person\",\"@id\":\"https:\\\/\\\/fmpatagoniamadryn.com.ar\\\/#\\\/schema\\\/person\\\/97b1d30cb2ae311544a88a5201700571\",\"name\":\"FM Patagonia\",\"url\":\"https:\\\/\\\/fmpatagoniamadryn.com.ar\\\/?author=4\"}]}<\/script>\n<!-- \/ Yoast SEO plugin. -->","yoast_head_json":{"title":"Chubut extiende hasta el 30 de septiembre la vacunaci\u00f3n contra el Virus Sincicial Respiratorio - FM Patagonia Madryn","robots":{"index":"index","follow":"follow","max-snippet":"max-snippet:-1","max-image-preview":"max-image-preview:large","max-video-preview":"max-video-preview:-1"},"canonical":"https:\/\/fmpatagoniamadryn.com.ar\/?p=26177","og_locale":"es_ES","og_type":"article","og_title":"Chubut extiende hasta el 30 de septiembre la vacunaci\u00f3n contra el Virus Sincicial Respiratorio - FM Patagonia Madryn","og_description":"La campa\u00f1a de inmunizaci\u00f3n est\u00e1 destinada a embarazadas que se encuentren entre las semanas 32 y 36,6.","og_url":"https:\/\/fmpatagoniamadryn.com.ar\/?p=26177","og_site_name":"FM Patagonia Madryn","article_published_time":"2026-09-01T22:03:07+00:00","article_modified_time":"2026-09-01T22:03:36+00:00","og_image":[{"width":1024,"height":1280,"url":"https:\/\/fmpatagoniamadryn.com.ar\/wp-content\/uploads\/2026\/09\/593e8649-c655-470f-8d31-adde37552799.jpg","type":"image\/jpeg"}],"author":"FM Patagonia","twitter_card":"summary_large_image","twitter_misc":{"Escrito por":"FM Patagonia","Tiempo de lectura":"1 minuto"},"schema":{"@context":"https:\/\/schema.org","@graph":[{"@type":"Article","@id":"https:\/\/fmpatagoniamadryn.com.ar\/?p=26177#article","isPartOf":{"@id":"https:\/\/fmpatagoniamadryn.com.ar\/?p=26177"},"author":{"name":"FM Patagonia","@id":"https:\/\/fmpatagoniamadryn.com.ar\/#\/schema\/person\/97b1d30cb2ae311544a88a5201700571"},"headline":"Chubut extiende hasta el 30 de septiembre la vacunaci\u00f3n contra el Virus Sincicial Respiratorio","datePublished":"2026-09-01T22:03:07+00:00","dateModified":"2026-09-01T22:03:36+00:00","mainEntityOfPage":{"@id":"https:\/\/fmpatagoniamadryn.com.ar\/?p=26177"},"wordCount":239,"publisher":{"@id":"https:\/\/fmpatagoniamadryn.com.ar\/#organization"},"image":{"@id":"https:\/\/fmpatagoniamadryn.com.ar\/?p=26177#primaryimage"},"thumbnailUrl":"https:\/\/fmpatagoniamadryn.com.ar\/wp-content\/uploads\/2026\/09\/593e8649-c655-470f-8d31-adde37552799.jpg","keywords":["Vacunaci\u00f3n","Virus Sincicial Respiratorio"],"articleSection":["Provinciales"],"inLanguage":"es"},{"@type":"WebPage","@id":"https:\/\/fmpatagoniamadryn.com.ar\/?p=26177","url":"https:\/\/fmpatagoniamadryn.com.ar\/?p=26177","name":"Chubut extiende hasta el 30 de septiembre la vacunaci\u00f3n contra el Virus Sincicial Respiratorio - FM Patagonia Madryn","isPartOf":{"@id":"https:\/\/fmpatagoniamadryn.com.ar\/#website"},"primaryImageOfPage":{"@id":"https:\/\/fmpatagoniamadryn.com.ar\/?p=26177#primaryimage"},"image":{"@id":"https:\/\/fmpatagoniamadryn.com.ar\/?p=26177#primaryimage"},"thumbnailUrl":"https:\/\/fmpatagoniamadryn.com.ar\/wp-content\/uploads\/2026\/09\/593e8649-c655-470f-8d31-adde37552799.jpg","datePublished":"2026-09-01T22:03:07+00:00","dateModified":"2026-09-01T22:03:36+00:00","breadcrumb":{"@id":"https:\/\/fmpatagoniamadryn.com.ar\/?p=26177#breadcrumb"},"inLanguage":"es","potentialAction":[{"@type":"ReadAction","target":["https:\/\/fmpatagoniamadryn.com.ar\/?p=26177"]}]},{"@type":"ImageObject","inLanguage":"es","@id":"https:\/\/fmpatagoniamadryn.com.ar\/?p=26177#primaryimage","url":"https:\/\/fmpatagoniamadryn.com.ar\/wp-content\/uploads\/2026\/09\/593e8649-c655-470f-8d31-adde37552799.jpg","contentUrl":"https:\/\/fmpatagoniamadryn.com.ar\/wp-content\/uploads\/2026\/09\/593e8649-c655-470f-8d31-adde37552799.jpg","width":1024,"height":1280},{"@type":"BreadcrumbList","@id":"https:\/\/fmpatagoniamadryn.com.ar\/?p=26177#breadcrumb","itemListElement":[{"@type":"ListItem","position":1,"name":"Portada","item":"https:\/\/fmpatagoniamadryn.com.ar\/"},{"@type":"ListItem","position":2,"name":"Chubut extiende hasta el 30 de septiembre la vacunaci\u00f3n contra el Virus Sincicial Respiratorio"}]},{"@type":"WebSite","@id":"https:\/\/fmpatagoniamadryn.com.ar\/#website","url":"https:\/\/fmpatagoniamadryn.com.ar\/","name":"FM Patagonia Madryn","description":"Radio Patagonia 105.5","publisher":{"@id":"https:\/\/fmpatagoniamadryn.com.ar\/#organization"},"potentialAction":[{"@type":"SearchAction","target":{"@type":"EntryPoint","urlTemplate":"https:\/\/fmpatagoniamadryn.com.ar\/?s={search_term_string}"},"query-input":{"@type":"PropertyValueSpecification","valueRequired":true,"valueName":"search_term_string"}}],"inLanguage":"es"},{"@type":"Organization","@id":"https:\/\/fmpatagoniamadryn.com.ar\/#organization","name":"FM Patagonia Madryn","url":"https:\/\/fmpatagoniamadryn.com.ar\/","logo":{"@type":"ImageObject","inLanguage":"es","@id":"https:\/\/fmpatagoniamadryn.com.ar\/#\/schema\/logo\/image\/","url":"https:\/\/fmpatagoniamadryn.com.ar\/wp-content\/uploads\/2023\/01\/cropped-Diseno-sin-titulo.png","contentUrl":"https:\/\/fmpatagoniamadryn.com.ar\/wp-content\/uploads\/2023\/01\/cropped-Diseno-sin-titulo.png","width":6911,"height":2657,"caption":"FM Patagonia Madryn"},"image":{"@id":"https:\/\/fmpatagoniamadryn.com.ar\/#\/schema\/logo\/image\/"}},{"@type":"Person","@id":"https:\/\/fmpatagoniamadryn.com.ar\/#\/schema\/person\/97b1d30cb2ae311544a88a5201700571","name":"FM Patagonia","url":"https:\/\/fmpatagoniamadryn.com.ar\/?author=4"}]}},"jetpack_featured_media_url":"https:\/\/fmpatagoniamadryn.com.ar\/wp-content\/uploads\/2026\/09\/593e8649-c655-470f-8d31-adde37552799.jpg","_links":{"self":[{"href":"https:\/\/fmpatagoniamadryn.com.ar\/index.php?rest_route=\/wp\/v2\/posts\/26177","targetHints":{"allow":["GET"]}}],"collection":[{"href":"https:\/\/fmpatagoniamadryn.com.ar\/index.php?rest_route=\/wp\/v2\/posts"}],"about":[{"href":"https:\/\/fmpatagoniamadryn.com.ar\/index.php?rest_route=\/wp\/v2\/types\/post"}],"author":[{"embeddable":true,"href":"https:\/\/fmpatagoniamadryn.com.ar\/index.php?rest_route=\/wp\/v2\/users\/4"}],"replies":[{"embeddable":true,"href":"https:\/\/fmpatagoniamadryn.com.ar\/index.php?rest_route=%2Fwp%2Fv2%2Fcomments&post=26177"}],"version-history":[{"count":2,"href":"https:\/\/fmpatagoniamadryn.com.ar\/index.php?rest_route=\/wp\/v2\/posts\/26177\/revisions"}],"predecessor-version":[{"id":26179,"href":"https:\/\/fmpatagoniamadryn.com.ar\/index.php?rest_route=\/wp\/v2\/posts\/26177\/revisions\/26179"}],"wp:featuredmedia":[{"embeddable":true,"href":"https:\/\/fmpatagoniamadryn.com.ar\/index.php?rest_route=\/wp\/v2\/media\/26176"}],"wp:attachment":[{"href":"https:\/\/fmpatagoniamadryn.com.ar\/index.php?rest_route=%2Fwp%2Fv2%2Fmedia&parent=26177"}],"wp:term":[{"taxonomy":"category","embeddable":true,"href":"https:\/\/fmpatagoniamadryn.com.ar\/index.php?rest_route=%2Fwp%2Fv2%2Fcategories&post=26177"},{"taxonomy":"post_tag","embeddable":true,"href":"https:\/\/fmpatagoniamadryn.com.ar\/index.php?rest_route=%2Fwp%2Fv2%2Ftags&post=26177"}],"curies":[{"name":"wp","href":"https:\/\/api.w.org\/{rel}","templated":true}]}}