{"id":26191,"date":"2026-09-02T09:59:00","date_gmt":"2026-09-02T12:59:00","guid":{"rendered":"https:\/\/fmpatagoniamadryn.com.ar\/?p=26191"},"modified":"2026-09-02T08:01:07","modified_gmt":"2026-09-02T11:01:07","slug":"estudiantes-y-rosario-central-ya-tienen-dia-sede-y-horario-para-la-supercopa-internacional","status":"publish","type":"post","link":"https:\/\/fmpatagoniamadryn.com.ar\/?p=26191","title":{"rendered":"Estudiantes y Rosario Central ya tienen d\u00eda, sede y horario para la Supercopa Internacional"},"content":{"rendered":"\n<p class=\"wp-block-paragraph\">La Asociaci\u00f3n del F\u00fatbol Argentino confirm\u00f3 todos los detalles que faltaban para la final de la Supercopa Internacional. Estudiantes de La Plata y Rosario Central se medir\u00e1n el <strong>s\u00e1bado 26 de septiembre a las 17<\/strong>, en el <strong>Estadio \u00danico Madre de Ciudades de Santiago del Estero<\/strong>, por una nueva estrella del f\u00fatbol argentino.<\/p>\n\n\n\n<p class=\"wp-block-paragraph\">Ser\u00e1 un duelo a partido \u00fanico entre dos equipos que llegan a la definici\u00f3n con distintos caminos de clasificaci\u00f3n, pero con el mismo objetivo: quedarse con un t\u00edtulo oficial.<\/p>\n\n\n\n<h2 class=\"wp-block-heading\">Estudiantes y Central, por una nueva estrella<\/h2>\n\n\n\n<p class=\"wp-block-paragraph\">Estudiantes consigui\u00f3 su lugar en la Supercopa Internacional luego de conquistar el <strong>Trofeo de Campeones 2025<\/strong>. El conjunto platense derrot\u00f3 2-1 a Platense en la final disputada el 20 de diciembre del a\u00f1o pasado y obtuvo el derecho a disputar esta definici\u00f3n.<\/p>\n\n\n\n<p class=\"wp-block-paragraph\">Rosario Central, en tanto, accedi\u00f3 al certamen por haber terminado como <strong>l\u00edder de la Tabla Anual 2025<\/strong>, con 66 puntos acumulados entre el Torneo Apertura y el Clausura. Esa campa\u00f1a le permiti\u00f3 adem\u00e1s quedarse con el reconocimiento de campe\u00f3n de Liga de la temporada.<\/p>\n\n\n\n<p class=\"wp-block-paragraph\">De esta manera, el Pincha y el Canalla volver\u00e1n a encontrarse en una definici\u00f3n que promete tener un condimento especial por los antecedentes recientes entre ambos.<\/p>\n\n\n\n<h2 class=\"wp-block-heading\">Santiago del Estero, la sede elegida<\/h2>\n\n\n\n<p class=\"wp-block-paragraph\">El escenario de la final ser\u00e1 el <strong>Estadio \u00danico Madre de Ciudades<\/strong>, de Santiago del Estero, una cancha que ya tiene buenos recuerdos para los dos equipos.<\/p>\n\n\n\n<p class=\"wp-block-paragraph\">La organizaci\u00f3n hab\u00eda evaluado distintas alternativas para albergar el encuentro, entre ellas el Malvinas Argentinas de Mendoza y el Mario Alberto Kempes de C\u00f3rdoba, pero finalmente se decidi\u00f3 por el estadio santiague\u00f1o.<\/p>\n\n\n\n<p class=\"wp-block-paragraph\">Para Estudiantes ser\u00e1 adem\u00e1s un escenario conocido y especial, ya que all\u00ed consigui\u00f3 consagrarse campe\u00f3n en tres oportunidades. Rosario Central tambi\u00e9n tiene un antecedente positivo en ese estadio: all\u00ed conquist\u00f3 la Copa de la Liga 2023.<\/p>\n\n\n\n<h2 class=\"wp-block-heading\">Un partido que tendr\u00e1 definici\u00f3n asegurada<\/h2>\n\n\n\n<p class=\"wp-block-paragraph\">La Supercopa Internacional se disputar\u00e1 a partido \u00fanico y, en caso de igualdad despu\u00e9s de los 90 minutos, habr\u00e1 <strong>tiempo suplementario de 30 minutos<\/strong>, dividido en dos per\u00edodos de 15.<\/p>\n\n\n\n<p class=\"wp-block-paragraph\">Si la paridad contin\u00faa, el campe\u00f3n se definir\u00e1 mediante <strong>tiros desde el punto penal<\/strong>, seg\u00fan establece el reglamento de la AFA.<\/p>\n\n\n\n<h2 class=\"wp-block-heading\">La cuarta edici\u00f3n de la Supercopa Internacional<\/h2>\n\n\n\n<p class=\"wp-block-paragraph\">La competencia tendr\u00e1 en Santiago del Estero su cuarta edici\u00f3n. Hasta el momento, los campeones fueron <strong>Racing Club en 2022, Talleres de C\u00f3rdoba en 2023 y V\u00e9lez Sarsfield en 2024<\/strong>.<\/p>\n\n\n\n<p class=\"wp-block-paragraph\">Ahora ser\u00e1 el turno de Estudiantes y Rosario Central, que buscar\u00e1n sumar una nueva estrella a sus vitrinas.<\/p>\n\n\n\n<p class=\"wp-block-paragraph\">La final se disputar\u00e1 adem\u00e1s durante la pr\u00f3xima ventana internacional, prevista entre el <strong>21 de septiembre y el 6 de octubre<\/strong>, por lo que ambos equipos deber\u00e1n afrontar una agenda cargada antes de llegar al encuentro decisivo.<\/p>\n\n\n\n<h3 class=\"wp-block-heading\">Supercopa Internacional: todos los datos<\/h3>\n\n\n\n<ul class=\"wp-block-list\">\n<li><strong>Partido:<\/strong> Estudiantes vs. Rosario Central<\/li>\n\n\n\n<li><strong>Fecha:<\/strong> s\u00e1bado 26 de septiembre<\/li>\n\n\n\n<li><strong>Hora:<\/strong> 17<\/li>\n\n\n\n<li><strong>Estadio:<\/strong> \u00danico Madre de Ciudades<\/li>\n\n\n\n<li><strong>Ciudad:<\/strong> Santiago del Estero<\/li>\n\n\n\n<li><strong>Definici\u00f3n:<\/strong> tiempo suplementario y penales en caso de empate<\/li>\n\n\n\n<li><strong>Estudiantes:<\/strong> campe\u00f3n del Trofeo de Campeones 2025<\/li>\n\n\n\n<li><strong>Rosario Central:<\/strong> l\u00edder de la Tabla Anual 2025<\/li>\n<\/ul>\n","protected":false},"excerpt":{"rendered":"<p>El Pincha y el Canalla se enfrentar\u00e1n el s\u00e1bado 26 de septiembre, desde las 17, en el Estadio \u00danico Madre de Ciudades de Santiago del Estero. El partido definir\u00e1 al campe\u00f3n de la Supercopa Internacional, que re\u00fane al ganador del Trofeo de Campeones y al l\u00edder de la Tabla Anual 2025.<\/p>\n","protected":false},"author":5,"featured_media":20313,"comment_status":"closed","ping_status":"closed","sticky":false,"template":"","format":"standard","meta":{"footnotes":""},"categories":[4],"tags":[622],"class_list":["post-26191","post","type-post","status-publish","format-standard","has-post-thumbnail","hentry","category-deportes","tag-supercopa-internacional"],"yoast_head":"<!-- This site is optimized with the Yoast SEO plugin v28.4 - https:\/\/yoast.com\/product\/yoast-seo-wordpress\/ -->\n<title>Estudiantes y Rosario Central ya tienen d\u00eda, sede y horario para la Supercopa Internacional - FM Patagonia Madryn<\/title>\n<meta name=\"robots\" content=\"index, follow, max-snippet:-1, max-image-preview:large, max-video-preview:-1\" \/>\n<link rel=\"canonical\" href=\"https:\/\/fmpatagoniamadryn.com.ar\/?p=26191\" \/>\n<meta property=\"og:locale\" content=\"es_ES\" \/>\n<meta property=\"og:type\" content=\"article\" \/>\n<meta property=\"og:title\" content=\"Estudiantes y Rosario Central ya tienen d\u00eda, sede y horario para la Supercopa Internacional - FM Patagonia Madryn\" \/>\n<meta property=\"og:description\" content=\"El Pincha y el Canalla se enfrentar\u00e1n el s\u00e1bado 26 de septiembre, desde las 17, en el Estadio \u00danico Madre de Ciudades de Santiago del Estero. El partido definir\u00e1 al campe\u00f3n de la Supercopa Internacional, que re\u00fane al ganador del Trofeo de Campeones y al l\u00edder de la Tabla Anual 2025.\" \/>\n<meta property=\"og:url\" content=\"https:\/\/fmpatagoniamadryn.com.ar\/?p=26191\" \/>\n<meta property=\"og:site_name\" content=\"FM Patagonia Madryn\" \/>\n<meta property=\"article:published_time\" content=\"2026-09-02T12:59:00+00:00\" \/>\n<meta property=\"og:image\" content=\"https:\/\/fmpatagoniamadryn.com.ar\/wp-content\/uploads\/2026\/02\/rosario-ante-sportivo.webp\" \/>\n\t<meta property=\"og:image:width\" content=\"862\" \/>\n\t<meta property=\"og:image:height\" content=\"485\" \/>\n\t<meta property=\"og:image:type\" content=\"image\/webp\" \/>\n<meta name=\"author\" content=\"FM Patagonia\" \/>\n<meta name=\"twitter:card\" content=\"summary_large_image\" \/>\n<meta name=\"twitter:label1\" content=\"Escrito por\" \/>\n\t<meta name=\"twitter:data1\" content=\"FM Patagonia\" \/>\n\t<meta name=\"twitter:label2\" content=\"Tiempo de lectura\" \/>\n\t<meta name=\"twitter:data2\" content=\"3 minutos\" \/>\n<script type=\"application\/ld+json\" class=\"yoast-schema-graph\">{\"@context\":\"https:\\\/\\\/schema.org\",\"@graph\":[{\"@type\":\"Article\",\"@id\":\"https:\\\/\\\/fmpatagoniamadryn.com.ar\\\/?p=26191#article\",\"isPartOf\":{\"@id\":\"https:\\\/\\\/fmpatagoniamadryn.com.ar\\\/?p=26191\"},\"author\":{\"name\":\"FM Patagonia\",\"@id\":\"https:\\\/\\\/fmpatagoniamadryn.com.ar\\\/#\\\/schema\\\/person\\\/d1eaeab8ab628617785f4d9ef0e8d5d8\"},\"headline\":\"Estudiantes y Rosario Central ya tienen d\u00eda, sede y horario para la Supercopa Internacional\",\"datePublished\":\"2026-09-02T12:59:00+00:00\",\"mainEntityOfPage\":{\"@id\":\"https:\\\/\\\/fmpatagoniamadryn.com.ar\\\/?p=26191\"},\"wordCount\":538,\"publisher\":{\"@id\":\"https:\\\/\\\/fmpatagoniamadryn.com.ar\\\/#organization\"},\"image\":{\"@id\":\"https:\\\/\\\/fmpatagoniamadryn.com.ar\\\/?p=26191#primaryimage\"},\"thumbnailUrl\":\"https:\\\/\\\/fmpatagoniamadryn.com.ar\\\/wp-content\\\/uploads\\\/2026\\\/02\\\/rosario-ante-sportivo.webp\",\"keywords\":[\"Supercopa Internacional\"],\"articleSection\":[\"Deportes\"],\"inLanguage\":\"es\"},{\"@type\":\"WebPage\",\"@id\":\"https:\\\/\\\/fmpatagoniamadryn.com.ar\\\/?p=26191\",\"url\":\"https:\\\/\\\/fmpatagoniamadryn.com.ar\\\/?p=26191\",\"name\":\"Estudiantes y Rosario Central ya tienen d\u00eda, sede y horario para la Supercopa Internacional - FM Patagonia Madryn\",\"isPartOf\":{\"@id\":\"https:\\\/\\\/fmpatagoniamadryn.com.ar\\\/#website\"},\"primaryImageOfPage\":{\"@id\":\"https:\\\/\\\/fmpatagoniamadryn.com.ar\\\/?p=26191#primaryimage\"},\"image\":{\"@id\":\"https:\\\/\\\/fmpatagoniamadryn.com.ar\\\/?p=26191#primaryimage\"},\"thumbnailUrl\":\"https:\\\/\\\/fmpatagoniamadryn.com.ar\\\/wp-content\\\/uploads\\\/2026\\\/02\\\/rosario-ante-sportivo.webp\",\"datePublished\":\"2026-09-02T12:59:00+00:00\",\"breadcrumb\":{\"@id\":\"https:\\\/\\\/fmpatagoniamadryn.com.ar\\\/?p=26191#breadcrumb\"},\"inLanguage\":\"es\",\"potentialAction\":[{\"@type\":\"ReadAction\",\"target\":[\"https:\\\/\\\/fmpatagoniamadryn.com.ar\\\/?p=26191\"]}]},{\"@type\":\"ImageObject\",\"inLanguage\":\"es\",\"@id\":\"https:\\\/\\\/fmpatagoniamadryn.com.ar\\\/?p=26191#primaryimage\",\"url\":\"https:\\\/\\\/fmpatagoniamadryn.com.ar\\\/wp-content\\\/uploads\\\/2026\\\/02\\\/rosario-ante-sportivo.webp\",\"contentUrl\":\"https:\\\/\\\/fmpatagoniamadryn.com.ar\\\/wp-content\\\/uploads\\\/2026\\\/02\\\/rosario-ante-sportivo.webp\",\"width\":862,\"height\":485,\"caption\":\"Rosario se enfrenta a Sportivo Belgrano, equipo del Federal \\\"A\\\".\"},{\"@type\":\"BreadcrumbList\",\"@id\":\"https:\\\/\\\/fmpatagoniamadryn.com.ar\\\/?p=26191#breadcrumb\",\"itemListElement\":[{\"@type\":\"ListItem\",\"position\":1,\"name\":\"Portada\",\"item\":\"https:\\\/\\\/fmpatagoniamadryn.com.ar\\\/\"},{\"@type\":\"ListItem\",\"position\":2,\"name\":\"Estudiantes y Rosario Central ya tienen d\u00eda, sede y horario para la Supercopa Internacional\"}]},{\"@type\":\"WebSite\",\"@id\":\"https:\\\/\\\/fmpatagoniamadryn.com.ar\\\/#website\",\"url\":\"https:\\\/\\\/fmpatagoniamadryn.com.ar\\\/\",\"name\":\"FM Patagonia Madryn\",\"description\":\"Radio Patagonia 105.5\",\"publisher\":{\"@id\":\"https:\\\/\\\/fmpatagoniamadryn.com.ar\\\/#organization\"},\"potentialAction\":[{\"@type\":\"SearchAction\",\"target\":{\"@type\":\"EntryPoint\",\"urlTemplate\":\"https:\\\/\\\/fmpatagoniamadryn.com.ar\\\/?s={search_term_string}\"},\"query-input\":{\"@type\":\"PropertyValueSpecification\",\"valueRequired\":true,\"valueName\":\"search_term_string\"}}],\"inLanguage\":\"es\"},{\"@type\":\"Organization\",\"@id\":\"https:\\\/\\\/fmpatagoniamadryn.com.ar\\\/#organization\",\"name\":\"FM Patagonia Madryn\",\"url\":\"https:\\\/\\\/fmpatagoniamadryn.com.ar\\\/\",\"logo\":{\"@type\":\"ImageObject\",\"inLanguage\":\"es\",\"@id\":\"https:\\\/\\\/fmpatagoniamadryn.com.ar\\\/#\\\/schema\\\/logo\\\/image\\\/\",\"url\":\"https:\\\/\\\/fmpatagoniamadryn.com.ar\\\/wp-content\\\/uploads\\\/2023\\\/01\\\/cropped-Diseno-sin-titulo.png\",\"contentUrl\":\"https:\\\/\\\/fmpatagoniamadryn.com.ar\\\/wp-content\\\/uploads\\\/2023\\\/01\\\/cropped-Diseno-sin-titulo.png\",\"width\":6911,\"height\":2657,\"caption\":\"FM Patagonia Madryn\"},\"image\":{\"@id\":\"https:\\\/\\\/fmpatagoniamadryn.com.ar\\\/#\\\/schema\\\/logo\\\/image\\\/\"}},{\"@type\":\"Person\",\"@id\":\"https:\\\/\\\/fmpatagoniamadryn.com.ar\\\/#\\\/schema\\\/person\\\/d1eaeab8ab628617785f4d9ef0e8d5d8\",\"name\":\"FM Patagonia\",\"url\":\"https:\\\/\\\/fmpatagoniamadryn.com.ar\\\/?author=5\"}]}<\/script>\n<!-- \/ Yoast SEO plugin. -->","yoast_head_json":{"title":"Estudiantes y Rosario Central ya tienen d\u00eda, sede y horario para la Supercopa Internacional - FM Patagonia Madryn","robots":{"index":"index","follow":"follow","max-snippet":"max-snippet:-1","max-image-preview":"max-image-preview:large","max-video-preview":"max-video-preview:-1"},"canonical":"https:\/\/fmpatagoniamadryn.com.ar\/?p=26191","og_locale":"es_ES","og_type":"article","og_title":"Estudiantes y Rosario Central ya tienen d\u00eda, sede y horario para la Supercopa Internacional - FM Patagonia Madryn","og_description":"El Pincha y el Canalla se enfrentar\u00e1n el s\u00e1bado 26 de septiembre, desde las 17, en el Estadio \u00danico Madre de Ciudades de Santiago del Estero. El partido definir\u00e1 al campe\u00f3n de la Supercopa Internacional, que re\u00fane al ganador del Trofeo de Campeones y al l\u00edder de la Tabla Anual 2025.","og_url":"https:\/\/fmpatagoniamadryn.com.ar\/?p=26191","og_site_name":"FM Patagonia Madryn","article_published_time":"2026-09-02T12:59:00+00:00","og_image":[{"width":862,"height":485,"url":"https:\/\/fmpatagoniamadryn.com.ar\/wp-content\/uploads\/2026\/02\/rosario-ante-sportivo.webp","type":"image\/webp"}],"author":"FM Patagonia","twitter_card":"summary_large_image","twitter_misc":{"Escrito por":"FM Patagonia","Tiempo de lectura":"3 minutos"},"schema":{"@context":"https:\/\/schema.org","@graph":[{"@type":"Article","@id":"https:\/\/fmpatagoniamadryn.com.ar\/?p=26191#article","isPartOf":{"@id":"https:\/\/fmpatagoniamadryn.com.ar\/?p=26191"},"author":{"name":"FM Patagonia","@id":"https:\/\/fmpatagoniamadryn.com.ar\/#\/schema\/person\/d1eaeab8ab628617785f4d9ef0e8d5d8"},"headline":"Estudiantes y Rosario Central ya tienen d\u00eda, sede y horario para la Supercopa Internacional","datePublished":"2026-09-02T12:59:00+00:00","mainEntityOfPage":{"@id":"https:\/\/fmpatagoniamadryn.com.ar\/?p=26191"},"wordCount":538,"publisher":{"@id":"https:\/\/fmpatagoniamadryn.com.ar\/#organization"},"image":{"@id":"https:\/\/fmpatagoniamadryn.com.ar\/?p=26191#primaryimage"},"thumbnailUrl":"https:\/\/fmpatagoniamadryn.com.ar\/wp-content\/uploads\/2026\/02\/rosario-ante-sportivo.webp","keywords":["Supercopa Internacional"],"articleSection":["Deportes"],"inLanguage":"es"},{"@type":"WebPage","@id":"https:\/\/fmpatagoniamadryn.com.ar\/?p=26191","url":"https:\/\/fmpatagoniamadryn.com.ar\/?p=26191","name":"Estudiantes y Rosario Central ya tienen d\u00eda, sede y horario para la Supercopa Internacional - FM Patagonia Madryn","isPartOf":{"@id":"https:\/\/fmpatagoniamadryn.com.ar\/#website"},"primaryImageOfPage":{"@id":"https:\/\/fmpatagoniamadryn.com.ar\/?p=26191#primaryimage"},"image":{"@id":"https:\/\/fmpatagoniamadryn.com.ar\/?p=26191#primaryimage"},"thumbnailUrl":"https:\/\/fmpatagoniamadryn.com.ar\/wp-content\/uploads\/2026\/02\/rosario-ante-sportivo.webp","datePublished":"2026-09-02T12:59:00+00:00","breadcrumb":{"@id":"https:\/\/fmpatagoniamadryn.com.ar\/?p=26191#breadcrumb"},"inLanguage":"es","potentialAction":[{"@type":"ReadAction","target":["https:\/\/fmpatagoniamadryn.com.ar\/?p=26191"]}]},{"@type":"ImageObject","inLanguage":"es","@id":"https:\/\/fmpatagoniamadryn.com.ar\/?p=26191#primaryimage","url":"https:\/\/fmpatagoniamadryn.com.ar\/wp-content\/uploads\/2026\/02\/rosario-ante-sportivo.webp","contentUrl":"https:\/\/fmpatagoniamadryn.com.ar\/wp-content\/uploads\/2026\/02\/rosario-ante-sportivo.webp","width":862,"height":485,"caption":"Rosario se enfrenta a Sportivo Belgrano, equipo del Federal \"A\"."},{"@type":"BreadcrumbList","@id":"https:\/\/fmpatagoniamadryn.com.ar\/?p=26191#breadcrumb","itemListElement":[{"@type":"ListItem","position":1,"name":"Portada","item":"https:\/\/fmpatagoniamadryn.com.ar\/"},{"@type":"ListItem","position":2,"name":"Estudiantes y Rosario Central ya tienen d\u00eda, sede y horario para la Supercopa Internacional"}]},{"@type":"WebSite","@id":"https:\/\/fmpatagoniamadryn.com.ar\/#website","url":"https:\/\/fmpatagoniamadryn.com.ar\/","name":"FM Patagonia Madryn","description":"Radio Patagonia 105.5","publisher":{"@id":"https:\/\/fmpatagoniamadryn.com.ar\/#organization"},"potentialAction":[{"@type":"SearchAction","target":{"@type":"EntryPoint","urlTemplate":"https:\/\/fmpatagoniamadryn.com.ar\/?s={search_term_string}"},"query-input":{"@type":"PropertyValueSpecification","valueRequired":true,"valueName":"search_term_string"}}],"inLanguage":"es"},{"@type":"Organization","@id":"https:\/\/fmpatagoniamadryn.com.ar\/#organization","name":"FM Patagonia Madryn","url":"https:\/\/fmpatagoniamadryn.com.ar\/","logo":{"@type":"ImageObject","inLanguage":"es","@id":"https:\/\/fmpatagoniamadryn.com.ar\/#\/schema\/logo\/image\/","url":"https:\/\/fmpatagoniamadryn.com.ar\/wp-content\/uploads\/2023\/01\/cropped-Diseno-sin-titulo.png","contentUrl":"https:\/\/fmpatagoniamadryn.com.ar\/wp-content\/uploads\/2023\/01\/cropped-Diseno-sin-titulo.png","width":6911,"height":2657,"caption":"FM Patagonia Madryn"},"image":{"@id":"https:\/\/fmpatagoniamadryn.com.ar\/#\/schema\/logo\/image\/"}},{"@type":"Person","@id":"https:\/\/fmpatagoniamadryn.com.ar\/#\/schema\/person\/d1eaeab8ab628617785f4d9ef0e8d5d8","name":"FM Patagonia","url":"https:\/\/fmpatagoniamadryn.com.ar\/?author=5"}]}},"jetpack_featured_media_url":"https:\/\/fmpatagoniamadryn.com.ar\/wp-content\/uploads\/2026\/02\/rosario-ante-sportivo.webp","_links":{"self":[{"href":"https:\/\/fmpatagoniamadryn.com.ar\/index.php?rest_route=\/wp\/v2\/posts\/26191","targetHints":{"allow":["GET"]}}],"collection":[{"href":"https:\/\/fmpatagoniamadryn.com.ar\/index.php?rest_route=\/wp\/v2\/posts"}],"about":[{"href":"https:\/\/fmpatagoniamadryn.com.ar\/index.php?rest_route=\/wp\/v2\/types\/post"}],"author":[{"embeddable":true,"href":"https:\/\/fmpatagoniamadryn.com.ar\/index.php?rest_route=\/wp\/v2\/users\/5"}],"replies":[{"embeddable":true,"href":"https:\/\/fmpatagoniamadryn.com.ar\/index.php?rest_route=%2Fwp%2Fv2%2Fcomments&post=26191"}],"version-history":[{"count":1,"href":"https:\/\/fmpatagoniamadryn.com.ar\/index.php?rest_route=\/wp\/v2\/posts\/26191\/revisions"}],"predecessor-version":[{"id":26192,"href":"https:\/\/fmpatagoniamadryn.com.ar\/index.php?rest_route=\/wp\/v2\/posts\/26191\/revisions\/26192"}],"wp:featuredmedia":[{"embeddable":true,"href":"https:\/\/fmpatagoniamadryn.com.ar\/index.php?rest_route=\/wp\/v2\/media\/20313"}],"wp:attachment":[{"href":"https:\/\/fmpatagoniamadryn.com.ar\/index.php?rest_route=%2Fwp%2Fv2%2Fmedia&parent=26191"}],"wp:term":[{"taxonomy":"category","embeddable":true,"href":"https:\/\/fmpatagoniamadryn.com.ar\/index.php?rest_route=%2Fwp%2Fv2%2Fcategories&post=26191"},{"taxonomy":"post_tag","embeddable":true,"href":"https:\/\/fmpatagoniamadryn.com.ar\/index.php?rest_route=%2Fwp%2Fv2%2Ftags&post=26191"}],"curies":[{"name":"wp","href":"https:\/\/api.w.org\/{rel}","templated":true}]}}