{"id":26193,"date":"2026-09-02T11:05:00","date_gmt":"2026-09-02T14:05:00","guid":{"rendered":"https:\/\/fmpatagoniamadryn.com.ar\/?p=26193"},"modified":"2026-09-02T08:08:22","modified_gmt":"2026-09-02T11:08:22","slug":"riquelme-hablo-de-todo-el-mercado-de-boca-messi-la-bombonera-y-una-contundente-respuesta-a-las-criticas","status":"publish","type":"post","link":"https:\/\/fmpatagoniamadryn.com.ar\/?p=26193","title":{"rendered":"Riquelme habl\u00f3 de todo: el mercado de Boca, Messi, La Bombonera y una contundente respuesta a las cr\u00edticas"},"content":{"rendered":"\n<p class=\"wp-block-paragraph\">En la previa del duelo entre Boca y V\u00e9lez por los octavos de final de la Copa Argentina, <strong>Juan Rom\u00e1n Riquelme<\/strong> brind\u00f3 una extensa entrevista y repas\u00f3 buena parte de la actualidad del Xeneize. El presidente habl\u00f3 del armado del plantel, las lesiones, el rendimiento del equipo, la presi\u00f3n que existe en el club, la salida de Exequiel Zeballos y tambi\u00e9n se refiri\u00f3 al retiro de Lionel Messi de la Selecci\u00f3n Argentina.<\/p>\n\n\n\n<h2 class=\"wp-block-heading\">Riquelme y el mercado de pases de Boca: \u201cEstamos muy contentos\u201d<\/h2>\n\n\n\n<p class=\"wp-block-paragraph\">Uno de los principales temas fue el mercado de pases. Riquelme se mostr\u00f3 conforme con el trabajo realizado por la dirigencia y asegur\u00f3 que las incorporaciones respondieron a los pedidos del entrenador.<\/p>\n\n\n\n<p class=\"wp-block-paragraph\">\u201c<strong>Estamos muy contentos con el mercado que hicimos<\/strong>\u201d, sostuvo Rom\u00e1n, quien destac\u00f3 las llegadas de \u00c1lvaro Montero, Leandro Lozano, Sebasti\u00e1n Villa y Enner Valencia, entre otros refuerzos.<\/p>\n\n\n\n<p class=\"wp-block-paragraph\">El presidente explic\u00f3 que el cuerpo t\u00e9cnico hab\u00eda solicitado determinadas posiciones y que la dirigencia trabaj\u00f3 para satisfacer esas necesidades.<\/p>\n\n\n\n<p class=\"wp-block-paragraph\">\u201c<strong>El t\u00e9cnico quer\u00eda a Montero, durante el Mundial hablamos con \u00e9l; quer\u00eda al lateral derecho que hoy tiene y cre\u00eda necesitar un delantero con las condiciones de Villa. Y pudimos traer a Valencia, que es un jugador mundialista<\/strong>\u201d, se\u00f1al\u00f3.<\/p>\n\n\n\n<h2 class=\"wp-block-heading\">El respaldo al ciclo de Arruabarrena<\/h2>\n\n\n\n<p class=\"wp-block-paragraph\">Riquelme tambi\u00e9n respald\u00f3 al entrenador de Boca y destac\u00f3 la evoluci\u00f3n que, seg\u00fan su mirada, tuvo el equipo durante las \u00faltimas semanas.<\/p>\n\n\n\n<p class=\"wp-block-paragraph\">El presidente consider\u00f3 que el Xeneize ven\u00eda mostrando una mejor\u00eda despu\u00e9s de algunos resultados adversos y pidi\u00f3 mantener la confianza en el plantel y en el cuerpo t\u00e9cnico.<\/p>\n\n\n\n<p class=\"wp-block-paragraph\">Adem\u00e1s, remarc\u00f3 que la presi\u00f3n forma parte de la realidad de Boca y del f\u00fatbol argentino.<\/p>\n\n\n\n<p class=\"wp-block-paragraph\">\u201c<strong>Boca es muy lindo y tiene mucha presi\u00f3n. Si la gente te exige es porque sabe que lo pod\u00e9s hacer y conf\u00eda en vos<\/strong>\u201d, expres\u00f3 al referirse a la situaci\u00f3n de algunos futbolistas.<\/p>\n\n\n\n<h2 class=\"wp-block-heading\">Riquelme habl\u00f3 de la lesi\u00f3n de Tom\u00e1s Aranda<\/h2>\n\n\n\n<p class=\"wp-block-paragraph\">Otro de los temas fue la situaci\u00f3n de <strong>Tom\u00e1s Aranda<\/strong>, uno de los juveniles que hab\u00eda tenido la posibilidad de compartir entrenamientos y amistosos con la Selecci\u00f3n Argentina.<\/p>\n\n\n\n<p class=\"wp-block-paragraph\">Riquelme destac\u00f3 el crecimiento del futbolista y asegur\u00f3 que la experiencia junto a Lionel Messi y el resto de los campeones del mundo tuvo un impacto positivo.<\/p>\n\n\n\n<p class=\"wp-block-paragraph\">\u201c<strong>Le cambi\u00f3 la vida en muy poquitos meses. Comparti\u00f3 con Messi y los muchachos de la Selecci\u00f3n, eso le hizo bien<\/strong>\u201d, manifest\u00f3.<\/p>\n\n\n\n<p class=\"wp-block-paragraph\">Y agreg\u00f3 que conf\u00eda en que el joven tendr\u00e1 una extensa carrera y que podr\u00e1 dejar atr\u00e1s r\u00e1pidamente la lesi\u00f3n que sufri\u00f3.<\/p>\n\n\n\n<h2 class=\"wp-block-heading\">El emotivo mensaje de Riquelme para Messi<\/h2>\n\n\n\n<p class=\"wp-block-paragraph\">La salida de Lionel Messi de la Selecci\u00f3n Argentina tambi\u00e9n estuvo presente en la charla.<\/p>\n\n\n\n<p class=\"wp-block-paragraph\">Riquelme, que comparti\u00f3 equipo con Messi durante varios a\u00f1os en la Albiceleste, se mostr\u00f3 agradecido por todo lo que el capit\u00e1n consigui\u00f3 con la camiseta argentina.<\/p>\n\n\n\n<p class=\"wp-block-paragraph\">\u201c<strong>\u00bfQu\u00e9 m\u00e1s le vamos a pedir, con todo lo que ha hecho? Ha cumplido con todo lo que so\u00f1aba y con todo lo que nosotros so\u00f1\u00e1bamos<\/strong>\u201d, expres\u00f3.<\/p>\n\n\n\n<p class=\"wp-block-paragraph\">Rom\u00e1n tambi\u00e9n opin\u00f3 sobre la posibilidad de que Messi regrese al f\u00fatbol argentino y fue contundente: considera que lo mejor para la Pulga es continuar jugando en Estados Unidos.<\/p>\n\n\n\n<p class=\"wp-block-paragraph\">\u201c<strong>Mejor que siga en Estados Unidos<\/strong>\u201d, sostuvo Riquelme, al explicar que el f\u00fatbol argentino tiene un nivel de presi\u00f3n muy particular.<\/p>\n\n\n\n<h2 class=\"wp-block-heading\">La Bombonera y una fuerte respuesta a las cr\u00edticas<\/h2>\n\n\n\n<p class=\"wp-block-paragraph\">Uno de los momentos m\u00e1s fuertes de la entrevista lleg\u00f3 cuando Riquelme se refiri\u00f3 a las cr\u00edticas que recibe su gesti\u00f3n y a las acusaciones que circularon alrededor de su figura.<\/p>\n\n\n\n<p class=\"wp-block-paragraph\">En ese contexto, el presidente de Boca fue contundente y lanz\u00f3 una de sus frases m\u00e1s fuertes: <strong>\u201cNi chorro ni corrupto\u201d<\/strong>.<\/p>\n\n\n\n<p class=\"wp-block-paragraph\">Adem\u00e1s, defendi\u00f3 las decisiones tomadas durante su gesti\u00f3n y habl\u00f3 sobre las modificaciones relacionadas con el ingreso de los hinchas a La Bombonera.<\/p>\n\n\n\n<h2 class=\"wp-block-heading\">Riquelme y la salida de Zeballos<\/h2>\n\n\n\n<p class=\"wp-block-paragraph\">El presidente tambi\u00e9n habl\u00f3 sobre la salida de <strong>Exequiel Zeballos<\/strong>, quien continuar\u00e1 su carrera en Europa.<\/p>\n\n\n\n<p class=\"wp-block-paragraph\">Riquelme destac\u00f3 el v\u00ednculo del futbolista con Boca y valor\u00f3 el paso que dar\u00e1 en su carrera, en una operaci\u00f3n que tambi\u00e9n representa una importante decisi\u00f3n para el club.<\/p>\n\n\n\n<p class=\"wp-block-paragraph\">La salida del Changuito se produjo en medio de un mercado en el que Boca busc\u00f3 reforzar el plantel para afrontar los desaf\u00edos del segundo semestre.<\/p>\n\n\n\n<h2 class=\"wp-block-heading\">\u201cSolamente vale ganar\u201d: la presi\u00f3n de jugar en Boca<\/h2>\n\n\n\n<p class=\"wp-block-paragraph\">Riquelme volvi\u00f3 a remarcar una caracter\u00edstica que considera inseparable de Boca: la exigencia.<\/p>\n\n\n\n<p class=\"wp-block-paragraph\">\u201c<strong>Somos un pa\u00eds que ama el f\u00fatbol. C\u00f3mo queremos a nuestro club nos hace diferentes al resto. El hincha argentino es pasional, pero s\u00ed es real que se vive con mucho nervio. Solamente vale ganar<\/strong>\u201d, afirm\u00f3.<\/p>\n\n\n\n<p class=\"wp-block-paragraph\">Con esas palabras, el presidente dej\u00f3 en claro que conoce perfectamente el escenario que atraviesa el Xeneize y que la presi\u00f3n por conseguir resultados forma parte de la vida cotidiana del club.<\/p>\n\n\n\n<p class=\"wp-block-paragraph\">Ahora, todas las miradas estar\u00e1n puestas en el partido ante V\u00e9lez, donde Boca buscar\u00e1 avanzar en la Copa Argentina y continuar con vida en una competencia que puede transformarse en uno de los grandes objetivos de la temporada.<\/p>\n","protected":false},"excerpt":{"rendered":"<p>El presidente de Boca rompi\u00f3 el silencio antes del partido ante V\u00e9lez por la Copa Argentina y dej\u00f3 varias definiciones sobre el presente del Xeneize. Respald\u00f3 el mercado de pases, habl\u00f3 del equipo de Arruabarrena, elogi\u00f3 a Lionel Messi y respondi\u00f3 a quienes cuestionan su gesti\u00f3n.<\/p>\n","protected":false},"author":5,"featured_media":26194,"comment_status":"closed","ping_status":"closed","sticky":false,"template":"","format":"standard","meta":{"footnotes":""},"categories":[4],"tags":[623],"class_list":["post-26193","post","type-post","status-publish","format-standard","has-post-thumbnail","hentry","category-deportes","tag-riquelme"],"yoast_head":"<!-- This site is optimized with the Yoast SEO plugin v28.4 - https:\/\/yoast.com\/product\/yoast-seo-wordpress\/ -->\n<title>Riquelme habl\u00f3 de todo: el mercado de Boca, Messi, La Bombonera y una contundente respuesta a las cr\u00edticas - FM Patagonia Madryn<\/title>\n<meta name=\"robots\" content=\"index, follow, max-snippet:-1, max-image-preview:large, max-video-preview:-1\" \/>\n<link rel=\"canonical\" href=\"https:\/\/fmpatagoniamadryn.com.ar\/?p=26193\" \/>\n<meta property=\"og:locale\" content=\"es_ES\" \/>\n<meta property=\"og:type\" content=\"article\" \/>\n<meta property=\"og:title\" content=\"Riquelme habl\u00f3 de todo: el mercado de Boca, Messi, La Bombonera y una contundente respuesta a las cr\u00edticas - FM Patagonia Madryn\" \/>\n<meta property=\"og:description\" content=\"El presidente de Boca rompi\u00f3 el silencio antes del partido ante V\u00e9lez por la Copa Argentina y dej\u00f3 varias definiciones sobre el presente del Xeneize. Respald\u00f3 el mercado de pases, habl\u00f3 del equipo de Arruabarrena, elogi\u00f3 a Lionel Messi y respondi\u00f3 a quienes cuestionan su gesti\u00f3n.\" \/>\n<meta property=\"og:url\" content=\"https:\/\/fmpatagoniamadryn.com.ar\/?p=26193\" \/>\n<meta property=\"og:site_name\" content=\"FM Patagonia Madryn\" \/>\n<meta property=\"article:published_time\" content=\"2026-09-02T14:05:00+00:00\" \/>\n<meta property=\"og:image\" content=\"https:\/\/fmpatagoniamadryn.com.ar\/wp-content\/uploads\/2026\/09\/riquelme.webp\" \/>\n\t<meta property=\"og:image:width\" content=\"655\" \/>\n\t<meta property=\"og:image:height\" content=\"368\" \/>\n\t<meta property=\"og:image:type\" content=\"image\/webp\" \/>\n<meta name=\"author\" content=\"FM Patagonia\" \/>\n<meta name=\"twitter:card\" content=\"summary_large_image\" \/>\n<meta name=\"twitter:label1\" content=\"Escrito por\" \/>\n\t<meta name=\"twitter:data1\" content=\"FM Patagonia\" \/>\n\t<meta name=\"twitter:label2\" content=\"Tiempo de lectura\" \/>\n\t<meta name=\"twitter:data2\" content=\"4 minutos\" \/>\n<script type=\"application\/ld+json\" class=\"yoast-schema-graph\">{\"@context\":\"https:\\\/\\\/schema.org\",\"@graph\":[{\"@type\":\"Article\",\"@id\":\"https:\\\/\\\/fmpatagoniamadryn.com.ar\\\/?p=26193#article\",\"isPartOf\":{\"@id\":\"https:\\\/\\\/fmpatagoniamadryn.com.ar\\\/?p=26193\"},\"author\":{\"name\":\"FM Patagonia\",\"@id\":\"https:\\\/\\\/fmpatagoniamadryn.com.ar\\\/#\\\/schema\\\/person\\\/d1eaeab8ab628617785f4d9ef0e8d5d8\"},\"headline\":\"Riquelme habl\u00f3 de todo: el mercado de Boca, Messi, La Bombonera y una contundente respuesta a las cr\u00edticas\",\"datePublished\":\"2026-09-02T14:05:00+00:00\",\"mainEntityOfPage\":{\"@id\":\"https:\\\/\\\/fmpatagoniamadryn.com.ar\\\/?p=26193\"},\"wordCount\":918,\"publisher\":{\"@id\":\"https:\\\/\\\/fmpatagoniamadryn.com.ar\\\/#organization\"},\"image\":{\"@id\":\"https:\\\/\\\/fmpatagoniamadryn.com.ar\\\/?p=26193#primaryimage\"},\"thumbnailUrl\":\"https:\\\/\\\/fmpatagoniamadryn.com.ar\\\/wp-content\\\/uploads\\\/2026\\\/09\\\/riquelme.webp\",\"keywords\":[\"Riquelme\"],\"articleSection\":[\"Deportes\"],\"inLanguage\":\"es\"},{\"@type\":\"WebPage\",\"@id\":\"https:\\\/\\\/fmpatagoniamadryn.com.ar\\\/?p=26193\",\"url\":\"https:\\\/\\\/fmpatagoniamadryn.com.ar\\\/?p=26193\",\"name\":\"Riquelme habl\u00f3 de todo: el mercado de Boca, Messi, La Bombonera y una contundente respuesta a las cr\u00edticas - FM Patagonia Madryn\",\"isPartOf\":{\"@id\":\"https:\\\/\\\/fmpatagoniamadryn.com.ar\\\/#website\"},\"primaryImageOfPage\":{\"@id\":\"https:\\\/\\\/fmpatagoniamadryn.com.ar\\\/?p=26193#primaryimage\"},\"image\":{\"@id\":\"https:\\\/\\\/fmpatagoniamadryn.com.ar\\\/?p=26193#primaryimage\"},\"thumbnailUrl\":\"https:\\\/\\\/fmpatagoniamadryn.com.ar\\\/wp-content\\\/uploads\\\/2026\\\/09\\\/riquelme.webp\",\"datePublished\":\"2026-09-02T14:05:00+00:00\",\"breadcrumb\":{\"@id\":\"https:\\\/\\\/fmpatagoniamadryn.com.ar\\\/?p=26193#breadcrumb\"},\"inLanguage\":\"es\",\"potentialAction\":[{\"@type\":\"ReadAction\",\"target\":[\"https:\\\/\\\/fmpatagoniamadryn.com.ar\\\/?p=26193\"]}]},{\"@type\":\"ImageObject\",\"inLanguage\":\"es\",\"@id\":\"https:\\\/\\\/fmpatagoniamadryn.com.ar\\\/?p=26193#primaryimage\",\"url\":\"https:\\\/\\\/fmpatagoniamadryn.com.ar\\\/wp-content\\\/uploads\\\/2026\\\/09\\\/riquelme.webp\",\"contentUrl\":\"https:\\\/\\\/fmpatagoniamadryn.com.ar\\\/wp-content\\\/uploads\\\/2026\\\/09\\\/riquelme.webp\",\"width\":655,\"height\":368},{\"@type\":\"BreadcrumbList\",\"@id\":\"https:\\\/\\\/fmpatagoniamadryn.com.ar\\\/?p=26193#breadcrumb\",\"itemListElement\":[{\"@type\":\"ListItem\",\"position\":1,\"name\":\"Portada\",\"item\":\"https:\\\/\\\/fmpatagoniamadryn.com.ar\\\/\"},{\"@type\":\"ListItem\",\"position\":2,\"name\":\"Riquelme habl\u00f3 de todo: el mercado de Boca, Messi, La Bombonera y una contundente respuesta a las cr\u00edticas\"}]},{\"@type\":\"WebSite\",\"@id\":\"https:\\\/\\\/fmpatagoniamadryn.com.ar\\\/#website\",\"url\":\"https:\\\/\\\/fmpatagoniamadryn.com.ar\\\/\",\"name\":\"FM Patagonia Madryn\",\"description\":\"Radio Patagonia 105.5\",\"publisher\":{\"@id\":\"https:\\\/\\\/fmpatagoniamadryn.com.ar\\\/#organization\"},\"potentialAction\":[{\"@type\":\"SearchAction\",\"target\":{\"@type\":\"EntryPoint\",\"urlTemplate\":\"https:\\\/\\\/fmpatagoniamadryn.com.ar\\\/?s={search_term_string}\"},\"query-input\":{\"@type\":\"PropertyValueSpecification\",\"valueRequired\":true,\"valueName\":\"search_term_string\"}}],\"inLanguage\":\"es\"},{\"@type\":\"Organization\",\"@id\":\"https:\\\/\\\/fmpatagoniamadryn.com.ar\\\/#organization\",\"name\":\"FM Patagonia Madryn\",\"url\":\"https:\\\/\\\/fmpatagoniamadryn.com.ar\\\/\",\"logo\":{\"@type\":\"ImageObject\",\"inLanguage\":\"es\",\"@id\":\"https:\\\/\\\/fmpatagoniamadryn.com.ar\\\/#\\\/schema\\\/logo\\\/image\\\/\",\"url\":\"https:\\\/\\\/fmpatagoniamadryn.com.ar\\\/wp-content\\\/uploads\\\/2023\\\/01\\\/cropped-Diseno-sin-titulo.png\",\"contentUrl\":\"https:\\\/\\\/fmpatagoniamadryn.com.ar\\\/wp-content\\\/uploads\\\/2023\\\/01\\\/cropped-Diseno-sin-titulo.png\",\"width\":6911,\"height\":2657,\"caption\":\"FM Patagonia Madryn\"},\"image\":{\"@id\":\"https:\\\/\\\/fmpatagoniamadryn.com.ar\\\/#\\\/schema\\\/logo\\\/image\\\/\"}},{\"@type\":\"Person\",\"@id\":\"https:\\\/\\\/fmpatagoniamadryn.com.ar\\\/#\\\/schema\\\/person\\\/d1eaeab8ab628617785f4d9ef0e8d5d8\",\"name\":\"FM Patagonia\",\"url\":\"https:\\\/\\\/fmpatagoniamadryn.com.ar\\\/?author=5\"}]}<\/script>\n<!-- \/ Yoast SEO plugin. -->","yoast_head_json":{"title":"Riquelme habl\u00f3 de todo: el mercado de Boca, Messi, La Bombonera y una contundente respuesta a las cr\u00edticas - FM Patagonia Madryn","robots":{"index":"index","follow":"follow","max-snippet":"max-snippet:-1","max-image-preview":"max-image-preview:large","max-video-preview":"max-video-preview:-1"},"canonical":"https:\/\/fmpatagoniamadryn.com.ar\/?p=26193","og_locale":"es_ES","og_type":"article","og_title":"Riquelme habl\u00f3 de todo: el mercado de Boca, Messi, La Bombonera y una contundente respuesta a las cr\u00edticas - FM Patagonia Madryn","og_description":"El presidente de Boca rompi\u00f3 el silencio antes del partido ante V\u00e9lez por la Copa Argentina y dej\u00f3 varias definiciones sobre el presente del Xeneize. Respald\u00f3 el mercado de pases, habl\u00f3 del equipo de Arruabarrena, elogi\u00f3 a Lionel Messi y respondi\u00f3 a quienes cuestionan su gesti\u00f3n.","og_url":"https:\/\/fmpatagoniamadryn.com.ar\/?p=26193","og_site_name":"FM Patagonia Madryn","article_published_time":"2026-09-02T14:05:00+00:00","og_image":[{"width":655,"height":368,"url":"https:\/\/fmpatagoniamadryn.com.ar\/wp-content\/uploads\/2026\/09\/riquelme.webp","type":"image\/webp"}],"author":"FM Patagonia","twitter_card":"summary_large_image","twitter_misc":{"Escrito por":"FM Patagonia","Tiempo de lectura":"4 minutos"},"schema":{"@context":"https:\/\/schema.org","@graph":[{"@type":"Article","@id":"https:\/\/fmpatagoniamadryn.com.ar\/?p=26193#article","isPartOf":{"@id":"https:\/\/fmpatagoniamadryn.com.ar\/?p=26193"},"author":{"name":"FM Patagonia","@id":"https:\/\/fmpatagoniamadryn.com.ar\/#\/schema\/person\/d1eaeab8ab628617785f4d9ef0e8d5d8"},"headline":"Riquelme habl\u00f3 de todo: el mercado de Boca, Messi, La Bombonera y una contundente respuesta a las cr\u00edticas","datePublished":"2026-09-02T14:05:00+00:00","mainEntityOfPage":{"@id":"https:\/\/fmpatagoniamadryn.com.ar\/?p=26193"},"wordCount":918,"publisher":{"@id":"https:\/\/fmpatagoniamadryn.com.ar\/#organization"},"image":{"@id":"https:\/\/fmpatagoniamadryn.com.ar\/?p=26193#primaryimage"},"thumbnailUrl":"https:\/\/fmpatagoniamadryn.com.ar\/wp-content\/uploads\/2026\/09\/riquelme.webp","keywords":["Riquelme"],"articleSection":["Deportes"],"inLanguage":"es"},{"@type":"WebPage","@id":"https:\/\/fmpatagoniamadryn.com.ar\/?p=26193","url":"https:\/\/fmpatagoniamadryn.com.ar\/?p=26193","name":"Riquelme habl\u00f3 de todo: el mercado de Boca, Messi, La Bombonera y una contundente respuesta a las cr\u00edticas - FM Patagonia Madryn","isPartOf":{"@id":"https:\/\/fmpatagoniamadryn.com.ar\/#website"},"primaryImageOfPage":{"@id":"https:\/\/fmpatagoniamadryn.com.ar\/?p=26193#primaryimage"},"image":{"@id":"https:\/\/fmpatagoniamadryn.com.ar\/?p=26193#primaryimage"},"thumbnailUrl":"https:\/\/fmpatagoniamadryn.com.ar\/wp-content\/uploads\/2026\/09\/riquelme.webp","datePublished":"2026-09-02T14:05:00+00:00","breadcrumb":{"@id":"https:\/\/fmpatagoniamadryn.com.ar\/?p=26193#breadcrumb"},"inLanguage":"es","potentialAction":[{"@type":"ReadAction","target":["https:\/\/fmpatagoniamadryn.com.ar\/?p=26193"]}]},{"@type":"ImageObject","inLanguage":"es","@id":"https:\/\/fmpatagoniamadryn.com.ar\/?p=26193#primaryimage","url":"https:\/\/fmpatagoniamadryn.com.ar\/wp-content\/uploads\/2026\/09\/riquelme.webp","contentUrl":"https:\/\/fmpatagoniamadryn.com.ar\/wp-content\/uploads\/2026\/09\/riquelme.webp","width":655,"height":368},{"@type":"BreadcrumbList","@id":"https:\/\/fmpatagoniamadryn.com.ar\/?p=26193#breadcrumb","itemListElement":[{"@type":"ListItem","position":1,"name":"Portada","item":"https:\/\/fmpatagoniamadryn.com.ar\/"},{"@type":"ListItem","position":2,"name":"Riquelme habl\u00f3 de todo: el mercado de Boca, Messi, La Bombonera y una contundente respuesta a las cr\u00edticas"}]},{"@type":"WebSite","@id":"https:\/\/fmpatagoniamadryn.com.ar\/#website","url":"https:\/\/fmpatagoniamadryn.com.ar\/","name":"FM Patagonia Madryn","description":"Radio Patagonia 105.5","publisher":{"@id":"https:\/\/fmpatagoniamadryn.com.ar\/#organization"},"potentialAction":[{"@type":"SearchAction","target":{"@type":"EntryPoint","urlTemplate":"https:\/\/fmpatagoniamadryn.com.ar\/?s={search_term_string}"},"query-input":{"@type":"PropertyValueSpecification","valueRequired":true,"valueName":"search_term_string"}}],"inLanguage":"es"},{"@type":"Organization","@id":"https:\/\/fmpatagoniamadryn.com.ar\/#organization","name":"FM Patagonia Madryn","url":"https:\/\/fmpatagoniamadryn.com.ar\/","logo":{"@type":"ImageObject","inLanguage":"es","@id":"https:\/\/fmpatagoniamadryn.com.ar\/#\/schema\/logo\/image\/","url":"https:\/\/fmpatagoniamadryn.com.ar\/wp-content\/uploads\/2023\/01\/cropped-Diseno-sin-titulo.png","contentUrl":"https:\/\/fmpatagoniamadryn.com.ar\/wp-content\/uploads\/2023\/01\/cropped-Diseno-sin-titulo.png","width":6911,"height":2657,"caption":"FM Patagonia Madryn"},"image":{"@id":"https:\/\/fmpatagoniamadryn.com.ar\/#\/schema\/logo\/image\/"}},{"@type":"Person","@id":"https:\/\/fmpatagoniamadryn.com.ar\/#\/schema\/person\/d1eaeab8ab628617785f4d9ef0e8d5d8","name":"FM Patagonia","url":"https:\/\/fmpatagoniamadryn.com.ar\/?author=5"}]}},"jetpack_featured_media_url":"https:\/\/fmpatagoniamadryn.com.ar\/wp-content\/uploads\/2026\/09\/riquelme.webp","_links":{"self":[{"href":"https:\/\/fmpatagoniamadryn.com.ar\/index.php?rest_route=\/wp\/v2\/posts\/26193","targetHints":{"allow":["GET"]}}],"collection":[{"href":"https:\/\/fmpatagoniamadryn.com.ar\/index.php?rest_route=\/wp\/v2\/posts"}],"about":[{"href":"https:\/\/fmpatagoniamadryn.com.ar\/index.php?rest_route=\/wp\/v2\/types\/post"}],"author":[{"embeddable":true,"href":"https:\/\/fmpatagoniamadryn.com.ar\/index.php?rest_route=\/wp\/v2\/users\/5"}],"replies":[{"embeddable":true,"href":"https:\/\/fmpatagoniamadryn.com.ar\/index.php?rest_route=%2Fwp%2Fv2%2Fcomments&post=26193"}],"version-history":[{"count":1,"href":"https:\/\/fmpatagoniamadryn.com.ar\/index.php?rest_route=\/wp\/v2\/posts\/26193\/revisions"}],"predecessor-version":[{"id":26195,"href":"https:\/\/fmpatagoniamadryn.com.ar\/index.php?rest_route=\/wp\/v2\/posts\/26193\/revisions\/26195"}],"wp:featuredmedia":[{"embeddable":true,"href":"https:\/\/fmpatagoniamadryn.com.ar\/index.php?rest_route=\/wp\/v2\/media\/26194"}],"wp:attachment":[{"href":"https:\/\/fmpatagoniamadryn.com.ar\/index.php?rest_route=%2Fwp%2Fv2%2Fmedia&parent=26193"}],"wp:term":[{"taxonomy":"category","embeddable":true,"href":"https:\/\/fmpatagoniamadryn.com.ar\/index.php?rest_route=%2Fwp%2Fv2%2Fcategories&post=26193"},{"taxonomy":"post_tag","embeddable":true,"href":"https:\/\/fmpatagoniamadryn.com.ar\/index.php?rest_route=%2Fwp%2Fv2%2Ftags&post=26193"}],"curies":[{"name":"wp","href":"https:\/\/api.w.org\/{rel}","templated":true}]}}