{"id":26197,"date":"2026-09-02T08:25:54","date_gmt":"2026-09-02T11:25:54","guid":{"rendered":"https:\/\/fmpatagoniamadryn.com.ar\/?p=26197"},"modified":"2026-09-02T09:53:44","modified_gmt":"2026-09-02T12:53:44","slug":"taxistas-ratifican-su-rechazo-a-las-aplicaciones-de-transporte-y-evaluan-medidas-judiciales","status":"publish","type":"post","link":"https:\/\/fmpatagoniamadryn.com.ar\/?p=26197","title":{"rendered":"Taxistas ratifican su rechazo a las aplicaciones de transporte y eval\u00faan medidas judiciales"},"content":{"rendered":"\n<p class=\"p2 wp-block-paragraph\">En una entrevista realizada por el periodista Gustavo Huentelaf, de FM Patagonia 105.5, Carlos Botazzi explic\u00f3 que encabeza el Partido Municipal Liberal, un espacio de orientaci\u00f3n libertaria que se referencia en las ideas del presidente Javier Milei. Seg\u00fan se\u00f1al\u00f3, la propuesta busca mantener autonom\u00eda frente a estructuras pol\u00edticas provinciales y nacionale<\/p>\n\n\n\n<p class=\"p2 wp-block-paragraph\"><\/p>\n\n\n\n<h2 class=\"wp-block-heading\"><strong>Preocupaci\u00f3n por el impacto en la actividad<\/strong><\/h2>\n\n\n\n<p class=\"p2 wp-block-paragraph\">Desde la asociaci\u00f3n consideran que la llegada de las aplicaciones podr\u00eda afectar a la actividad del taxi y a quienes dependen de ella como fuente de ingresos.<\/p>\n\n\n\n<p class=\"p2 wp-block-paragraph\">Sandanella sostuvo que el servicio de taxis y remises ya funciona en Puerto Madryn y que el sector ha realizado inversiones para incorporar herramientas tecnol\u00f3gicas, entre ellas aplicaciones propias para la prestaci\u00f3n del servicio.<\/p>\n\n\n\n<p class=\"p2 wp-block-paragraph\">Adem\u00e1s, remarc\u00f3 que los taxistas deben cumplir con una serie de requisitos y regulaciones vinculadas a habilitaciones, controles y tarifas, por lo que entienden que cualquier nueva modalidad de transporte debe contemplar condiciones claras para todos los actores.<\/p>\n\n\n\n<h2 class=\"wp-block-heading\"><strong>Analizan recurrir a la Justicia<\/strong><\/h2>\n\n\n\n<p class=\"p2 wp-block-paragraph\">El dirigente confirm\u00f3 que la instituci\u00f3n ya trabaja junto a asesores legales y que, en caso de aprobarse la ordenanza, evaluar\u00e1n la presentaci\u00f3n de acciones judiciales.<\/p>\n\n\n\n<p class=\"p2 wp-block-paragraph\">Seg\u00fan explic\u00f3, el objetivo ser\u00eda analizar distintos aspectos del proyecto y el impacto que podr\u00eda tener sobre la actividad, especialmente en relaci\u00f3n con el valor de las licencias y las condiciones de competencia dentro del sistema de transporte local.<\/p>\n\n\n\n<h2 class=\"wp-block-heading\"><strong>Reclaman actualizar la normativa del sector<\/strong><\/h2>\n\n\n\n<p class=\"p2 wp-block-paragraph\">Otro de los planteos realizados por la asociaci\u00f3n est\u00e1 relacionado con la necesidad de actualizar la ordenanza que regula el servicio de taxis en Puerto Madryn.<\/p>\n\n\n\n<p class=\"p2 wp-block-paragraph\">Sandanella indic\u00f3 que desde hace varios a\u00f1os vienen proponiendo modificaciones para adecuar la normativa a las nuevas realidades del sector, incluyendo aspectos operativos, tecnol\u00f3gicos y laborales.<\/p>\n\n\n\n<p class=\"p2 wp-block-paragraph\">En ese sentido, consider\u00f3 que ser\u00eda importante avanzar en una revisi\u00f3n integral de la regulaci\u00f3n del transporte de pasajeros en la ciudad.<\/p>\n\n\n\n<h2 class=\"wp-block-heading\"><strong>Posible movilizaci\u00f3n y debate por la tarifa<\/strong><\/h2>\n\n\n\n<p class=\"p2 wp-block-paragraph\">Por otra parte, adelant\u00f3 que los taxistas eval\u00faan realizar una movilizaci\u00f3n durante los pr\u00f3ximos d\u00edas para visibilizar su postura ante el tratamiento del proyecto.<\/p>\n\n\n\n<p class=\"p2 wp-block-paragraph\">Asimismo, confirm\u00f3 que la asociaci\u00f3n analizar\u00e1 en una pr\u00f3xima reuni\u00f3n la posibilidad de actualizar la tarifa del servicio durante septiembre. No obstante, aclar\u00f3 que todav\u00eda no existe una definici\u00f3n al respecto y que la decisi\u00f3n ser\u00e1 tomada de manera conjunta por los integrantes de la entidad.<\/p>\n\n\n\n<p class=\"p2 wp-block-paragraph\">Mientras contin\u00faa el debate sobre las aplicaciones de transporte, el sector del taxi mantiene su posici\u00f3n de rechazo a la iniciativa y espera conocer cu\u00e1l ser\u00e1 la definici\u00f3n que adopte el Concejo Deliberante en las pr\u00f3ximas semanas.<\/p>\n","protected":false},"excerpt":{"rendered":"<p>La Asociaci\u00f3n de Propietarios de Taxis de Puerto Madryn ratific\u00f3 su postura en contra de la posible habilitaci\u00f3n de aplicaciones de transporte en la ciudad y confirm\u00f3 que analiza distintas acciones legales en caso de que avance el proyecto que actualmente se debate en el Concejo Deliberante.<\/p>\n","protected":false},"author":4,"featured_media":13213,"comment_status":"closed","ping_status":"closed","sticky":false,"template":"","format":"standard","meta":{"footnotes":""},"categories":[15,122],"tags":[625,624,603],"class_list":["post-26197","post","type-post","status-publish","format-standard","has-post-thumbnail","hentry","category-locales","category-sociedad","tag-didi","tag-taxistas","tag-uber"],"yoast_head":"<!-- This site is optimized with the Yoast SEO plugin v28.4 - https:\/\/yoast.com\/product\/yoast-seo-wordpress\/ -->\n<title>Taxistas ratifican su rechazo a las aplicaciones de transporte y eval\u00faan medidas judiciales - FM Patagonia Madryn<\/title>\n<meta name=\"robots\" content=\"index, follow, max-snippet:-1, max-image-preview:large, max-video-preview:-1\" \/>\n<link rel=\"canonical\" href=\"https:\/\/fmpatagoniamadryn.com.ar\/?p=26197\" \/>\n<meta property=\"og:locale\" content=\"es_ES\" \/>\n<meta property=\"og:type\" content=\"article\" \/>\n<meta property=\"og:title\" content=\"Taxistas ratifican su rechazo a las aplicaciones de transporte y eval\u00faan medidas judiciales - FM Patagonia Madryn\" \/>\n<meta property=\"og:description\" content=\"La Asociaci\u00f3n de Propietarios de Taxis de Puerto Madryn ratific\u00f3 su postura en contra de la posible habilitaci\u00f3n de aplicaciones de transporte en la ciudad y confirm\u00f3 que analiza distintas acciones legales en caso de que avance el proyecto que actualmente se debate en el Concejo Deliberante.\" \/>\n<meta property=\"og:url\" content=\"https:\/\/fmpatagoniamadryn.com.ar\/?p=26197\" \/>\n<meta property=\"og:site_name\" content=\"FM Patagonia Madryn\" \/>\n<meta property=\"article:published_time\" content=\"2026-09-02T11:25:54+00:00\" \/>\n<meta property=\"article:modified_time\" content=\"2026-09-02T12:53:44+00:00\" \/>\n<meta property=\"og:image\" content=\"https:\/\/fmpatagoniamadryn.com.ar\/wp-content\/uploads\/2024\/10\/Ya-rige-la-nueva-tarifa-de-taxis-en-Trelew-2-1200x900-1.jpeg\" \/>\n\t<meta property=\"og:image:width\" content=\"1200\" \/>\n\t<meta property=\"og:image:height\" content=\"900\" \/>\n\t<meta property=\"og:image:type\" content=\"image\/jpeg\" \/>\n<meta name=\"author\" content=\"FM Patagonia\" \/>\n<meta name=\"twitter:card\" content=\"summary_large_image\" \/>\n<meta name=\"twitter:label1\" content=\"Escrito por\" \/>\n\t<meta name=\"twitter:data1\" content=\"FM Patagonia\" \/>\n\t<meta name=\"twitter:label2\" content=\"Tiempo de lectura\" \/>\n\t<meta name=\"twitter:data2\" content=\"2 minutos\" \/>\n<script type=\"application\/ld+json\" class=\"yoast-schema-graph\">{\"@context\":\"https:\\\/\\\/schema.org\",\"@graph\":[{\"@type\":\"Article\",\"@id\":\"https:\\\/\\\/fmpatagoniamadryn.com.ar\\\/?p=26197#article\",\"isPartOf\":{\"@id\":\"https:\\\/\\\/fmpatagoniamadryn.com.ar\\\/?p=26197\"},\"author\":{\"name\":\"FM Patagonia\",\"@id\":\"https:\\\/\\\/fmpatagoniamadryn.com.ar\\\/#\\\/schema\\\/person\\\/97b1d30cb2ae311544a88a5201700571\"},\"headline\":\"Taxistas ratifican su rechazo a las aplicaciones de transporte y eval\u00faan medidas judiciales\",\"datePublished\":\"2026-09-02T11:25:54+00:00\",\"dateModified\":\"2026-09-02T12:53:44+00:00\",\"mainEntityOfPage\":{\"@id\":\"https:\\\/\\\/fmpatagoniamadryn.com.ar\\\/?p=26197\"},\"wordCount\":474,\"publisher\":{\"@id\":\"https:\\\/\\\/fmpatagoniamadryn.com.ar\\\/#organization\"},\"image\":{\"@id\":\"https:\\\/\\\/fmpatagoniamadryn.com.ar\\\/?p=26197#primaryimage\"},\"thumbnailUrl\":\"https:\\\/\\\/fmpatagoniamadryn.com.ar\\\/wp-content\\\/uploads\\\/2024\\\/10\\\/Ya-rige-la-nueva-tarifa-de-taxis-en-Trelew-2-1200x900-1.jpeg\",\"keywords\":[\"didi\",\"taxistas\",\"uber\"],\"articleSection\":[\"Locales\",\"Sociedad\"],\"inLanguage\":\"es\"},{\"@type\":\"WebPage\",\"@id\":\"https:\\\/\\\/fmpatagoniamadryn.com.ar\\\/?p=26197\",\"url\":\"https:\\\/\\\/fmpatagoniamadryn.com.ar\\\/?p=26197\",\"name\":\"Taxistas ratifican su rechazo a las aplicaciones de transporte y eval\u00faan medidas judiciales - FM Patagonia Madryn\",\"isPartOf\":{\"@id\":\"https:\\\/\\\/fmpatagoniamadryn.com.ar\\\/#website\"},\"primaryImageOfPage\":{\"@id\":\"https:\\\/\\\/fmpatagoniamadryn.com.ar\\\/?p=26197#primaryimage\"},\"image\":{\"@id\":\"https:\\\/\\\/fmpatagoniamadryn.com.ar\\\/?p=26197#primaryimage\"},\"thumbnailUrl\":\"https:\\\/\\\/fmpatagoniamadryn.com.ar\\\/wp-content\\\/uploads\\\/2024\\\/10\\\/Ya-rige-la-nueva-tarifa-de-taxis-en-Trelew-2-1200x900-1.jpeg\",\"datePublished\":\"2026-09-02T11:25:54+00:00\",\"dateModified\":\"2026-09-02T12:53:44+00:00\",\"breadcrumb\":{\"@id\":\"https:\\\/\\\/fmpatagoniamadryn.com.ar\\\/?p=26197#breadcrumb\"},\"inLanguage\":\"es\",\"potentialAction\":[{\"@type\":\"ReadAction\",\"target\":[\"https:\\\/\\\/fmpatagoniamadryn.com.ar\\\/?p=26197\"]}]},{\"@type\":\"ImageObject\",\"inLanguage\":\"es\",\"@id\":\"https:\\\/\\\/fmpatagoniamadryn.com.ar\\\/?p=26197#primaryimage\",\"url\":\"https:\\\/\\\/fmpatagoniamadryn.com.ar\\\/wp-content\\\/uploads\\\/2024\\\/10\\\/Ya-rige-la-nueva-tarifa-de-taxis-en-Trelew-2-1200x900-1.jpeg\",\"contentUrl\":\"https:\\\/\\\/fmpatagoniamadryn.com.ar\\\/wp-content\\\/uploads\\\/2024\\\/10\\\/Ya-rige-la-nueva-tarifa-de-taxis-en-Trelew-2-1200x900-1.jpeg\",\"width\":1200,\"height\":900},{\"@type\":\"BreadcrumbList\",\"@id\":\"https:\\\/\\\/fmpatagoniamadryn.com.ar\\\/?p=26197#breadcrumb\",\"itemListElement\":[{\"@type\":\"ListItem\",\"position\":1,\"name\":\"Portada\",\"item\":\"https:\\\/\\\/fmpatagoniamadryn.com.ar\\\/\"},{\"@type\":\"ListItem\",\"position\":2,\"name\":\"Taxistas ratifican su rechazo a las aplicaciones de transporte y eval\u00faan medidas judiciales\"}]},{\"@type\":\"WebSite\",\"@id\":\"https:\\\/\\\/fmpatagoniamadryn.com.ar\\\/#website\",\"url\":\"https:\\\/\\\/fmpatagoniamadryn.com.ar\\\/\",\"name\":\"FM Patagonia Madryn\",\"description\":\"Radio Patagonia 105.5\",\"publisher\":{\"@id\":\"https:\\\/\\\/fmpatagoniamadryn.com.ar\\\/#organization\"},\"potentialAction\":[{\"@type\":\"SearchAction\",\"target\":{\"@type\":\"EntryPoint\",\"urlTemplate\":\"https:\\\/\\\/fmpatagoniamadryn.com.ar\\\/?s={search_term_string}\"},\"query-input\":{\"@type\":\"PropertyValueSpecification\",\"valueRequired\":true,\"valueName\":\"search_term_string\"}}],\"inLanguage\":\"es\"},{\"@type\":\"Organization\",\"@id\":\"https:\\\/\\\/fmpatagoniamadryn.com.ar\\\/#organization\",\"name\":\"FM Patagonia Madryn\",\"url\":\"https:\\\/\\\/fmpatagoniamadryn.com.ar\\\/\",\"logo\":{\"@type\":\"ImageObject\",\"inLanguage\":\"es\",\"@id\":\"https:\\\/\\\/fmpatagoniamadryn.com.ar\\\/#\\\/schema\\\/logo\\\/image\\\/\",\"url\":\"https:\\\/\\\/fmpatagoniamadryn.com.ar\\\/wp-content\\\/uploads\\\/2023\\\/01\\\/cropped-Diseno-sin-titulo.png\",\"contentUrl\":\"https:\\\/\\\/fmpatagoniamadryn.com.ar\\\/wp-content\\\/uploads\\\/2023\\\/01\\\/cropped-Diseno-sin-titulo.png\",\"width\":6911,\"height\":2657,\"caption\":\"FM Patagonia Madryn\"},\"image\":{\"@id\":\"https:\\\/\\\/fmpatagoniamadryn.com.ar\\\/#\\\/schema\\\/logo\\\/image\\\/\"}},{\"@type\":\"Person\",\"@id\":\"https:\\\/\\\/fmpatagoniamadryn.com.ar\\\/#\\\/schema\\\/person\\\/97b1d30cb2ae311544a88a5201700571\",\"name\":\"FM Patagonia\",\"url\":\"https:\\\/\\\/fmpatagoniamadryn.com.ar\\\/?author=4\"}]}<\/script>\n<!-- \/ Yoast SEO plugin. -->","yoast_head_json":{"title":"Taxistas ratifican su rechazo a las aplicaciones de transporte y eval\u00faan medidas judiciales - FM Patagonia Madryn","robots":{"index":"index","follow":"follow","max-snippet":"max-snippet:-1","max-image-preview":"max-image-preview:large","max-video-preview":"max-video-preview:-1"},"canonical":"https:\/\/fmpatagoniamadryn.com.ar\/?p=26197","og_locale":"es_ES","og_type":"article","og_title":"Taxistas ratifican su rechazo a las aplicaciones de transporte y eval\u00faan medidas judiciales - FM Patagonia Madryn","og_description":"La Asociaci\u00f3n de Propietarios de Taxis de Puerto Madryn ratific\u00f3 su postura en contra de la posible habilitaci\u00f3n de aplicaciones de transporte en la ciudad y confirm\u00f3 que analiza distintas acciones legales en caso de que avance el proyecto que actualmente se debate en el Concejo Deliberante.","og_url":"https:\/\/fmpatagoniamadryn.com.ar\/?p=26197","og_site_name":"FM Patagonia Madryn","article_published_time":"2026-09-02T11:25:54+00:00","article_modified_time":"2026-09-02T12:53:44+00:00","og_image":[{"width":1200,"height":900,"url":"https:\/\/fmpatagoniamadryn.com.ar\/wp-content\/uploads\/2024\/10\/Ya-rige-la-nueva-tarifa-de-taxis-en-Trelew-2-1200x900-1.jpeg","type":"image\/jpeg"}],"author":"FM Patagonia","twitter_card":"summary_large_image","twitter_misc":{"Escrito por":"FM Patagonia","Tiempo de lectura":"2 minutos"},"schema":{"@context":"https:\/\/schema.org","@graph":[{"@type":"Article","@id":"https:\/\/fmpatagoniamadryn.com.ar\/?p=26197#article","isPartOf":{"@id":"https:\/\/fmpatagoniamadryn.com.ar\/?p=26197"},"author":{"name":"FM Patagonia","@id":"https:\/\/fmpatagoniamadryn.com.ar\/#\/schema\/person\/97b1d30cb2ae311544a88a5201700571"},"headline":"Taxistas ratifican su rechazo a las aplicaciones de transporte y eval\u00faan medidas judiciales","datePublished":"2026-09-02T11:25:54+00:00","dateModified":"2026-09-02T12:53:44+00:00","mainEntityOfPage":{"@id":"https:\/\/fmpatagoniamadryn.com.ar\/?p=26197"},"wordCount":474,"publisher":{"@id":"https:\/\/fmpatagoniamadryn.com.ar\/#organization"},"image":{"@id":"https:\/\/fmpatagoniamadryn.com.ar\/?p=26197#primaryimage"},"thumbnailUrl":"https:\/\/fmpatagoniamadryn.com.ar\/wp-content\/uploads\/2024\/10\/Ya-rige-la-nueva-tarifa-de-taxis-en-Trelew-2-1200x900-1.jpeg","keywords":["didi","taxistas","uber"],"articleSection":["Locales","Sociedad"],"inLanguage":"es"},{"@type":"WebPage","@id":"https:\/\/fmpatagoniamadryn.com.ar\/?p=26197","url":"https:\/\/fmpatagoniamadryn.com.ar\/?p=26197","name":"Taxistas ratifican su rechazo a las aplicaciones de transporte y eval\u00faan medidas judiciales - FM Patagonia Madryn","isPartOf":{"@id":"https:\/\/fmpatagoniamadryn.com.ar\/#website"},"primaryImageOfPage":{"@id":"https:\/\/fmpatagoniamadryn.com.ar\/?p=26197#primaryimage"},"image":{"@id":"https:\/\/fmpatagoniamadryn.com.ar\/?p=26197#primaryimage"},"thumbnailUrl":"https:\/\/fmpatagoniamadryn.com.ar\/wp-content\/uploads\/2024\/10\/Ya-rige-la-nueva-tarifa-de-taxis-en-Trelew-2-1200x900-1.jpeg","datePublished":"2026-09-02T11:25:54+00:00","dateModified":"2026-09-02T12:53:44+00:00","breadcrumb":{"@id":"https:\/\/fmpatagoniamadryn.com.ar\/?p=26197#breadcrumb"},"inLanguage":"es","potentialAction":[{"@type":"ReadAction","target":["https:\/\/fmpatagoniamadryn.com.ar\/?p=26197"]}]},{"@type":"ImageObject","inLanguage":"es","@id":"https:\/\/fmpatagoniamadryn.com.ar\/?p=26197#primaryimage","url":"https:\/\/fmpatagoniamadryn.com.ar\/wp-content\/uploads\/2024\/10\/Ya-rige-la-nueva-tarifa-de-taxis-en-Trelew-2-1200x900-1.jpeg","contentUrl":"https:\/\/fmpatagoniamadryn.com.ar\/wp-content\/uploads\/2024\/10\/Ya-rige-la-nueva-tarifa-de-taxis-en-Trelew-2-1200x900-1.jpeg","width":1200,"height":900},{"@type":"BreadcrumbList","@id":"https:\/\/fmpatagoniamadryn.com.ar\/?p=26197#breadcrumb","itemListElement":[{"@type":"ListItem","position":1,"name":"Portada","item":"https:\/\/fmpatagoniamadryn.com.ar\/"},{"@type":"ListItem","position":2,"name":"Taxistas ratifican su rechazo a las aplicaciones de transporte y eval\u00faan medidas judiciales"}]},{"@type":"WebSite","@id":"https:\/\/fmpatagoniamadryn.com.ar\/#website","url":"https:\/\/fmpatagoniamadryn.com.ar\/","name":"FM Patagonia Madryn","description":"Radio Patagonia 105.5","publisher":{"@id":"https:\/\/fmpatagoniamadryn.com.ar\/#organization"},"potentialAction":[{"@type":"SearchAction","target":{"@type":"EntryPoint","urlTemplate":"https:\/\/fmpatagoniamadryn.com.ar\/?s={search_term_string}"},"query-input":{"@type":"PropertyValueSpecification","valueRequired":true,"valueName":"search_term_string"}}],"inLanguage":"es"},{"@type":"Organization","@id":"https:\/\/fmpatagoniamadryn.com.ar\/#organization","name":"FM Patagonia Madryn","url":"https:\/\/fmpatagoniamadryn.com.ar\/","logo":{"@type":"ImageObject","inLanguage":"es","@id":"https:\/\/fmpatagoniamadryn.com.ar\/#\/schema\/logo\/image\/","url":"https:\/\/fmpatagoniamadryn.com.ar\/wp-content\/uploads\/2023\/01\/cropped-Diseno-sin-titulo.png","contentUrl":"https:\/\/fmpatagoniamadryn.com.ar\/wp-content\/uploads\/2023\/01\/cropped-Diseno-sin-titulo.png","width":6911,"height":2657,"caption":"FM Patagonia Madryn"},"image":{"@id":"https:\/\/fmpatagoniamadryn.com.ar\/#\/schema\/logo\/image\/"}},{"@type":"Person","@id":"https:\/\/fmpatagoniamadryn.com.ar\/#\/schema\/person\/97b1d30cb2ae311544a88a5201700571","name":"FM Patagonia","url":"https:\/\/fmpatagoniamadryn.com.ar\/?author=4"}]}},"jetpack_featured_media_url":"https:\/\/fmpatagoniamadryn.com.ar\/wp-content\/uploads\/2024\/10\/Ya-rige-la-nueva-tarifa-de-taxis-en-Trelew-2-1200x900-1.jpeg","_links":{"self":[{"href":"https:\/\/fmpatagoniamadryn.com.ar\/index.php?rest_route=\/wp\/v2\/posts\/26197","targetHints":{"allow":["GET"]}}],"collection":[{"href":"https:\/\/fmpatagoniamadryn.com.ar\/index.php?rest_route=\/wp\/v2\/posts"}],"about":[{"href":"https:\/\/fmpatagoniamadryn.com.ar\/index.php?rest_route=\/wp\/v2\/types\/post"}],"author":[{"embeddable":true,"href":"https:\/\/fmpatagoniamadryn.com.ar\/index.php?rest_route=\/wp\/v2\/users\/4"}],"replies":[{"embeddable":true,"href":"https:\/\/fmpatagoniamadryn.com.ar\/index.php?rest_route=%2Fwp%2Fv2%2Fcomments&post=26197"}],"version-history":[{"count":2,"href":"https:\/\/fmpatagoniamadryn.com.ar\/index.php?rest_route=\/wp\/v2\/posts\/26197\/revisions"}],"predecessor-version":[{"id":26205,"href":"https:\/\/fmpatagoniamadryn.com.ar\/index.php?rest_route=\/wp\/v2\/posts\/26197\/revisions\/26205"}],"wp:featuredmedia":[{"embeddable":true,"href":"https:\/\/fmpatagoniamadryn.com.ar\/index.php?rest_route=\/wp\/v2\/media\/13213"}],"wp:attachment":[{"href":"https:\/\/fmpatagoniamadryn.com.ar\/index.php?rest_route=%2Fwp%2Fv2%2Fmedia&parent=26197"}],"wp:term":[{"taxonomy":"category","embeddable":true,"href":"https:\/\/fmpatagoniamadryn.com.ar\/index.php?rest_route=%2Fwp%2Fv2%2Fcategories&post=26197"},{"taxonomy":"post_tag","embeddable":true,"href":"https:\/\/fmpatagoniamadryn.com.ar\/index.php?rest_route=%2Fwp%2Fv2%2Ftags&post=26197"}],"curies":[{"name":"wp","href":"https:\/\/api.w.org\/{rel}","templated":true}]}}