{"id":26200,"date":"2026-09-02T08:28:41","date_gmt":"2026-09-02T11:28:41","guid":{"rendered":"https:\/\/fmpatagoniamadryn.com.ar\/?p=26200"},"modified":"2026-09-02T08:28:41","modified_gmt":"2026-09-02T11:28:41","slug":"madryn-el-karateca-alvarez-se-entrego-y-quedo-detenido-tras-la-confirmacion-de-su-condena-por-homicidio","status":"publish","type":"post","link":"https:\/\/fmpatagoniamadryn.com.ar\/?p=26200","title":{"rendered":"Madryn: \u00abEl karateca\u00bb \u00c1lvarez se entreg\u00f3 y qued\u00f3 detenido tras la confirmaci\u00f3n de su condena por homicidio"},"content":{"rendered":"\n<p class=\"wp-block-paragraph\">\u00c1lvarez hab\u00eda sido condenado inicialmente a 17 a\u00f1os de prisi\u00f3n por el homicidio de Acu\u00f1a, ocurrido en 2021 en el gimnasio Tupac, donde la v\u00edctima recibi\u00f3 cinco disparos. En una instancia posterior, la C\u00e1mara Penal lo absolvi\u00f3 y dispuso su libertad. La Fiscal\u00eda impugn\u00f3 esa decisi\u00f3n y el Superior Tribunal de Justicia, m\u00e1ximo \u00f3rgano judicial de la provincia, orden\u00f3 que el caso fuera sometido a una nueva revisi\u00f3n. En esta nueva instancia, la C\u00e1mara Penal confirm\u00f3 la responsabilidad de \u00c1lvarez por el homicidio, aunque redujo la pena a 12 a\u00f1os de prisi\u00f3n. A partir de esta resoluci\u00f3n, la Fiscal\u00eda impuls\u00f3 las medidas correspondientes para hacer efectiva la detenci\u00f3n.<\/p>\n\n\n\n<p class=\"wp-block-paragraph\">Finalmente, durante la madrugada, \u00c1lvarez se present\u00f3 voluntariamente en la Comisar\u00eda Tercera de Puerto Madryn, donde qued\u00f3 detenido y a disposici\u00f3n de la Justicia para el cumplimiento de la pena. En las pr\u00f3ximas horas se realizar\u00e1 la audiencia correspondiente.<\/p>\n","protected":false},"excerpt":{"rendered":"<p>Marco Antonio \u201cEl Karateca\u201d \u00c1lvarez se present\u00f3 durante la madrugada en la Comisar\u00eda Tercera de Puerto Madryn y qued\u00f3 detenido luego de que la C\u00e1mara Penal confirmara su condena por el homicidio de Fabi\u00e1n Acu\u00f1a.<\/p>\n","protected":false},"author":4,"featured_media":26199,"comment_status":"closed","ping_status":"closed","sticky":false,"template":"","format":"standard","meta":{"footnotes":""},"categories":[118,15],"tags":[26],"class_list":["post-26200","post","type-post","status-publish","format-standard","has-post-thumbnail","hentry","category-judiciales","category-locales","tag-homicidio"],"yoast_head":"<!-- This site is optimized with the Yoast SEO plugin v28.4 - https:\/\/yoast.com\/product\/yoast-seo-wordpress\/ -->\n<title>Madryn: &quot;El karateca&quot; \u00c1lvarez se entreg\u00f3 y qued\u00f3 detenido tras la confirmaci\u00f3n de su condena por homicidio - FM Patagonia Madryn<\/title>\n<meta name=\"robots\" content=\"index, follow, max-snippet:-1, max-image-preview:large, max-video-preview:-1\" \/>\n<link rel=\"canonical\" href=\"https:\/\/fmpatagoniamadryn.com.ar\/?p=26200\" \/>\n<meta property=\"og:locale\" content=\"es_ES\" \/>\n<meta property=\"og:type\" content=\"article\" \/>\n<meta property=\"og:title\" content=\"Madryn: &quot;El karateca&quot; \u00c1lvarez se entreg\u00f3 y qued\u00f3 detenido tras la confirmaci\u00f3n de su condena por homicidio - FM Patagonia Madryn\" \/>\n<meta property=\"og:description\" content=\"Marco Antonio \u201cEl Karateca\u201d \u00c1lvarez se present\u00f3 durante la madrugada en la Comisar\u00eda Tercera de Puerto Madryn y qued\u00f3 detenido luego de que la C\u00e1mara Penal confirmara su condena por el homicidio de Fabi\u00e1n Acu\u00f1a.\" \/>\n<meta property=\"og:url\" content=\"https:\/\/fmpatagoniamadryn.com.ar\/?p=26200\" \/>\n<meta property=\"og:site_name\" content=\"FM Patagonia Madryn\" \/>\n<meta property=\"article:published_time\" content=\"2026-09-02T11:28:41+00:00\" \/>\n<meta property=\"og:image\" content=\"https:\/\/fmpatagoniamadryn.com.ar\/wp-content\/uploads\/2026\/09\/6cb59726-39a1-4ffb-8092-b3a1b5d56ea6.jpg\" \/>\n\t<meta property=\"og:image:width\" content=\"528\" \/>\n\t<meta property=\"og:image:height\" content=\"423\" \/>\n\t<meta property=\"og:image:type\" content=\"image\/jpeg\" \/>\n<meta name=\"author\" content=\"FM Patagonia\" \/>\n<meta name=\"twitter:card\" content=\"summary_large_image\" \/>\n<meta name=\"twitter:label1\" content=\"Escrito por\" \/>\n\t<meta name=\"twitter:data1\" content=\"FM Patagonia\" \/>\n\t<meta name=\"twitter:label2\" content=\"Tiempo de lectura\" \/>\n\t<meta name=\"twitter:data2\" content=\"1 minuto\" \/>\n<script type=\"application\/ld+json\" class=\"yoast-schema-graph\">{\"@context\":\"https:\\\/\\\/schema.org\",\"@graph\":[{\"@type\":\"Article\",\"@id\":\"https:\\\/\\\/fmpatagoniamadryn.com.ar\\\/?p=26200#article\",\"isPartOf\":{\"@id\":\"https:\\\/\\\/fmpatagoniamadryn.com.ar\\\/?p=26200\"},\"author\":{\"name\":\"FM Patagonia\",\"@id\":\"https:\\\/\\\/fmpatagoniamadryn.com.ar\\\/#\\\/schema\\\/person\\\/97b1d30cb2ae311544a88a5201700571\"},\"headline\":\"Madryn: \u00abEl karateca\u00bb \u00c1lvarez se entreg\u00f3 y qued\u00f3 detenido tras la confirmaci\u00f3n de su condena por homicidio\",\"datePublished\":\"2026-09-02T11:28:41+00:00\",\"mainEntityOfPage\":{\"@id\":\"https:\\\/\\\/fmpatagoniamadryn.com.ar\\\/?p=26200\"},\"wordCount\":181,\"publisher\":{\"@id\":\"https:\\\/\\\/fmpatagoniamadryn.com.ar\\\/#organization\"},\"image\":{\"@id\":\"https:\\\/\\\/fmpatagoniamadryn.com.ar\\\/?p=26200#primaryimage\"},\"thumbnailUrl\":\"https:\\\/\\\/fmpatagoniamadryn.com.ar\\\/wp-content\\\/uploads\\\/2026\\\/09\\\/6cb59726-39a1-4ffb-8092-b3a1b5d56ea6.jpg\",\"keywords\":[\"homicidio\"],\"articleSection\":[\"Judiciales\",\"Locales\"],\"inLanguage\":\"es\"},{\"@type\":\"WebPage\",\"@id\":\"https:\\\/\\\/fmpatagoniamadryn.com.ar\\\/?p=26200\",\"url\":\"https:\\\/\\\/fmpatagoniamadryn.com.ar\\\/?p=26200\",\"name\":\"Madryn: \\\"El karateca\\\" \u00c1lvarez se entreg\u00f3 y qued\u00f3 detenido tras la confirmaci\u00f3n de su condena por homicidio - FM Patagonia Madryn\",\"isPartOf\":{\"@id\":\"https:\\\/\\\/fmpatagoniamadryn.com.ar\\\/#website\"},\"primaryImageOfPage\":{\"@id\":\"https:\\\/\\\/fmpatagoniamadryn.com.ar\\\/?p=26200#primaryimage\"},\"image\":{\"@id\":\"https:\\\/\\\/fmpatagoniamadryn.com.ar\\\/?p=26200#primaryimage\"},\"thumbnailUrl\":\"https:\\\/\\\/fmpatagoniamadryn.com.ar\\\/wp-content\\\/uploads\\\/2026\\\/09\\\/6cb59726-39a1-4ffb-8092-b3a1b5d56ea6.jpg\",\"datePublished\":\"2026-09-02T11:28:41+00:00\",\"breadcrumb\":{\"@id\":\"https:\\\/\\\/fmpatagoniamadryn.com.ar\\\/?p=26200#breadcrumb\"},\"inLanguage\":\"es\",\"potentialAction\":[{\"@type\":\"ReadAction\",\"target\":[\"https:\\\/\\\/fmpatagoniamadryn.com.ar\\\/?p=26200\"]}]},{\"@type\":\"ImageObject\",\"inLanguage\":\"es\",\"@id\":\"https:\\\/\\\/fmpatagoniamadryn.com.ar\\\/?p=26200#primaryimage\",\"url\":\"https:\\\/\\\/fmpatagoniamadryn.com.ar\\\/wp-content\\\/uploads\\\/2026\\\/09\\\/6cb59726-39a1-4ffb-8092-b3a1b5d56ea6.jpg\",\"contentUrl\":\"https:\\\/\\\/fmpatagoniamadryn.com.ar\\\/wp-content\\\/uploads\\\/2026\\\/09\\\/6cb59726-39a1-4ffb-8092-b3a1b5d56ea6.jpg\",\"width\":528,\"height\":423},{\"@type\":\"BreadcrumbList\",\"@id\":\"https:\\\/\\\/fmpatagoniamadryn.com.ar\\\/?p=26200#breadcrumb\",\"itemListElement\":[{\"@type\":\"ListItem\",\"position\":1,\"name\":\"Portada\",\"item\":\"https:\\\/\\\/fmpatagoniamadryn.com.ar\\\/\"},{\"@type\":\"ListItem\",\"position\":2,\"name\":\"Madryn: \u00abEl karateca\u00bb \u00c1lvarez se entreg\u00f3 y qued\u00f3 detenido tras la confirmaci\u00f3n de su condena por homicidio\"}]},{\"@type\":\"WebSite\",\"@id\":\"https:\\\/\\\/fmpatagoniamadryn.com.ar\\\/#website\",\"url\":\"https:\\\/\\\/fmpatagoniamadryn.com.ar\\\/\",\"name\":\"FM Patagonia Madryn\",\"description\":\"Radio Patagonia 105.5\",\"publisher\":{\"@id\":\"https:\\\/\\\/fmpatagoniamadryn.com.ar\\\/#organization\"},\"potentialAction\":[{\"@type\":\"SearchAction\",\"target\":{\"@type\":\"EntryPoint\",\"urlTemplate\":\"https:\\\/\\\/fmpatagoniamadryn.com.ar\\\/?s={search_term_string}\"},\"query-input\":{\"@type\":\"PropertyValueSpecification\",\"valueRequired\":true,\"valueName\":\"search_term_string\"}}],\"inLanguage\":\"es\"},{\"@type\":\"Organization\",\"@id\":\"https:\\\/\\\/fmpatagoniamadryn.com.ar\\\/#organization\",\"name\":\"FM Patagonia Madryn\",\"url\":\"https:\\\/\\\/fmpatagoniamadryn.com.ar\\\/\",\"logo\":{\"@type\":\"ImageObject\",\"inLanguage\":\"es\",\"@id\":\"https:\\\/\\\/fmpatagoniamadryn.com.ar\\\/#\\\/schema\\\/logo\\\/image\\\/\",\"url\":\"https:\\\/\\\/fmpatagoniamadryn.com.ar\\\/wp-content\\\/uploads\\\/2023\\\/01\\\/cropped-Diseno-sin-titulo.png\",\"contentUrl\":\"https:\\\/\\\/fmpatagoniamadryn.com.ar\\\/wp-content\\\/uploads\\\/2023\\\/01\\\/cropped-Diseno-sin-titulo.png\",\"width\":6911,\"height\":2657,\"caption\":\"FM Patagonia Madryn\"},\"image\":{\"@id\":\"https:\\\/\\\/fmpatagoniamadryn.com.ar\\\/#\\\/schema\\\/logo\\\/image\\\/\"}},{\"@type\":\"Person\",\"@id\":\"https:\\\/\\\/fmpatagoniamadryn.com.ar\\\/#\\\/schema\\\/person\\\/97b1d30cb2ae311544a88a5201700571\",\"name\":\"FM Patagonia\",\"url\":\"https:\\\/\\\/fmpatagoniamadryn.com.ar\\\/?author=4\"}]}<\/script>\n<!-- \/ Yoast SEO plugin. -->","yoast_head_json":{"title":"Madryn: \"El karateca\" \u00c1lvarez se entreg\u00f3 y qued\u00f3 detenido tras la confirmaci\u00f3n de su condena por homicidio - FM Patagonia Madryn","robots":{"index":"index","follow":"follow","max-snippet":"max-snippet:-1","max-image-preview":"max-image-preview:large","max-video-preview":"max-video-preview:-1"},"canonical":"https:\/\/fmpatagoniamadryn.com.ar\/?p=26200","og_locale":"es_ES","og_type":"article","og_title":"Madryn: \"El karateca\" \u00c1lvarez se entreg\u00f3 y qued\u00f3 detenido tras la confirmaci\u00f3n de su condena por homicidio - FM Patagonia Madryn","og_description":"Marco Antonio \u201cEl Karateca\u201d \u00c1lvarez se present\u00f3 durante la madrugada en la Comisar\u00eda Tercera de Puerto Madryn y qued\u00f3 detenido luego de que la C\u00e1mara Penal confirmara su condena por el homicidio de Fabi\u00e1n Acu\u00f1a.","og_url":"https:\/\/fmpatagoniamadryn.com.ar\/?p=26200","og_site_name":"FM Patagonia Madryn","article_published_time":"2026-09-02T11:28:41+00:00","og_image":[{"width":528,"height":423,"url":"https:\/\/fmpatagoniamadryn.com.ar\/wp-content\/uploads\/2026\/09\/6cb59726-39a1-4ffb-8092-b3a1b5d56ea6.jpg","type":"image\/jpeg"}],"author":"FM Patagonia","twitter_card":"summary_large_image","twitter_misc":{"Escrito por":"FM Patagonia","Tiempo de lectura":"1 minuto"},"schema":{"@context":"https:\/\/schema.org","@graph":[{"@type":"Article","@id":"https:\/\/fmpatagoniamadryn.com.ar\/?p=26200#article","isPartOf":{"@id":"https:\/\/fmpatagoniamadryn.com.ar\/?p=26200"},"author":{"name":"FM Patagonia","@id":"https:\/\/fmpatagoniamadryn.com.ar\/#\/schema\/person\/97b1d30cb2ae311544a88a5201700571"},"headline":"Madryn: \u00abEl karateca\u00bb \u00c1lvarez se entreg\u00f3 y qued\u00f3 detenido tras la confirmaci\u00f3n de su condena por homicidio","datePublished":"2026-09-02T11:28:41+00:00","mainEntityOfPage":{"@id":"https:\/\/fmpatagoniamadryn.com.ar\/?p=26200"},"wordCount":181,"publisher":{"@id":"https:\/\/fmpatagoniamadryn.com.ar\/#organization"},"image":{"@id":"https:\/\/fmpatagoniamadryn.com.ar\/?p=26200#primaryimage"},"thumbnailUrl":"https:\/\/fmpatagoniamadryn.com.ar\/wp-content\/uploads\/2026\/09\/6cb59726-39a1-4ffb-8092-b3a1b5d56ea6.jpg","keywords":["homicidio"],"articleSection":["Judiciales","Locales"],"inLanguage":"es"},{"@type":"WebPage","@id":"https:\/\/fmpatagoniamadryn.com.ar\/?p=26200","url":"https:\/\/fmpatagoniamadryn.com.ar\/?p=26200","name":"Madryn: \"El karateca\" \u00c1lvarez se entreg\u00f3 y qued\u00f3 detenido tras la confirmaci\u00f3n de su condena por homicidio - FM Patagonia Madryn","isPartOf":{"@id":"https:\/\/fmpatagoniamadryn.com.ar\/#website"},"primaryImageOfPage":{"@id":"https:\/\/fmpatagoniamadryn.com.ar\/?p=26200#primaryimage"},"image":{"@id":"https:\/\/fmpatagoniamadryn.com.ar\/?p=26200#primaryimage"},"thumbnailUrl":"https:\/\/fmpatagoniamadryn.com.ar\/wp-content\/uploads\/2026\/09\/6cb59726-39a1-4ffb-8092-b3a1b5d56ea6.jpg","datePublished":"2026-09-02T11:28:41+00:00","breadcrumb":{"@id":"https:\/\/fmpatagoniamadryn.com.ar\/?p=26200#breadcrumb"},"inLanguage":"es","potentialAction":[{"@type":"ReadAction","target":["https:\/\/fmpatagoniamadryn.com.ar\/?p=26200"]}]},{"@type":"ImageObject","inLanguage":"es","@id":"https:\/\/fmpatagoniamadryn.com.ar\/?p=26200#primaryimage","url":"https:\/\/fmpatagoniamadryn.com.ar\/wp-content\/uploads\/2026\/09\/6cb59726-39a1-4ffb-8092-b3a1b5d56ea6.jpg","contentUrl":"https:\/\/fmpatagoniamadryn.com.ar\/wp-content\/uploads\/2026\/09\/6cb59726-39a1-4ffb-8092-b3a1b5d56ea6.jpg","width":528,"height":423},{"@type":"BreadcrumbList","@id":"https:\/\/fmpatagoniamadryn.com.ar\/?p=26200#breadcrumb","itemListElement":[{"@type":"ListItem","position":1,"name":"Portada","item":"https:\/\/fmpatagoniamadryn.com.ar\/"},{"@type":"ListItem","position":2,"name":"Madryn: \u00abEl karateca\u00bb \u00c1lvarez se entreg\u00f3 y qued\u00f3 detenido tras la confirmaci\u00f3n de su condena por homicidio"}]},{"@type":"WebSite","@id":"https:\/\/fmpatagoniamadryn.com.ar\/#website","url":"https:\/\/fmpatagoniamadryn.com.ar\/","name":"FM Patagonia Madryn","description":"Radio Patagonia 105.5","publisher":{"@id":"https:\/\/fmpatagoniamadryn.com.ar\/#organization"},"potentialAction":[{"@type":"SearchAction","target":{"@type":"EntryPoint","urlTemplate":"https:\/\/fmpatagoniamadryn.com.ar\/?s={search_term_string}"},"query-input":{"@type":"PropertyValueSpecification","valueRequired":true,"valueName":"search_term_string"}}],"inLanguage":"es"},{"@type":"Organization","@id":"https:\/\/fmpatagoniamadryn.com.ar\/#organization","name":"FM Patagonia Madryn","url":"https:\/\/fmpatagoniamadryn.com.ar\/","logo":{"@type":"ImageObject","inLanguage":"es","@id":"https:\/\/fmpatagoniamadryn.com.ar\/#\/schema\/logo\/image\/","url":"https:\/\/fmpatagoniamadryn.com.ar\/wp-content\/uploads\/2023\/01\/cropped-Diseno-sin-titulo.png","contentUrl":"https:\/\/fmpatagoniamadryn.com.ar\/wp-content\/uploads\/2023\/01\/cropped-Diseno-sin-titulo.png","width":6911,"height":2657,"caption":"FM Patagonia Madryn"},"image":{"@id":"https:\/\/fmpatagoniamadryn.com.ar\/#\/schema\/logo\/image\/"}},{"@type":"Person","@id":"https:\/\/fmpatagoniamadryn.com.ar\/#\/schema\/person\/97b1d30cb2ae311544a88a5201700571","name":"FM Patagonia","url":"https:\/\/fmpatagoniamadryn.com.ar\/?author=4"}]}},"jetpack_featured_media_url":"https:\/\/fmpatagoniamadryn.com.ar\/wp-content\/uploads\/2026\/09\/6cb59726-39a1-4ffb-8092-b3a1b5d56ea6.jpg","_links":{"self":[{"href":"https:\/\/fmpatagoniamadryn.com.ar\/index.php?rest_route=\/wp\/v2\/posts\/26200","targetHints":{"allow":["GET"]}}],"collection":[{"href":"https:\/\/fmpatagoniamadryn.com.ar\/index.php?rest_route=\/wp\/v2\/posts"}],"about":[{"href":"https:\/\/fmpatagoniamadryn.com.ar\/index.php?rest_route=\/wp\/v2\/types\/post"}],"author":[{"embeddable":true,"href":"https:\/\/fmpatagoniamadryn.com.ar\/index.php?rest_route=\/wp\/v2\/users\/4"}],"replies":[{"embeddable":true,"href":"https:\/\/fmpatagoniamadryn.com.ar\/index.php?rest_route=%2Fwp%2Fv2%2Fcomments&post=26200"}],"version-history":[{"count":1,"href":"https:\/\/fmpatagoniamadryn.com.ar\/index.php?rest_route=\/wp\/v2\/posts\/26200\/revisions"}],"predecessor-version":[{"id":26201,"href":"https:\/\/fmpatagoniamadryn.com.ar\/index.php?rest_route=\/wp\/v2\/posts\/26200\/revisions\/26201"}],"wp:featuredmedia":[{"embeddable":true,"href":"https:\/\/fmpatagoniamadryn.com.ar\/index.php?rest_route=\/wp\/v2\/media\/26199"}],"wp:attachment":[{"href":"https:\/\/fmpatagoniamadryn.com.ar\/index.php?rest_route=%2Fwp%2Fv2%2Fmedia&parent=26200"}],"wp:term":[{"taxonomy":"category","embeddable":true,"href":"https:\/\/fmpatagoniamadryn.com.ar\/index.php?rest_route=%2Fwp%2Fv2%2Fcategories&post=26200"},{"taxonomy":"post_tag","embeddable":true,"href":"https:\/\/fmpatagoniamadryn.com.ar\/index.php?rest_route=%2Fwp%2Fv2%2Ftags&post=26200"}],"curies":[{"name":"wp","href":"https:\/\/api.w.org\/{rel}","templated":true}]}}