{"id":26207,"date":"2026-09-02T11:53:56","date_gmt":"2026-09-02T14:53:56","guid":{"rendered":"https:\/\/fmpatagoniamadryn.com.ar\/?p=26207"},"modified":"2026-09-02T11:53:56","modified_gmt":"2026-09-02T14:53:56","slug":"se-plantaran-mas-de-100-mil-arboles-nativos-en-areas-afectadas-por-incendios-en-chubut","status":"publish","type":"post","link":"https:\/\/fmpatagoniamadryn.com.ar\/?p=26207","title":{"rendered":"Se plantar\u00e1n m\u00e1s de 100 mil \u00e1rboles nativos en \u00e1reas afectadas por incendios en Chubut"},"content":{"rendered":"\n<p class=\"wp-block-paragraph\">En los meses de septiembre y octubre, el Gobierno del Chubut, a trav\u00e9s de la Secretar\u00eda de Bosques, ejecutar\u00e1 una nueva etapa de restauraci\u00f3n en \u00e1reas estrat\u00e9gicas afectadas por incendios forestales junto a la \u201cFundaci\u00f3n Vida Silvestre Argentina\u201d y a la \u201cFundaci\u00f3n para cuidar al planeta y sus habitantes\u201d.<\/p>\n\n\n\n<p class=\"wp-block-paragraph\">Durante la campa\u00f1a se prev\u00e9 plantar 109.100 \u00e1rboles nativos en 127 hect\u00e1reas ubicadas en la Reserva de Uso M\u00faltiple Lago Epuy\u00e9n, la Reserva Provincial Cerro Currumahuida, el Parque y Reserva de Uso M\u00faltiple R\u00edo Turbio y el \u00c1rea Natural Protegida R\u00edo Tigre.<\/p>\n\n\n\n<p class=\"wp-block-paragraph\">La actividad fue planificada en el marco del proyecto \u201cPromover v\u00edas de desarrollo bajas en carbono y resilientes al clima para Argentina &#8211; ProCLIM-AR\u00bb que responde a una iniciativa de cooperaci\u00f3n bilateral entre Argentina y Alemania.<\/p>\n\n\n\n<p class=\"wp-block-paragraph\">La implementaci\u00f3n del componente \u201cRestauraci\u00f3n de paisajes forestales\u201d es liderada por la \u201cFundaci\u00f3n Vida Silvestre\u201d, con el apoyo de la \u201cFundaci\u00f3n para cuidar al planeta y sus habitantes\u201d. En ese contexto, las organizaciones acompa\u00f1an a la Secretar\u00eda de Bosques del Chubut en la actualizaci\u00f3n y ejecuci\u00f3n de su \u201cPrograma integral de manejo y restauraci\u00f3n de grandes \u00e1reas afectadas por incendios forestales en la temporada 2014-2015\u201d.<\/p>\n\n\n\n<h2 class=\"wp-block-heading\"><em>Acerca de la planificaci\u00f3n<\/em><\/h2>\n\n\n\n<p class=\"wp-block-paragraph\">La selecci\u00f3n de los sitios se realiz\u00f3 en base a criterios t\u00e9cnicos que consideran, entre otros aspectos, el grado en el que el bosque fue afectado por el fuego, la existencia de especies nativas y ex\u00f3ticas, y el potencial de regeneraci\u00f3n natural.<\/p>\n\n\n\n<p class=\"wp-block-paragraph\">En el caso de la Reserva de Uso M\u00faltiple Lago Epuy\u00e9n y de la Reserva de Uso M\u00faltiple R\u00edo Turbio, \u00e1reas en las que viven comunidades y pobladores respectivamente, se generaron instancias de participaci\u00f3n que permitieron enriquecer el proceso.<\/p>\n\n\n\n<p class=\"wp-block-paragraph\">La propuesta es diferenciada: en algunos casos se plantar\u00e1 directamente, en otros, previamente ser\u00e1 necesario abrir claros y eliminar renovales de pino que surgieron despu\u00e9s de los incendios. La intervenci\u00f3n contempla el monitoreo del crecimiento de las plantaciones a largo plazo, lo que va a permitir ir ajustando la estrategia.<\/p>\n\n\n\n<h2 class=\"wp-block-heading\"><em>Detalles del proyecto marco<\/em><\/h2>\n\n\n\n<p class=\"wp-block-paragraph\">El componente \u201cRestauraci\u00f3n de Paisajes Forestales\u201d del proyecto ProCLIM-AR se implementa a trav\u00e9s de la Agencia Alemana para la Cooperaci\u00f3n Internacional (GIZ) en el marco de un acuerdo de cooperaci\u00f3n entre los gobiernos de Argentina y Alemania que refrenda la Iniciativa Internacional sobre el Clima (IKI) promovida por el Ministerio Federal de Medio Ambiente, Protecci\u00f3n del Clima, Protecci\u00f3n de la Naturaleza y Seguridad Nuclear (BMUKN).<\/p>\n\n\n\n<p class=\"wp-block-paragraph\">Su desarrollo est\u00e1 a cargo de un consorcio conformado por la Fundaci\u00f3n Vida Silvestre Argentina, la Fundaci\u00f3n AVINA y la GIZ, y cuenta con la participaci\u00f3n de la Subsecretar\u00eda de Ambiente de la Naci\u00f3n y de la Secretar\u00eda de Agricultura, Ganader\u00eda y Pesca de la Naci\u00f3n.<\/p>\n","protected":false},"excerpt":{"rendered":"<p>Se realizar\u00e1 a trav\u00e9s de una campa\u00f1a de dos meses de duraci\u00f3n en 127 hect\u00e1reas ubicadas en la Reserva de Uso M\u00faltiple Lago Epuy\u00e9n, la Reserva Provincial Cerro Currumahuida, el Parque y Reserva de Uso M\u00faltiple R\u00edo Turbio y el \u00c1rea Natural Protegida R\u00edo Tigre.<\/p>\n","protected":false},"author":4,"featured_media":26206,"comment_status":"closed","ping_status":"closed","sticky":false,"template":"","format":"standard","meta":{"footnotes":""},"categories":[122],"tags":[629,630],"class_list":["post-26207","post","type-post","status-publish","format-standard","has-post-thumbnail","hentry","category-sociedad","tag-arboles-nativos","tag-plantacion"],"yoast_head":"<!-- This site is optimized with the Yoast SEO plugin v28.4 - https:\/\/yoast.com\/product\/yoast-seo-wordpress\/ -->\n<title>Se plantar\u00e1n m\u00e1s de 100 mil \u00e1rboles nativos en \u00e1reas afectadas por incendios en Chubut - FM Patagonia Madryn<\/title>\n<meta name=\"robots\" content=\"index, follow, max-snippet:-1, max-image-preview:large, max-video-preview:-1\" \/>\n<link rel=\"canonical\" href=\"https:\/\/fmpatagoniamadryn.com.ar\/?p=26207\" \/>\n<meta property=\"og:locale\" content=\"es_ES\" \/>\n<meta property=\"og:type\" content=\"article\" \/>\n<meta property=\"og:title\" content=\"Se plantar\u00e1n m\u00e1s de 100 mil \u00e1rboles nativos en \u00e1reas afectadas por incendios en Chubut - FM Patagonia Madryn\" \/>\n<meta property=\"og:description\" content=\"Se realizar\u00e1 a trav\u00e9s de una campa\u00f1a de dos meses de duraci\u00f3n en 127 hect\u00e1reas ubicadas en la Reserva de Uso M\u00faltiple Lago Epuy\u00e9n, la Reserva Provincial Cerro Currumahuida, el Parque y Reserva de Uso M\u00faltiple R\u00edo Turbio y el \u00c1rea Natural Protegida R\u00edo Tigre.\" \/>\n<meta property=\"og:url\" content=\"https:\/\/fmpatagoniamadryn.com.ar\/?p=26207\" \/>\n<meta property=\"og:site_name\" content=\"FM Patagonia Madryn\" \/>\n<meta property=\"article:published_time\" content=\"2026-09-02T14:53:56+00:00\" \/>\n<meta property=\"og:image\" content=\"https:\/\/fmpatagoniamadryn.com.ar\/wp-content\/uploads\/2026\/09\/87af4897-6b53-48b9-ad7b-c0f2611fc069.jpg\" \/>\n\t<meta property=\"og:image:width\" content=\"1024\" \/>\n\t<meta property=\"og:image:height\" content=\"768\" \/>\n\t<meta property=\"og:image:type\" content=\"image\/jpeg\" \/>\n<meta name=\"author\" content=\"FM Patagonia\" \/>\n<meta name=\"twitter:card\" content=\"summary_large_image\" \/>\n<meta name=\"twitter:label1\" content=\"Escrito por\" \/>\n\t<meta name=\"twitter:data1\" content=\"FM Patagonia\" \/>\n\t<meta name=\"twitter:label2\" content=\"Tiempo de lectura\" \/>\n\t<meta name=\"twitter:data2\" content=\"2 minutos\" \/>\n<script type=\"application\/ld+json\" class=\"yoast-schema-graph\">{\"@context\":\"https:\\\/\\\/schema.org\",\"@graph\":[{\"@type\":\"Article\",\"@id\":\"https:\\\/\\\/fmpatagoniamadryn.com.ar\\\/?p=26207#article\",\"isPartOf\":{\"@id\":\"https:\\\/\\\/fmpatagoniamadryn.com.ar\\\/?p=26207\"},\"author\":{\"name\":\"FM Patagonia\",\"@id\":\"https:\\\/\\\/fmpatagoniamadryn.com.ar\\\/#\\\/schema\\\/person\\\/97b1d30cb2ae311544a88a5201700571\"},\"headline\":\"Se plantar\u00e1n m\u00e1s de 100 mil \u00e1rboles nativos en \u00e1reas afectadas por incendios en Chubut\",\"datePublished\":\"2026-09-02T14:53:56+00:00\",\"mainEntityOfPage\":{\"@id\":\"https:\\\/\\\/fmpatagoniamadryn.com.ar\\\/?p=26207\"},\"wordCount\":506,\"publisher\":{\"@id\":\"https:\\\/\\\/fmpatagoniamadryn.com.ar\\\/#organization\"},\"image\":{\"@id\":\"https:\\\/\\\/fmpatagoniamadryn.com.ar\\\/?p=26207#primaryimage\"},\"thumbnailUrl\":\"https:\\\/\\\/fmpatagoniamadryn.com.ar\\\/wp-content\\\/uploads\\\/2026\\\/09\\\/87af4897-6b53-48b9-ad7b-c0f2611fc069.jpg\",\"keywords\":[\"arboles nativos\",\"plantacion\"],\"articleSection\":[\"Sociedad\"],\"inLanguage\":\"es\"},{\"@type\":\"WebPage\",\"@id\":\"https:\\\/\\\/fmpatagoniamadryn.com.ar\\\/?p=26207\",\"url\":\"https:\\\/\\\/fmpatagoniamadryn.com.ar\\\/?p=26207\",\"name\":\"Se plantar\u00e1n m\u00e1s de 100 mil \u00e1rboles nativos en \u00e1reas afectadas por incendios en Chubut - FM Patagonia Madryn\",\"isPartOf\":{\"@id\":\"https:\\\/\\\/fmpatagoniamadryn.com.ar\\\/#website\"},\"primaryImageOfPage\":{\"@id\":\"https:\\\/\\\/fmpatagoniamadryn.com.ar\\\/?p=26207#primaryimage\"},\"image\":{\"@id\":\"https:\\\/\\\/fmpatagoniamadryn.com.ar\\\/?p=26207#primaryimage\"},\"thumbnailUrl\":\"https:\\\/\\\/fmpatagoniamadryn.com.ar\\\/wp-content\\\/uploads\\\/2026\\\/09\\\/87af4897-6b53-48b9-ad7b-c0f2611fc069.jpg\",\"datePublished\":\"2026-09-02T14:53:56+00:00\",\"breadcrumb\":{\"@id\":\"https:\\\/\\\/fmpatagoniamadryn.com.ar\\\/?p=26207#breadcrumb\"},\"inLanguage\":\"es\",\"potentialAction\":[{\"@type\":\"ReadAction\",\"target\":[\"https:\\\/\\\/fmpatagoniamadryn.com.ar\\\/?p=26207\"]}]},{\"@type\":\"ImageObject\",\"inLanguage\":\"es\",\"@id\":\"https:\\\/\\\/fmpatagoniamadryn.com.ar\\\/?p=26207#primaryimage\",\"url\":\"https:\\\/\\\/fmpatagoniamadryn.com.ar\\\/wp-content\\\/uploads\\\/2026\\\/09\\\/87af4897-6b53-48b9-ad7b-c0f2611fc069.jpg\",\"contentUrl\":\"https:\\\/\\\/fmpatagoniamadryn.com.ar\\\/wp-content\\\/uploads\\\/2026\\\/09\\\/87af4897-6b53-48b9-ad7b-c0f2611fc069.jpg\",\"width\":1024,\"height\":768},{\"@type\":\"BreadcrumbList\",\"@id\":\"https:\\\/\\\/fmpatagoniamadryn.com.ar\\\/?p=26207#breadcrumb\",\"itemListElement\":[{\"@type\":\"ListItem\",\"position\":1,\"name\":\"Portada\",\"item\":\"https:\\\/\\\/fmpatagoniamadryn.com.ar\\\/\"},{\"@type\":\"ListItem\",\"position\":2,\"name\":\"Se plantar\u00e1n m\u00e1s de 100 mil \u00e1rboles nativos en \u00e1reas afectadas por incendios en Chubut\"}]},{\"@type\":\"WebSite\",\"@id\":\"https:\\\/\\\/fmpatagoniamadryn.com.ar\\\/#website\",\"url\":\"https:\\\/\\\/fmpatagoniamadryn.com.ar\\\/\",\"name\":\"FM Patagonia Madryn\",\"description\":\"Radio Patagonia 105.5\",\"publisher\":{\"@id\":\"https:\\\/\\\/fmpatagoniamadryn.com.ar\\\/#organization\"},\"potentialAction\":[{\"@type\":\"SearchAction\",\"target\":{\"@type\":\"EntryPoint\",\"urlTemplate\":\"https:\\\/\\\/fmpatagoniamadryn.com.ar\\\/?s={search_term_string}\"},\"query-input\":{\"@type\":\"PropertyValueSpecification\",\"valueRequired\":true,\"valueName\":\"search_term_string\"}}],\"inLanguage\":\"es\"},{\"@type\":\"Organization\",\"@id\":\"https:\\\/\\\/fmpatagoniamadryn.com.ar\\\/#organization\",\"name\":\"FM Patagonia Madryn\",\"url\":\"https:\\\/\\\/fmpatagoniamadryn.com.ar\\\/\",\"logo\":{\"@type\":\"ImageObject\",\"inLanguage\":\"es\",\"@id\":\"https:\\\/\\\/fmpatagoniamadryn.com.ar\\\/#\\\/schema\\\/logo\\\/image\\\/\",\"url\":\"https:\\\/\\\/fmpatagoniamadryn.com.ar\\\/wp-content\\\/uploads\\\/2023\\\/01\\\/cropped-Diseno-sin-titulo.png\",\"contentUrl\":\"https:\\\/\\\/fmpatagoniamadryn.com.ar\\\/wp-content\\\/uploads\\\/2023\\\/01\\\/cropped-Diseno-sin-titulo.png\",\"width\":6911,\"height\":2657,\"caption\":\"FM Patagonia Madryn\"},\"image\":{\"@id\":\"https:\\\/\\\/fmpatagoniamadryn.com.ar\\\/#\\\/schema\\\/logo\\\/image\\\/\"}},{\"@type\":\"Person\",\"@id\":\"https:\\\/\\\/fmpatagoniamadryn.com.ar\\\/#\\\/schema\\\/person\\\/97b1d30cb2ae311544a88a5201700571\",\"name\":\"FM Patagonia\",\"url\":\"https:\\\/\\\/fmpatagoniamadryn.com.ar\\\/?author=4\"}]}<\/script>\n<!-- \/ Yoast SEO plugin. -->","yoast_head_json":{"title":"Se plantar\u00e1n m\u00e1s de 100 mil \u00e1rboles nativos en \u00e1reas afectadas por incendios en Chubut - FM Patagonia Madryn","robots":{"index":"index","follow":"follow","max-snippet":"max-snippet:-1","max-image-preview":"max-image-preview:large","max-video-preview":"max-video-preview:-1"},"canonical":"https:\/\/fmpatagoniamadryn.com.ar\/?p=26207","og_locale":"es_ES","og_type":"article","og_title":"Se plantar\u00e1n m\u00e1s de 100 mil \u00e1rboles nativos en \u00e1reas afectadas por incendios en Chubut - FM Patagonia Madryn","og_description":"Se realizar\u00e1 a trav\u00e9s de una campa\u00f1a de dos meses de duraci\u00f3n en 127 hect\u00e1reas ubicadas en la Reserva de Uso M\u00faltiple Lago Epuy\u00e9n, la Reserva Provincial Cerro Currumahuida, el Parque y Reserva de Uso M\u00faltiple R\u00edo Turbio y el \u00c1rea Natural Protegida R\u00edo Tigre.","og_url":"https:\/\/fmpatagoniamadryn.com.ar\/?p=26207","og_site_name":"FM Patagonia Madryn","article_published_time":"2026-09-02T14:53:56+00:00","og_image":[{"width":1024,"height":768,"url":"https:\/\/fmpatagoniamadryn.com.ar\/wp-content\/uploads\/2026\/09\/87af4897-6b53-48b9-ad7b-c0f2611fc069.jpg","type":"image\/jpeg"}],"author":"FM Patagonia","twitter_card":"summary_large_image","twitter_misc":{"Escrito por":"FM Patagonia","Tiempo de lectura":"2 minutos"},"schema":{"@context":"https:\/\/schema.org","@graph":[{"@type":"Article","@id":"https:\/\/fmpatagoniamadryn.com.ar\/?p=26207#article","isPartOf":{"@id":"https:\/\/fmpatagoniamadryn.com.ar\/?p=26207"},"author":{"name":"FM Patagonia","@id":"https:\/\/fmpatagoniamadryn.com.ar\/#\/schema\/person\/97b1d30cb2ae311544a88a5201700571"},"headline":"Se plantar\u00e1n m\u00e1s de 100 mil \u00e1rboles nativos en \u00e1reas afectadas por incendios en Chubut","datePublished":"2026-09-02T14:53:56+00:00","mainEntityOfPage":{"@id":"https:\/\/fmpatagoniamadryn.com.ar\/?p=26207"},"wordCount":506,"publisher":{"@id":"https:\/\/fmpatagoniamadryn.com.ar\/#organization"},"image":{"@id":"https:\/\/fmpatagoniamadryn.com.ar\/?p=26207#primaryimage"},"thumbnailUrl":"https:\/\/fmpatagoniamadryn.com.ar\/wp-content\/uploads\/2026\/09\/87af4897-6b53-48b9-ad7b-c0f2611fc069.jpg","keywords":["arboles nativos","plantacion"],"articleSection":["Sociedad"],"inLanguage":"es"},{"@type":"WebPage","@id":"https:\/\/fmpatagoniamadryn.com.ar\/?p=26207","url":"https:\/\/fmpatagoniamadryn.com.ar\/?p=26207","name":"Se plantar\u00e1n m\u00e1s de 100 mil \u00e1rboles nativos en \u00e1reas afectadas por incendios en Chubut - FM Patagonia Madryn","isPartOf":{"@id":"https:\/\/fmpatagoniamadryn.com.ar\/#website"},"primaryImageOfPage":{"@id":"https:\/\/fmpatagoniamadryn.com.ar\/?p=26207#primaryimage"},"image":{"@id":"https:\/\/fmpatagoniamadryn.com.ar\/?p=26207#primaryimage"},"thumbnailUrl":"https:\/\/fmpatagoniamadryn.com.ar\/wp-content\/uploads\/2026\/09\/87af4897-6b53-48b9-ad7b-c0f2611fc069.jpg","datePublished":"2026-09-02T14:53:56+00:00","breadcrumb":{"@id":"https:\/\/fmpatagoniamadryn.com.ar\/?p=26207#breadcrumb"},"inLanguage":"es","potentialAction":[{"@type":"ReadAction","target":["https:\/\/fmpatagoniamadryn.com.ar\/?p=26207"]}]},{"@type":"ImageObject","inLanguage":"es","@id":"https:\/\/fmpatagoniamadryn.com.ar\/?p=26207#primaryimage","url":"https:\/\/fmpatagoniamadryn.com.ar\/wp-content\/uploads\/2026\/09\/87af4897-6b53-48b9-ad7b-c0f2611fc069.jpg","contentUrl":"https:\/\/fmpatagoniamadryn.com.ar\/wp-content\/uploads\/2026\/09\/87af4897-6b53-48b9-ad7b-c0f2611fc069.jpg","width":1024,"height":768},{"@type":"BreadcrumbList","@id":"https:\/\/fmpatagoniamadryn.com.ar\/?p=26207#breadcrumb","itemListElement":[{"@type":"ListItem","position":1,"name":"Portada","item":"https:\/\/fmpatagoniamadryn.com.ar\/"},{"@type":"ListItem","position":2,"name":"Se plantar\u00e1n m\u00e1s de 100 mil \u00e1rboles nativos en \u00e1reas afectadas por incendios en Chubut"}]},{"@type":"WebSite","@id":"https:\/\/fmpatagoniamadryn.com.ar\/#website","url":"https:\/\/fmpatagoniamadryn.com.ar\/","name":"FM Patagonia Madryn","description":"Radio Patagonia 105.5","publisher":{"@id":"https:\/\/fmpatagoniamadryn.com.ar\/#organization"},"potentialAction":[{"@type":"SearchAction","target":{"@type":"EntryPoint","urlTemplate":"https:\/\/fmpatagoniamadryn.com.ar\/?s={search_term_string}"},"query-input":{"@type":"PropertyValueSpecification","valueRequired":true,"valueName":"search_term_string"}}],"inLanguage":"es"},{"@type":"Organization","@id":"https:\/\/fmpatagoniamadryn.com.ar\/#organization","name":"FM Patagonia Madryn","url":"https:\/\/fmpatagoniamadryn.com.ar\/","logo":{"@type":"ImageObject","inLanguage":"es","@id":"https:\/\/fmpatagoniamadryn.com.ar\/#\/schema\/logo\/image\/","url":"https:\/\/fmpatagoniamadryn.com.ar\/wp-content\/uploads\/2023\/01\/cropped-Diseno-sin-titulo.png","contentUrl":"https:\/\/fmpatagoniamadryn.com.ar\/wp-content\/uploads\/2023\/01\/cropped-Diseno-sin-titulo.png","width":6911,"height":2657,"caption":"FM Patagonia Madryn"},"image":{"@id":"https:\/\/fmpatagoniamadryn.com.ar\/#\/schema\/logo\/image\/"}},{"@type":"Person","@id":"https:\/\/fmpatagoniamadryn.com.ar\/#\/schema\/person\/97b1d30cb2ae311544a88a5201700571","name":"FM Patagonia","url":"https:\/\/fmpatagoniamadryn.com.ar\/?author=4"}]}},"jetpack_featured_media_url":"https:\/\/fmpatagoniamadryn.com.ar\/wp-content\/uploads\/2026\/09\/87af4897-6b53-48b9-ad7b-c0f2611fc069.jpg","_links":{"self":[{"href":"https:\/\/fmpatagoniamadryn.com.ar\/index.php?rest_route=\/wp\/v2\/posts\/26207","targetHints":{"allow":["GET"]}}],"collection":[{"href":"https:\/\/fmpatagoniamadryn.com.ar\/index.php?rest_route=\/wp\/v2\/posts"}],"about":[{"href":"https:\/\/fmpatagoniamadryn.com.ar\/index.php?rest_route=\/wp\/v2\/types\/post"}],"author":[{"embeddable":true,"href":"https:\/\/fmpatagoniamadryn.com.ar\/index.php?rest_route=\/wp\/v2\/users\/4"}],"replies":[{"embeddable":true,"href":"https:\/\/fmpatagoniamadryn.com.ar\/index.php?rest_route=%2Fwp%2Fv2%2Fcomments&post=26207"}],"version-history":[{"count":1,"href":"https:\/\/fmpatagoniamadryn.com.ar\/index.php?rest_route=\/wp\/v2\/posts\/26207\/revisions"}],"predecessor-version":[{"id":26208,"href":"https:\/\/fmpatagoniamadryn.com.ar\/index.php?rest_route=\/wp\/v2\/posts\/26207\/revisions\/26208"}],"wp:featuredmedia":[{"embeddable":true,"href":"https:\/\/fmpatagoniamadryn.com.ar\/index.php?rest_route=\/wp\/v2\/media\/26206"}],"wp:attachment":[{"href":"https:\/\/fmpatagoniamadryn.com.ar\/index.php?rest_route=%2Fwp%2Fv2%2Fmedia&parent=26207"}],"wp:term":[{"taxonomy":"category","embeddable":true,"href":"https:\/\/fmpatagoniamadryn.com.ar\/index.php?rest_route=%2Fwp%2Fv2%2Fcategories&post=26207"},{"taxonomy":"post_tag","embeddable":true,"href":"https:\/\/fmpatagoniamadryn.com.ar\/index.php?rest_route=%2Fwp%2Fv2%2Ftags&post=26207"}],"curies":[{"name":"wp","href":"https:\/\/api.w.org\/{rel}","templated":true}]}}