{"id":26210,"date":"2026-09-02T13:30:00","date_gmt":"2026-09-02T16:30:00","guid":{"rendered":"https:\/\/fmpatagoniamadryn.com.ar\/?p=26210"},"modified":"2026-09-02T11:56:33","modified_gmt":"2026-09-02T14:56:33","slug":"mes-de-la-prevencion-del-suicidio-chubut-realizara-actividades-y-capacitaciones-en-toda-la-provincia","status":"publish","type":"post","link":"https:\/\/fmpatagoniamadryn.com.ar\/?p=26210","title":{"rendered":"Mes de la Prevenci\u00f3n del Suicidio: Chubut realizar\u00e1 actividades y capacitaciones en toda la provincia"},"content":{"rendered":"\n<p class=\"wp-block-paragraph\">En el marco del Mes de la Prevenci\u00f3n del Suicidio, el Gobierno del Chubut, a trav\u00e9s de distintas \u00e1reas provinciales, llevar\u00e1 adelante durante septiembre una agenda integral de actividades, capacitaciones y acciones de sensibilizaci\u00f3n destinadas a fortalecer las herramientas de prevenci\u00f3n y abordaje de situaciones relacionadas con la salud mental.<\/p>\n\n\n\n<p class=\"wp-block-paragraph\">En una reuni\u00f3n de trabajo realizada este martes en Rawson, la ministra de Desarrollo Humano, Florencia Papaiani; el ministro de Educaci\u00f3n, Jos\u00e9 Luis Punta; el ministro de Gobierno, Victoriano Eraso Parodi; la secretaria general de Gobierno, Macarena Acuipil; y representantes de las \u00e1reas de Salud y Chubut Deportes avanzaron en la definici\u00f3n del cronograma de actividades que se llevaran a cabo durante septiembre.<\/p>\n\n\n\n<p class=\"wp-block-paragraph\">Las iniciativas forman parte del trabajo preventivo que impulsa la gesti\u00f3n provincial y contemplan instancias destinadas a agentes estatales, referentes de clubes e instituciones deportivas y personas que trabajan diariamente con ni\u00f1os y adolescentes.<\/p>\n\n\n\n<p class=\"wp-block-paragraph\">La agenda incluir\u00e1 capacitaciones en Trelew, Rawson, Comodoro Rivadavia, Esquel y Puerto Madryn, adem\u00e1s de una actividad encabezada por Gast\u00f3n Pauls en la ciudad petrolera y la puesta en marcha de una formaci\u00f3n obligatoria para trabajadores de distintos organismos del Estado Provincial.<\/p>\n\n\n\n<h2 class=\"wp-block-heading\"><em>Salud mental en ni\u00f1os y adolescentes<\/em><\/h2>\n\n\n\n<p class=\"wp-block-paragraph\">Una de las principales propuestas ser\u00e1 desarrollada por la Fundaci\u00f3n INECO, en colaboraci\u00f3n con Chubut Deportes, y estar\u00e1 orientada a la prevenci\u00f3n, detecci\u00f3n y abordaje de situaciones relacionadas con la salud mental de ni\u00f1os y adolescentes en \u00e1mbitos deportivos.<\/p>\n\n\n\n<p class=\"wp-block-paragraph\">El ciclo buscar\u00e1 fortalecer las capacidades de quienes trabajan cotidianamente con las infancias y adolescencias, brind\u00e1ndoles conocimientos y recursos pr\u00e1cticos para generar entornos deportivos seguros y protectores, reconocer tempranamente se\u00f1ales de alerta y actuar adecuadamente ante situaciones que requieran intervenci\u00f3n o derivaci\u00f3n.<\/p>\n\n\n\n<p class=\"wp-block-paragraph\">Los contenidos estar\u00e1n organizados en torno a tres ejes centrales: sensibilizaci\u00f3n, mecanismos de prevenci\u00f3n y detecci\u00f3n temprana.<\/p>\n\n\n\n<p class=\"wp-block-paragraph\">La primera capacitaci\u00f3n presencial se realizar\u00e1 el martes 15 de septiembre y estar\u00e1 destinada a participantes de Trelew, Rawson y zonas aleda\u00f1as. El mi\u00e9rcoles 16 habr\u00e1 una segunda instancia presencial en Comodoro Rivadavia, mientras que el viernes 18 se desarrollar\u00e1 una capacitaci\u00f3n virtual para Esquel y el martes 22 se har\u00e1 lo propio con Puerto Madryn.<\/p>\n\n\n\n<h2 class=\"wp-block-heading\"><em>Charla de Gast\u00f3n Pauls en Comodoro Rivadavia<\/em><\/h2>\n\n\n\n<p class=\"wp-block-paragraph\">La agenda comenzar\u00e1 el 3 de septiembre en Comodoro Rivadavia, con una charla del actor y conductor Gast\u00f3n Pauls, vinculada a la prevenci\u00f3n de las adicciones.<\/p>\n\n\n\n<p class=\"wp-block-paragraph\">En el marco de esa actividad, la Secretar\u00eda de Salud del Chubut firmar\u00e1 un convenio de cooperaci\u00f3n con La Casa de Cultura de la Calle, una ONG dedicada a la prevenci\u00f3n de adicciones y consumos problem\u00e1ticos y el cuidado de la salud mental. El acuerdo plantea asumir esta problem\u00e1tica como una prioridad p\u00fablica, que requiere compromiso pol\u00edtico, continuidad en el tiempo y articulaci\u00f3n entre los distintos niveles del Estado y la sociedad civil.<\/p>\n\n\n\n<p class=\"wp-block-paragraph\">La iniciativa se suma a las distintas acciones planificadas desde la Direcci\u00f3n Provincial de Salud Mental y Adicciones para reforzar la prevenci\u00f3n y avanzar en un abordaje integral de las problem\u00e1ticas vinculadas a la salud mental.<\/p>\n\n\n\n<h2 class=\"wp-block-heading\"><em>Capacitaci\u00f3n obligatoria para agentes estatales<\/em><\/h2>\n\n\n\n<p class=\"wp-block-paragraph\">Otra de las acciones previstas ser\u00e1 la puesta en marcha de un plan de capacitaci\u00f3n sobre abordaje de emergencias en salud mental para empleados estatales provinciales de diferentes organismos. La iniciativa dar\u00e1 cumplimiento a la Ley Provincial I N\u00b0 841 y tendr\u00e1 como objetivo brindar herramientas a aquellos trabajadores que, por las caracter\u00edsticas de sus funciones, pueden convertirse en el primer punto de contacto con una persona que atraviesa una crisis.<\/p>\n\n\n\n<p class=\"wp-block-paragraph\">En una primera etapa estar\u00e1 dirigida a personal de mesas de entrada de hospitales, integrantes de la Polic\u00eda y Bomberos Voluntarios, entre otros actores. La formaci\u00f3n ser\u00e1 online, asincr\u00f3nica y obligatoria, y abordar\u00e1 aspectos vinculados con la prevenci\u00f3n, intervenci\u00f3n y asistencia ante emergencias de salud mental. En una segunda etapa se prev\u00e9 ampliar el alcance de la capacitaci\u00f3n a personal de municipios, clubes y otras instituciones que mantienen contacto cotidiano con ni\u00f1os y adolescentes.<\/p>\n\n\n\n<p class=\"wp-block-paragraph\">En ese marco, el viernes 25 de septiembre se realizar\u00e1n en la Legislatura del Chubut las Jornadas Provinciales de Salud Mental. Convocadas por la Direcci\u00f3n Provincial de Salud Mental Comunitaria, reunir\u00e1n a representantes de las cuatro \u00e1reas program\u00e1ticas con tres prop\u00f3sitos: reconstruir el mapa actualizado de la red provincial, poner en com\u00fan las modalidades de trabajo de cada territorio, y elaborar de manera participativa la agenda provincial de salud mental para el a\u00f1o 2027.<\/p>\n","protected":false},"excerpt":{"rendered":"<p>Durante septiembre, el Gobierno del Chubut desarrollar\u00e1 una agenda de acciones orientadas a fortalecer la prevenci\u00f3n, la detecci\u00f3n temprana y el abordaje de situaciones vinculadas a la salud mental. Las propuestas alcanzar\u00e1n a trabajadores estatales, referentes deportivos y personas que trabajan con ni\u00f1os y adolescentes, e incluir\u00e1n actividades presenciales y virtuales en distintos puntos de la provincia.<\/p>\n","protected":false},"author":4,"featured_media":26209,"comment_status":"closed","ping_status":"closed","sticky":false,"template":"","format":"standard","meta":{"footnotes":""},"categories":[14],"tags":[631],"class_list":["post-26210","post","type-post","status-publish","format-standard","has-post-thumbnail","hentry","category-provinciales","tag-mes-de-la-prevencion-del-suicidio"],"yoast_head":"<!-- This site is optimized with the Yoast SEO plugin v28.4 - https:\/\/yoast.com\/product\/yoast-seo-wordpress\/ -->\n<title>Mes de la Prevenci\u00f3n del Suicidio: Chubut realizar\u00e1 actividades y capacitaciones en toda la provincia - FM Patagonia Madryn<\/title>\n<meta name=\"robots\" content=\"index, follow, max-snippet:-1, max-image-preview:large, max-video-preview:-1\" \/>\n<link rel=\"canonical\" href=\"https:\/\/fmpatagoniamadryn.com.ar\/?p=26210\" \/>\n<meta property=\"og:locale\" content=\"es_ES\" \/>\n<meta property=\"og:type\" content=\"article\" \/>\n<meta property=\"og:title\" content=\"Mes de la Prevenci\u00f3n del Suicidio: Chubut realizar\u00e1 actividades y capacitaciones en toda la provincia - FM Patagonia Madryn\" \/>\n<meta property=\"og:description\" content=\"Durante septiembre, el Gobierno del Chubut desarrollar\u00e1 una agenda de acciones orientadas a fortalecer la prevenci\u00f3n, la detecci\u00f3n temprana y el abordaje de situaciones vinculadas a la salud mental. Las propuestas alcanzar\u00e1n a trabajadores estatales, referentes deportivos y personas que trabajan con ni\u00f1os y adolescentes, e incluir\u00e1n actividades presenciales y virtuales en distintos puntos de la provincia.\" \/>\n<meta property=\"og:url\" content=\"https:\/\/fmpatagoniamadryn.com.ar\/?p=26210\" \/>\n<meta property=\"og:site_name\" content=\"FM Patagonia Madryn\" \/>\n<meta property=\"article:published_time\" content=\"2026-09-02T16:30:00+00:00\" \/>\n<meta property=\"og:image\" content=\"https:\/\/fmpatagoniamadryn.com.ar\/wp-content\/uploads\/2026\/09\/87bbc081-be18-415f-9184-76b66a545fd9.jpg\" \/>\n\t<meta property=\"og:image:width\" content=\"1280\" \/>\n\t<meta property=\"og:image:height\" content=\"762\" \/>\n\t<meta property=\"og:image:type\" content=\"image\/jpeg\" \/>\n<meta name=\"author\" content=\"FM Patagonia\" \/>\n<meta name=\"twitter:card\" content=\"summary_large_image\" \/>\n<meta name=\"twitter:label1\" content=\"Escrito por\" \/>\n\t<meta name=\"twitter:data1\" content=\"FM Patagonia\" \/>\n\t<meta name=\"twitter:label2\" content=\"Tiempo de lectura\" \/>\n\t<meta name=\"twitter:data2\" content=\"4 minutos\" \/>\n<script type=\"application\/ld+json\" class=\"yoast-schema-graph\">{\"@context\":\"https:\\\/\\\/schema.org\",\"@graph\":[{\"@type\":\"Article\",\"@id\":\"https:\\\/\\\/fmpatagoniamadryn.com.ar\\\/?p=26210#article\",\"isPartOf\":{\"@id\":\"https:\\\/\\\/fmpatagoniamadryn.com.ar\\\/?p=26210\"},\"author\":{\"name\":\"FM Patagonia\",\"@id\":\"https:\\\/\\\/fmpatagoniamadryn.com.ar\\\/#\\\/schema\\\/person\\\/97b1d30cb2ae311544a88a5201700571\"},\"headline\":\"Mes de la Prevenci\u00f3n del Suicidio: Chubut realizar\u00e1 actividades y capacitaciones en toda la provincia\",\"datePublished\":\"2026-09-02T16:30:00+00:00\",\"mainEntityOfPage\":{\"@id\":\"https:\\\/\\\/fmpatagoniamadryn.com.ar\\\/?p=26210\"},\"wordCount\":785,\"publisher\":{\"@id\":\"https:\\\/\\\/fmpatagoniamadryn.com.ar\\\/#organization\"},\"image\":{\"@id\":\"https:\\\/\\\/fmpatagoniamadryn.com.ar\\\/?p=26210#primaryimage\"},\"thumbnailUrl\":\"https:\\\/\\\/fmpatagoniamadryn.com.ar\\\/wp-content\\\/uploads\\\/2026\\\/09\\\/87bbc081-be18-415f-9184-76b66a545fd9.jpg\",\"keywords\":[\"mes de la prevencion del suicidio\"],\"articleSection\":[\"Provinciales\"],\"inLanguage\":\"es\"},{\"@type\":\"WebPage\",\"@id\":\"https:\\\/\\\/fmpatagoniamadryn.com.ar\\\/?p=26210\",\"url\":\"https:\\\/\\\/fmpatagoniamadryn.com.ar\\\/?p=26210\",\"name\":\"Mes de la Prevenci\u00f3n del Suicidio: Chubut realizar\u00e1 actividades y capacitaciones en toda la provincia - FM Patagonia Madryn\",\"isPartOf\":{\"@id\":\"https:\\\/\\\/fmpatagoniamadryn.com.ar\\\/#website\"},\"primaryImageOfPage\":{\"@id\":\"https:\\\/\\\/fmpatagoniamadryn.com.ar\\\/?p=26210#primaryimage\"},\"image\":{\"@id\":\"https:\\\/\\\/fmpatagoniamadryn.com.ar\\\/?p=26210#primaryimage\"},\"thumbnailUrl\":\"https:\\\/\\\/fmpatagoniamadryn.com.ar\\\/wp-content\\\/uploads\\\/2026\\\/09\\\/87bbc081-be18-415f-9184-76b66a545fd9.jpg\",\"datePublished\":\"2026-09-02T16:30:00+00:00\",\"breadcrumb\":{\"@id\":\"https:\\\/\\\/fmpatagoniamadryn.com.ar\\\/?p=26210#breadcrumb\"},\"inLanguage\":\"es\",\"potentialAction\":[{\"@type\":\"ReadAction\",\"target\":[\"https:\\\/\\\/fmpatagoniamadryn.com.ar\\\/?p=26210\"]}]},{\"@type\":\"ImageObject\",\"inLanguage\":\"es\",\"@id\":\"https:\\\/\\\/fmpatagoniamadryn.com.ar\\\/?p=26210#primaryimage\",\"url\":\"https:\\\/\\\/fmpatagoniamadryn.com.ar\\\/wp-content\\\/uploads\\\/2026\\\/09\\\/87bbc081-be18-415f-9184-76b66a545fd9.jpg\",\"contentUrl\":\"https:\\\/\\\/fmpatagoniamadryn.com.ar\\\/wp-content\\\/uploads\\\/2026\\\/09\\\/87bbc081-be18-415f-9184-76b66a545fd9.jpg\",\"width\":1280,\"height\":762},{\"@type\":\"BreadcrumbList\",\"@id\":\"https:\\\/\\\/fmpatagoniamadryn.com.ar\\\/?p=26210#breadcrumb\",\"itemListElement\":[{\"@type\":\"ListItem\",\"position\":1,\"name\":\"Portada\",\"item\":\"https:\\\/\\\/fmpatagoniamadryn.com.ar\\\/\"},{\"@type\":\"ListItem\",\"position\":2,\"name\":\"Mes de la Prevenci\u00f3n del Suicidio: Chubut realizar\u00e1 actividades y capacitaciones en toda la provincia\"}]},{\"@type\":\"WebSite\",\"@id\":\"https:\\\/\\\/fmpatagoniamadryn.com.ar\\\/#website\",\"url\":\"https:\\\/\\\/fmpatagoniamadryn.com.ar\\\/\",\"name\":\"FM Patagonia Madryn\",\"description\":\"Radio Patagonia 105.5\",\"publisher\":{\"@id\":\"https:\\\/\\\/fmpatagoniamadryn.com.ar\\\/#organization\"},\"potentialAction\":[{\"@type\":\"SearchAction\",\"target\":{\"@type\":\"EntryPoint\",\"urlTemplate\":\"https:\\\/\\\/fmpatagoniamadryn.com.ar\\\/?s={search_term_string}\"},\"query-input\":{\"@type\":\"PropertyValueSpecification\",\"valueRequired\":true,\"valueName\":\"search_term_string\"}}],\"inLanguage\":\"es\"},{\"@type\":\"Organization\",\"@id\":\"https:\\\/\\\/fmpatagoniamadryn.com.ar\\\/#organization\",\"name\":\"FM Patagonia Madryn\",\"url\":\"https:\\\/\\\/fmpatagoniamadryn.com.ar\\\/\",\"logo\":{\"@type\":\"ImageObject\",\"inLanguage\":\"es\",\"@id\":\"https:\\\/\\\/fmpatagoniamadryn.com.ar\\\/#\\\/schema\\\/logo\\\/image\\\/\",\"url\":\"https:\\\/\\\/fmpatagoniamadryn.com.ar\\\/wp-content\\\/uploads\\\/2023\\\/01\\\/cropped-Diseno-sin-titulo.png\",\"contentUrl\":\"https:\\\/\\\/fmpatagoniamadryn.com.ar\\\/wp-content\\\/uploads\\\/2023\\\/01\\\/cropped-Diseno-sin-titulo.png\",\"width\":6911,\"height\":2657,\"caption\":\"FM Patagonia Madryn\"},\"image\":{\"@id\":\"https:\\\/\\\/fmpatagoniamadryn.com.ar\\\/#\\\/schema\\\/logo\\\/image\\\/\"}},{\"@type\":\"Person\",\"@id\":\"https:\\\/\\\/fmpatagoniamadryn.com.ar\\\/#\\\/schema\\\/person\\\/97b1d30cb2ae311544a88a5201700571\",\"name\":\"FM Patagonia\",\"url\":\"https:\\\/\\\/fmpatagoniamadryn.com.ar\\\/?author=4\"}]}<\/script>\n<!-- \/ Yoast SEO plugin. -->","yoast_head_json":{"title":"Mes de la Prevenci\u00f3n del Suicidio: Chubut realizar\u00e1 actividades y capacitaciones en toda la provincia - FM Patagonia Madryn","robots":{"index":"index","follow":"follow","max-snippet":"max-snippet:-1","max-image-preview":"max-image-preview:large","max-video-preview":"max-video-preview:-1"},"canonical":"https:\/\/fmpatagoniamadryn.com.ar\/?p=26210","og_locale":"es_ES","og_type":"article","og_title":"Mes de la Prevenci\u00f3n del Suicidio: Chubut realizar\u00e1 actividades y capacitaciones en toda la provincia - FM Patagonia Madryn","og_description":"Durante septiembre, el Gobierno del Chubut desarrollar\u00e1 una agenda de acciones orientadas a fortalecer la prevenci\u00f3n, la detecci\u00f3n temprana y el abordaje de situaciones vinculadas a la salud mental. Las propuestas alcanzar\u00e1n a trabajadores estatales, referentes deportivos y personas que trabajan con ni\u00f1os y adolescentes, e incluir\u00e1n actividades presenciales y virtuales en distintos puntos de la provincia.","og_url":"https:\/\/fmpatagoniamadryn.com.ar\/?p=26210","og_site_name":"FM Patagonia Madryn","article_published_time":"2026-09-02T16:30:00+00:00","og_image":[{"width":1280,"height":762,"url":"https:\/\/fmpatagoniamadryn.com.ar\/wp-content\/uploads\/2026\/09\/87bbc081-be18-415f-9184-76b66a545fd9.jpg","type":"image\/jpeg"}],"author":"FM Patagonia","twitter_card":"summary_large_image","twitter_misc":{"Escrito por":"FM Patagonia","Tiempo de lectura":"4 minutos"},"schema":{"@context":"https:\/\/schema.org","@graph":[{"@type":"Article","@id":"https:\/\/fmpatagoniamadryn.com.ar\/?p=26210#article","isPartOf":{"@id":"https:\/\/fmpatagoniamadryn.com.ar\/?p=26210"},"author":{"name":"FM Patagonia","@id":"https:\/\/fmpatagoniamadryn.com.ar\/#\/schema\/person\/97b1d30cb2ae311544a88a5201700571"},"headline":"Mes de la Prevenci\u00f3n del Suicidio: Chubut realizar\u00e1 actividades y capacitaciones en toda la provincia","datePublished":"2026-09-02T16:30:00+00:00","mainEntityOfPage":{"@id":"https:\/\/fmpatagoniamadryn.com.ar\/?p=26210"},"wordCount":785,"publisher":{"@id":"https:\/\/fmpatagoniamadryn.com.ar\/#organization"},"image":{"@id":"https:\/\/fmpatagoniamadryn.com.ar\/?p=26210#primaryimage"},"thumbnailUrl":"https:\/\/fmpatagoniamadryn.com.ar\/wp-content\/uploads\/2026\/09\/87bbc081-be18-415f-9184-76b66a545fd9.jpg","keywords":["mes de la prevencion del suicidio"],"articleSection":["Provinciales"],"inLanguage":"es"},{"@type":"WebPage","@id":"https:\/\/fmpatagoniamadryn.com.ar\/?p=26210","url":"https:\/\/fmpatagoniamadryn.com.ar\/?p=26210","name":"Mes de la Prevenci\u00f3n del Suicidio: Chubut realizar\u00e1 actividades y capacitaciones en toda la provincia - FM Patagonia Madryn","isPartOf":{"@id":"https:\/\/fmpatagoniamadryn.com.ar\/#website"},"primaryImageOfPage":{"@id":"https:\/\/fmpatagoniamadryn.com.ar\/?p=26210#primaryimage"},"image":{"@id":"https:\/\/fmpatagoniamadryn.com.ar\/?p=26210#primaryimage"},"thumbnailUrl":"https:\/\/fmpatagoniamadryn.com.ar\/wp-content\/uploads\/2026\/09\/87bbc081-be18-415f-9184-76b66a545fd9.jpg","datePublished":"2026-09-02T16:30:00+00:00","breadcrumb":{"@id":"https:\/\/fmpatagoniamadryn.com.ar\/?p=26210#breadcrumb"},"inLanguage":"es","potentialAction":[{"@type":"ReadAction","target":["https:\/\/fmpatagoniamadryn.com.ar\/?p=26210"]}]},{"@type":"ImageObject","inLanguage":"es","@id":"https:\/\/fmpatagoniamadryn.com.ar\/?p=26210#primaryimage","url":"https:\/\/fmpatagoniamadryn.com.ar\/wp-content\/uploads\/2026\/09\/87bbc081-be18-415f-9184-76b66a545fd9.jpg","contentUrl":"https:\/\/fmpatagoniamadryn.com.ar\/wp-content\/uploads\/2026\/09\/87bbc081-be18-415f-9184-76b66a545fd9.jpg","width":1280,"height":762},{"@type":"BreadcrumbList","@id":"https:\/\/fmpatagoniamadryn.com.ar\/?p=26210#breadcrumb","itemListElement":[{"@type":"ListItem","position":1,"name":"Portada","item":"https:\/\/fmpatagoniamadryn.com.ar\/"},{"@type":"ListItem","position":2,"name":"Mes de la Prevenci\u00f3n del Suicidio: Chubut realizar\u00e1 actividades y capacitaciones en toda la provincia"}]},{"@type":"WebSite","@id":"https:\/\/fmpatagoniamadryn.com.ar\/#website","url":"https:\/\/fmpatagoniamadryn.com.ar\/","name":"FM Patagonia Madryn","description":"Radio Patagonia 105.5","publisher":{"@id":"https:\/\/fmpatagoniamadryn.com.ar\/#organization"},"potentialAction":[{"@type":"SearchAction","target":{"@type":"EntryPoint","urlTemplate":"https:\/\/fmpatagoniamadryn.com.ar\/?s={search_term_string}"},"query-input":{"@type":"PropertyValueSpecification","valueRequired":true,"valueName":"search_term_string"}}],"inLanguage":"es"},{"@type":"Organization","@id":"https:\/\/fmpatagoniamadryn.com.ar\/#organization","name":"FM Patagonia Madryn","url":"https:\/\/fmpatagoniamadryn.com.ar\/","logo":{"@type":"ImageObject","inLanguage":"es","@id":"https:\/\/fmpatagoniamadryn.com.ar\/#\/schema\/logo\/image\/","url":"https:\/\/fmpatagoniamadryn.com.ar\/wp-content\/uploads\/2023\/01\/cropped-Diseno-sin-titulo.png","contentUrl":"https:\/\/fmpatagoniamadryn.com.ar\/wp-content\/uploads\/2023\/01\/cropped-Diseno-sin-titulo.png","width":6911,"height":2657,"caption":"FM Patagonia Madryn"},"image":{"@id":"https:\/\/fmpatagoniamadryn.com.ar\/#\/schema\/logo\/image\/"}},{"@type":"Person","@id":"https:\/\/fmpatagoniamadryn.com.ar\/#\/schema\/person\/97b1d30cb2ae311544a88a5201700571","name":"FM Patagonia","url":"https:\/\/fmpatagoniamadryn.com.ar\/?author=4"}]}},"jetpack_featured_media_url":"https:\/\/fmpatagoniamadryn.com.ar\/wp-content\/uploads\/2026\/09\/87bbc081-be18-415f-9184-76b66a545fd9.jpg","_links":{"self":[{"href":"https:\/\/fmpatagoniamadryn.com.ar\/index.php?rest_route=\/wp\/v2\/posts\/26210","targetHints":{"allow":["GET"]}}],"collection":[{"href":"https:\/\/fmpatagoniamadryn.com.ar\/index.php?rest_route=\/wp\/v2\/posts"}],"about":[{"href":"https:\/\/fmpatagoniamadryn.com.ar\/index.php?rest_route=\/wp\/v2\/types\/post"}],"author":[{"embeddable":true,"href":"https:\/\/fmpatagoniamadryn.com.ar\/index.php?rest_route=\/wp\/v2\/users\/4"}],"replies":[{"embeddable":true,"href":"https:\/\/fmpatagoniamadryn.com.ar\/index.php?rest_route=%2Fwp%2Fv2%2Fcomments&post=26210"}],"version-history":[{"count":1,"href":"https:\/\/fmpatagoniamadryn.com.ar\/index.php?rest_route=\/wp\/v2\/posts\/26210\/revisions"}],"predecessor-version":[{"id":26211,"href":"https:\/\/fmpatagoniamadryn.com.ar\/index.php?rest_route=\/wp\/v2\/posts\/26210\/revisions\/26211"}],"wp:featuredmedia":[{"embeddable":true,"href":"https:\/\/fmpatagoniamadryn.com.ar\/index.php?rest_route=\/wp\/v2\/media\/26209"}],"wp:attachment":[{"href":"https:\/\/fmpatagoniamadryn.com.ar\/index.php?rest_route=%2Fwp%2Fv2%2Fmedia&parent=26210"}],"wp:term":[{"taxonomy":"category","embeddable":true,"href":"https:\/\/fmpatagoniamadryn.com.ar\/index.php?rest_route=%2Fwp%2Fv2%2Fcategories&post=26210"},{"taxonomy":"post_tag","embeddable":true,"href":"https:\/\/fmpatagoniamadryn.com.ar\/index.php?rest_route=%2Fwp%2Fv2%2Ftags&post=26210"}],"curies":[{"name":"wp","href":"https:\/\/api.w.org\/{rel}","templated":true}]}}