{"id":26213,"date":"2026-09-02T14:15:00","date_gmt":"2026-09-02T17:15:00","guid":{"rendered":"https:\/\/fmpatagoniamadryn.com.ar\/?p=26213"},"modified":"2026-09-02T12:01:34","modified_gmt":"2026-09-02T15:01:34","slug":"dale-perez-a-la-prevencion-lanzan-un-concurso-para-promover-la-prevencion-del-vih-entre-estudiantes-de-puerto-madryn","status":"publish","type":"post","link":"https:\/\/fmpatagoniamadryn.com.ar\/?p=26213","title":{"rendered":"\u201cDale P\u00e9rez a la Prevenci\u00f3n\u201d: lanzan un concurso para promover la prevenci\u00f3n del VIH entre estudiantes de Puerto Madryn"},"content":{"rendered":"\n<p class=\"p3 wp-block-paragraph\"><\/p>\n\n\n\n<p class=\"p3 wp-block-paragraph\"><\/p>\n\n\n\n<h2 class=\"wp-block-heading\"><strong>Los estudiantes ser\u00e1n protagonistas<\/strong><\/h2>\n\n\n\n<p class=\"p3 wp-block-paragraph\">La propuesta busca que los propios j\u00f3venes sean quienes generen contenidos destinados a sus pares. Para participar, cada curso deber\u00e1 contar con un docente o tutor que lo represente y acompa\u00f1e durante el proceso.<\/p>\n\n\n\n<p class=\"p3 wp-block-paragraph\">Los estudiantes deber\u00e1n elaborar un <strong>video vertical, tipo reel, de una duraci\u00f3n m\u00e1xima de dos minutos<\/strong>, en el que aborden distintos aspectos vinculados a la prevenci\u00f3n combinada del VIH.<\/p>\n\n\n\n<p class=\"p3 wp-block-paragraph\">La iniciativa apunta a que la informaci\u00f3n no quede solamente dentro del aula, sino que pueda ser replicada entre compa\u00f1eros, amigos y familiares.<\/p>\n\n\n\n<p class=\"p3 wp-block-paragraph\">\u201cQueremos que los estudiantes sean los protagonistas de esta prevenci\u00f3n, que sean ellos mismos los que generen este canal de comunicaci\u00f3n entre pares\u201d, explicaron durante la presentaci\u00f3n.<\/p>\n\n\n\n<h2 class=\"wp-block-heading\"><strong>\u00bfQu\u00e9 es la prevenci\u00f3n combinada?<\/strong><\/h2>\n\n\n\n<p class=\"p3 wp-block-paragraph\">Desde el equipo de salud remarcaron que actualmente la prevenci\u00f3n del VIH no se limita \u00fanicamente al uso del preservativo y a la educaci\u00f3n sexual, sino que contempla diferentes estrategias.<\/p>\n\n\n\n<p class=\"p3 wp-block-paragraph\">Entre ellas se encuentran el acceso a informaci\u00f3n confiable, el testeo y tratamiento de las infecciones de transmisi\u00f3n sexual, la vacunaci\u00f3n y las estrategias espec\u00edficas de prevenci\u00f3n del VIH, como la <strong>profilaxis preexposici\u00f3n (PrEP)<\/strong> y la <strong>profilaxis postexposici\u00f3n (PEP)<\/strong>.<\/p>\n\n\n\n<p class=\"p3 wp-block-paragraph\">Tambi\u00e9n destacaron la importancia del diagn\u00f3stico y tratamiento del VIH. Una persona que recibe tratamiento y alcanza una <strong>carga viral indetectable no transmite el VIH por v\u00eda sexual<\/strong>, concepto conocido como <strong>indetectable = intransmisible (I=I)<\/strong>.<\/p>\n\n\n\n<p class=\"p3 wp-block-paragraph\">En cuanto a las vacunas, se\u00f1alaron que la inmunizaci\u00f3n contra hepatitis B permite prevenir esa infecci\u00f3n, mientras que la vacuna contra el virus del papiloma humano (VPH) contribuye a prevenir infecciones por este virus y enfermedades asociadas, entre ellas algunos tipos de c\u00e1ncer y verrugas genitales. Tambi\u00e9n se mencion\u00f3 la vacunaci\u00f3n contra hepatitis A.<\/p>\n\n\n\n<p class=\"p3 wp-block-paragraph\">El equipo de salud hizo hincapi\u00e9 adem\u00e1s en que la informaci\u00f3n permite combatir el estigma y la discriminaci\u00f3n asociados al VIH, que pueden convertirse en barreras para acceder al testeo y a la atenci\u00f3n sanitaria.<\/p>\n\n\n\n<h2 class=\"wp-block-heading\"><strong>Capacitaci\u00f3n para los docentes<\/strong><\/h2>\n\n\n\n<p class=\"p3 wp-block-paragraph\">El docente o tutor que represente al curso deber\u00e1 inscribirse previamente y ser\u00e1 quien mantenga el contacto con la organizaci\u00f3n.<\/p>\n\n\n\n<p class=\"p3 wp-block-paragraph\">Adem\u00e1s, los docentes participantes recibir\u00e1n una capacitaci\u00f3n virtual el <strong>28 de septiembre<\/strong>, con dos turnos disponibles, uno por la ma\u00f1ana y otro por la tarde.<\/p>\n\n\n\n<p class=\"p3 wp-block-paragraph\">Durante la capacitaci\u00f3n se abordar\u00e1n conceptos relacionados con el VIH, las formas de prevenci\u00f3n y, especialmente, la prevenci\u00f3n combinada. Tambi\u00e9n se brindar\u00e1n herramientas para orientar a los estudiantes en la b\u00fasqueda de informaci\u00f3n y promover que utilicen fuentes oficiales y confiables.<\/p>\n\n\n\n<h2 class=\"wp-block-heading\"><strong>Cu\u00e1ndo y c\u00f3mo inscribirse<\/strong><\/h2>\n\n\n\n<p class=\"p3 wp-block-paragraph\">Las inscripciones estar\u00e1n abiertas <strong>del 8 al 18 de septiembre<\/strong>.<\/p>\n\n\n\n<p class=\"p3 wp-block-paragraph\">Para participar, los estudiantes deber\u00e1n buscar un docente o tutor que quiera representar al curso. Ser\u00e1 ese docente quien complete el formulario de inscripci\u00f3n mediante el c\u00f3digo QR difundido por los organizadores.<\/p>\n\n\n\n<p class=\"p3 wp-block-paragraph\">Una vez realizada la inscripci\u00f3n, el equipo organizador se pondr\u00e1 en contacto con el docente para brindarle el proyecto y la informaci\u00f3n necesaria para avanzar con la propuesta.<\/p>\n\n\n\n<p class=\"p3 wp-block-paragraph\">Adem\u00e1s, ser\u00e1 necesario contar con un <strong>consentimiento informado<\/strong> para autorizar el uso y difusi\u00f3n de las im\u00e1genes y contenidos producidos por los estudiantes en medios y canales oficiales.<\/p>\n\n\n\n<h2 class=\"wp-block-heading\"><strong>La entrega de los reels ser\u00e1 en noviembre<\/strong><\/h2>\n\n\n\n<p class=\"p3 wp-block-paragraph\">Los videos podr\u00e1n ser presentados entre el <strong>9 y el 13 de noviembre<\/strong>.<\/p>\n\n\n\n<p class=\"p3 wp-block-paragraph\">Un jurado integrado por representantes de organizaciones no gubernamentales (ONG), la <strong>Subsecretar\u00eda de Salud Municipal<\/strong>, personal de salud, referentes del \u00e1mbito educativo y representantes de los sectores que acompa\u00f1an la iniciativa ser\u00e1 el encargado de evaluar los trabajos.<\/p>\n\n\n\n<p class=\"p4 wp-block-paragraph\">Los criterios de evaluaci\u00f3n ser\u00e1n:<\/p>\n\n\n\n<ul class=\"wp-block-list\">\n<li><strong>30%:<\/strong> rigor y claridad del contenido.<\/li>\n\n\n\n<li><strong>25%:<\/strong> creatividad e innovaci\u00f3n.<\/li>\n\n\n\n<li><strong>20%:<\/strong> impacto del mensaje.<\/li>\n\n\n\n<li><strong>15%:<\/strong> calidad audiovisual.<\/li>\n\n\n\n<li><strong>10%:<\/strong> trabajo en equipo y participaci\u00f3n.<\/li>\n<\/ul>\n\n\n\n<p class=\"p3 wp-block-paragraph\">Los organizadores remarcaron que, adem\u00e1s del premio, los trabajos que cumplan con las condiciones y contenidos establecidos podr\u00e1n ser difundidos, permitiendo que el mensaje llegue a otros j\u00f3venes y a la comunidad.<\/p>\n\n\n\n<h2 class=\"wp-block-heading\"><strong>El premio: camperas y remeras de egresados<\/strong><\/h2>\n\n\n\n<p class=\"p3 wp-block-paragraph\">El curso ganador recibir\u00e1 como premio <strong>camperas y remeras de egresados para todo el curso<\/strong>, mientras que el docente o tutor que haya acompa\u00f1ado el proyecto recibir\u00e1 <strong>una tablet<\/strong>.<\/p>\n\n\n\n<p class=\"p3 wp-block-paragraph\">El ganador ser\u00e1 anunciado el <strong>1\u00b0 de diciembre<\/strong>, en el marco del D\u00eda Mundial de la Lucha contra el VIH\/Sida. El horario del anuncio todav\u00eda no fue confirmado.<\/p>\n\n\n\n<h2 class=\"wp-block-heading\"><strong>El acompa\u00f1amiento del sector empresario<\/strong><\/h2>\n\n\n\n<p class=\"p3 wp-block-paragraph\">Desde el sector empresario destacaron la importancia de acompa\u00f1ar iniciativas vinculadas con la salud y la educaci\u00f3n de los j\u00f3venes.<\/p>\n\n\n\n<p class=\"p3 wp-block-paragraph\">\u201cSi esto es atenci\u00f3n primaria de la salud, es tarea de todos\u201d, se\u00f1alaron desde el sector empresario, al remarcar que el acompa\u00f1amiento no se limita a una empresa, sino que busca involucrar tambi\u00e9n a los integrantes de la <strong>C\u00e1mara Industrial de Puerto Madryn y Patagonia (CIMA)<\/strong>.<\/p>\n\n\n\n<p class=\"p3 wp-block-paragraph\">Tambi\u00e9n destacaron el trabajo que el hospital viene desarrollando junto a empresas de la ciudad mediante capacitaciones, testeos y campa\u00f1as de vacunaci\u00f3n destinadas a trabajadores, y se\u00f1alaron que esta propuesta permite extender ese trabajo hacia los j\u00f3venes y las familias.<\/p>\n\n\n\n<p class=\"p3 wp-block-paragraph\">\u201cTrabajo, salud y educaci\u00f3n, hay que participar. No podemos quedar apartados mirando desde lejos. Es el futuro, son los j\u00f3venes, son los chicos\u201d, expresaron.<\/p>\n\n\n\n<p class=\"p5 wp-block-paragraph\">Desde la organizaci\u00f3n destacaron finalmente el acompa\u00f1amiento de la <strong>Subsecretar\u00eda de Salud de la Provincia<\/strong>, el <strong>Ministerio de Educaci\u00f3n<\/strong>, la direcci\u00f3n del hospital y los sponsors <strong>EISI Sociedad An\u00f3nima y CIMA Patag\u00f3nica<\/strong>, cuyo apoyo permiti\u00f3 concretar una propuesta que, seg\u00fan remarcaron, busca convertir a los propios estudiantes en protagonistas y multiplicadores de informaci\u00f3n sobre prevenci\u00f3n del VIH en Puerto Madryn.<\/p>\n","protected":false},"excerpt":{"rendered":"<p>El Hospital de Puerto Madryn present\u00f3 el concurso \u201cDale P\u00e9rez a la Prevenci\u00f3n\u201d, una propuesta destinada a estudiantes de cuarto a\u00f1o de escuelas secundarias y quinto a\u00f1o de escuelas t\u00e9cnicas de la ciudad, con el objetivo de promover el conocimiento sobre el VIH y las distintas estrategias que forman parte de la denominada prevenci\u00f3n combinada.<\/p>\n","protected":false},"author":4,"featured_media":26212,"comment_status":"closed","ping_status":"closed","sticky":false,"template":"","format":"standard","meta":{"footnotes":""},"categories":[189],"tags":[634,633,632],"class_list":["post-26213","post","type-post","status-publish","format-standard","has-post-thumbnail","hentry","category-salud","tag-estudiantes","tag-prevencion","tag-vih"],"yoast_head":"<!-- This site is optimized with the Yoast SEO plugin v28.4 - https:\/\/yoast.com\/product\/yoast-seo-wordpress\/ -->\n<title>\u201cDale P\u00e9rez a la Prevenci\u00f3n\u201d: lanzan un concurso para promover la prevenci\u00f3n del VIH entre estudiantes de Puerto Madryn - FM Patagonia Madryn<\/title>\n<meta name=\"robots\" content=\"index, follow, max-snippet:-1, max-image-preview:large, max-video-preview:-1\" \/>\n<link rel=\"canonical\" href=\"https:\/\/fmpatagoniamadryn.com.ar\/?p=26213\" \/>\n<meta property=\"og:locale\" content=\"es_ES\" \/>\n<meta property=\"og:type\" content=\"article\" \/>\n<meta property=\"og:title\" content=\"\u201cDale P\u00e9rez a la Prevenci\u00f3n\u201d: lanzan un concurso para promover la prevenci\u00f3n del VIH entre estudiantes de Puerto Madryn - FM Patagonia Madryn\" \/>\n<meta property=\"og:description\" content=\"El Hospital de Puerto Madryn present\u00f3 el concurso \u201cDale P\u00e9rez a la Prevenci\u00f3n\u201d, una propuesta destinada a estudiantes de cuarto a\u00f1o de escuelas secundarias y quinto a\u00f1o de escuelas t\u00e9cnicas de la ciudad, con el objetivo de promover el conocimiento sobre el VIH y las distintas estrategias que forman parte de la denominada prevenci\u00f3n combinada.\" \/>\n<meta property=\"og:url\" content=\"https:\/\/fmpatagoniamadryn.com.ar\/?p=26213\" \/>\n<meta property=\"og:site_name\" content=\"FM Patagonia Madryn\" \/>\n<meta property=\"article:published_time\" content=\"2026-09-02T17:15:00+00:00\" \/>\n<meta property=\"og:image\" content=\"https:\/\/fmpatagoniamadryn.com.ar\/wp-content\/uploads\/2026\/09\/img_8643.jpg\" \/>\n\t<meta property=\"og:image:width\" content=\"1499\" \/>\n\t<meta property=\"og:image:height\" content=\"1000\" \/>\n\t<meta property=\"og:image:type\" content=\"image\/jpeg\" \/>\n<meta name=\"author\" content=\"FM Patagonia\" \/>\n<meta name=\"twitter:card\" content=\"summary_large_image\" \/>\n<meta name=\"twitter:label1\" content=\"Escrito por\" \/>\n\t<meta name=\"twitter:data1\" content=\"FM Patagonia\" \/>\n\t<meta name=\"twitter:label2\" content=\"Tiempo de lectura\" \/>\n\t<meta name=\"twitter:data2\" content=\"5 minutos\" \/>\n<script type=\"application\/ld+json\" class=\"yoast-schema-graph\">{\"@context\":\"https:\\\/\\\/schema.org\",\"@graph\":[{\"@type\":\"Article\",\"@id\":\"https:\\\/\\\/fmpatagoniamadryn.com.ar\\\/?p=26213#article\",\"isPartOf\":{\"@id\":\"https:\\\/\\\/fmpatagoniamadryn.com.ar\\\/?p=26213\"},\"author\":{\"name\":\"FM Patagonia\",\"@id\":\"https:\\\/\\\/fmpatagoniamadryn.com.ar\\\/#\\\/schema\\\/person\\\/97b1d30cb2ae311544a88a5201700571\"},\"headline\":\"\u201cDale P\u00e9rez a la Prevenci\u00f3n\u201d: lanzan un concurso para promover la prevenci\u00f3n del VIH entre estudiantes de Puerto Madryn\",\"datePublished\":\"2026-09-02T17:15:00+00:00\",\"mainEntityOfPage\":{\"@id\":\"https:\\\/\\\/fmpatagoniamadryn.com.ar\\\/?p=26213\"},\"wordCount\":996,\"publisher\":{\"@id\":\"https:\\\/\\\/fmpatagoniamadryn.com.ar\\\/#organization\"},\"image\":{\"@id\":\"https:\\\/\\\/fmpatagoniamadryn.com.ar\\\/?p=26213#primaryimage\"},\"thumbnailUrl\":\"https:\\\/\\\/fmpatagoniamadryn.com.ar\\\/wp-content\\\/uploads\\\/2026\\\/09\\\/img_8643.jpg\",\"keywords\":[\"estudiantes\",\"prevencion\",\"vih\"],\"articleSection\":[\"Salud\"],\"inLanguage\":\"es\"},{\"@type\":\"WebPage\",\"@id\":\"https:\\\/\\\/fmpatagoniamadryn.com.ar\\\/?p=26213\",\"url\":\"https:\\\/\\\/fmpatagoniamadryn.com.ar\\\/?p=26213\",\"name\":\"\u201cDale P\u00e9rez a la Prevenci\u00f3n\u201d: lanzan un concurso para promover la prevenci\u00f3n del VIH entre estudiantes de Puerto Madryn - FM Patagonia Madryn\",\"isPartOf\":{\"@id\":\"https:\\\/\\\/fmpatagoniamadryn.com.ar\\\/#website\"},\"primaryImageOfPage\":{\"@id\":\"https:\\\/\\\/fmpatagoniamadryn.com.ar\\\/?p=26213#primaryimage\"},\"image\":{\"@id\":\"https:\\\/\\\/fmpatagoniamadryn.com.ar\\\/?p=26213#primaryimage\"},\"thumbnailUrl\":\"https:\\\/\\\/fmpatagoniamadryn.com.ar\\\/wp-content\\\/uploads\\\/2026\\\/09\\\/img_8643.jpg\",\"datePublished\":\"2026-09-02T17:15:00+00:00\",\"breadcrumb\":{\"@id\":\"https:\\\/\\\/fmpatagoniamadryn.com.ar\\\/?p=26213#breadcrumb\"},\"inLanguage\":\"es\",\"potentialAction\":[{\"@type\":\"ReadAction\",\"target\":[\"https:\\\/\\\/fmpatagoniamadryn.com.ar\\\/?p=26213\"]}]},{\"@type\":\"ImageObject\",\"inLanguage\":\"es\",\"@id\":\"https:\\\/\\\/fmpatagoniamadryn.com.ar\\\/?p=26213#primaryimage\",\"url\":\"https:\\\/\\\/fmpatagoniamadryn.com.ar\\\/wp-content\\\/uploads\\\/2026\\\/09\\\/img_8643.jpg\",\"contentUrl\":\"https:\\\/\\\/fmpatagoniamadryn.com.ar\\\/wp-content\\\/uploads\\\/2026\\\/09\\\/img_8643.jpg\",\"width\":1499,\"height\":1000},{\"@type\":\"BreadcrumbList\",\"@id\":\"https:\\\/\\\/fmpatagoniamadryn.com.ar\\\/?p=26213#breadcrumb\",\"itemListElement\":[{\"@type\":\"ListItem\",\"position\":1,\"name\":\"Portada\",\"item\":\"https:\\\/\\\/fmpatagoniamadryn.com.ar\\\/\"},{\"@type\":\"ListItem\",\"position\":2,\"name\":\"\u201cDale P\u00e9rez a la Prevenci\u00f3n\u201d: lanzan un concurso para promover la prevenci\u00f3n del VIH entre estudiantes de Puerto Madryn\"}]},{\"@type\":\"WebSite\",\"@id\":\"https:\\\/\\\/fmpatagoniamadryn.com.ar\\\/#website\",\"url\":\"https:\\\/\\\/fmpatagoniamadryn.com.ar\\\/\",\"name\":\"FM Patagonia Madryn\",\"description\":\"Radio Patagonia 105.5\",\"publisher\":{\"@id\":\"https:\\\/\\\/fmpatagoniamadryn.com.ar\\\/#organization\"},\"potentialAction\":[{\"@type\":\"SearchAction\",\"target\":{\"@type\":\"EntryPoint\",\"urlTemplate\":\"https:\\\/\\\/fmpatagoniamadryn.com.ar\\\/?s={search_term_string}\"},\"query-input\":{\"@type\":\"PropertyValueSpecification\",\"valueRequired\":true,\"valueName\":\"search_term_string\"}}],\"inLanguage\":\"es\"},{\"@type\":\"Organization\",\"@id\":\"https:\\\/\\\/fmpatagoniamadryn.com.ar\\\/#organization\",\"name\":\"FM Patagonia Madryn\",\"url\":\"https:\\\/\\\/fmpatagoniamadryn.com.ar\\\/\",\"logo\":{\"@type\":\"ImageObject\",\"inLanguage\":\"es\",\"@id\":\"https:\\\/\\\/fmpatagoniamadryn.com.ar\\\/#\\\/schema\\\/logo\\\/image\\\/\",\"url\":\"https:\\\/\\\/fmpatagoniamadryn.com.ar\\\/wp-content\\\/uploads\\\/2023\\\/01\\\/cropped-Diseno-sin-titulo.png\",\"contentUrl\":\"https:\\\/\\\/fmpatagoniamadryn.com.ar\\\/wp-content\\\/uploads\\\/2023\\\/01\\\/cropped-Diseno-sin-titulo.png\",\"width\":6911,\"height\":2657,\"caption\":\"FM Patagonia Madryn\"},\"image\":{\"@id\":\"https:\\\/\\\/fmpatagoniamadryn.com.ar\\\/#\\\/schema\\\/logo\\\/image\\\/\"}},{\"@type\":\"Person\",\"@id\":\"https:\\\/\\\/fmpatagoniamadryn.com.ar\\\/#\\\/schema\\\/person\\\/97b1d30cb2ae311544a88a5201700571\",\"name\":\"FM Patagonia\",\"url\":\"https:\\\/\\\/fmpatagoniamadryn.com.ar\\\/?author=4\"}]}<\/script>\n<!-- \/ Yoast SEO plugin. -->","yoast_head_json":{"title":"\u201cDale P\u00e9rez a la Prevenci\u00f3n\u201d: lanzan un concurso para promover la prevenci\u00f3n del VIH entre estudiantes de Puerto Madryn - FM Patagonia Madryn","robots":{"index":"index","follow":"follow","max-snippet":"max-snippet:-1","max-image-preview":"max-image-preview:large","max-video-preview":"max-video-preview:-1"},"canonical":"https:\/\/fmpatagoniamadryn.com.ar\/?p=26213","og_locale":"es_ES","og_type":"article","og_title":"\u201cDale P\u00e9rez a la Prevenci\u00f3n\u201d: lanzan un concurso para promover la prevenci\u00f3n del VIH entre estudiantes de Puerto Madryn - FM Patagonia Madryn","og_description":"El Hospital de Puerto Madryn present\u00f3 el concurso \u201cDale P\u00e9rez a la Prevenci\u00f3n\u201d, una propuesta destinada a estudiantes de cuarto a\u00f1o de escuelas secundarias y quinto a\u00f1o de escuelas t\u00e9cnicas de la ciudad, con el objetivo de promover el conocimiento sobre el VIH y las distintas estrategias que forman parte de la denominada prevenci\u00f3n combinada.","og_url":"https:\/\/fmpatagoniamadryn.com.ar\/?p=26213","og_site_name":"FM Patagonia Madryn","article_published_time":"2026-09-02T17:15:00+00:00","og_image":[{"width":1499,"height":1000,"url":"https:\/\/fmpatagoniamadryn.com.ar\/wp-content\/uploads\/2026\/09\/img_8643.jpg","type":"image\/jpeg"}],"author":"FM Patagonia","twitter_card":"summary_large_image","twitter_misc":{"Escrito por":"FM Patagonia","Tiempo de lectura":"5 minutos"},"schema":{"@context":"https:\/\/schema.org","@graph":[{"@type":"Article","@id":"https:\/\/fmpatagoniamadryn.com.ar\/?p=26213#article","isPartOf":{"@id":"https:\/\/fmpatagoniamadryn.com.ar\/?p=26213"},"author":{"name":"FM Patagonia","@id":"https:\/\/fmpatagoniamadryn.com.ar\/#\/schema\/person\/97b1d30cb2ae311544a88a5201700571"},"headline":"\u201cDale P\u00e9rez a la Prevenci\u00f3n\u201d: lanzan un concurso para promover la prevenci\u00f3n del VIH entre estudiantes de Puerto Madryn","datePublished":"2026-09-02T17:15:00+00:00","mainEntityOfPage":{"@id":"https:\/\/fmpatagoniamadryn.com.ar\/?p=26213"},"wordCount":996,"publisher":{"@id":"https:\/\/fmpatagoniamadryn.com.ar\/#organization"},"image":{"@id":"https:\/\/fmpatagoniamadryn.com.ar\/?p=26213#primaryimage"},"thumbnailUrl":"https:\/\/fmpatagoniamadryn.com.ar\/wp-content\/uploads\/2026\/09\/img_8643.jpg","keywords":["estudiantes","prevencion","vih"],"articleSection":["Salud"],"inLanguage":"es"},{"@type":"WebPage","@id":"https:\/\/fmpatagoniamadryn.com.ar\/?p=26213","url":"https:\/\/fmpatagoniamadryn.com.ar\/?p=26213","name":"\u201cDale P\u00e9rez a la Prevenci\u00f3n\u201d: lanzan un concurso para promover la prevenci\u00f3n del VIH entre estudiantes de Puerto Madryn - FM Patagonia Madryn","isPartOf":{"@id":"https:\/\/fmpatagoniamadryn.com.ar\/#website"},"primaryImageOfPage":{"@id":"https:\/\/fmpatagoniamadryn.com.ar\/?p=26213#primaryimage"},"image":{"@id":"https:\/\/fmpatagoniamadryn.com.ar\/?p=26213#primaryimage"},"thumbnailUrl":"https:\/\/fmpatagoniamadryn.com.ar\/wp-content\/uploads\/2026\/09\/img_8643.jpg","datePublished":"2026-09-02T17:15:00+00:00","breadcrumb":{"@id":"https:\/\/fmpatagoniamadryn.com.ar\/?p=26213#breadcrumb"},"inLanguage":"es","potentialAction":[{"@type":"ReadAction","target":["https:\/\/fmpatagoniamadryn.com.ar\/?p=26213"]}]},{"@type":"ImageObject","inLanguage":"es","@id":"https:\/\/fmpatagoniamadryn.com.ar\/?p=26213#primaryimage","url":"https:\/\/fmpatagoniamadryn.com.ar\/wp-content\/uploads\/2026\/09\/img_8643.jpg","contentUrl":"https:\/\/fmpatagoniamadryn.com.ar\/wp-content\/uploads\/2026\/09\/img_8643.jpg","width":1499,"height":1000},{"@type":"BreadcrumbList","@id":"https:\/\/fmpatagoniamadryn.com.ar\/?p=26213#breadcrumb","itemListElement":[{"@type":"ListItem","position":1,"name":"Portada","item":"https:\/\/fmpatagoniamadryn.com.ar\/"},{"@type":"ListItem","position":2,"name":"\u201cDale P\u00e9rez a la Prevenci\u00f3n\u201d: lanzan un concurso para promover la prevenci\u00f3n del VIH entre estudiantes de Puerto Madryn"}]},{"@type":"WebSite","@id":"https:\/\/fmpatagoniamadryn.com.ar\/#website","url":"https:\/\/fmpatagoniamadryn.com.ar\/","name":"FM Patagonia Madryn","description":"Radio Patagonia 105.5","publisher":{"@id":"https:\/\/fmpatagoniamadryn.com.ar\/#organization"},"potentialAction":[{"@type":"SearchAction","target":{"@type":"EntryPoint","urlTemplate":"https:\/\/fmpatagoniamadryn.com.ar\/?s={search_term_string}"},"query-input":{"@type":"PropertyValueSpecification","valueRequired":true,"valueName":"search_term_string"}}],"inLanguage":"es"},{"@type":"Organization","@id":"https:\/\/fmpatagoniamadryn.com.ar\/#organization","name":"FM Patagonia Madryn","url":"https:\/\/fmpatagoniamadryn.com.ar\/","logo":{"@type":"ImageObject","inLanguage":"es","@id":"https:\/\/fmpatagoniamadryn.com.ar\/#\/schema\/logo\/image\/","url":"https:\/\/fmpatagoniamadryn.com.ar\/wp-content\/uploads\/2023\/01\/cropped-Diseno-sin-titulo.png","contentUrl":"https:\/\/fmpatagoniamadryn.com.ar\/wp-content\/uploads\/2023\/01\/cropped-Diseno-sin-titulo.png","width":6911,"height":2657,"caption":"FM Patagonia Madryn"},"image":{"@id":"https:\/\/fmpatagoniamadryn.com.ar\/#\/schema\/logo\/image\/"}},{"@type":"Person","@id":"https:\/\/fmpatagoniamadryn.com.ar\/#\/schema\/person\/97b1d30cb2ae311544a88a5201700571","name":"FM Patagonia","url":"https:\/\/fmpatagoniamadryn.com.ar\/?author=4"}]}},"jetpack_featured_media_url":"https:\/\/fmpatagoniamadryn.com.ar\/wp-content\/uploads\/2026\/09\/img_8643.jpg","_links":{"self":[{"href":"https:\/\/fmpatagoniamadryn.com.ar\/index.php?rest_route=\/wp\/v2\/posts\/26213","targetHints":{"allow":["GET"]}}],"collection":[{"href":"https:\/\/fmpatagoniamadryn.com.ar\/index.php?rest_route=\/wp\/v2\/posts"}],"about":[{"href":"https:\/\/fmpatagoniamadryn.com.ar\/index.php?rest_route=\/wp\/v2\/types\/post"}],"author":[{"embeddable":true,"href":"https:\/\/fmpatagoniamadryn.com.ar\/index.php?rest_route=\/wp\/v2\/users\/4"}],"replies":[{"embeddable":true,"href":"https:\/\/fmpatagoniamadryn.com.ar\/index.php?rest_route=%2Fwp%2Fv2%2Fcomments&post=26213"}],"version-history":[{"count":1,"href":"https:\/\/fmpatagoniamadryn.com.ar\/index.php?rest_route=\/wp\/v2\/posts\/26213\/revisions"}],"predecessor-version":[{"id":26214,"href":"https:\/\/fmpatagoniamadryn.com.ar\/index.php?rest_route=\/wp\/v2\/posts\/26213\/revisions\/26214"}],"wp:featuredmedia":[{"embeddable":true,"href":"https:\/\/fmpatagoniamadryn.com.ar\/index.php?rest_route=\/wp\/v2\/media\/26212"}],"wp:attachment":[{"href":"https:\/\/fmpatagoniamadryn.com.ar\/index.php?rest_route=%2Fwp%2Fv2%2Fmedia&parent=26213"}],"wp:term":[{"taxonomy":"category","embeddable":true,"href":"https:\/\/fmpatagoniamadryn.com.ar\/index.php?rest_route=%2Fwp%2Fv2%2Fcategories&post=26213"},{"taxonomy":"post_tag","embeddable":true,"href":"https:\/\/fmpatagoniamadryn.com.ar\/index.php?rest_route=%2Fwp%2Fv2%2Ftags&post=26213"}],"curies":[{"name":"wp","href":"https:\/\/api.w.org\/{rel}","templated":true}]}}