{"id":26225,"date":"2026-09-02T12:36:37","date_gmt":"2026-09-02T15:36:37","guid":{"rendered":"https:\/\/fmpatagoniamadryn.com.ar\/?p=26225"},"modified":"2026-09-02T12:37:03","modified_gmt":"2026-09-02T15:37:03","slug":"chubut-amplia-la-movilidad-inclusiva-en-el-transporte-publico","status":"publish","type":"post","link":"https:\/\/fmpatagoniamadryn.com.ar\/?p=26225","title":{"rendered":"Chubut ampl\u00eda la movilidad inclusiva en el transporte p\u00fablico"},"content":{"rendered":"\n<p class=\"wp-block-paragraph\">El Gobierno del Chubut, a trav\u00e9s del Ministerio de Gobierno y la Subsecretar\u00eda de Autotransporte Terrestre, informa que las personas con discapacidad cuentan con una nueva alternativa para acceder al beneficio de gratuidad en el transporte p\u00fablico, que les permitir\u00e1 utilizar su tarjeta SUBE tanto en Chubut como en otras localidades del pa\u00eds adheridas al sistema.<\/p>\n\n\n\n<p class=\"wp-block-paragraph\">En la provincia, la gratuidad para las personas con Certificado \u00danico de Discapacidad (CUD)asociada a SUBE se encuentra vigente desde 2024 a trav\u00e9s del Plan Integral de Movilidad Inclusiva. La novedad es que ahora el beneficio podr\u00e1 utilizarse tambi\u00e9n en los servicios adheridos de otras localidades del pa\u00eds, sin necesidad de presentar el certificado en cada viaje.<\/p>\n\n\n\n<p class=\"wp-block-paragraph\">Para acceder a este beneficio fuera de Chubut, ser\u00e1 necesario asociar nuevamente el CUD a la tarjeta SUBE, ingresando el n\u00famero de diez d\u00edgitos del certificado a trav\u00e9s de Mi SUBE y activ\u00e1ndolo posteriormente.<\/p>\n\n\n\n<p class=\"wp-block-paragraph\">La asociaci\u00f3n es voluntaria y no tiene fecha l\u00edmite. Quienes prefieran no realizarla podr\u00e1n continuar viajando gratuitamente en Chubut con su SUBE, como hasta ahora, y en el resto del pa\u00eds mediante la presentaci\u00f3n del Certificado \u00danico de Discapacidad, donde corresponda. Esta nueva alternativa no reemplaza ni modifica el mecanismo vigente en la provincia.<\/p>\n\n\n\n<h2 class=\"wp-block-heading\"><em>C\u00f3mo asociar el CUD a SUBE<\/em><\/h2>\n\n\n\n<p class=\"wp-block-paragraph\">Para acceder al beneficio, la persona deber\u00e1 contar con una tarjeta SUBE registrada a su nombre, ingresar a Mi SUBE, dirigirse a la secci\u00f3n \u201cBeneficios\u201d y cargar el n\u00famero de diez d\u00edgitos de su CUD.<\/p>\n\n\n\n<p class=\"wp-block-paragraph\">Luego deber\u00e1 activarlo apoyando la tarjeta en una Terminal Autom\u00e1tica SUBE; desde la aplicaci\u00f3n SUBE, mediante la opci\u00f3n de consulta de saldo en tel\u00e9fonos compatibles; o directamente en los validadores de los colectivos que cuenten con Atributo a Bordo, informando previamente al conductor.<\/p>\n\n\n\n<h2 class=\"wp-block-heading\"><em>El beneficio con acompa\u00f1ante<\/em><\/h2>\n\n\n\n<p class=\"wp-block-paragraph\">En aquellos casos en los que el CUD contemple acompa\u00f1ante, el 100% de descuento para ambos pasajes quedar\u00e1 asociado a la misma tarjeta SUBE. Al momento de viajar, se deber\u00e1 informar al conductor y apoyar la tarjeta una vez por cada pasaje.<\/p>\n\n\n\n<p class=\"wp-block-paragraph\">De esta manera, se ampl\u00eda el alcance de un beneficio que Chubut ya implementa desde 2024, facilitando que las personas con discapacidad puedan utilizar su SUBE para viajar gratuitamente tambi\u00e9n en otras localidades del pa\u00eds adheridas al sistema.<\/p>\n","protected":false},"excerpt":{"rendered":"<p>En la provincia, la gratuidad en el transporte p\u00fablico para personas con discapacidad funciona con la tarjeta SUBE desde 2024, en el marco del Plan Integral de Movilidad Inclusiva. Ahora, quienes lo deseen podr\u00e1n extender este beneficio y utilizarlo tambi\u00e9n en localidades adheridas de todo el pa\u00eds, como la Ciudad Aut\u00f3noma de Buenos Aires.<\/p>\n","protected":false},"author":4,"featured_media":26224,"comment_status":"closed","ping_status":"closed","sticky":false,"template":"","format":"standard","meta":{"footnotes":""},"categories":[14],"tags":[644,610],"class_list":["post-26225","post","type-post","status-publish","format-standard","has-post-thumbnail","hentry","category-provinciales","tag-movilidad","tag-transporte-publico"],"yoast_head":"<!-- This site is optimized with the Yoast SEO plugin v28.4 - https:\/\/yoast.com\/product\/yoast-seo-wordpress\/ -->\n<title>Chubut ampl\u00eda la movilidad inclusiva en el transporte p\u00fablico - FM Patagonia Madryn<\/title>\n<meta name=\"robots\" content=\"index, follow, max-snippet:-1, max-image-preview:large, max-video-preview:-1\" \/>\n<link rel=\"canonical\" href=\"https:\/\/fmpatagoniamadryn.com.ar\/?p=26225\" \/>\n<meta property=\"og:locale\" content=\"es_ES\" \/>\n<meta property=\"og:type\" content=\"article\" \/>\n<meta property=\"og:title\" content=\"Chubut ampl\u00eda la movilidad inclusiva en el transporte p\u00fablico - FM Patagonia Madryn\" \/>\n<meta property=\"og:description\" content=\"En la provincia, la gratuidad en el transporte p\u00fablico para personas con discapacidad funciona con la tarjeta SUBE desde 2024, en el marco del Plan Integral de Movilidad Inclusiva. Ahora, quienes lo deseen podr\u00e1n extender este beneficio y utilizarlo tambi\u00e9n en localidades adheridas de todo el pa\u00eds, como la Ciudad Aut\u00f3noma de Buenos Aires.\" \/>\n<meta property=\"og:url\" content=\"https:\/\/fmpatagoniamadryn.com.ar\/?p=26225\" \/>\n<meta property=\"og:site_name\" content=\"FM Patagonia Madryn\" \/>\n<meta property=\"article:published_time\" content=\"2026-09-02T15:36:37+00:00\" \/>\n<meta property=\"article:modified_time\" content=\"2026-09-02T15:37:03+00:00\" \/>\n<meta property=\"og:image\" content=\"https:\/\/fmpatagoniamadryn.com.ar\/wp-content\/uploads\/2026\/09\/3c4b4fcb-86dc-4f53-9607-8c721f0227ac.jpg\" \/>\n\t<meta property=\"og:image:width\" content=\"1132\" \/>\n\t<meta property=\"og:image:height\" content=\"1599\" \/>\n\t<meta property=\"og:image:type\" content=\"image\/jpeg\" \/>\n<meta name=\"author\" content=\"FM Patagonia\" \/>\n<meta name=\"twitter:card\" content=\"summary_large_image\" \/>\n<meta name=\"twitter:label1\" content=\"Escrito por\" \/>\n\t<meta name=\"twitter:data1\" content=\"FM Patagonia\" \/>\n\t<meta name=\"twitter:label2\" content=\"Tiempo de lectura\" \/>\n\t<meta name=\"twitter:data2\" content=\"2 minutos\" \/>\n<script type=\"application\/ld+json\" class=\"yoast-schema-graph\">{\"@context\":\"https:\\\/\\\/schema.org\",\"@graph\":[{\"@type\":\"Article\",\"@id\":\"https:\\\/\\\/fmpatagoniamadryn.com.ar\\\/?p=26225#article\",\"isPartOf\":{\"@id\":\"https:\\\/\\\/fmpatagoniamadryn.com.ar\\\/?p=26225\"},\"author\":{\"name\":\"FM Patagonia\",\"@id\":\"https:\\\/\\\/fmpatagoniamadryn.com.ar\\\/#\\\/schema\\\/person\\\/97b1d30cb2ae311544a88a5201700571\"},\"headline\":\"Chubut ampl\u00eda la movilidad inclusiva en el transporte p\u00fablico\",\"datePublished\":\"2026-09-02T15:36:37+00:00\",\"dateModified\":\"2026-09-02T15:37:03+00:00\",\"mainEntityOfPage\":{\"@id\":\"https:\\\/\\\/fmpatagoniamadryn.com.ar\\\/?p=26225\"},\"wordCount\":407,\"publisher\":{\"@id\":\"https:\\\/\\\/fmpatagoniamadryn.com.ar\\\/#organization\"},\"image\":{\"@id\":\"https:\\\/\\\/fmpatagoniamadryn.com.ar\\\/?p=26225#primaryimage\"},\"thumbnailUrl\":\"https:\\\/\\\/fmpatagoniamadryn.com.ar\\\/wp-content\\\/uploads\\\/2026\\\/09\\\/3c4b4fcb-86dc-4f53-9607-8c721f0227ac.jpg\",\"keywords\":[\"movilidad\",\"transporte publico\"],\"articleSection\":[\"Provinciales\"],\"inLanguage\":\"es\"},{\"@type\":\"WebPage\",\"@id\":\"https:\\\/\\\/fmpatagoniamadryn.com.ar\\\/?p=26225\",\"url\":\"https:\\\/\\\/fmpatagoniamadryn.com.ar\\\/?p=26225\",\"name\":\"Chubut ampl\u00eda la movilidad inclusiva en el transporte p\u00fablico - FM Patagonia Madryn\",\"isPartOf\":{\"@id\":\"https:\\\/\\\/fmpatagoniamadryn.com.ar\\\/#website\"},\"primaryImageOfPage\":{\"@id\":\"https:\\\/\\\/fmpatagoniamadryn.com.ar\\\/?p=26225#primaryimage\"},\"image\":{\"@id\":\"https:\\\/\\\/fmpatagoniamadryn.com.ar\\\/?p=26225#primaryimage\"},\"thumbnailUrl\":\"https:\\\/\\\/fmpatagoniamadryn.com.ar\\\/wp-content\\\/uploads\\\/2026\\\/09\\\/3c4b4fcb-86dc-4f53-9607-8c721f0227ac.jpg\",\"datePublished\":\"2026-09-02T15:36:37+00:00\",\"dateModified\":\"2026-09-02T15:37:03+00:00\",\"breadcrumb\":{\"@id\":\"https:\\\/\\\/fmpatagoniamadryn.com.ar\\\/?p=26225#breadcrumb\"},\"inLanguage\":\"es\",\"potentialAction\":[{\"@type\":\"ReadAction\",\"target\":[\"https:\\\/\\\/fmpatagoniamadryn.com.ar\\\/?p=26225\"]}]},{\"@type\":\"ImageObject\",\"inLanguage\":\"es\",\"@id\":\"https:\\\/\\\/fmpatagoniamadryn.com.ar\\\/?p=26225#primaryimage\",\"url\":\"https:\\\/\\\/fmpatagoniamadryn.com.ar\\\/wp-content\\\/uploads\\\/2026\\\/09\\\/3c4b4fcb-86dc-4f53-9607-8c721f0227ac.jpg\",\"contentUrl\":\"https:\\\/\\\/fmpatagoniamadryn.com.ar\\\/wp-content\\\/uploads\\\/2026\\\/09\\\/3c4b4fcb-86dc-4f53-9607-8c721f0227ac.jpg\",\"width\":1132,\"height\":1599},{\"@type\":\"BreadcrumbList\",\"@id\":\"https:\\\/\\\/fmpatagoniamadryn.com.ar\\\/?p=26225#breadcrumb\",\"itemListElement\":[{\"@type\":\"ListItem\",\"position\":1,\"name\":\"Portada\",\"item\":\"https:\\\/\\\/fmpatagoniamadryn.com.ar\\\/\"},{\"@type\":\"ListItem\",\"position\":2,\"name\":\"Chubut ampl\u00eda la movilidad inclusiva en el transporte p\u00fablico\"}]},{\"@type\":\"WebSite\",\"@id\":\"https:\\\/\\\/fmpatagoniamadryn.com.ar\\\/#website\",\"url\":\"https:\\\/\\\/fmpatagoniamadryn.com.ar\\\/\",\"name\":\"FM Patagonia Madryn\",\"description\":\"Radio Patagonia 105.5\",\"publisher\":{\"@id\":\"https:\\\/\\\/fmpatagoniamadryn.com.ar\\\/#organization\"},\"potentialAction\":[{\"@type\":\"SearchAction\",\"target\":{\"@type\":\"EntryPoint\",\"urlTemplate\":\"https:\\\/\\\/fmpatagoniamadryn.com.ar\\\/?s={search_term_string}\"},\"query-input\":{\"@type\":\"PropertyValueSpecification\",\"valueRequired\":true,\"valueName\":\"search_term_string\"}}],\"inLanguage\":\"es\"},{\"@type\":\"Organization\",\"@id\":\"https:\\\/\\\/fmpatagoniamadryn.com.ar\\\/#organization\",\"name\":\"FM Patagonia Madryn\",\"url\":\"https:\\\/\\\/fmpatagoniamadryn.com.ar\\\/\",\"logo\":{\"@type\":\"ImageObject\",\"inLanguage\":\"es\",\"@id\":\"https:\\\/\\\/fmpatagoniamadryn.com.ar\\\/#\\\/schema\\\/logo\\\/image\\\/\",\"url\":\"https:\\\/\\\/fmpatagoniamadryn.com.ar\\\/wp-content\\\/uploads\\\/2023\\\/01\\\/cropped-Diseno-sin-titulo.png\",\"contentUrl\":\"https:\\\/\\\/fmpatagoniamadryn.com.ar\\\/wp-content\\\/uploads\\\/2023\\\/01\\\/cropped-Diseno-sin-titulo.png\",\"width\":6911,\"height\":2657,\"caption\":\"FM Patagonia Madryn\"},\"image\":{\"@id\":\"https:\\\/\\\/fmpatagoniamadryn.com.ar\\\/#\\\/schema\\\/logo\\\/image\\\/\"}},{\"@type\":\"Person\",\"@id\":\"https:\\\/\\\/fmpatagoniamadryn.com.ar\\\/#\\\/schema\\\/person\\\/97b1d30cb2ae311544a88a5201700571\",\"name\":\"FM Patagonia\",\"url\":\"https:\\\/\\\/fmpatagoniamadryn.com.ar\\\/?author=4\"}]}<\/script>\n<!-- \/ Yoast SEO plugin. -->","yoast_head_json":{"title":"Chubut ampl\u00eda la movilidad inclusiva en el transporte p\u00fablico - FM Patagonia Madryn","robots":{"index":"index","follow":"follow","max-snippet":"max-snippet:-1","max-image-preview":"max-image-preview:large","max-video-preview":"max-video-preview:-1"},"canonical":"https:\/\/fmpatagoniamadryn.com.ar\/?p=26225","og_locale":"es_ES","og_type":"article","og_title":"Chubut ampl\u00eda la movilidad inclusiva en el transporte p\u00fablico - FM Patagonia Madryn","og_description":"En la provincia, la gratuidad en el transporte p\u00fablico para personas con discapacidad funciona con la tarjeta SUBE desde 2024, en el marco del Plan Integral de Movilidad Inclusiva. Ahora, quienes lo deseen podr\u00e1n extender este beneficio y utilizarlo tambi\u00e9n en localidades adheridas de todo el pa\u00eds, como la Ciudad Aut\u00f3noma de Buenos Aires.","og_url":"https:\/\/fmpatagoniamadryn.com.ar\/?p=26225","og_site_name":"FM Patagonia Madryn","article_published_time":"2026-09-02T15:36:37+00:00","article_modified_time":"2026-09-02T15:37:03+00:00","og_image":[{"width":1132,"height":1599,"url":"https:\/\/fmpatagoniamadryn.com.ar\/wp-content\/uploads\/2026\/09\/3c4b4fcb-86dc-4f53-9607-8c721f0227ac.jpg","type":"image\/jpeg"}],"author":"FM Patagonia","twitter_card":"summary_large_image","twitter_misc":{"Escrito por":"FM Patagonia","Tiempo de lectura":"2 minutos"},"schema":{"@context":"https:\/\/schema.org","@graph":[{"@type":"Article","@id":"https:\/\/fmpatagoniamadryn.com.ar\/?p=26225#article","isPartOf":{"@id":"https:\/\/fmpatagoniamadryn.com.ar\/?p=26225"},"author":{"name":"FM Patagonia","@id":"https:\/\/fmpatagoniamadryn.com.ar\/#\/schema\/person\/97b1d30cb2ae311544a88a5201700571"},"headline":"Chubut ampl\u00eda la movilidad inclusiva en el transporte p\u00fablico","datePublished":"2026-09-02T15:36:37+00:00","dateModified":"2026-09-02T15:37:03+00:00","mainEntityOfPage":{"@id":"https:\/\/fmpatagoniamadryn.com.ar\/?p=26225"},"wordCount":407,"publisher":{"@id":"https:\/\/fmpatagoniamadryn.com.ar\/#organization"},"image":{"@id":"https:\/\/fmpatagoniamadryn.com.ar\/?p=26225#primaryimage"},"thumbnailUrl":"https:\/\/fmpatagoniamadryn.com.ar\/wp-content\/uploads\/2026\/09\/3c4b4fcb-86dc-4f53-9607-8c721f0227ac.jpg","keywords":["movilidad","transporte publico"],"articleSection":["Provinciales"],"inLanguage":"es"},{"@type":"WebPage","@id":"https:\/\/fmpatagoniamadryn.com.ar\/?p=26225","url":"https:\/\/fmpatagoniamadryn.com.ar\/?p=26225","name":"Chubut ampl\u00eda la movilidad inclusiva en el transporte p\u00fablico - FM Patagonia Madryn","isPartOf":{"@id":"https:\/\/fmpatagoniamadryn.com.ar\/#website"},"primaryImageOfPage":{"@id":"https:\/\/fmpatagoniamadryn.com.ar\/?p=26225#primaryimage"},"image":{"@id":"https:\/\/fmpatagoniamadryn.com.ar\/?p=26225#primaryimage"},"thumbnailUrl":"https:\/\/fmpatagoniamadryn.com.ar\/wp-content\/uploads\/2026\/09\/3c4b4fcb-86dc-4f53-9607-8c721f0227ac.jpg","datePublished":"2026-09-02T15:36:37+00:00","dateModified":"2026-09-02T15:37:03+00:00","breadcrumb":{"@id":"https:\/\/fmpatagoniamadryn.com.ar\/?p=26225#breadcrumb"},"inLanguage":"es","potentialAction":[{"@type":"ReadAction","target":["https:\/\/fmpatagoniamadryn.com.ar\/?p=26225"]}]},{"@type":"ImageObject","inLanguage":"es","@id":"https:\/\/fmpatagoniamadryn.com.ar\/?p=26225#primaryimage","url":"https:\/\/fmpatagoniamadryn.com.ar\/wp-content\/uploads\/2026\/09\/3c4b4fcb-86dc-4f53-9607-8c721f0227ac.jpg","contentUrl":"https:\/\/fmpatagoniamadryn.com.ar\/wp-content\/uploads\/2026\/09\/3c4b4fcb-86dc-4f53-9607-8c721f0227ac.jpg","width":1132,"height":1599},{"@type":"BreadcrumbList","@id":"https:\/\/fmpatagoniamadryn.com.ar\/?p=26225#breadcrumb","itemListElement":[{"@type":"ListItem","position":1,"name":"Portada","item":"https:\/\/fmpatagoniamadryn.com.ar\/"},{"@type":"ListItem","position":2,"name":"Chubut ampl\u00eda la movilidad inclusiva en el transporte p\u00fablico"}]},{"@type":"WebSite","@id":"https:\/\/fmpatagoniamadryn.com.ar\/#website","url":"https:\/\/fmpatagoniamadryn.com.ar\/","name":"FM Patagonia Madryn","description":"Radio Patagonia 105.5","publisher":{"@id":"https:\/\/fmpatagoniamadryn.com.ar\/#organization"},"potentialAction":[{"@type":"SearchAction","target":{"@type":"EntryPoint","urlTemplate":"https:\/\/fmpatagoniamadryn.com.ar\/?s={search_term_string}"},"query-input":{"@type":"PropertyValueSpecification","valueRequired":true,"valueName":"search_term_string"}}],"inLanguage":"es"},{"@type":"Organization","@id":"https:\/\/fmpatagoniamadryn.com.ar\/#organization","name":"FM Patagonia Madryn","url":"https:\/\/fmpatagoniamadryn.com.ar\/","logo":{"@type":"ImageObject","inLanguage":"es","@id":"https:\/\/fmpatagoniamadryn.com.ar\/#\/schema\/logo\/image\/","url":"https:\/\/fmpatagoniamadryn.com.ar\/wp-content\/uploads\/2023\/01\/cropped-Diseno-sin-titulo.png","contentUrl":"https:\/\/fmpatagoniamadryn.com.ar\/wp-content\/uploads\/2023\/01\/cropped-Diseno-sin-titulo.png","width":6911,"height":2657,"caption":"FM Patagonia Madryn"},"image":{"@id":"https:\/\/fmpatagoniamadryn.com.ar\/#\/schema\/logo\/image\/"}},{"@type":"Person","@id":"https:\/\/fmpatagoniamadryn.com.ar\/#\/schema\/person\/97b1d30cb2ae311544a88a5201700571","name":"FM Patagonia","url":"https:\/\/fmpatagoniamadryn.com.ar\/?author=4"}]}},"jetpack_featured_media_url":"https:\/\/fmpatagoniamadryn.com.ar\/wp-content\/uploads\/2026\/09\/3c4b4fcb-86dc-4f53-9607-8c721f0227ac.jpg","_links":{"self":[{"href":"https:\/\/fmpatagoniamadryn.com.ar\/index.php?rest_route=\/wp\/v2\/posts\/26225","targetHints":{"allow":["GET"]}}],"collection":[{"href":"https:\/\/fmpatagoniamadryn.com.ar\/index.php?rest_route=\/wp\/v2\/posts"}],"about":[{"href":"https:\/\/fmpatagoniamadryn.com.ar\/index.php?rest_route=\/wp\/v2\/types\/post"}],"author":[{"embeddable":true,"href":"https:\/\/fmpatagoniamadryn.com.ar\/index.php?rest_route=\/wp\/v2\/users\/4"}],"replies":[{"embeddable":true,"href":"https:\/\/fmpatagoniamadryn.com.ar\/index.php?rest_route=%2Fwp%2Fv2%2Fcomments&post=26225"}],"version-history":[{"count":2,"href":"https:\/\/fmpatagoniamadryn.com.ar\/index.php?rest_route=\/wp\/v2\/posts\/26225\/revisions"}],"predecessor-version":[{"id":26227,"href":"https:\/\/fmpatagoniamadryn.com.ar\/index.php?rest_route=\/wp\/v2\/posts\/26225\/revisions\/26227"}],"wp:featuredmedia":[{"embeddable":true,"href":"https:\/\/fmpatagoniamadryn.com.ar\/index.php?rest_route=\/wp\/v2\/media\/26224"}],"wp:attachment":[{"href":"https:\/\/fmpatagoniamadryn.com.ar\/index.php?rest_route=%2Fwp%2Fv2%2Fmedia&parent=26225"}],"wp:term":[{"taxonomy":"category","embeddable":true,"href":"https:\/\/fmpatagoniamadryn.com.ar\/index.php?rest_route=%2Fwp%2Fv2%2Fcategories&post=26225"},{"taxonomy":"post_tag","embeddable":true,"href":"https:\/\/fmpatagoniamadryn.com.ar\/index.php?rest_route=%2Fwp%2Fv2%2Ftags&post=26225"}],"curies":[{"name":"wp","href":"https:\/\/api.w.org\/{rel}","templated":true}]}}