{"id":2623,"date":"2023-05-17T11:38:16","date_gmt":"2023-05-17T14:38:16","guid":{"rendered":"https:\/\/fmpatagoniamadryn.com.ar\/?p=2623"},"modified":"2023-05-17T11:38:37","modified_gmt":"2023-05-17T14:38:37","slug":"chubut-participo-del-encuentro-de-referentes-provinciales-de-salud-adolescente-y-juvenil-y-de-la-novena-sesion-del-consaju","status":"publish","type":"post","link":"https:\/\/fmpatagoniamadryn.com.ar\/?p=2623","title":{"rendered":"Chubut particip\u00f3 del Encuentro de Referentes Provinciales de Salud Adolescente y Juvenil y de la novena sesi\u00f3n del CONSAJU"},"content":{"rendered":"\n<p>La actividad se realiz\u00f3 en la ciudad de Buenos Aires y tuvo como principal objetivo compartir y fortalecer las l\u00edneas de trabajo en materia de salud adolescente en las jurisdicciones. <br><br>El Gobierno del Chubut, a trav\u00e9s del Ministerio de Salud provincial, particip\u00f3 recientemente en la ciudad de Buenos Aires de un nuevo Encuentro de Referentes Provinciales de Salud Adolescente y Juvenil y de la 9\u00b0 sesi\u00f3n ordinaria del Consejo Asesor de Salud Adolescente y Juvenil (CONSAJU), que se desarroll\u00f3 tambi\u00e9n junto a representantes del Plan Nacional de Prevenci\u00f3n del Embarazo No Intencional en la Adolescencia (ENIA) y participantes del Foro de Ideas para el Abordaje de la Salud Mental con Adolescentes y J\u00f3venes con el fin de compartir experiencias entre las provincias. <br><br>La actividad fue organizada por el Ministerio de Salud de la Naci\u00f3n y cont\u00f3 con la participaci\u00f3n de la titular de dicho organismo, Carla Vizzotti. En representaci\u00f3n de la cartera sanitaria chubutense, asistieron la directora provincial de Maternidad, Infancia y Adolescencia, Devora Flores Sahag\u00fan; y la coordinadora del Centro Especializado en Salud Integral de Adolescentes (CESIA) de Comodoro Rivadavia, Silvia Pino. <br><br>Tambi\u00e9n participaron de la sesi\u00f3n del CONSAJU dos j\u00f3venes estudiantes de la Universidad del Chubut (UDC), que integran dicho \u00e1mbito. <br><br>Objetivos y programa <br><br>El encuentro tuvo como objetivos principales presentar materiales de trabajo de salud adolescente y juvenil; promover estrategias de registro y monitoreo de los espacios de salud adolescente y de dispositivos de Asesor\u00edas en Salud Integral en Escuelas Secundarias (ASIE); iniciar la evaluaci\u00f3n del Plan Estrat\u00e9gico Nacional (PEN) de salud integral en la adolescencia 2019-2023; compartir los avances en la elaboraci\u00f3n del kit de salud mental; y definir los objetivos de las comisiones tem\u00e1ticas del CONSAJU. <br><br>De esta manera, durante primera jornada los equipos t\u00e9cnicos de la Direcci\u00f3n Nacional de Adolescencias y Juventudes (DIAJU) compartieron estrategias de registro y monitoreo de los espacios de salud adolescente e intercambiaron las experiencias de las distintas provincias. <br><br>En el segundo d\u00eda, los representantes de la DIAJU trabajaron sobre el PEN 2019-2023. Adem\u00e1s, junto a participantes del Foro de Ideas -que se realiz\u00f3 en diciembre- y diferentes consultoras especializadas, delinearon las caracter\u00edsticas del kit de herramientas para el abordaje de la salud mental con adolescentes y j\u00f3venes. <br><br>Por \u00faltimo, el viernes se presentaron en la Biblioteca Nacional los documentos \u201cPaquetes prestacionales de salud para adolescentes. Directrices de dise\u00f1o e implementaci\u00f3n\u201d y \u201cLineamientos para el abordaje de la salud integral de adolescentes en el Primer Nivel de Atenci\u00f3n\u201d. <br><br>Documentos presentados <br><br>Elaborado por el Ministerio de Salud de la Naci\u00f3n con el apoyo del Fondo de las Naciones Unidas para la Infancia (UNICEF), el documento \u201cPaquetes prestacionales de salud para adolescentes. Directrices de dise\u00f1o e implementaci\u00f3n\u201d establece lineamientos y prestaciones priorizadas para que decisores, decisoras, gestores, gestoras y equipos de salud pertenecientes a los tres subsistemas \u2013p\u00fablico, privado y obras sociales\u2013 puedan actualizar y reformular la oferta prestacional destinada a adolescentes y j\u00f3venes, con el prop\u00f3sito de garantizar accesibilidad y calidad en la atenci\u00f3n. <br><br>En cuanto a \u201cLineamientos para el abordaje de la salud integral de adolescentes y j\u00f3venes en el Primer Nivel de Atenci\u00f3n\u201d, el documento consta de siete fasc\u00edculos que brindan un marco conceptual y pr\u00e1ctico para integrantes de equipos sobre tem\u00e1ticas prevalentes y prioritarias en salud integral. Estos m\u00f3dulos permiten mejorar el acceso a la atenci\u00f3n integral, priorizando la autonom\u00eda y la participaci\u00f3n directa. Los lineamientos est\u00e1n organizados por tem\u00e1ticas para facilitar su consulta: Salud Integral; Evaluaci\u00f3n Integral de Salud; Salud Sexual; G\u00e9nero y Diversidades; Violencias y Lesiones; Educaci\u00f3n, Trabajo y Salud Integral, y Participaci\u00f3n Juvenil.<\/p>\n","protected":false},"excerpt":{"rendered":"<p>La actividad se realiz\u00f3 en la ciudad de Buenos Aires y tuvo como principal objetivo compartir y fortalecer las l\u00edneas de trabajo en materia de salud adolescente en las jurisdicciones.&hellip; <\/p>\n","protected":false},"author":3,"featured_media":2622,"comment_status":"closed","ping_status":"closed","sticky":false,"template":"","format":"standard","meta":{"footnotes":""},"categories":[14],"tags":[],"class_list":["post-2623","post","type-post","status-publish","format-standard","has-post-thumbnail","hentry","category-provinciales"],"yoast_head":"<!-- This site is optimized with the Yoast SEO plugin v27.4 - https:\/\/yoast.com\/product\/yoast-seo-wordpress\/ -->\n<title>Chubut particip\u00f3 del Encuentro de Referentes Provinciales de Salud Adolescente y Juvenil y de la novena sesi\u00f3n del CONSAJU - FM Patagonia Madryn<\/title>\n<meta name=\"robots\" content=\"index, follow, max-snippet:-1, max-image-preview:large, max-video-preview:-1\" \/>\n<link rel=\"canonical\" href=\"https:\/\/fmpatagoniamadryn.com.ar\/?p=2623\" \/>\n<meta property=\"og:locale\" content=\"es_ES\" \/>\n<meta property=\"og:type\" content=\"article\" \/>\n<meta property=\"og:title\" content=\"Chubut particip\u00f3 del Encuentro de Referentes Provinciales de Salud Adolescente y Juvenil y de la novena sesi\u00f3n del CONSAJU - FM Patagonia Madryn\" \/>\n<meta property=\"og:description\" content=\"La actividad se realiz\u00f3 en la ciudad de Buenos Aires y tuvo como principal objetivo compartir y fortalecer las l\u00edneas de trabajo en materia de salud adolescente en las jurisdicciones.&hellip;\" \/>\n<meta property=\"og:url\" content=\"https:\/\/fmpatagoniamadryn.com.ar\/?p=2623\" \/>\n<meta property=\"og:site_name\" content=\"FM Patagonia Madryn\" \/>\n<meta property=\"article:published_time\" content=\"2023-05-17T14:38:16+00:00\" \/>\n<meta property=\"article:modified_time\" content=\"2023-05-17T14:38:37+00:00\" \/>\n<meta property=\"og:image\" content=\"https:\/\/fmpatagoniamadryn.com.ar\/wp-content\/uploads\/2023\/05\/Chubut-participo-del-Encuentro-de-Referentes-Provinciales-de-Salud-Adolescente-y-Juvenil-y-de-la-novena-sesion-del-CONSAJU-3.jpg\" \/>\n\t<meta property=\"og:image:width\" content=\"1620\" \/>\n\t<meta property=\"og:image:height\" content=\"1080\" \/>\n\t<meta property=\"og:image:type\" content=\"image\/jpeg\" \/>\n<meta name=\"author\" content=\"FM Patagonia\" \/>\n<meta name=\"twitter:card\" content=\"summary_large_image\" \/>\n<meta name=\"twitter:label1\" content=\"Escrito por\" \/>\n\t<meta name=\"twitter:data1\" content=\"FM Patagonia\" \/>\n\t<meta name=\"twitter:label2\" content=\"Tiempo de lectura\" \/>\n\t<meta name=\"twitter:data2\" content=\"3 minutos\" \/>\n<script type=\"application\/ld+json\" class=\"yoast-schema-graph\">{\"@context\":\"https:\\\/\\\/schema.org\",\"@graph\":[{\"@type\":\"Article\",\"@id\":\"https:\\\/\\\/fmpatagoniamadryn.com.ar\\\/?p=2623#article\",\"isPartOf\":{\"@id\":\"https:\\\/\\\/fmpatagoniamadryn.com.ar\\\/?p=2623\"},\"author\":{\"name\":\"FM Patagonia\",\"@id\":\"https:\\\/\\\/fmpatagoniamadryn.com.ar\\\/#\\\/schema\\\/person\\\/1d968ec613613768e14b4e6420a2b125\"},\"headline\":\"Chubut particip\u00f3 del Encuentro de Referentes Provinciales de Salud Adolescente y Juvenil y de la novena sesi\u00f3n del CONSAJU\",\"datePublished\":\"2023-05-17T14:38:16+00:00\",\"dateModified\":\"2023-05-17T14:38:37+00:00\",\"mainEntityOfPage\":{\"@id\":\"https:\\\/\\\/fmpatagoniamadryn.com.ar\\\/?p=2623\"},\"wordCount\":656,\"publisher\":{\"@id\":\"https:\\\/\\\/fmpatagoniamadryn.com.ar\\\/#organization\"},\"image\":{\"@id\":\"https:\\\/\\\/fmpatagoniamadryn.com.ar\\\/?p=2623#primaryimage\"},\"thumbnailUrl\":\"https:\\\/\\\/fmpatagoniamadryn.com.ar\\\/wp-content\\\/uploads\\\/2023\\\/05\\\/Chubut-participo-del-Encuentro-de-Referentes-Provinciales-de-Salud-Adolescente-y-Juvenil-y-de-la-novena-sesion-del-CONSAJU-3.jpg\",\"articleSection\":[\"Provinciales\"],\"inLanguage\":\"es\"},{\"@type\":\"WebPage\",\"@id\":\"https:\\\/\\\/fmpatagoniamadryn.com.ar\\\/?p=2623\",\"url\":\"https:\\\/\\\/fmpatagoniamadryn.com.ar\\\/?p=2623\",\"name\":\"Chubut particip\u00f3 del Encuentro de Referentes Provinciales de Salud Adolescente y Juvenil y de la novena sesi\u00f3n del CONSAJU - FM Patagonia Madryn\",\"isPartOf\":{\"@id\":\"https:\\\/\\\/fmpatagoniamadryn.com.ar\\\/#website\"},\"primaryImageOfPage\":{\"@id\":\"https:\\\/\\\/fmpatagoniamadryn.com.ar\\\/?p=2623#primaryimage\"},\"image\":{\"@id\":\"https:\\\/\\\/fmpatagoniamadryn.com.ar\\\/?p=2623#primaryimage\"},\"thumbnailUrl\":\"https:\\\/\\\/fmpatagoniamadryn.com.ar\\\/wp-content\\\/uploads\\\/2023\\\/05\\\/Chubut-participo-del-Encuentro-de-Referentes-Provinciales-de-Salud-Adolescente-y-Juvenil-y-de-la-novena-sesion-del-CONSAJU-3.jpg\",\"datePublished\":\"2023-05-17T14:38:16+00:00\",\"dateModified\":\"2023-05-17T14:38:37+00:00\",\"breadcrumb\":{\"@id\":\"https:\\\/\\\/fmpatagoniamadryn.com.ar\\\/?p=2623#breadcrumb\"},\"inLanguage\":\"es\",\"potentialAction\":[{\"@type\":\"ReadAction\",\"target\":[\"https:\\\/\\\/fmpatagoniamadryn.com.ar\\\/?p=2623\"]}]},{\"@type\":\"ImageObject\",\"inLanguage\":\"es\",\"@id\":\"https:\\\/\\\/fmpatagoniamadryn.com.ar\\\/?p=2623#primaryimage\",\"url\":\"https:\\\/\\\/fmpatagoniamadryn.com.ar\\\/wp-content\\\/uploads\\\/2023\\\/05\\\/Chubut-participo-del-Encuentro-de-Referentes-Provinciales-de-Salud-Adolescente-y-Juvenil-y-de-la-novena-sesion-del-CONSAJU-3.jpg\",\"contentUrl\":\"https:\\\/\\\/fmpatagoniamadryn.com.ar\\\/wp-content\\\/uploads\\\/2023\\\/05\\\/Chubut-participo-del-Encuentro-de-Referentes-Provinciales-de-Salud-Adolescente-y-Juvenil-y-de-la-novena-sesion-del-CONSAJU-3.jpg\",\"width\":1620,\"height\":1080},{\"@type\":\"BreadcrumbList\",\"@id\":\"https:\\\/\\\/fmpatagoniamadryn.com.ar\\\/?p=2623#breadcrumb\",\"itemListElement\":[{\"@type\":\"ListItem\",\"position\":1,\"name\":\"Portada\",\"item\":\"https:\\\/\\\/fmpatagoniamadryn.com.ar\\\/\"},{\"@type\":\"ListItem\",\"position\":2,\"name\":\"Chubut particip\u00f3 del Encuentro de Referentes Provinciales de Salud Adolescente y Juvenil y de la novena sesi\u00f3n del CONSAJU\"}]},{\"@type\":\"WebSite\",\"@id\":\"https:\\\/\\\/fmpatagoniamadryn.com.ar\\\/#website\",\"url\":\"https:\\\/\\\/fmpatagoniamadryn.com.ar\\\/\",\"name\":\"FM Patagonia Madryn\",\"description\":\"Radio Patagonia 105.5\",\"publisher\":{\"@id\":\"https:\\\/\\\/fmpatagoniamadryn.com.ar\\\/#organization\"},\"potentialAction\":[{\"@type\":\"SearchAction\",\"target\":{\"@type\":\"EntryPoint\",\"urlTemplate\":\"https:\\\/\\\/fmpatagoniamadryn.com.ar\\\/?s={search_term_string}\"},\"query-input\":{\"@type\":\"PropertyValueSpecification\",\"valueRequired\":true,\"valueName\":\"search_term_string\"}}],\"inLanguage\":\"es\"},{\"@type\":\"Organization\",\"@id\":\"https:\\\/\\\/fmpatagoniamadryn.com.ar\\\/#organization\",\"name\":\"FM Patagonia Madryn\",\"url\":\"https:\\\/\\\/fmpatagoniamadryn.com.ar\\\/\",\"logo\":{\"@type\":\"ImageObject\",\"inLanguage\":\"es\",\"@id\":\"https:\\\/\\\/fmpatagoniamadryn.com.ar\\\/#\\\/schema\\\/logo\\\/image\\\/\",\"url\":\"https:\\\/\\\/fmpatagoniamadryn.com.ar\\\/wp-content\\\/uploads\\\/2023\\\/01\\\/cropped-Diseno-sin-titulo.png\",\"contentUrl\":\"https:\\\/\\\/fmpatagoniamadryn.com.ar\\\/wp-content\\\/uploads\\\/2023\\\/01\\\/cropped-Diseno-sin-titulo.png\",\"width\":6911,\"height\":2657,\"caption\":\"FM Patagonia Madryn\"},\"image\":{\"@id\":\"https:\\\/\\\/fmpatagoniamadryn.com.ar\\\/#\\\/schema\\\/logo\\\/image\\\/\"}},{\"@type\":\"Person\",\"@id\":\"https:\\\/\\\/fmpatagoniamadryn.com.ar\\\/#\\\/schema\\\/person\\\/1d968ec613613768e14b4e6420a2b125\",\"name\":\"FM Patagonia\",\"url\":\"https:\\\/\\\/fmpatagoniamadryn.com.ar\\\/?author=3\"}]}<\/script>\n<!-- \/ Yoast SEO plugin. -->","yoast_head_json":{"title":"Chubut particip\u00f3 del Encuentro de Referentes Provinciales de Salud Adolescente y Juvenil y de la novena sesi\u00f3n del CONSAJU - FM Patagonia Madryn","robots":{"index":"index","follow":"follow","max-snippet":"max-snippet:-1","max-image-preview":"max-image-preview:large","max-video-preview":"max-video-preview:-1"},"canonical":"https:\/\/fmpatagoniamadryn.com.ar\/?p=2623","og_locale":"es_ES","og_type":"article","og_title":"Chubut particip\u00f3 del Encuentro de Referentes Provinciales de Salud Adolescente y Juvenil y de la novena sesi\u00f3n del CONSAJU - FM Patagonia Madryn","og_description":"La actividad se realiz\u00f3 en la ciudad de Buenos Aires y tuvo como principal objetivo compartir y fortalecer las l\u00edneas de trabajo en materia de salud adolescente en las jurisdicciones.&hellip;","og_url":"https:\/\/fmpatagoniamadryn.com.ar\/?p=2623","og_site_name":"FM Patagonia Madryn","article_published_time":"2023-05-17T14:38:16+00:00","article_modified_time":"2023-05-17T14:38:37+00:00","og_image":[{"width":1620,"height":1080,"url":"https:\/\/fmpatagoniamadryn.com.ar\/wp-content\/uploads\/2023\/05\/Chubut-participo-del-Encuentro-de-Referentes-Provinciales-de-Salud-Adolescente-y-Juvenil-y-de-la-novena-sesion-del-CONSAJU-3.jpg","type":"image\/jpeg"}],"author":"FM Patagonia","twitter_card":"summary_large_image","twitter_misc":{"Escrito por":"FM Patagonia","Tiempo de lectura":"3 minutos"},"schema":{"@context":"https:\/\/schema.org","@graph":[{"@type":"Article","@id":"https:\/\/fmpatagoniamadryn.com.ar\/?p=2623#article","isPartOf":{"@id":"https:\/\/fmpatagoniamadryn.com.ar\/?p=2623"},"author":{"name":"FM Patagonia","@id":"https:\/\/fmpatagoniamadryn.com.ar\/#\/schema\/person\/1d968ec613613768e14b4e6420a2b125"},"headline":"Chubut particip\u00f3 del Encuentro de Referentes Provinciales de Salud Adolescente y Juvenil y de la novena sesi\u00f3n del CONSAJU","datePublished":"2023-05-17T14:38:16+00:00","dateModified":"2023-05-17T14:38:37+00:00","mainEntityOfPage":{"@id":"https:\/\/fmpatagoniamadryn.com.ar\/?p=2623"},"wordCount":656,"publisher":{"@id":"https:\/\/fmpatagoniamadryn.com.ar\/#organization"},"image":{"@id":"https:\/\/fmpatagoniamadryn.com.ar\/?p=2623#primaryimage"},"thumbnailUrl":"https:\/\/fmpatagoniamadryn.com.ar\/wp-content\/uploads\/2023\/05\/Chubut-participo-del-Encuentro-de-Referentes-Provinciales-de-Salud-Adolescente-y-Juvenil-y-de-la-novena-sesion-del-CONSAJU-3.jpg","articleSection":["Provinciales"],"inLanguage":"es"},{"@type":"WebPage","@id":"https:\/\/fmpatagoniamadryn.com.ar\/?p=2623","url":"https:\/\/fmpatagoniamadryn.com.ar\/?p=2623","name":"Chubut particip\u00f3 del Encuentro de Referentes Provinciales de Salud Adolescente y Juvenil y de la novena sesi\u00f3n del CONSAJU - FM Patagonia Madryn","isPartOf":{"@id":"https:\/\/fmpatagoniamadryn.com.ar\/#website"},"primaryImageOfPage":{"@id":"https:\/\/fmpatagoniamadryn.com.ar\/?p=2623#primaryimage"},"image":{"@id":"https:\/\/fmpatagoniamadryn.com.ar\/?p=2623#primaryimage"},"thumbnailUrl":"https:\/\/fmpatagoniamadryn.com.ar\/wp-content\/uploads\/2023\/05\/Chubut-participo-del-Encuentro-de-Referentes-Provinciales-de-Salud-Adolescente-y-Juvenil-y-de-la-novena-sesion-del-CONSAJU-3.jpg","datePublished":"2023-05-17T14:38:16+00:00","dateModified":"2023-05-17T14:38:37+00:00","breadcrumb":{"@id":"https:\/\/fmpatagoniamadryn.com.ar\/?p=2623#breadcrumb"},"inLanguage":"es","potentialAction":[{"@type":"ReadAction","target":["https:\/\/fmpatagoniamadryn.com.ar\/?p=2623"]}]},{"@type":"ImageObject","inLanguage":"es","@id":"https:\/\/fmpatagoniamadryn.com.ar\/?p=2623#primaryimage","url":"https:\/\/fmpatagoniamadryn.com.ar\/wp-content\/uploads\/2023\/05\/Chubut-participo-del-Encuentro-de-Referentes-Provinciales-de-Salud-Adolescente-y-Juvenil-y-de-la-novena-sesion-del-CONSAJU-3.jpg","contentUrl":"https:\/\/fmpatagoniamadryn.com.ar\/wp-content\/uploads\/2023\/05\/Chubut-participo-del-Encuentro-de-Referentes-Provinciales-de-Salud-Adolescente-y-Juvenil-y-de-la-novena-sesion-del-CONSAJU-3.jpg","width":1620,"height":1080},{"@type":"BreadcrumbList","@id":"https:\/\/fmpatagoniamadryn.com.ar\/?p=2623#breadcrumb","itemListElement":[{"@type":"ListItem","position":1,"name":"Portada","item":"https:\/\/fmpatagoniamadryn.com.ar\/"},{"@type":"ListItem","position":2,"name":"Chubut particip\u00f3 del Encuentro de Referentes Provinciales de Salud Adolescente y Juvenil y de la novena sesi\u00f3n del CONSAJU"}]},{"@type":"WebSite","@id":"https:\/\/fmpatagoniamadryn.com.ar\/#website","url":"https:\/\/fmpatagoniamadryn.com.ar\/","name":"FM Patagonia Madryn","description":"Radio Patagonia 105.5","publisher":{"@id":"https:\/\/fmpatagoniamadryn.com.ar\/#organization"},"potentialAction":[{"@type":"SearchAction","target":{"@type":"EntryPoint","urlTemplate":"https:\/\/fmpatagoniamadryn.com.ar\/?s={search_term_string}"},"query-input":{"@type":"PropertyValueSpecification","valueRequired":true,"valueName":"search_term_string"}}],"inLanguage":"es"},{"@type":"Organization","@id":"https:\/\/fmpatagoniamadryn.com.ar\/#organization","name":"FM Patagonia Madryn","url":"https:\/\/fmpatagoniamadryn.com.ar\/","logo":{"@type":"ImageObject","inLanguage":"es","@id":"https:\/\/fmpatagoniamadryn.com.ar\/#\/schema\/logo\/image\/","url":"https:\/\/fmpatagoniamadryn.com.ar\/wp-content\/uploads\/2023\/01\/cropped-Diseno-sin-titulo.png","contentUrl":"https:\/\/fmpatagoniamadryn.com.ar\/wp-content\/uploads\/2023\/01\/cropped-Diseno-sin-titulo.png","width":6911,"height":2657,"caption":"FM Patagonia Madryn"},"image":{"@id":"https:\/\/fmpatagoniamadryn.com.ar\/#\/schema\/logo\/image\/"}},{"@type":"Person","@id":"https:\/\/fmpatagoniamadryn.com.ar\/#\/schema\/person\/1d968ec613613768e14b4e6420a2b125","name":"FM Patagonia","url":"https:\/\/fmpatagoniamadryn.com.ar\/?author=3"}]}},"jetpack_featured_media_url":"https:\/\/fmpatagoniamadryn.com.ar\/wp-content\/uploads\/2023\/05\/Chubut-participo-del-Encuentro-de-Referentes-Provinciales-de-Salud-Adolescente-y-Juvenil-y-de-la-novena-sesion-del-CONSAJU-3.jpg","_links":{"self":[{"href":"https:\/\/fmpatagoniamadryn.com.ar\/index.php?rest_route=\/wp\/v2\/posts\/2623","targetHints":{"allow":["GET"]}}],"collection":[{"href":"https:\/\/fmpatagoniamadryn.com.ar\/index.php?rest_route=\/wp\/v2\/posts"}],"about":[{"href":"https:\/\/fmpatagoniamadryn.com.ar\/index.php?rest_route=\/wp\/v2\/types\/post"}],"author":[{"embeddable":true,"href":"https:\/\/fmpatagoniamadryn.com.ar\/index.php?rest_route=\/wp\/v2\/users\/3"}],"replies":[{"embeddable":true,"href":"https:\/\/fmpatagoniamadryn.com.ar\/index.php?rest_route=%2Fwp%2Fv2%2Fcomments&post=2623"}],"version-history":[{"count":1,"href":"https:\/\/fmpatagoniamadryn.com.ar\/index.php?rest_route=\/wp\/v2\/posts\/2623\/revisions"}],"predecessor-version":[{"id":2624,"href":"https:\/\/fmpatagoniamadryn.com.ar\/index.php?rest_route=\/wp\/v2\/posts\/2623\/revisions\/2624"}],"wp:featuredmedia":[{"embeddable":true,"href":"https:\/\/fmpatagoniamadryn.com.ar\/index.php?rest_route=\/wp\/v2\/media\/2622"}],"wp:attachment":[{"href":"https:\/\/fmpatagoniamadryn.com.ar\/index.php?rest_route=%2Fwp%2Fv2%2Fmedia&parent=2623"}],"wp:term":[{"taxonomy":"category","embeddable":true,"href":"https:\/\/fmpatagoniamadryn.com.ar\/index.php?rest_route=%2Fwp%2Fv2%2Fcategories&post=2623"},{"taxonomy":"post_tag","embeddable":true,"href":"https:\/\/fmpatagoniamadryn.com.ar\/index.php?rest_route=%2Fwp%2Fv2%2Ftags&post=2623"}],"curies":[{"name":"wp","href":"https:\/\/api.w.org\/{rel}","templated":true}]}}