{"id":26238,"date":"2026-09-02T19:14:43","date_gmt":"2026-09-02T22:14:43","guid":{"rendered":"https:\/\/fmpatagoniamadryn.com.ar\/?p=26238"},"modified":"2026-09-02T19:52:20","modified_gmt":"2026-09-02T22:52:20","slug":"trabajadores-de-anac-retoman-las-medidas-de-fuerza-y-advierten-por-posibles-demoras-y-cancelaciones","status":"publish","type":"post","link":"https:\/\/fmpatagoniamadryn.com.ar\/?p=26238","title":{"rendered":"Trabajadores de ANAC retoman las medidas de fuerza y advierten por posibles demoras y cancelaciones"},"content":{"rendered":"\n<p class=\"p3 wp-block-paragraph\">En una entrevista realizada por el periodista Gustavo Huentelaf, de FM Patagonia 105.5, Juan Lucero, referente de ATE-ANAC, confirm\u00f3 que los trabajadores de la Administraci\u00f3n Nacional de Aviaci\u00f3n Civil (ANAC), nucleados en la Asociaci\u00f3n de Trabajadores del Estado (ATE), retomar\u00e1n este jueves 3 y viernes 4 de septiembre el plan de lucha que mantienen desde hace m\u00e1s de seis meses.<\/p>\n\n\n\n<p class=\"p4 wp-block-paragraph\">Los trabajadores de la Administraci\u00f3n Nacional de Aviaci\u00f3n Civil (ANAC), nucleados en la Asociaci\u00f3n de Trabajadores del Estado (ATE), retomar\u00e1n este jueves 3 y viernes 4 de septiembre el plan de lucha que mantienen desde hace m\u00e1s de seis meses.<\/p>\n\n\n\n<p class=\"p4 wp-block-paragraph\">Juan Lucero, referente de ATE-ANAC, explic\u00f3 que el reclamo se sostiene sobre tres ejes principales: el cumplimiento de un acuerdo salarial que, seg\u00fan el gremio, fue firmado pero posteriormente dejado sin efecto; la apertura de una paritaria sectorial y la necesidad de mayores inversiones en las \u00e1reas operativas y de seguridad de la ANAC.<\/p>\n\n\n\n<h2 class=\"wp-block-heading\"><strong>Reclamo por un aumento salarial<\/strong><\/h2>\n\n\n\n<p class=\"p4 wp-block-paragraph\">Uno de los principales puntos planteados por los trabajadores est\u00e1 relacionado con un incremento salarial que, seg\u00fan explic\u00f3 Lucero, hab\u00eda sido acordado y firmado con el Gobierno Nacional.<\/p>\n\n\n\n<p class=\"p4 wp-block-paragraph\">El dirigente se\u00f1al\u00f3 que el pago del aumento estaba previsto y que incluso hab\u00eda llegado a concretarse la instancia administrativa correspondiente, pero posteriormente el Gobierno decidi\u00f3 retrotraer la medida y el incremento finalmente no se otorg\u00f3.<\/p>\n\n\n\n<p class=\"p4 wp-block-paragraph\">A este reclamo se suma el pedido de <strong>apertura de una paritaria sectorial<\/strong>, debido a que los trabajadores consideran que sus salarios quedaron rezagados frente al aumento de la canasta familiar y el costo de vida.<\/p>\n\n\n\n<h2 class=\"wp-block-heading\"><strong>Reclaman inversiones para garantizar la seguridad aeroportuaria<\/strong><\/h2>\n\n\n\n<p class=\"p4 wp-block-paragraph\">El otro eje central del conflicto est\u00e1 relacionado con las condiciones operativas de la ANAC.<\/p>\n\n\n\n<p class=\"p4 wp-block-paragraph\">Lucero advirti\u00f3 sobre la falta de inversiones en distintos sectores y puso especial \u00e9nfasis en los servicios vinculados con la seguridad aeroportuaria.<\/p>\n\n\n\n<p class=\"p4 wp-block-paragraph\">Entre los puntos mencionados se encuentran los inspectores y el Servicio de Salvamento y Extinci\u00f3n de Incendios, que comprende a los bomberos aeroportuarios.<\/p>\n\n\n\n<p class=\"p4 wp-block-paragraph\">Tambi\u00e9n cuestion\u00f3 el estado de las autobombas y la falta de determinados equipos que, seg\u00fan sostuvo, deben estar normalizados de acuerdo con los est\u00e1ndares de la Organizaci\u00f3n de Aviaci\u00f3n Civil Internacional (OACI).<\/p>\n\n\n\n<p class=\"p4 wp-block-paragraph\">En ese sentido, el dirigente sostuvo que la ANAC recauda recursos que son enviados al Tesoro Nacional y cuestion\u00f3 que esos fondos no sean reintegrados al organismo en una cantidad suficiente para realizar las inversiones necesarias tanto en materia de seguridad como en salarios.<\/p>\n\n\n\n<h2 class=\"wp-block-heading\"><strong>C\u00f3mo ser\u00e1 la medida de fuerza<\/strong><\/h2>\n\n\n\n<p class=\"p4 wp-block-paragraph\">Las medidas de fuerza se desarrollar\u00e1n durante dos jornadas y estar\u00e1n condicionadas por las disposiciones vigentes para los servicios considerados esenciales.<\/p>\n\n\n\n<p class=\"p4 wp-block-paragraph\">Lucero explic\u00f3 que los trabajadores deben garantizar una prestaci\u00f3n m\u00ednima del servicio y que la protesta se realizar\u00e1 permaneciendo en los lugares de trabajo.<\/p>\n\n\n\n<p class=\"p4 wp-block-paragraph\">El dirigente aclar\u00f3 adem\u00e1s que los trabajadores continuar\u00e1n atendiendo a las aeronaves que se encuentren en vuelo al momento de comenzar la medida. Una vez que la aeronave aterrice, quede segura y detenga sus motores, se retomar\u00e1 la medida de fuerza.<\/p>\n\n\n\n<p class=\"p4 wp-block-paragraph\">Tambi\u00e9n remarc\u00f3 que los vuelos sanitarios, humanitarios, vinculados con incendios y determinadas operaciones gubernamentales no ser\u00e1n afectados.<\/p>\n\n\n\n<h2 class=\"wp-block-heading\"><strong>Podr\u00edan verse afectados entre 18 y 20 aeropuertos<\/strong><\/h2>\n\n\n\n<p class=\"p4 wp-block-paragraph\">Seg\u00fan estim\u00f3 Lucero, entre <strong>18 y 20 aeropuertos<\/strong> podr\u00edan verse afectados directamente por las medidas de fuerza.<\/p>\n\n\n\n<p class=\"p4 wp-block-paragraph\">Sin embargo, el impacto sobre los pasajeros podr\u00eda extenderse incluso a terminales que no adhieran a la protesta.<\/p>\n\n\n\n<p class=\"p4 wp-block-paragraph\">Esto se debe a que las operaciones a\u00e9reas se encuentran encadenadas: una aeronave puede realizar un recorrido que incluya varias ciudades y, si sufre una demora en uno de esos puntos, puede terminar afectando los vuelos posteriores.<\/p>\n\n\n\n<p class=\"p4 wp-block-paragraph\">Por este motivo, desde el gremio advierten que las consecuencias podr\u00edan traducirse en <strong>demoras y eventuales cancelaciones<\/strong> en distintos puntos del pa\u00eds.<\/p>\n\n\n\n<h2 class=\"wp-block-heading\"><strong>Ya hubo una conciliaci\u00f3n obligatoria<\/strong><\/h2>\n\n\n\n<p class=\"p4 wp-block-paragraph\">El conflicto tuvo un antecedente reciente. Aproximadamente un mes y medio atr\u00e1s, los trabajadores realizaron una medida de fuerza con reclamos similares y el Gobierno Nacional dict\u00f3 una conciliaci\u00f3n obligatoria.<\/p>\n\n\n\n<p class=\"p4 wp-block-paragraph\">ATE acat\u00f3 la medida y se retomaron las instancias de di\u00e1logo. Sin embargo, seg\u00fan Lucero, las negociaciones se extendieron durante meses sin que se obtuvieran respuestas concretas a los reclamos.<\/p>\n\n\n\n<p class=\"p4 wp-block-paragraph\">El dirigente sostuvo que la conciliaci\u00f3n permiti\u00f3 frenar la medida, pero no resolver el conflicto, por lo que los trabajadores decidieron retomar el plan de lucha.<\/p>\n\n\n\n<h2 class=\"wp-block-heading\"><strong>El reclamo lleva m\u00e1s de seis meses<\/strong><\/h2>\n\n\n\n<p class=\"p4 wp-block-paragraph\">Lucero se\u00f1al\u00f3 que los trabajadores llevan <strong>m\u00e1s de seis meses<\/strong> realizando planteos y reclamando respuestas.<\/p>\n\n\n\n<p class=\"p4 wp-block-paragraph\">Tambi\u00e9n cuestion\u00f3 los cambios de interlocutores durante las negociaciones y afirm\u00f3 que las modificaciones dentro del Gobierno terminan provocando que las conversaciones vuelvan pr\u00e1cticamente a foja cero.<\/p>\n\n\n\n<p class=\"p4 wp-block-paragraph\">Respecto de los incumplimientos denunciados, indic\u00f3 que ya se iniciaron los tr\u00e1mites correspondientes y que tambi\u00e9n se avanz\u00f3 con acciones judiciales.<\/p>\n\n\n\n<h2 class=\"wp-block-heading\"><strong>La continuidad de las medidas ser\u00e1 definida en asamblea<\/strong><\/h2>\n\n\n\n<p class=\"p4 wp-block-paragraph\">En caso de que no haya respuestas luego de las jornadas de protesta de este jueves y viernes, la continuidad del plan de lucha ser\u00e1 definida por los propios trabajadores.<\/p>\n\n\n\n<p class=\"p4 wp-block-paragraph\">Lucero remarc\u00f3 que no se trata de una decisi\u00f3n unilateral de los dirigentes, sino de medidas que se resuelven mediante <strong>asambleas de trabajadores<\/strong>.<\/p>\n\n\n\n<p class=\"p4 wp-block-paragraph\">Desde ATE-ANAC, adem\u00e1s, aseguraron que mantienen abierta la posibilidad de retomar el di\u00e1logo con las autoridades si existe una convocatoria concreta.<\/p>\n\n\n\n<p class=\"p4 wp-block-paragraph\">Hasta el momento, seg\u00fan indic\u00f3 Lucero, no hab\u00eda una nueva convocatoria oficial para intentar evitar las medidas de fuerza.<\/p>\n\n\n\n<p class=\"p4 wp-block-paragraph\">El dirigente volvi\u00f3 a reclamar que el Gobierno Nacional atienda tanto las condiciones salariales como las necesidades operativas del organismo y cuestion\u00f3 que el ajuste recaiga principalmente sobre los trabajadores.<\/p>\n\n\n\n<p class=\"p5 wp-block-paragraph\">\u201cEntendemos que hay que hacer ajustes, hay que hacer modificaciones, pero el ajuste y la modificaci\u00f3n siempre es para el trabajador\u201d, sostuvo Lucero.<\/p>\n","protected":false},"excerpt":{"rendered":"<p>El reclamo incluye una recomposici\u00f3n salarial, la apertura de paritarias y mayores inversiones en el sistema aeroportuario. Las medidas se llevar\u00e1n adelante este jueves 3 y viernes 4 de septiembre.<\/p>\n","protected":false},"author":4,"featured_media":26237,"comment_status":"closed","ping_status":"closed","sticky":false,"template":"","format":"standard","meta":{"footnotes":""},"categories":[122],"tags":[648,647,649],"class_list":["post-26238","post","type-post","status-publish","format-standard","has-post-thumbnail","hentry","category-sociedad","tag-anac","tag-ate","tag-demoras-y-cancelaciones-de-vuelos"],"yoast_head":"<!-- This site is optimized with the Yoast SEO plugin v28.4 - https:\/\/yoast.com\/product\/yoast-seo-wordpress\/ -->\n<title>Trabajadores de ANAC retoman las medidas de fuerza y advierten por posibles demoras y cancelaciones - FM Patagonia Madryn<\/title>\n<meta name=\"robots\" content=\"index, follow, max-snippet:-1, max-image-preview:large, max-video-preview:-1\" \/>\n<link rel=\"canonical\" href=\"https:\/\/fmpatagoniamadryn.com.ar\/?p=26238\" \/>\n<meta property=\"og:locale\" content=\"es_ES\" \/>\n<meta property=\"og:type\" content=\"article\" \/>\n<meta property=\"og:title\" content=\"Trabajadores de ANAC retoman las medidas de fuerza y advierten por posibles demoras y cancelaciones - FM Patagonia Madryn\" \/>\n<meta property=\"og:description\" content=\"El reclamo incluye una recomposici\u00f3n salarial, la apertura de paritarias y mayores inversiones en el sistema aeroportuario. Las medidas se llevar\u00e1n adelante este jueves 3 y viernes 4 de septiembre.\" \/>\n<meta property=\"og:url\" content=\"https:\/\/fmpatagoniamadryn.com.ar\/?p=26238\" \/>\n<meta property=\"og:site_name\" content=\"FM Patagonia Madryn\" \/>\n<meta property=\"article:published_time\" content=\"2026-09-02T22:14:43+00:00\" \/>\n<meta property=\"article:modified_time\" content=\"2026-09-02T22:52:20+00:00\" \/>\n<meta property=\"og:image\" content=\"https:\/\/fmpatagoniamadryn.com.ar\/wp-content\/uploads\/2026\/09\/img_8689-1.jpg\" \/>\n\t<meta property=\"og:image:width\" content=\"860\" \/>\n\t<meta property=\"og:image:height\" content=\"426\" \/>\n\t<meta property=\"og:image:type\" content=\"image\/jpeg\" \/>\n<meta name=\"author\" content=\"FM Patagonia\" \/>\n<meta name=\"twitter:card\" content=\"summary_large_image\" \/>\n<meta name=\"twitter:label1\" content=\"Escrito por\" \/>\n\t<meta name=\"twitter:data1\" content=\"FM Patagonia\" \/>\n\t<meta name=\"twitter:label2\" content=\"Tiempo de lectura\" \/>\n\t<meta name=\"twitter:data2\" content=\"5 minutos\" \/>\n<script type=\"application\/ld+json\" class=\"yoast-schema-graph\">{\"@context\":\"https:\\\/\\\/schema.org\",\"@graph\":[{\"@type\":\"Article\",\"@id\":\"https:\\\/\\\/fmpatagoniamadryn.com.ar\\\/?p=26238#article\",\"isPartOf\":{\"@id\":\"https:\\\/\\\/fmpatagoniamadryn.com.ar\\\/?p=26238\"},\"author\":{\"name\":\"FM Patagonia\",\"@id\":\"https:\\\/\\\/fmpatagoniamadryn.com.ar\\\/#\\\/schema\\\/person\\\/97b1d30cb2ae311544a88a5201700571\"},\"headline\":\"Trabajadores de ANAC retoman las medidas de fuerza y advierten por posibles demoras y cancelaciones\",\"datePublished\":\"2026-09-02T22:14:43+00:00\",\"dateModified\":\"2026-09-02T22:52:20+00:00\",\"mainEntityOfPage\":{\"@id\":\"https:\\\/\\\/fmpatagoniamadryn.com.ar\\\/?p=26238\"},\"wordCount\":991,\"publisher\":{\"@id\":\"https:\\\/\\\/fmpatagoniamadryn.com.ar\\\/#organization\"},\"image\":{\"@id\":\"https:\\\/\\\/fmpatagoniamadryn.com.ar\\\/?p=26238#primaryimage\"},\"thumbnailUrl\":\"https:\\\/\\\/fmpatagoniamadryn.com.ar\\\/wp-content\\\/uploads\\\/2026\\\/09\\\/img_8689-1.jpg\",\"keywords\":[\"ANAC\",\"ATE\",\"demoras y cancelaciones de vuelos\"],\"articleSection\":[\"Sociedad\"],\"inLanguage\":\"es\"},{\"@type\":\"WebPage\",\"@id\":\"https:\\\/\\\/fmpatagoniamadryn.com.ar\\\/?p=26238\",\"url\":\"https:\\\/\\\/fmpatagoniamadryn.com.ar\\\/?p=26238\",\"name\":\"Trabajadores de ANAC retoman las medidas de fuerza y advierten por posibles demoras y cancelaciones - FM Patagonia Madryn\",\"isPartOf\":{\"@id\":\"https:\\\/\\\/fmpatagoniamadryn.com.ar\\\/#website\"},\"primaryImageOfPage\":{\"@id\":\"https:\\\/\\\/fmpatagoniamadryn.com.ar\\\/?p=26238#primaryimage\"},\"image\":{\"@id\":\"https:\\\/\\\/fmpatagoniamadryn.com.ar\\\/?p=26238#primaryimage\"},\"thumbnailUrl\":\"https:\\\/\\\/fmpatagoniamadryn.com.ar\\\/wp-content\\\/uploads\\\/2026\\\/09\\\/img_8689-1.jpg\",\"datePublished\":\"2026-09-02T22:14:43+00:00\",\"dateModified\":\"2026-09-02T22:52:20+00:00\",\"breadcrumb\":{\"@id\":\"https:\\\/\\\/fmpatagoniamadryn.com.ar\\\/?p=26238#breadcrumb\"},\"inLanguage\":\"es\",\"potentialAction\":[{\"@type\":\"ReadAction\",\"target\":[\"https:\\\/\\\/fmpatagoniamadryn.com.ar\\\/?p=26238\"]}]},{\"@type\":\"ImageObject\",\"inLanguage\":\"es\",\"@id\":\"https:\\\/\\\/fmpatagoniamadryn.com.ar\\\/?p=26238#primaryimage\",\"url\":\"https:\\\/\\\/fmpatagoniamadryn.com.ar\\\/wp-content\\\/uploads\\\/2026\\\/09\\\/img_8689-1.jpg\",\"contentUrl\":\"https:\\\/\\\/fmpatagoniamadryn.com.ar\\\/wp-content\\\/uploads\\\/2026\\\/09\\\/img_8689-1.jpg\",\"width\":860,\"height\":426},{\"@type\":\"BreadcrumbList\",\"@id\":\"https:\\\/\\\/fmpatagoniamadryn.com.ar\\\/?p=26238#breadcrumb\",\"itemListElement\":[{\"@type\":\"ListItem\",\"position\":1,\"name\":\"Portada\",\"item\":\"https:\\\/\\\/fmpatagoniamadryn.com.ar\\\/\"},{\"@type\":\"ListItem\",\"position\":2,\"name\":\"Trabajadores de ANAC retoman las medidas de fuerza y advierten por posibles demoras y cancelaciones\"}]},{\"@type\":\"WebSite\",\"@id\":\"https:\\\/\\\/fmpatagoniamadryn.com.ar\\\/#website\",\"url\":\"https:\\\/\\\/fmpatagoniamadryn.com.ar\\\/\",\"name\":\"FM Patagonia Madryn\",\"description\":\"Radio Patagonia 105.5\",\"publisher\":{\"@id\":\"https:\\\/\\\/fmpatagoniamadryn.com.ar\\\/#organization\"},\"potentialAction\":[{\"@type\":\"SearchAction\",\"target\":{\"@type\":\"EntryPoint\",\"urlTemplate\":\"https:\\\/\\\/fmpatagoniamadryn.com.ar\\\/?s={search_term_string}\"},\"query-input\":{\"@type\":\"PropertyValueSpecification\",\"valueRequired\":true,\"valueName\":\"search_term_string\"}}],\"inLanguage\":\"es\"},{\"@type\":\"Organization\",\"@id\":\"https:\\\/\\\/fmpatagoniamadryn.com.ar\\\/#organization\",\"name\":\"FM Patagonia Madryn\",\"url\":\"https:\\\/\\\/fmpatagoniamadryn.com.ar\\\/\",\"logo\":{\"@type\":\"ImageObject\",\"inLanguage\":\"es\",\"@id\":\"https:\\\/\\\/fmpatagoniamadryn.com.ar\\\/#\\\/schema\\\/logo\\\/image\\\/\",\"url\":\"https:\\\/\\\/fmpatagoniamadryn.com.ar\\\/wp-content\\\/uploads\\\/2023\\\/01\\\/cropped-Diseno-sin-titulo.png\",\"contentUrl\":\"https:\\\/\\\/fmpatagoniamadryn.com.ar\\\/wp-content\\\/uploads\\\/2023\\\/01\\\/cropped-Diseno-sin-titulo.png\",\"width\":6911,\"height\":2657,\"caption\":\"FM Patagonia Madryn\"},\"image\":{\"@id\":\"https:\\\/\\\/fmpatagoniamadryn.com.ar\\\/#\\\/schema\\\/logo\\\/image\\\/\"}},{\"@type\":\"Person\",\"@id\":\"https:\\\/\\\/fmpatagoniamadryn.com.ar\\\/#\\\/schema\\\/person\\\/97b1d30cb2ae311544a88a5201700571\",\"name\":\"FM Patagonia\",\"url\":\"https:\\\/\\\/fmpatagoniamadryn.com.ar\\\/?author=4\"}]}<\/script>\n<!-- \/ Yoast SEO plugin. -->","yoast_head_json":{"title":"Trabajadores de ANAC retoman las medidas de fuerza y advierten por posibles demoras y cancelaciones - FM Patagonia Madryn","robots":{"index":"index","follow":"follow","max-snippet":"max-snippet:-1","max-image-preview":"max-image-preview:large","max-video-preview":"max-video-preview:-1"},"canonical":"https:\/\/fmpatagoniamadryn.com.ar\/?p=26238","og_locale":"es_ES","og_type":"article","og_title":"Trabajadores de ANAC retoman las medidas de fuerza y advierten por posibles demoras y cancelaciones - FM Patagonia Madryn","og_description":"El reclamo incluye una recomposici\u00f3n salarial, la apertura de paritarias y mayores inversiones en el sistema aeroportuario. Las medidas se llevar\u00e1n adelante este jueves 3 y viernes 4 de septiembre.","og_url":"https:\/\/fmpatagoniamadryn.com.ar\/?p=26238","og_site_name":"FM Patagonia Madryn","article_published_time":"2026-09-02T22:14:43+00:00","article_modified_time":"2026-09-02T22:52:20+00:00","og_image":[{"width":860,"height":426,"url":"https:\/\/fmpatagoniamadryn.com.ar\/wp-content\/uploads\/2026\/09\/img_8689-1.jpg","type":"image\/jpeg"}],"author":"FM Patagonia","twitter_card":"summary_large_image","twitter_misc":{"Escrito por":"FM Patagonia","Tiempo de lectura":"5 minutos"},"schema":{"@context":"https:\/\/schema.org","@graph":[{"@type":"Article","@id":"https:\/\/fmpatagoniamadryn.com.ar\/?p=26238#article","isPartOf":{"@id":"https:\/\/fmpatagoniamadryn.com.ar\/?p=26238"},"author":{"name":"FM Patagonia","@id":"https:\/\/fmpatagoniamadryn.com.ar\/#\/schema\/person\/97b1d30cb2ae311544a88a5201700571"},"headline":"Trabajadores de ANAC retoman las medidas de fuerza y advierten por posibles demoras y cancelaciones","datePublished":"2026-09-02T22:14:43+00:00","dateModified":"2026-09-02T22:52:20+00:00","mainEntityOfPage":{"@id":"https:\/\/fmpatagoniamadryn.com.ar\/?p=26238"},"wordCount":991,"publisher":{"@id":"https:\/\/fmpatagoniamadryn.com.ar\/#organization"},"image":{"@id":"https:\/\/fmpatagoniamadryn.com.ar\/?p=26238#primaryimage"},"thumbnailUrl":"https:\/\/fmpatagoniamadryn.com.ar\/wp-content\/uploads\/2026\/09\/img_8689-1.jpg","keywords":["ANAC","ATE","demoras y cancelaciones de vuelos"],"articleSection":["Sociedad"],"inLanguage":"es"},{"@type":"WebPage","@id":"https:\/\/fmpatagoniamadryn.com.ar\/?p=26238","url":"https:\/\/fmpatagoniamadryn.com.ar\/?p=26238","name":"Trabajadores de ANAC retoman las medidas de fuerza y advierten por posibles demoras y cancelaciones - FM Patagonia Madryn","isPartOf":{"@id":"https:\/\/fmpatagoniamadryn.com.ar\/#website"},"primaryImageOfPage":{"@id":"https:\/\/fmpatagoniamadryn.com.ar\/?p=26238#primaryimage"},"image":{"@id":"https:\/\/fmpatagoniamadryn.com.ar\/?p=26238#primaryimage"},"thumbnailUrl":"https:\/\/fmpatagoniamadryn.com.ar\/wp-content\/uploads\/2026\/09\/img_8689-1.jpg","datePublished":"2026-09-02T22:14:43+00:00","dateModified":"2026-09-02T22:52:20+00:00","breadcrumb":{"@id":"https:\/\/fmpatagoniamadryn.com.ar\/?p=26238#breadcrumb"},"inLanguage":"es","potentialAction":[{"@type":"ReadAction","target":["https:\/\/fmpatagoniamadryn.com.ar\/?p=26238"]}]},{"@type":"ImageObject","inLanguage":"es","@id":"https:\/\/fmpatagoniamadryn.com.ar\/?p=26238#primaryimage","url":"https:\/\/fmpatagoniamadryn.com.ar\/wp-content\/uploads\/2026\/09\/img_8689-1.jpg","contentUrl":"https:\/\/fmpatagoniamadryn.com.ar\/wp-content\/uploads\/2026\/09\/img_8689-1.jpg","width":860,"height":426},{"@type":"BreadcrumbList","@id":"https:\/\/fmpatagoniamadryn.com.ar\/?p=26238#breadcrumb","itemListElement":[{"@type":"ListItem","position":1,"name":"Portada","item":"https:\/\/fmpatagoniamadryn.com.ar\/"},{"@type":"ListItem","position":2,"name":"Trabajadores de ANAC retoman las medidas de fuerza y advierten por posibles demoras y cancelaciones"}]},{"@type":"WebSite","@id":"https:\/\/fmpatagoniamadryn.com.ar\/#website","url":"https:\/\/fmpatagoniamadryn.com.ar\/","name":"FM Patagonia Madryn","description":"Radio Patagonia 105.5","publisher":{"@id":"https:\/\/fmpatagoniamadryn.com.ar\/#organization"},"potentialAction":[{"@type":"SearchAction","target":{"@type":"EntryPoint","urlTemplate":"https:\/\/fmpatagoniamadryn.com.ar\/?s={search_term_string}"},"query-input":{"@type":"PropertyValueSpecification","valueRequired":true,"valueName":"search_term_string"}}],"inLanguage":"es"},{"@type":"Organization","@id":"https:\/\/fmpatagoniamadryn.com.ar\/#organization","name":"FM Patagonia Madryn","url":"https:\/\/fmpatagoniamadryn.com.ar\/","logo":{"@type":"ImageObject","inLanguage":"es","@id":"https:\/\/fmpatagoniamadryn.com.ar\/#\/schema\/logo\/image\/","url":"https:\/\/fmpatagoniamadryn.com.ar\/wp-content\/uploads\/2023\/01\/cropped-Diseno-sin-titulo.png","contentUrl":"https:\/\/fmpatagoniamadryn.com.ar\/wp-content\/uploads\/2023\/01\/cropped-Diseno-sin-titulo.png","width":6911,"height":2657,"caption":"FM Patagonia Madryn"},"image":{"@id":"https:\/\/fmpatagoniamadryn.com.ar\/#\/schema\/logo\/image\/"}},{"@type":"Person","@id":"https:\/\/fmpatagoniamadryn.com.ar\/#\/schema\/person\/97b1d30cb2ae311544a88a5201700571","name":"FM Patagonia","url":"https:\/\/fmpatagoniamadryn.com.ar\/?author=4"}]}},"jetpack_featured_media_url":"https:\/\/fmpatagoniamadryn.com.ar\/wp-content\/uploads\/2026\/09\/img_8689-1.jpg","_links":{"self":[{"href":"https:\/\/fmpatagoniamadryn.com.ar\/index.php?rest_route=\/wp\/v2\/posts\/26238","targetHints":{"allow":["GET"]}}],"collection":[{"href":"https:\/\/fmpatagoniamadryn.com.ar\/index.php?rest_route=\/wp\/v2\/posts"}],"about":[{"href":"https:\/\/fmpatagoniamadryn.com.ar\/index.php?rest_route=\/wp\/v2\/types\/post"}],"author":[{"embeddable":true,"href":"https:\/\/fmpatagoniamadryn.com.ar\/index.php?rest_route=\/wp\/v2\/users\/4"}],"replies":[{"embeddable":true,"href":"https:\/\/fmpatagoniamadryn.com.ar\/index.php?rest_route=%2Fwp%2Fv2%2Fcomments&post=26238"}],"version-history":[{"count":2,"href":"https:\/\/fmpatagoniamadryn.com.ar\/index.php?rest_route=\/wp\/v2\/posts\/26238\/revisions"}],"predecessor-version":[{"id":26241,"href":"https:\/\/fmpatagoniamadryn.com.ar\/index.php?rest_route=\/wp\/v2\/posts\/26238\/revisions\/26241"}],"wp:featuredmedia":[{"embeddable":true,"href":"https:\/\/fmpatagoniamadryn.com.ar\/index.php?rest_route=\/wp\/v2\/media\/26237"}],"wp:attachment":[{"href":"https:\/\/fmpatagoniamadryn.com.ar\/index.php?rest_route=%2Fwp%2Fv2%2Fmedia&parent=26238"}],"wp:term":[{"taxonomy":"category","embeddable":true,"href":"https:\/\/fmpatagoniamadryn.com.ar\/index.php?rest_route=%2Fwp%2Fv2%2Fcategories&post=26238"},{"taxonomy":"post_tag","embeddable":true,"href":"https:\/\/fmpatagoniamadryn.com.ar\/index.php?rest_route=%2Fwp%2Fv2%2Ftags&post=26238"}],"curies":[{"name":"wp","href":"https:\/\/api.w.org\/{rel}","templated":true}]}}