{"id":26243,"date":"2026-09-02T20:45:00","date_gmt":"2026-09-02T23:45:00","guid":{"rendered":"https:\/\/fmpatagoniamadryn.com.ar\/?p=26243"},"modified":"2026-09-02T19:58:33","modified_gmt":"2026-09-02T22:58:33","slug":"torres-encabezo-la-apertura-de-los-juegos-comunales-que-reunen-a-mas-de-6000-participantes-de-toda-la-provincia","status":"publish","type":"post","link":"https:\/\/fmpatagoniamadryn.com.ar\/?p=26243","title":{"rendered":"Torres encabez\u00f3 la apertura de los Juegos Comunales, que re\u00fanen a m\u00e1s de 6000 participantes de toda la provincia"},"content":{"rendered":"\n<p class=\"wp-block-paragraph\">El gobernador del Chubut, Ignacio \u201cNacho\u201d Torres, encabez\u00f3 este mi\u00e9rcoles por la tarde la apertura de la segunda etapa de los Juegos Comunales 2026, con el inicio de las competencias correspondientes a la Zona VI.<\/p>\n\n\n\n<p class=\"wp-block-paragraph\">El acto se llev\u00f3 a cabo en el Gimnasio Municipal de Gobernador Costa y cont\u00f3 con la participaci\u00f3n del intendente local, Miguel G\u00f3mez; los intendentes Silvio Boudargham (Cholila), Santiago P\u00e9rez (R\u00edo Pico), Gustavo Loyaute (R\u00edo Mayo), Jorge Seitune (Tecka), Micaela Bilbao (Lago Blanco), Jos\u00e9 Contreras (Epuy\u00e9n), Oscar Curril\u00e9n (El Mait\u00e9n), H\u00e9ctor Eduardo M\u00e9ndez (Paso de Indios), Patricia Tapia (Aldea Beleiro); el subsecretario de Asuntos Municipales, V\u00edctor Candia; el presidente de Chubut Deportes, Milton Reyes; la diputada provincial Karina Otero; participantes de los Juegos Comunales, entrenadores y vecinos.<\/p>\n\n\n\n<p class=\"wp-block-paragraph\">El certamen, creado por ley en junio de este a\u00f1o, tiene como objetivo garantizar que la ubicaci\u00f3n geogr\u00e1fica no constituya un impedimento para acceder al deporte, la recreaci\u00f3n y los espacios de convivencia. En esta edici\u00f3n participan m\u00e1s de 6000 ni\u00f1os y adolescentes de comunidades rurales de toda la provincia.<\/p>\n\n\n\n<h2 class=\"wp-block-heading\"><em>Una pol\u00edtica de Estado para integrar a toda la provincia<\/em><\/h2>\n\n\n\n<p class=\"wp-block-paragraph\">Durante su discurso, Torres destac\u00f3 \u201cla importancia de tener una pol\u00edtica deportiva activa\u201d y se\u00f1al\u00f3 que \u201cm\u00e1s all\u00e1 de lo deportivo y recreativo, los Juegos Comunales tienen un rol fundamental en la integraci\u00f3n\u201d.<\/p>\n\n\n\n<p class=\"wp-block-paragraph\">\u201cGracias a esta integraci\u00f3n, muchos chicos conocen el mar por primera vez y otros recorren la provincia compitiendo, pero sobre todo form\u00e1ndose como mejores personas. Y en \u00e9pocas dif\u00edciles, donde hay que definir prioridades, este programa para nosotros fue prioritario\u201d, remarc\u00f3 el titular del Ejecutivo.<\/p>\n\n\n\n<p class=\"wp-block-paragraph\">En ese sentido, el mandatario record\u00f3 que \u201cdecidimos avanzar con una ley para que ning\u00fan chico se quede sin competir y recorrer la provincia por una restricci\u00f3n presupuestaria\u201d, y destac\u00f3 que la iniciativa \u201cfue votada por unanimidad\u201d.<\/p>\n\n\n\n<p class=\"wp-block-paragraph\">\u201cLos Juegos Comunales no son solamente una pol\u00edtica de Estado en toda la provincia, sino tambi\u00e9n un caso de \u00e9xito que demuestra el impacto que puede tener el deporte en las familias chubutenses\u201d, asegur\u00f3 Torres.<\/p>\n\n\n\n<h2 class=\"wp-block-heading\"><em>Deporte, inclusi\u00f3n e igualdad de oportunidades<\/em><\/h2>\n\n\n\n<p class=\"wp-block-paragraph\">Por su parte, el intendente de Gobernador Costa, Miguel G\u00f3mez, agradeci\u00f3 \u201cel esfuerzo y el compromiso de todos los involucrados para que los Juegos Comunales se desarrollen de la mejor manera\u201d y destac\u00f3 que \u201clo m\u00e1s importante es que esta competencia cuenta con el respaldo de una ley, lo que permite que trascienda las gestiones y garantiza su continuidad presupuestaria incluso en un contexto econ\u00f3mico dif\u00edcil\u201d.<\/p>\n\n\n\n<p class=\"wp-block-paragraph\">\u201cLos Juegos Comunales fomentan la inclusi\u00f3n y la participaci\u00f3n de comunidades que muchas veces quedaron relegadas, permitiendo que cada deportista pueda crecer y desarrollarse\u201d, sostuvo.<\/p>\n\n\n\n<h2 class=\"wp-block-heading\"><em>Un programa para todos los rincones de Chubut<\/em><\/h2>\n\n\n\n<p class=\"wp-block-paragraph\">A su turno, el presidente de Chubut Deportes, Milton Reyes, record\u00f3 que \u201ccuando comenzamos la gesti\u00f3n ten\u00edamos el sue\u00f1o de contar con un programa social que permitiera que todos los chicos de la provincia tuvieran la posibilidad de estar involucrados en el deporte\u201d.<\/p>\n\n\n\n<p class=\"wp-block-paragraph\">\u201cAs\u00ed naci\u00f3 este desaf\u00edo, a partir de una decisi\u00f3n pol\u00edtica del Gobernador para que en cada rinc\u00f3n de Chubut pudiera implementarse un programa completo, con continuidad durante todo el a\u00f1o\u201d, explic\u00f3.<\/p>\n\n\n\n<p class=\"wp-block-paragraph\">Reyes se\u00f1al\u00f3 que \u201ccon el esfuerzo de cada director de Deportes y de cada intendente fuimos creciendo\u201d, y agreg\u00f3 que Torres \u201cnos instruy\u00f3 para que esta pol\u00edtica deportiva trascendiera la gesti\u00f3n\u201d.<\/p>\n\n\n\n<p class=\"wp-block-paragraph\">En ese marco, destac\u00f3 que \u201cmuchos de los chicos que participaron de los primeros Juegos Comunales hoy integran distintas selecciones de la provincia y disputan los Juegos Patag\u00f3nicos\u201d.<\/p>\n\n\n\n<p class=\"wp-block-paragraph\">\u201cLa \u00fanica manera de garantizar que esto trascendiera una gesti\u00f3n era convertirlo en ley. Hoy contamos con una herramienta que nos permite darle continuidad al programa y acompa\u00f1arla con un esfuerzo presupuestario de m\u00e1s de $100 millones para que casi 60 comunas, parajes y municipios tengan materiales y los chicos puedan realizar actividades deportivas durante todo el a\u00f1o\u201d, sostuvo.<\/p>\n\n\n\n<h2 class=\"wp-block-heading\"><em>M\u00e1s de 6000 participantes<\/em><\/h2>\n\n\n\n<p class=\"wp-block-paragraph\">Con el objetivo de garantizar el acceso al deporte, la recreaci\u00f3n y la salud en comunas rurales, aldeas, parajes y municipios del interior provincial que no cuentan con un calendario sostenido de competencias, la Legislatura del Chubut aprob\u00f3 por unanimidad, en junio de este a\u00f1o, la ley que cre\u00f3 el programa Juegos Comunales, impulsado por el gobernador Ignacio Torres y coordinado a trav\u00e9s de Chubut Deportes.<\/p>\n\n\n\n<p class=\"wp-block-paragraph\">En esta edici\u00f3n participan m\u00e1s de 6000 ni\u00f1os y adolescentes de comunidades rurales de toda la provincia, distribuidos en distintas etapas zonales y disciplinas como futsal, newcom, tenis de mesa y atletismo.<\/p>\n\n\n\n<p class=\"wp-block-paragraph\">Durante el acto de apertura, Torres tambi\u00e9n hizo entrega de kits deportivos destinados a las localidades participantes, como parte de la inversi\u00f3n de m\u00e1s de $100 millones realizada para fortalecer el desarrollo de las actividades durante todo el a\u00f1o.<\/p>\n","protected":false},"excerpt":{"rendered":"<p>El gobernador destac\u00f3 la competencia, creada por ley en junio de este a\u00f1o, como una herramienta fundamental de inclusi\u00f3n e integraci\u00f3n que trasciende lo estrictamente deportivo y promueve la participaci\u00f3n de ni\u00f1os, j\u00f3venes y adultos mayores de las distintas comunidades rurales de Chubut. \u201cMuchos chicos conocen el mar por primera vez y recorren la provincia compitiendo, pero sobre todo form\u00e1ndose como mejores personas\u201d, expres\u00f3 Torres. Adem\u00e1s, destac\u00f3 la inversi\u00f3n de m\u00e1s de $100 millones destinada a equipamiento y kits deportivos para las distintas localidades participantes.<\/p>\n","protected":false},"author":4,"featured_media":26242,"comment_status":"closed","ping_status":"closed","sticky":false,"template":"","format":"standard","meta":{"footnotes":""},"categories":[14],"tags":[651,650],"class_list":["post-26243","post","type-post","status-publish","format-standard","has-post-thumbnail","hentry","category-provinciales","tag-juegos-comunales","tag-nacho-torres"],"yoast_head":"<!-- This site is optimized with the Yoast SEO plugin v28.4 - https:\/\/yoast.com\/product\/yoast-seo-wordpress\/ -->\n<title>Torres encabez\u00f3 la apertura de los Juegos Comunales, que re\u00fanen a m\u00e1s de 6000 participantes de toda la provincia - FM Patagonia Madryn<\/title>\n<meta name=\"robots\" content=\"index, follow, max-snippet:-1, max-image-preview:large, max-video-preview:-1\" \/>\n<link rel=\"canonical\" href=\"https:\/\/fmpatagoniamadryn.com.ar\/?p=26243\" \/>\n<meta property=\"og:locale\" content=\"es_ES\" \/>\n<meta property=\"og:type\" content=\"article\" \/>\n<meta property=\"og:title\" content=\"Torres encabez\u00f3 la apertura de los Juegos Comunales, que re\u00fanen a m\u00e1s de 6000 participantes de toda la provincia - FM Patagonia Madryn\" \/>\n<meta property=\"og:description\" content=\"El gobernador destac\u00f3 la competencia, creada por ley en junio de este a\u00f1o, como una herramienta fundamental de inclusi\u00f3n e integraci\u00f3n que trasciende lo estrictamente deportivo y promueve la participaci\u00f3n de ni\u00f1os, j\u00f3venes y adultos mayores de las distintas comunidades rurales de Chubut. \u201cMuchos chicos conocen el mar por primera vez y recorren la provincia compitiendo, pero sobre todo form\u00e1ndose como mejores personas\u201d, expres\u00f3 Torres. Adem\u00e1s, destac\u00f3 la inversi\u00f3n de m\u00e1s de $100 millones destinada a equipamiento y kits deportivos para las distintas localidades participantes.\" \/>\n<meta property=\"og:url\" content=\"https:\/\/fmpatagoniamadryn.com.ar\/?p=26243\" \/>\n<meta property=\"og:site_name\" content=\"FM Patagonia Madryn\" \/>\n<meta property=\"article:published_time\" content=\"2026-09-02T23:45:00+00:00\" \/>\n<meta property=\"og:image\" content=\"https:\/\/fmpatagoniamadryn.com.ar\/wp-content\/uploads\/2026\/09\/4500f54d-b93c-4121-aff5-82baa440dcb5.jpg\" \/>\n\t<meta property=\"og:image:width\" content=\"2000\" \/>\n\t<meta property=\"og:image:height\" content=\"1334\" \/>\n\t<meta property=\"og:image:type\" content=\"image\/jpeg\" \/>\n<meta name=\"author\" content=\"FM Patagonia\" \/>\n<meta name=\"twitter:card\" content=\"summary_large_image\" \/>\n<meta name=\"twitter:label1\" content=\"Escrito por\" \/>\n\t<meta name=\"twitter:data1\" content=\"FM Patagonia\" \/>\n\t<meta name=\"twitter:label2\" content=\"Tiempo de lectura\" \/>\n\t<meta name=\"twitter:data2\" content=\"4 minutos\" \/>\n<script type=\"application\/ld+json\" class=\"yoast-schema-graph\">{\"@context\":\"https:\\\/\\\/schema.org\",\"@graph\":[{\"@type\":\"Article\",\"@id\":\"https:\\\/\\\/fmpatagoniamadryn.com.ar\\\/?p=26243#article\",\"isPartOf\":{\"@id\":\"https:\\\/\\\/fmpatagoniamadryn.com.ar\\\/?p=26243\"},\"author\":{\"name\":\"FM Patagonia\",\"@id\":\"https:\\\/\\\/fmpatagoniamadryn.com.ar\\\/#\\\/schema\\\/person\\\/97b1d30cb2ae311544a88a5201700571\"},\"headline\":\"Torres encabez\u00f3 la apertura de los Juegos Comunales, que re\u00fanen a m\u00e1s de 6000 participantes de toda la provincia\",\"datePublished\":\"2026-09-02T23:45:00+00:00\",\"mainEntityOfPage\":{\"@id\":\"https:\\\/\\\/fmpatagoniamadryn.com.ar\\\/?p=26243\"},\"wordCount\":848,\"publisher\":{\"@id\":\"https:\\\/\\\/fmpatagoniamadryn.com.ar\\\/#organization\"},\"image\":{\"@id\":\"https:\\\/\\\/fmpatagoniamadryn.com.ar\\\/?p=26243#primaryimage\"},\"thumbnailUrl\":\"https:\\\/\\\/fmpatagoniamadryn.com.ar\\\/wp-content\\\/uploads\\\/2026\\\/09\\\/4500f54d-b93c-4121-aff5-82baa440dcb5.jpg\",\"keywords\":[\"juegos comunales\",\"nacho torres\"],\"articleSection\":[\"Provinciales\"],\"inLanguage\":\"es\"},{\"@type\":\"WebPage\",\"@id\":\"https:\\\/\\\/fmpatagoniamadryn.com.ar\\\/?p=26243\",\"url\":\"https:\\\/\\\/fmpatagoniamadryn.com.ar\\\/?p=26243\",\"name\":\"Torres encabez\u00f3 la apertura de los Juegos Comunales, que re\u00fanen a m\u00e1s de 6000 participantes de toda la provincia - FM Patagonia Madryn\",\"isPartOf\":{\"@id\":\"https:\\\/\\\/fmpatagoniamadryn.com.ar\\\/#website\"},\"primaryImageOfPage\":{\"@id\":\"https:\\\/\\\/fmpatagoniamadryn.com.ar\\\/?p=26243#primaryimage\"},\"image\":{\"@id\":\"https:\\\/\\\/fmpatagoniamadryn.com.ar\\\/?p=26243#primaryimage\"},\"thumbnailUrl\":\"https:\\\/\\\/fmpatagoniamadryn.com.ar\\\/wp-content\\\/uploads\\\/2026\\\/09\\\/4500f54d-b93c-4121-aff5-82baa440dcb5.jpg\",\"datePublished\":\"2026-09-02T23:45:00+00:00\",\"breadcrumb\":{\"@id\":\"https:\\\/\\\/fmpatagoniamadryn.com.ar\\\/?p=26243#breadcrumb\"},\"inLanguage\":\"es\",\"potentialAction\":[{\"@type\":\"ReadAction\",\"target\":[\"https:\\\/\\\/fmpatagoniamadryn.com.ar\\\/?p=26243\"]}]},{\"@type\":\"ImageObject\",\"inLanguage\":\"es\",\"@id\":\"https:\\\/\\\/fmpatagoniamadryn.com.ar\\\/?p=26243#primaryimage\",\"url\":\"https:\\\/\\\/fmpatagoniamadryn.com.ar\\\/wp-content\\\/uploads\\\/2026\\\/09\\\/4500f54d-b93c-4121-aff5-82baa440dcb5.jpg\",\"contentUrl\":\"https:\\\/\\\/fmpatagoniamadryn.com.ar\\\/wp-content\\\/uploads\\\/2026\\\/09\\\/4500f54d-b93c-4121-aff5-82baa440dcb5.jpg\",\"width\":2000,\"height\":1334},{\"@type\":\"BreadcrumbList\",\"@id\":\"https:\\\/\\\/fmpatagoniamadryn.com.ar\\\/?p=26243#breadcrumb\",\"itemListElement\":[{\"@type\":\"ListItem\",\"position\":1,\"name\":\"Portada\",\"item\":\"https:\\\/\\\/fmpatagoniamadryn.com.ar\\\/\"},{\"@type\":\"ListItem\",\"position\":2,\"name\":\"Torres encabez\u00f3 la apertura de los Juegos Comunales, que re\u00fanen a m\u00e1s de 6000 participantes de toda la provincia\"}]},{\"@type\":\"WebSite\",\"@id\":\"https:\\\/\\\/fmpatagoniamadryn.com.ar\\\/#website\",\"url\":\"https:\\\/\\\/fmpatagoniamadryn.com.ar\\\/\",\"name\":\"FM Patagonia Madryn\",\"description\":\"Radio Patagonia 105.5\",\"publisher\":{\"@id\":\"https:\\\/\\\/fmpatagoniamadryn.com.ar\\\/#organization\"},\"potentialAction\":[{\"@type\":\"SearchAction\",\"target\":{\"@type\":\"EntryPoint\",\"urlTemplate\":\"https:\\\/\\\/fmpatagoniamadryn.com.ar\\\/?s={search_term_string}\"},\"query-input\":{\"@type\":\"PropertyValueSpecification\",\"valueRequired\":true,\"valueName\":\"search_term_string\"}}],\"inLanguage\":\"es\"},{\"@type\":\"Organization\",\"@id\":\"https:\\\/\\\/fmpatagoniamadryn.com.ar\\\/#organization\",\"name\":\"FM Patagonia Madryn\",\"url\":\"https:\\\/\\\/fmpatagoniamadryn.com.ar\\\/\",\"logo\":{\"@type\":\"ImageObject\",\"inLanguage\":\"es\",\"@id\":\"https:\\\/\\\/fmpatagoniamadryn.com.ar\\\/#\\\/schema\\\/logo\\\/image\\\/\",\"url\":\"https:\\\/\\\/fmpatagoniamadryn.com.ar\\\/wp-content\\\/uploads\\\/2023\\\/01\\\/cropped-Diseno-sin-titulo.png\",\"contentUrl\":\"https:\\\/\\\/fmpatagoniamadryn.com.ar\\\/wp-content\\\/uploads\\\/2023\\\/01\\\/cropped-Diseno-sin-titulo.png\",\"width\":6911,\"height\":2657,\"caption\":\"FM Patagonia Madryn\"},\"image\":{\"@id\":\"https:\\\/\\\/fmpatagoniamadryn.com.ar\\\/#\\\/schema\\\/logo\\\/image\\\/\"}},{\"@type\":\"Person\",\"@id\":\"https:\\\/\\\/fmpatagoniamadryn.com.ar\\\/#\\\/schema\\\/person\\\/97b1d30cb2ae311544a88a5201700571\",\"name\":\"FM Patagonia\",\"url\":\"https:\\\/\\\/fmpatagoniamadryn.com.ar\\\/?author=4\"}]}<\/script>\n<!-- \/ Yoast SEO plugin. -->","yoast_head_json":{"title":"Torres encabez\u00f3 la apertura de los Juegos Comunales, que re\u00fanen a m\u00e1s de 6000 participantes de toda la provincia - FM Patagonia Madryn","robots":{"index":"index","follow":"follow","max-snippet":"max-snippet:-1","max-image-preview":"max-image-preview:large","max-video-preview":"max-video-preview:-1"},"canonical":"https:\/\/fmpatagoniamadryn.com.ar\/?p=26243","og_locale":"es_ES","og_type":"article","og_title":"Torres encabez\u00f3 la apertura de los Juegos Comunales, que re\u00fanen a m\u00e1s de 6000 participantes de toda la provincia - FM Patagonia Madryn","og_description":"El gobernador destac\u00f3 la competencia, creada por ley en junio de este a\u00f1o, como una herramienta fundamental de inclusi\u00f3n e integraci\u00f3n que trasciende lo estrictamente deportivo y promueve la participaci\u00f3n de ni\u00f1os, j\u00f3venes y adultos mayores de las distintas comunidades rurales de Chubut. \u201cMuchos chicos conocen el mar por primera vez y recorren la provincia compitiendo, pero sobre todo form\u00e1ndose como mejores personas\u201d, expres\u00f3 Torres. Adem\u00e1s, destac\u00f3 la inversi\u00f3n de m\u00e1s de $100 millones destinada a equipamiento y kits deportivos para las distintas localidades participantes.","og_url":"https:\/\/fmpatagoniamadryn.com.ar\/?p=26243","og_site_name":"FM Patagonia Madryn","article_published_time":"2026-09-02T23:45:00+00:00","og_image":[{"width":2000,"height":1334,"url":"https:\/\/fmpatagoniamadryn.com.ar\/wp-content\/uploads\/2026\/09\/4500f54d-b93c-4121-aff5-82baa440dcb5.jpg","type":"image\/jpeg"}],"author":"FM Patagonia","twitter_card":"summary_large_image","twitter_misc":{"Escrito por":"FM Patagonia","Tiempo de lectura":"4 minutos"},"schema":{"@context":"https:\/\/schema.org","@graph":[{"@type":"Article","@id":"https:\/\/fmpatagoniamadryn.com.ar\/?p=26243#article","isPartOf":{"@id":"https:\/\/fmpatagoniamadryn.com.ar\/?p=26243"},"author":{"name":"FM Patagonia","@id":"https:\/\/fmpatagoniamadryn.com.ar\/#\/schema\/person\/97b1d30cb2ae311544a88a5201700571"},"headline":"Torres encabez\u00f3 la apertura de los Juegos Comunales, que re\u00fanen a m\u00e1s de 6000 participantes de toda la provincia","datePublished":"2026-09-02T23:45:00+00:00","mainEntityOfPage":{"@id":"https:\/\/fmpatagoniamadryn.com.ar\/?p=26243"},"wordCount":848,"publisher":{"@id":"https:\/\/fmpatagoniamadryn.com.ar\/#organization"},"image":{"@id":"https:\/\/fmpatagoniamadryn.com.ar\/?p=26243#primaryimage"},"thumbnailUrl":"https:\/\/fmpatagoniamadryn.com.ar\/wp-content\/uploads\/2026\/09\/4500f54d-b93c-4121-aff5-82baa440dcb5.jpg","keywords":["juegos comunales","nacho torres"],"articleSection":["Provinciales"],"inLanguage":"es"},{"@type":"WebPage","@id":"https:\/\/fmpatagoniamadryn.com.ar\/?p=26243","url":"https:\/\/fmpatagoniamadryn.com.ar\/?p=26243","name":"Torres encabez\u00f3 la apertura de los Juegos Comunales, que re\u00fanen a m\u00e1s de 6000 participantes de toda la provincia - FM Patagonia Madryn","isPartOf":{"@id":"https:\/\/fmpatagoniamadryn.com.ar\/#website"},"primaryImageOfPage":{"@id":"https:\/\/fmpatagoniamadryn.com.ar\/?p=26243#primaryimage"},"image":{"@id":"https:\/\/fmpatagoniamadryn.com.ar\/?p=26243#primaryimage"},"thumbnailUrl":"https:\/\/fmpatagoniamadryn.com.ar\/wp-content\/uploads\/2026\/09\/4500f54d-b93c-4121-aff5-82baa440dcb5.jpg","datePublished":"2026-09-02T23:45:00+00:00","breadcrumb":{"@id":"https:\/\/fmpatagoniamadryn.com.ar\/?p=26243#breadcrumb"},"inLanguage":"es","potentialAction":[{"@type":"ReadAction","target":["https:\/\/fmpatagoniamadryn.com.ar\/?p=26243"]}]},{"@type":"ImageObject","inLanguage":"es","@id":"https:\/\/fmpatagoniamadryn.com.ar\/?p=26243#primaryimage","url":"https:\/\/fmpatagoniamadryn.com.ar\/wp-content\/uploads\/2026\/09\/4500f54d-b93c-4121-aff5-82baa440dcb5.jpg","contentUrl":"https:\/\/fmpatagoniamadryn.com.ar\/wp-content\/uploads\/2026\/09\/4500f54d-b93c-4121-aff5-82baa440dcb5.jpg","width":2000,"height":1334},{"@type":"BreadcrumbList","@id":"https:\/\/fmpatagoniamadryn.com.ar\/?p=26243#breadcrumb","itemListElement":[{"@type":"ListItem","position":1,"name":"Portada","item":"https:\/\/fmpatagoniamadryn.com.ar\/"},{"@type":"ListItem","position":2,"name":"Torres encabez\u00f3 la apertura de los Juegos Comunales, que re\u00fanen a m\u00e1s de 6000 participantes de toda la provincia"}]},{"@type":"WebSite","@id":"https:\/\/fmpatagoniamadryn.com.ar\/#website","url":"https:\/\/fmpatagoniamadryn.com.ar\/","name":"FM Patagonia Madryn","description":"Radio Patagonia 105.5","publisher":{"@id":"https:\/\/fmpatagoniamadryn.com.ar\/#organization"},"potentialAction":[{"@type":"SearchAction","target":{"@type":"EntryPoint","urlTemplate":"https:\/\/fmpatagoniamadryn.com.ar\/?s={search_term_string}"},"query-input":{"@type":"PropertyValueSpecification","valueRequired":true,"valueName":"search_term_string"}}],"inLanguage":"es"},{"@type":"Organization","@id":"https:\/\/fmpatagoniamadryn.com.ar\/#organization","name":"FM Patagonia Madryn","url":"https:\/\/fmpatagoniamadryn.com.ar\/","logo":{"@type":"ImageObject","inLanguage":"es","@id":"https:\/\/fmpatagoniamadryn.com.ar\/#\/schema\/logo\/image\/","url":"https:\/\/fmpatagoniamadryn.com.ar\/wp-content\/uploads\/2023\/01\/cropped-Diseno-sin-titulo.png","contentUrl":"https:\/\/fmpatagoniamadryn.com.ar\/wp-content\/uploads\/2023\/01\/cropped-Diseno-sin-titulo.png","width":6911,"height":2657,"caption":"FM Patagonia Madryn"},"image":{"@id":"https:\/\/fmpatagoniamadryn.com.ar\/#\/schema\/logo\/image\/"}},{"@type":"Person","@id":"https:\/\/fmpatagoniamadryn.com.ar\/#\/schema\/person\/97b1d30cb2ae311544a88a5201700571","name":"FM Patagonia","url":"https:\/\/fmpatagoniamadryn.com.ar\/?author=4"}]}},"jetpack_featured_media_url":"https:\/\/fmpatagoniamadryn.com.ar\/wp-content\/uploads\/2026\/09\/4500f54d-b93c-4121-aff5-82baa440dcb5.jpg","_links":{"self":[{"href":"https:\/\/fmpatagoniamadryn.com.ar\/index.php?rest_route=\/wp\/v2\/posts\/26243","targetHints":{"allow":["GET"]}}],"collection":[{"href":"https:\/\/fmpatagoniamadryn.com.ar\/index.php?rest_route=\/wp\/v2\/posts"}],"about":[{"href":"https:\/\/fmpatagoniamadryn.com.ar\/index.php?rest_route=\/wp\/v2\/types\/post"}],"author":[{"embeddable":true,"href":"https:\/\/fmpatagoniamadryn.com.ar\/index.php?rest_route=\/wp\/v2\/users\/4"}],"replies":[{"embeddable":true,"href":"https:\/\/fmpatagoniamadryn.com.ar\/index.php?rest_route=%2Fwp%2Fv2%2Fcomments&post=26243"}],"version-history":[{"count":1,"href":"https:\/\/fmpatagoniamadryn.com.ar\/index.php?rest_route=\/wp\/v2\/posts\/26243\/revisions"}],"predecessor-version":[{"id":26244,"href":"https:\/\/fmpatagoniamadryn.com.ar\/index.php?rest_route=\/wp\/v2\/posts\/26243\/revisions\/26244"}],"wp:featuredmedia":[{"embeddable":true,"href":"https:\/\/fmpatagoniamadryn.com.ar\/index.php?rest_route=\/wp\/v2\/media\/26242"}],"wp:attachment":[{"href":"https:\/\/fmpatagoniamadryn.com.ar\/index.php?rest_route=%2Fwp%2Fv2%2Fmedia&parent=26243"}],"wp:term":[{"taxonomy":"category","embeddable":true,"href":"https:\/\/fmpatagoniamadryn.com.ar\/index.php?rest_route=%2Fwp%2Fv2%2Fcategories&post=26243"},{"taxonomy":"post_tag","embeddable":true,"href":"https:\/\/fmpatagoniamadryn.com.ar\/index.php?rest_route=%2Fwp%2Fv2%2Ftags&post=26243"}],"curies":[{"name":"wp","href":"https:\/\/api.w.org\/{rel}","templated":true}]}}