{"id":26245,"date":"2026-09-03T10:20:00","date_gmt":"2026-09-03T13:20:00","guid":{"rendered":"https:\/\/fmpatagoniamadryn.com.ar\/?p=26245"},"modified":"2026-09-02T22:23:20","modified_gmt":"2026-09-03T01:23:20","slug":"la-seleccion-argentina-volvera-a-jugar-en-el-pais-despues-del-mundial","status":"publish","type":"post","link":"https:\/\/fmpatagoniamadryn.com.ar\/?p=26245","title":{"rendered":"La Selecci\u00f3n Argentina volver\u00e1 a jugar en el pa\u00eds despu\u00e9s del Mundial"},"content":{"rendered":"\n<p class=\"wp-block-paragraph\">La Selecci\u00f3n Argentina ya tiene en marcha su planificaci\u00f3n para lo que ser\u00e1 su regreso a las canchas despu\u00e9s del Mundial. La AFA trabaja en la organizaci\u00f3n de una serie de partidos amistosos que se disputar\u00edan durante la pr\u00f3xima ventana internacional.<\/p>\n\n\n\n<h2 class=\"wp-block-heading\">La Selecci\u00f3n volver\u00e1 a jugar como local<\/h2>\n\n\n\n<p class=\"wp-block-paragraph\">La intenci\u00f3n de la AFA es que los campeones del mundo vuelvan a presentarse en el pa\u00eds, en una serie de encuentros que podr\u00edan desarrollarse en distintas ciudades.<\/p>\n\n\n\n<p class=\"wp-block-paragraph\">Entre las sedes que aparecen en carpeta se encuentran <strong>Buenos Aires, C\u00f3rdoba y Rosario<\/strong>, aunque todav\u00eda resta avanzar en la confirmaci\u00f3n definitiva de los escenarios.<\/p>\n\n\n\n<h2 class=\"wp-block-heading\">Dos o tres amistosos en la pr\u00f3xima ventana<\/h2>\n\n\n\n<p class=\"wp-block-paragraph\">La planificaci\u00f3n contempla la posibilidad de disputar <strong>dos o tres partidos amistosos<\/strong> durante la ventana internacional comprendida entre el <strong>21 de septiembre y el 6 de octubre<\/strong>.<\/p>\n\n\n\n<p class=\"wp-block-paragraph\">Los rivales todav\u00eda no fueron confirmados y forman parte de las negociaciones que lleva adelante la AFA para completar el calendario.<\/p>\n\n\n\n<h2 class=\"wp-block-heading\">El comienzo de una nueva etapa<\/h2>\n\n\n\n<p class=\"wp-block-paragraph\">Los encuentros tendr\u00e1n un significado especial porque marcar\u00e1n el regreso de la Selecci\u00f3n despu\u00e9s del Mundial y el comienzo de una nueva etapa para el equipo.<\/p>\n\n\n\n<p class=\"wp-block-paragraph\">Con Lionel Scaloni al frente, la Albiceleste comenzar\u00e1 a darle forma a su pr\u00f3ximo ciclo, con nuevos desaf\u00edos y la posibilidad de observar a distintos futbolistas que puedan asumir mayor protagonismo en el seleccionado.<\/p>\n\n\n\n<p class=\"wp-block-paragraph\">Por ahora, <strong>la AFA avanza en la organizaci\u00f3n de los amistosos<\/strong>, mientras se espera la confirmaci\u00f3n oficial de las fechas, los rivales y las sedes.<\/p>\n","protected":false},"excerpt":{"rendered":"<p>La AFA prepara una serie de amistosos para la pr\u00f3xima ventana internacional, con la intenci\u00f3n de que la Selecci\u00f3n vuelva a presentarse ante su p\u00fablico.<\/p>\n","protected":false},"author":5,"featured_media":24374,"comment_status":"closed","ping_status":"closed","sticky":false,"template":"","format":"standard","meta":{"footnotes":""},"categories":[4],"tags":[49,652],"class_list":["post-26245","post","type-post","status-publish","format-standard","has-post-thumbnail","hentry","category-deportes","tag-afa","tag-amistosos"],"yoast_head":"<!-- This site is optimized with the Yoast SEO plugin v28.4 - https:\/\/yoast.com\/product\/yoast-seo-wordpress\/ -->\n<title>La Selecci\u00f3n Argentina volver\u00e1 a jugar en el pa\u00eds despu\u00e9s del Mundial - FM Patagonia Madryn<\/title>\n<meta name=\"robots\" content=\"index, follow, max-snippet:-1, max-image-preview:large, max-video-preview:-1\" \/>\n<link rel=\"canonical\" href=\"https:\/\/fmpatagoniamadryn.com.ar\/?p=26245\" \/>\n<meta property=\"og:locale\" content=\"es_ES\" \/>\n<meta property=\"og:type\" content=\"article\" \/>\n<meta property=\"og:title\" content=\"La Selecci\u00f3n Argentina volver\u00e1 a jugar en el pa\u00eds despu\u00e9s del Mundial - FM Patagonia Madryn\" \/>\n<meta property=\"og:description\" content=\"La AFA prepara una serie de amistosos para la pr\u00f3xima ventana internacional, con la intenci\u00f3n de que la Selecci\u00f3n vuelva a presentarse ante su p\u00fablico.\" \/>\n<meta property=\"og:url\" content=\"https:\/\/fmpatagoniamadryn.com.ar\/?p=26245\" \/>\n<meta property=\"og:site_name\" content=\"FM Patagonia Madryn\" \/>\n<meta property=\"article:published_time\" content=\"2026-09-03T13:20:00+00:00\" \/>\n<meta property=\"og:image\" content=\"https:\/\/fmpatagoniamadryn.com.ar\/wp-content\/uploads\/2026\/07\/futuro-de-la-seleccion.webp\" \/>\n\t<meta property=\"og:image:width\" content=\"862\" \/>\n\t<meta property=\"og:image:height\" content=\"485\" \/>\n\t<meta property=\"og:image:type\" content=\"image\/webp\" \/>\n<meta name=\"author\" content=\"FM Patagonia\" \/>\n<meta name=\"twitter:card\" content=\"summary_large_image\" \/>\n<meta name=\"twitter:label1\" content=\"Escrito por\" \/>\n\t<meta name=\"twitter:data1\" content=\"FM Patagonia\" \/>\n\t<meta name=\"twitter:label2\" content=\"Tiempo de lectura\" \/>\n\t<meta name=\"twitter:data2\" content=\"2 minutos\" \/>\n<script type=\"application\/ld+json\" class=\"yoast-schema-graph\">{\"@context\":\"https:\\\/\\\/schema.org\",\"@graph\":[{\"@type\":\"Article\",\"@id\":\"https:\\\/\\\/fmpatagoniamadryn.com.ar\\\/?p=26245#article\",\"isPartOf\":{\"@id\":\"https:\\\/\\\/fmpatagoniamadryn.com.ar\\\/?p=26245\"},\"author\":{\"name\":\"FM Patagonia\",\"@id\":\"https:\\\/\\\/fmpatagoniamadryn.com.ar\\\/#\\\/schema\\\/person\\\/d1eaeab8ab628617785f4d9ef0e8d5d8\"},\"headline\":\"La Selecci\u00f3n Argentina volver\u00e1 a jugar en el pa\u00eds despu\u00e9s del Mundial\",\"datePublished\":\"2026-09-03T13:20:00+00:00\",\"mainEntityOfPage\":{\"@id\":\"https:\\\/\\\/fmpatagoniamadryn.com.ar\\\/?p=26245\"},\"wordCount\":285,\"publisher\":{\"@id\":\"https:\\\/\\\/fmpatagoniamadryn.com.ar\\\/#organization\"},\"image\":{\"@id\":\"https:\\\/\\\/fmpatagoniamadryn.com.ar\\\/?p=26245#primaryimage\"},\"thumbnailUrl\":\"https:\\\/\\\/fmpatagoniamadryn.com.ar\\\/wp-content\\\/uploads\\\/2026\\\/07\\\/futuro-de-la-seleccion.webp\",\"keywords\":[\"AFA\",\"Amistosos\"],\"articleSection\":[\"Deportes\"],\"inLanguage\":\"es\"},{\"@type\":\"WebPage\",\"@id\":\"https:\\\/\\\/fmpatagoniamadryn.com.ar\\\/?p=26245\",\"url\":\"https:\\\/\\\/fmpatagoniamadryn.com.ar\\\/?p=26245\",\"name\":\"La Selecci\u00f3n Argentina volver\u00e1 a jugar en el pa\u00eds despu\u00e9s del Mundial - FM Patagonia Madryn\",\"isPartOf\":{\"@id\":\"https:\\\/\\\/fmpatagoniamadryn.com.ar\\\/#website\"},\"primaryImageOfPage\":{\"@id\":\"https:\\\/\\\/fmpatagoniamadryn.com.ar\\\/?p=26245#primaryimage\"},\"image\":{\"@id\":\"https:\\\/\\\/fmpatagoniamadryn.com.ar\\\/?p=26245#primaryimage\"},\"thumbnailUrl\":\"https:\\\/\\\/fmpatagoniamadryn.com.ar\\\/wp-content\\\/uploads\\\/2026\\\/07\\\/futuro-de-la-seleccion.webp\",\"datePublished\":\"2026-09-03T13:20:00+00:00\",\"breadcrumb\":{\"@id\":\"https:\\\/\\\/fmpatagoniamadryn.com.ar\\\/?p=26245#breadcrumb\"},\"inLanguage\":\"es\",\"potentialAction\":[{\"@type\":\"ReadAction\",\"target\":[\"https:\\\/\\\/fmpatagoniamadryn.com.ar\\\/?p=26245\"]}]},{\"@type\":\"ImageObject\",\"inLanguage\":\"es\",\"@id\":\"https:\\\/\\\/fmpatagoniamadryn.com.ar\\\/?p=26245#primaryimage\",\"url\":\"https:\\\/\\\/fmpatagoniamadryn.com.ar\\\/wp-content\\\/uploads\\\/2026\\\/07\\\/futuro-de-la-seleccion.webp\",\"contentUrl\":\"https:\\\/\\\/fmpatagoniamadryn.com.ar\\\/wp-content\\\/uploads\\\/2026\\\/07\\\/futuro-de-la-seleccion.webp\",\"width\":862,\"height\":485},{\"@type\":\"BreadcrumbList\",\"@id\":\"https:\\\/\\\/fmpatagoniamadryn.com.ar\\\/?p=26245#breadcrumb\",\"itemListElement\":[{\"@type\":\"ListItem\",\"position\":1,\"name\":\"Portada\",\"item\":\"https:\\\/\\\/fmpatagoniamadryn.com.ar\\\/\"},{\"@type\":\"ListItem\",\"position\":2,\"name\":\"La Selecci\u00f3n Argentina volver\u00e1 a jugar en el pa\u00eds despu\u00e9s del Mundial\"}]},{\"@type\":\"WebSite\",\"@id\":\"https:\\\/\\\/fmpatagoniamadryn.com.ar\\\/#website\",\"url\":\"https:\\\/\\\/fmpatagoniamadryn.com.ar\\\/\",\"name\":\"FM Patagonia Madryn\",\"description\":\"Radio Patagonia 105.5\",\"publisher\":{\"@id\":\"https:\\\/\\\/fmpatagoniamadryn.com.ar\\\/#organization\"},\"potentialAction\":[{\"@type\":\"SearchAction\",\"target\":{\"@type\":\"EntryPoint\",\"urlTemplate\":\"https:\\\/\\\/fmpatagoniamadryn.com.ar\\\/?s={search_term_string}\"},\"query-input\":{\"@type\":\"PropertyValueSpecification\",\"valueRequired\":true,\"valueName\":\"search_term_string\"}}],\"inLanguage\":\"es\"},{\"@type\":\"Organization\",\"@id\":\"https:\\\/\\\/fmpatagoniamadryn.com.ar\\\/#organization\",\"name\":\"FM Patagonia Madryn\",\"url\":\"https:\\\/\\\/fmpatagoniamadryn.com.ar\\\/\",\"logo\":{\"@type\":\"ImageObject\",\"inLanguage\":\"es\",\"@id\":\"https:\\\/\\\/fmpatagoniamadryn.com.ar\\\/#\\\/schema\\\/logo\\\/image\\\/\",\"url\":\"https:\\\/\\\/fmpatagoniamadryn.com.ar\\\/wp-content\\\/uploads\\\/2023\\\/01\\\/cropped-Diseno-sin-titulo.png\",\"contentUrl\":\"https:\\\/\\\/fmpatagoniamadryn.com.ar\\\/wp-content\\\/uploads\\\/2023\\\/01\\\/cropped-Diseno-sin-titulo.png\",\"width\":6911,\"height\":2657,\"caption\":\"FM Patagonia Madryn\"},\"image\":{\"@id\":\"https:\\\/\\\/fmpatagoniamadryn.com.ar\\\/#\\\/schema\\\/logo\\\/image\\\/\"}},{\"@type\":\"Person\",\"@id\":\"https:\\\/\\\/fmpatagoniamadryn.com.ar\\\/#\\\/schema\\\/person\\\/d1eaeab8ab628617785f4d9ef0e8d5d8\",\"name\":\"FM Patagonia\",\"url\":\"https:\\\/\\\/fmpatagoniamadryn.com.ar\\\/?author=5\"}]}<\/script>\n<!-- \/ Yoast SEO plugin. -->","yoast_head_json":{"title":"La Selecci\u00f3n Argentina volver\u00e1 a jugar en el pa\u00eds despu\u00e9s del Mundial - FM Patagonia Madryn","robots":{"index":"index","follow":"follow","max-snippet":"max-snippet:-1","max-image-preview":"max-image-preview:large","max-video-preview":"max-video-preview:-1"},"canonical":"https:\/\/fmpatagoniamadryn.com.ar\/?p=26245","og_locale":"es_ES","og_type":"article","og_title":"La Selecci\u00f3n Argentina volver\u00e1 a jugar en el pa\u00eds despu\u00e9s del Mundial - FM Patagonia Madryn","og_description":"La AFA prepara una serie de amistosos para la pr\u00f3xima ventana internacional, con la intenci\u00f3n de que la Selecci\u00f3n vuelva a presentarse ante su p\u00fablico.","og_url":"https:\/\/fmpatagoniamadryn.com.ar\/?p=26245","og_site_name":"FM Patagonia Madryn","article_published_time":"2026-09-03T13:20:00+00:00","og_image":[{"width":862,"height":485,"url":"https:\/\/fmpatagoniamadryn.com.ar\/wp-content\/uploads\/2026\/07\/futuro-de-la-seleccion.webp","type":"image\/webp"}],"author":"FM Patagonia","twitter_card":"summary_large_image","twitter_misc":{"Escrito por":"FM Patagonia","Tiempo de lectura":"2 minutos"},"schema":{"@context":"https:\/\/schema.org","@graph":[{"@type":"Article","@id":"https:\/\/fmpatagoniamadryn.com.ar\/?p=26245#article","isPartOf":{"@id":"https:\/\/fmpatagoniamadryn.com.ar\/?p=26245"},"author":{"name":"FM Patagonia","@id":"https:\/\/fmpatagoniamadryn.com.ar\/#\/schema\/person\/d1eaeab8ab628617785f4d9ef0e8d5d8"},"headline":"La Selecci\u00f3n Argentina volver\u00e1 a jugar en el pa\u00eds despu\u00e9s del Mundial","datePublished":"2026-09-03T13:20:00+00:00","mainEntityOfPage":{"@id":"https:\/\/fmpatagoniamadryn.com.ar\/?p=26245"},"wordCount":285,"publisher":{"@id":"https:\/\/fmpatagoniamadryn.com.ar\/#organization"},"image":{"@id":"https:\/\/fmpatagoniamadryn.com.ar\/?p=26245#primaryimage"},"thumbnailUrl":"https:\/\/fmpatagoniamadryn.com.ar\/wp-content\/uploads\/2026\/07\/futuro-de-la-seleccion.webp","keywords":["AFA","Amistosos"],"articleSection":["Deportes"],"inLanguage":"es"},{"@type":"WebPage","@id":"https:\/\/fmpatagoniamadryn.com.ar\/?p=26245","url":"https:\/\/fmpatagoniamadryn.com.ar\/?p=26245","name":"La Selecci\u00f3n Argentina volver\u00e1 a jugar en el pa\u00eds despu\u00e9s del Mundial - FM Patagonia Madryn","isPartOf":{"@id":"https:\/\/fmpatagoniamadryn.com.ar\/#website"},"primaryImageOfPage":{"@id":"https:\/\/fmpatagoniamadryn.com.ar\/?p=26245#primaryimage"},"image":{"@id":"https:\/\/fmpatagoniamadryn.com.ar\/?p=26245#primaryimage"},"thumbnailUrl":"https:\/\/fmpatagoniamadryn.com.ar\/wp-content\/uploads\/2026\/07\/futuro-de-la-seleccion.webp","datePublished":"2026-09-03T13:20:00+00:00","breadcrumb":{"@id":"https:\/\/fmpatagoniamadryn.com.ar\/?p=26245#breadcrumb"},"inLanguage":"es","potentialAction":[{"@type":"ReadAction","target":["https:\/\/fmpatagoniamadryn.com.ar\/?p=26245"]}]},{"@type":"ImageObject","inLanguage":"es","@id":"https:\/\/fmpatagoniamadryn.com.ar\/?p=26245#primaryimage","url":"https:\/\/fmpatagoniamadryn.com.ar\/wp-content\/uploads\/2026\/07\/futuro-de-la-seleccion.webp","contentUrl":"https:\/\/fmpatagoniamadryn.com.ar\/wp-content\/uploads\/2026\/07\/futuro-de-la-seleccion.webp","width":862,"height":485},{"@type":"BreadcrumbList","@id":"https:\/\/fmpatagoniamadryn.com.ar\/?p=26245#breadcrumb","itemListElement":[{"@type":"ListItem","position":1,"name":"Portada","item":"https:\/\/fmpatagoniamadryn.com.ar\/"},{"@type":"ListItem","position":2,"name":"La Selecci\u00f3n Argentina volver\u00e1 a jugar en el pa\u00eds despu\u00e9s del Mundial"}]},{"@type":"WebSite","@id":"https:\/\/fmpatagoniamadryn.com.ar\/#website","url":"https:\/\/fmpatagoniamadryn.com.ar\/","name":"FM Patagonia Madryn","description":"Radio Patagonia 105.5","publisher":{"@id":"https:\/\/fmpatagoniamadryn.com.ar\/#organization"},"potentialAction":[{"@type":"SearchAction","target":{"@type":"EntryPoint","urlTemplate":"https:\/\/fmpatagoniamadryn.com.ar\/?s={search_term_string}"},"query-input":{"@type":"PropertyValueSpecification","valueRequired":true,"valueName":"search_term_string"}}],"inLanguage":"es"},{"@type":"Organization","@id":"https:\/\/fmpatagoniamadryn.com.ar\/#organization","name":"FM Patagonia Madryn","url":"https:\/\/fmpatagoniamadryn.com.ar\/","logo":{"@type":"ImageObject","inLanguage":"es","@id":"https:\/\/fmpatagoniamadryn.com.ar\/#\/schema\/logo\/image\/","url":"https:\/\/fmpatagoniamadryn.com.ar\/wp-content\/uploads\/2023\/01\/cropped-Diseno-sin-titulo.png","contentUrl":"https:\/\/fmpatagoniamadryn.com.ar\/wp-content\/uploads\/2023\/01\/cropped-Diseno-sin-titulo.png","width":6911,"height":2657,"caption":"FM Patagonia Madryn"},"image":{"@id":"https:\/\/fmpatagoniamadryn.com.ar\/#\/schema\/logo\/image\/"}},{"@type":"Person","@id":"https:\/\/fmpatagoniamadryn.com.ar\/#\/schema\/person\/d1eaeab8ab628617785f4d9ef0e8d5d8","name":"FM Patagonia","url":"https:\/\/fmpatagoniamadryn.com.ar\/?author=5"}]}},"jetpack_featured_media_url":"https:\/\/fmpatagoniamadryn.com.ar\/wp-content\/uploads\/2026\/07\/futuro-de-la-seleccion.webp","_links":{"self":[{"href":"https:\/\/fmpatagoniamadryn.com.ar\/index.php?rest_route=\/wp\/v2\/posts\/26245","targetHints":{"allow":["GET"]}}],"collection":[{"href":"https:\/\/fmpatagoniamadryn.com.ar\/index.php?rest_route=\/wp\/v2\/posts"}],"about":[{"href":"https:\/\/fmpatagoniamadryn.com.ar\/index.php?rest_route=\/wp\/v2\/types\/post"}],"author":[{"embeddable":true,"href":"https:\/\/fmpatagoniamadryn.com.ar\/index.php?rest_route=\/wp\/v2\/users\/5"}],"replies":[{"embeddable":true,"href":"https:\/\/fmpatagoniamadryn.com.ar\/index.php?rest_route=%2Fwp%2Fv2%2Fcomments&post=26245"}],"version-history":[{"count":1,"href":"https:\/\/fmpatagoniamadryn.com.ar\/index.php?rest_route=\/wp\/v2\/posts\/26245\/revisions"}],"predecessor-version":[{"id":26246,"href":"https:\/\/fmpatagoniamadryn.com.ar\/index.php?rest_route=\/wp\/v2\/posts\/26245\/revisions\/26246"}],"wp:featuredmedia":[{"embeddable":true,"href":"https:\/\/fmpatagoniamadryn.com.ar\/index.php?rest_route=\/wp\/v2\/media\/24374"}],"wp:attachment":[{"href":"https:\/\/fmpatagoniamadryn.com.ar\/index.php?rest_route=%2Fwp%2Fv2%2Fmedia&parent=26245"}],"wp:term":[{"taxonomy":"category","embeddable":true,"href":"https:\/\/fmpatagoniamadryn.com.ar\/index.php?rest_route=%2Fwp%2Fv2%2Fcategories&post=26245"},{"taxonomy":"post_tag","embeddable":true,"href":"https:\/\/fmpatagoniamadryn.com.ar\/index.php?rest_route=%2Fwp%2Fv2%2Ftags&post=26245"}],"curies":[{"name":"wp","href":"https:\/\/api.w.org\/{rel}","templated":true}]}}