{"id":26250,"date":"2026-09-03T08:48:00","date_gmt":"2026-09-03T11:48:00","guid":{"rendered":"https:\/\/fmpatagoniamadryn.com.ar\/?p=26250"},"modified":"2026-09-03T00:51:27","modified_gmt":"2026-09-03T03:51:27","slug":"matias-morales-e-ignacio-freeman-fueron-los-mas-rapidos-en-la-pre-union-de-los-parajes","status":"publish","type":"post","link":"https:\/\/fmpatagoniamadryn.com.ar\/?p=26250","title":{"rendered":"Mat\u00edas Morales e Ignacio Freeman fueron los m\u00e1s r\u00e1pidos en la Pre-Uni\u00f3n de los Parajes"},"content":{"rendered":"\n<p class=\"wp-block-paragraph\">La competencia de mountain bike por parejas se disput\u00f3 en Trevelin y reuni\u00f3 a ciclistas de distintos puntos de la regi\u00f3n, como parte de la preparaci\u00f3n para la 11\u00aa edici\u00f3n de la Uni\u00f3n de los Parajes. La organizaci\u00f3n estuvo a cargo de la Asociaci\u00f3n Amigos del Ciclismo de Trevelin, con el apoyo de Chubut Deportes y la direcci\u00f3n de Deportes de la Municipalidad de Trevelin.<\/p>\n\n\n\n<p class=\"wp-block-paragraph\">La prueba se desarroll\u00f3 sobre un circuito de caminos de tierra que uni\u00f3 la zona de Cinco Esquinas con Piedra Holdich, en la regi\u00f3n de Los Corintos. Las categor\u00edas de menor recorrido tambi\u00e9n tuvieron su espacio, con trazados m\u00e1s acotados sobre el mismo sector.<\/p>\n\n\n\n<p class=\"wp-block-paragraph\">En la clasificaci\u00f3n general, los esquelenses Mat\u00edas Morales e Ignacio Freeman fueron los m\u00e1s r\u00e1pidos de la jornada, demostrando un gran nivel competitivo y sumando una importante experiencia de cara a los pr\u00f3ximos desaf\u00edos. Cabe se\u00f1alar que ven\u00edan de un gran rendimiento en los Juegos de Monta\u00f1a la semana pasada en la Reserva Natural Urbana Laguna La Zeta.<\/p>\n\n\n\n<p class=\"wp-block-paragraph\">La competencia tambi\u00e9n permiti\u00f3 observar el desempe\u00f1o de j\u00f3venes ciclistas que se encuentran en proceso de preparaci\u00f3n con vistas a futuras convocatorias de los seleccionados chubutenses. En este marco, el profesor Miguel \u201cCori\u201d Reyes, integrante del \u00e1rea deportiva de la Delegaci\u00f3n Esquel de Chubut Deportes, estuvo presente realizando el seguimiento y observaci\u00f3n de los deportistas.<\/p>\n\n\n\n<h2 class=\"wp-block-heading\">Los resultados<\/h2>\n\n\n\n<p class=\"wp-block-paragraph\">En Damas, la victoria qued\u00f3 en manos de Nora Castillo e Ivana Jaramillo, mientras que el segundo puesto fue para Zulma Jones y Arwen Jaramillo.<\/p>\n\n\n\n<p class=\"wp-block-paragraph\">Entre las parejas mixtas, el primer lugar fue para Soledad Jones y Agust\u00edn Correa. Completaron el podio las duplas Yamil Grilo\/Natalia Dutto y Leandro Novillo\/Vanesa Fuentealba.<\/p>\n\n\n\n<p class=\"wp-block-paragraph\">En Promocionales Caballeros, los ganadores fueron Ariel y Javier Almendra. El segundo lugar correspondi\u00f3 a Maximiliano Baldebenito y Daniel Antieco, mientras que Miguel Viale y Aar\u00f3n Beroiza finalizaron terceros.<\/p>\n\n\n\n<p class=\"wp-block-paragraph\">Por su parte, en Promocionales Mixtos, se impusieron Delfina C\u00e1rdenas y M\u00e1ximo Molina. El segundo puesto fue para Dar\u00edo N\u00fa\u00f1ez y Yanina D\u00edaz, y el tercer lugar qued\u00f3 en manos de Luis Demarchi y Carolina Illesca.<\/p>\n\n\n\n<p class=\"wp-block-paragraph\">Un p\u00e1rrafo aparte para la presentaci\u00f3n de los 12 ciclistas de la Fundaci\u00f3n EUPA, quienes se animaron al desaf\u00edo deportivo y vivieron un grato momento. Esta Fundaci\u00f3n es una organizaci\u00f3n sin fines de lucro en Trevelin, dedicada a la promoci\u00f3n integral, la capacitaci\u00f3n y la inclusi\u00f3n social de j\u00f3venes y adultos con discapacidad.<\/p>\n\n\n\n<p class=\"wp-block-paragraph\">De esta manera, el mountain bike regional contin\u00faa sumando competencias y experiencias rumbo a la 11\u00aa edici\u00f3n de la Uni\u00f3n de los Parajes, que se disputar\u00e1 el 28 de marzo de 2027. La inscripci\u00f3n para la tradicional competencia abrir\u00e1 el 15 de noviembre.<\/p>\n\n\n\n<p class=\"wp-block-paragraph\"><\/p>\n","protected":false},"excerpt":{"rendered":"<p>El mountain bike volvi\u00f3 a tener protagonismo el pasado domingo en Trevelin, con la realizaci\u00f3n de la Pre-Uni\u00f3n de los Parajes, una competencia por parejas que convoc\u00f3 a ciclistas de diferentes localidades de la regi\u00f3n.<\/p>\n","protected":false},"author":5,"featured_media":26251,"comment_status":"closed","ping_status":"closed","sticky":false,"template":"","format":"standard","meta":{"footnotes":""},"categories":[4],"tags":[653],"class_list":["post-26250","post","type-post","status-publish","format-standard","has-post-thumbnail","hentry","category-deportes","tag-mountain-bike"],"yoast_head":"<!-- This site is optimized with the Yoast SEO plugin v28.4 - https:\/\/yoast.com\/product\/yoast-seo-wordpress\/ -->\n<title>Mat\u00edas Morales e Ignacio Freeman fueron los m\u00e1s r\u00e1pidos en la Pre-Uni\u00f3n de los Parajes - FM Patagonia Madryn<\/title>\n<meta name=\"robots\" content=\"index, follow, max-snippet:-1, max-image-preview:large, max-video-preview:-1\" \/>\n<link rel=\"canonical\" href=\"https:\/\/fmpatagoniamadryn.com.ar\/?p=26250\" \/>\n<meta property=\"og:locale\" content=\"es_ES\" \/>\n<meta property=\"og:type\" content=\"article\" \/>\n<meta property=\"og:title\" content=\"Mat\u00edas Morales e Ignacio Freeman fueron los m\u00e1s r\u00e1pidos en la Pre-Uni\u00f3n de los Parajes - FM Patagonia Madryn\" \/>\n<meta property=\"og:description\" content=\"El mountain bike volvi\u00f3 a tener protagonismo el pasado domingo en Trevelin, con la realizaci\u00f3n de la Pre-Uni\u00f3n de los Parajes, una competencia por parejas que convoc\u00f3 a ciclistas de diferentes localidades de la regi\u00f3n.\" \/>\n<meta property=\"og:url\" content=\"https:\/\/fmpatagoniamadryn.com.ar\/?p=26250\" \/>\n<meta property=\"og:site_name\" content=\"FM Patagonia Madryn\" \/>\n<meta property=\"article:published_time\" content=\"2026-09-03T11:48:00+00:00\" \/>\n<meta property=\"og:image\" content=\"https:\/\/fmpatagoniamadryn.com.ar\/wp-content\/uploads\/2026\/09\/union-de-los-pueblos-mtb.jpg\" \/>\n\t<meta property=\"og:image:width\" content=\"2048\" \/>\n\t<meta property=\"og:image:height\" content=\"1529\" \/>\n\t<meta property=\"og:image:type\" content=\"image\/jpeg\" \/>\n<meta name=\"author\" content=\"FM Patagonia\" \/>\n<meta name=\"twitter:card\" content=\"summary_large_image\" \/>\n<meta name=\"twitter:label1\" content=\"Escrito por\" \/>\n\t<meta name=\"twitter:data1\" content=\"FM Patagonia\" \/>\n\t<meta name=\"twitter:label2\" content=\"Tiempo de lectura\" \/>\n\t<meta name=\"twitter:data2\" content=\"3 minutos\" \/>\n<script type=\"application\/ld+json\" class=\"yoast-schema-graph\">{\"@context\":\"https:\\\/\\\/schema.org\",\"@graph\":[{\"@type\":\"Article\",\"@id\":\"https:\\\/\\\/fmpatagoniamadryn.com.ar\\\/?p=26250#article\",\"isPartOf\":{\"@id\":\"https:\\\/\\\/fmpatagoniamadryn.com.ar\\\/?p=26250\"},\"author\":{\"name\":\"FM Patagonia\",\"@id\":\"https:\\\/\\\/fmpatagoniamadryn.com.ar\\\/#\\\/schema\\\/person\\\/d1eaeab8ab628617785f4d9ef0e8d5d8\"},\"headline\":\"Mat\u00edas Morales e Ignacio Freeman fueron los m\u00e1s r\u00e1pidos en la Pre-Uni\u00f3n de los Parajes\",\"datePublished\":\"2026-09-03T11:48:00+00:00\",\"mainEntityOfPage\":{\"@id\":\"https:\\\/\\\/fmpatagoniamadryn.com.ar\\\/?p=26250\"},\"wordCount\":498,\"publisher\":{\"@id\":\"https:\\\/\\\/fmpatagoniamadryn.com.ar\\\/#organization\"},\"image\":{\"@id\":\"https:\\\/\\\/fmpatagoniamadryn.com.ar\\\/?p=26250#primaryimage\"},\"thumbnailUrl\":\"https:\\\/\\\/fmpatagoniamadryn.com.ar\\\/wp-content\\\/uploads\\\/2026\\\/09\\\/union-de-los-pueblos-mtb.jpg\",\"keywords\":[\"Mountain Bike\"],\"articleSection\":[\"Deportes\"],\"inLanguage\":\"es\"},{\"@type\":\"WebPage\",\"@id\":\"https:\\\/\\\/fmpatagoniamadryn.com.ar\\\/?p=26250\",\"url\":\"https:\\\/\\\/fmpatagoniamadryn.com.ar\\\/?p=26250\",\"name\":\"Mat\u00edas Morales e Ignacio Freeman fueron los m\u00e1s r\u00e1pidos en la Pre-Uni\u00f3n de los Parajes - FM Patagonia Madryn\",\"isPartOf\":{\"@id\":\"https:\\\/\\\/fmpatagoniamadryn.com.ar\\\/#website\"},\"primaryImageOfPage\":{\"@id\":\"https:\\\/\\\/fmpatagoniamadryn.com.ar\\\/?p=26250#primaryimage\"},\"image\":{\"@id\":\"https:\\\/\\\/fmpatagoniamadryn.com.ar\\\/?p=26250#primaryimage\"},\"thumbnailUrl\":\"https:\\\/\\\/fmpatagoniamadryn.com.ar\\\/wp-content\\\/uploads\\\/2026\\\/09\\\/union-de-los-pueblos-mtb.jpg\",\"datePublished\":\"2026-09-03T11:48:00+00:00\",\"breadcrumb\":{\"@id\":\"https:\\\/\\\/fmpatagoniamadryn.com.ar\\\/?p=26250#breadcrumb\"},\"inLanguage\":\"es\",\"potentialAction\":[{\"@type\":\"ReadAction\",\"target\":[\"https:\\\/\\\/fmpatagoniamadryn.com.ar\\\/?p=26250\"]}]},{\"@type\":\"ImageObject\",\"inLanguage\":\"es\",\"@id\":\"https:\\\/\\\/fmpatagoniamadryn.com.ar\\\/?p=26250#primaryimage\",\"url\":\"https:\\\/\\\/fmpatagoniamadryn.com.ar\\\/wp-content\\\/uploads\\\/2026\\\/09\\\/union-de-los-pueblos-mtb.jpg\",\"contentUrl\":\"https:\\\/\\\/fmpatagoniamadryn.com.ar\\\/wp-content\\\/uploads\\\/2026\\\/09\\\/union-de-los-pueblos-mtb.jpg\",\"width\":2048,\"height\":1529},{\"@type\":\"BreadcrumbList\",\"@id\":\"https:\\\/\\\/fmpatagoniamadryn.com.ar\\\/?p=26250#breadcrumb\",\"itemListElement\":[{\"@type\":\"ListItem\",\"position\":1,\"name\":\"Portada\",\"item\":\"https:\\\/\\\/fmpatagoniamadryn.com.ar\\\/\"},{\"@type\":\"ListItem\",\"position\":2,\"name\":\"Mat\u00edas Morales e Ignacio Freeman fueron los m\u00e1s r\u00e1pidos en la Pre-Uni\u00f3n de los Parajes\"}]},{\"@type\":\"WebSite\",\"@id\":\"https:\\\/\\\/fmpatagoniamadryn.com.ar\\\/#website\",\"url\":\"https:\\\/\\\/fmpatagoniamadryn.com.ar\\\/\",\"name\":\"FM Patagonia Madryn\",\"description\":\"Radio Patagonia 105.5\",\"publisher\":{\"@id\":\"https:\\\/\\\/fmpatagoniamadryn.com.ar\\\/#organization\"},\"potentialAction\":[{\"@type\":\"SearchAction\",\"target\":{\"@type\":\"EntryPoint\",\"urlTemplate\":\"https:\\\/\\\/fmpatagoniamadryn.com.ar\\\/?s={search_term_string}\"},\"query-input\":{\"@type\":\"PropertyValueSpecification\",\"valueRequired\":true,\"valueName\":\"search_term_string\"}}],\"inLanguage\":\"es\"},{\"@type\":\"Organization\",\"@id\":\"https:\\\/\\\/fmpatagoniamadryn.com.ar\\\/#organization\",\"name\":\"FM Patagonia Madryn\",\"url\":\"https:\\\/\\\/fmpatagoniamadryn.com.ar\\\/\",\"logo\":{\"@type\":\"ImageObject\",\"inLanguage\":\"es\",\"@id\":\"https:\\\/\\\/fmpatagoniamadryn.com.ar\\\/#\\\/schema\\\/logo\\\/image\\\/\",\"url\":\"https:\\\/\\\/fmpatagoniamadryn.com.ar\\\/wp-content\\\/uploads\\\/2023\\\/01\\\/cropped-Diseno-sin-titulo.png\",\"contentUrl\":\"https:\\\/\\\/fmpatagoniamadryn.com.ar\\\/wp-content\\\/uploads\\\/2023\\\/01\\\/cropped-Diseno-sin-titulo.png\",\"width\":6911,\"height\":2657,\"caption\":\"FM Patagonia Madryn\"},\"image\":{\"@id\":\"https:\\\/\\\/fmpatagoniamadryn.com.ar\\\/#\\\/schema\\\/logo\\\/image\\\/\"}},{\"@type\":\"Person\",\"@id\":\"https:\\\/\\\/fmpatagoniamadryn.com.ar\\\/#\\\/schema\\\/person\\\/d1eaeab8ab628617785f4d9ef0e8d5d8\",\"name\":\"FM Patagonia\",\"url\":\"https:\\\/\\\/fmpatagoniamadryn.com.ar\\\/?author=5\"}]}<\/script>\n<!-- \/ Yoast SEO plugin. -->","yoast_head_json":{"title":"Mat\u00edas Morales e Ignacio Freeman fueron los m\u00e1s r\u00e1pidos en la Pre-Uni\u00f3n de los Parajes - FM Patagonia Madryn","robots":{"index":"index","follow":"follow","max-snippet":"max-snippet:-1","max-image-preview":"max-image-preview:large","max-video-preview":"max-video-preview:-1"},"canonical":"https:\/\/fmpatagoniamadryn.com.ar\/?p=26250","og_locale":"es_ES","og_type":"article","og_title":"Mat\u00edas Morales e Ignacio Freeman fueron los m\u00e1s r\u00e1pidos en la Pre-Uni\u00f3n de los Parajes - FM Patagonia Madryn","og_description":"El mountain bike volvi\u00f3 a tener protagonismo el pasado domingo en Trevelin, con la realizaci\u00f3n de la Pre-Uni\u00f3n de los Parajes, una competencia por parejas que convoc\u00f3 a ciclistas de diferentes localidades de la regi\u00f3n.","og_url":"https:\/\/fmpatagoniamadryn.com.ar\/?p=26250","og_site_name":"FM Patagonia Madryn","article_published_time":"2026-09-03T11:48:00+00:00","og_image":[{"width":2048,"height":1529,"url":"https:\/\/fmpatagoniamadryn.com.ar\/wp-content\/uploads\/2026\/09\/union-de-los-pueblos-mtb.jpg","type":"image\/jpeg"}],"author":"FM Patagonia","twitter_card":"summary_large_image","twitter_misc":{"Escrito por":"FM Patagonia","Tiempo de lectura":"3 minutos"},"schema":{"@context":"https:\/\/schema.org","@graph":[{"@type":"Article","@id":"https:\/\/fmpatagoniamadryn.com.ar\/?p=26250#article","isPartOf":{"@id":"https:\/\/fmpatagoniamadryn.com.ar\/?p=26250"},"author":{"name":"FM Patagonia","@id":"https:\/\/fmpatagoniamadryn.com.ar\/#\/schema\/person\/d1eaeab8ab628617785f4d9ef0e8d5d8"},"headline":"Mat\u00edas Morales e Ignacio Freeman fueron los m\u00e1s r\u00e1pidos en la Pre-Uni\u00f3n de los Parajes","datePublished":"2026-09-03T11:48:00+00:00","mainEntityOfPage":{"@id":"https:\/\/fmpatagoniamadryn.com.ar\/?p=26250"},"wordCount":498,"publisher":{"@id":"https:\/\/fmpatagoniamadryn.com.ar\/#organization"},"image":{"@id":"https:\/\/fmpatagoniamadryn.com.ar\/?p=26250#primaryimage"},"thumbnailUrl":"https:\/\/fmpatagoniamadryn.com.ar\/wp-content\/uploads\/2026\/09\/union-de-los-pueblos-mtb.jpg","keywords":["Mountain Bike"],"articleSection":["Deportes"],"inLanguage":"es"},{"@type":"WebPage","@id":"https:\/\/fmpatagoniamadryn.com.ar\/?p=26250","url":"https:\/\/fmpatagoniamadryn.com.ar\/?p=26250","name":"Mat\u00edas Morales e Ignacio Freeman fueron los m\u00e1s r\u00e1pidos en la Pre-Uni\u00f3n de los Parajes - FM Patagonia Madryn","isPartOf":{"@id":"https:\/\/fmpatagoniamadryn.com.ar\/#website"},"primaryImageOfPage":{"@id":"https:\/\/fmpatagoniamadryn.com.ar\/?p=26250#primaryimage"},"image":{"@id":"https:\/\/fmpatagoniamadryn.com.ar\/?p=26250#primaryimage"},"thumbnailUrl":"https:\/\/fmpatagoniamadryn.com.ar\/wp-content\/uploads\/2026\/09\/union-de-los-pueblos-mtb.jpg","datePublished":"2026-09-03T11:48:00+00:00","breadcrumb":{"@id":"https:\/\/fmpatagoniamadryn.com.ar\/?p=26250#breadcrumb"},"inLanguage":"es","potentialAction":[{"@type":"ReadAction","target":["https:\/\/fmpatagoniamadryn.com.ar\/?p=26250"]}]},{"@type":"ImageObject","inLanguage":"es","@id":"https:\/\/fmpatagoniamadryn.com.ar\/?p=26250#primaryimage","url":"https:\/\/fmpatagoniamadryn.com.ar\/wp-content\/uploads\/2026\/09\/union-de-los-pueblos-mtb.jpg","contentUrl":"https:\/\/fmpatagoniamadryn.com.ar\/wp-content\/uploads\/2026\/09\/union-de-los-pueblos-mtb.jpg","width":2048,"height":1529},{"@type":"BreadcrumbList","@id":"https:\/\/fmpatagoniamadryn.com.ar\/?p=26250#breadcrumb","itemListElement":[{"@type":"ListItem","position":1,"name":"Portada","item":"https:\/\/fmpatagoniamadryn.com.ar\/"},{"@type":"ListItem","position":2,"name":"Mat\u00edas Morales e Ignacio Freeman fueron los m\u00e1s r\u00e1pidos en la Pre-Uni\u00f3n de los Parajes"}]},{"@type":"WebSite","@id":"https:\/\/fmpatagoniamadryn.com.ar\/#website","url":"https:\/\/fmpatagoniamadryn.com.ar\/","name":"FM Patagonia Madryn","description":"Radio Patagonia 105.5","publisher":{"@id":"https:\/\/fmpatagoniamadryn.com.ar\/#organization"},"potentialAction":[{"@type":"SearchAction","target":{"@type":"EntryPoint","urlTemplate":"https:\/\/fmpatagoniamadryn.com.ar\/?s={search_term_string}"},"query-input":{"@type":"PropertyValueSpecification","valueRequired":true,"valueName":"search_term_string"}}],"inLanguage":"es"},{"@type":"Organization","@id":"https:\/\/fmpatagoniamadryn.com.ar\/#organization","name":"FM Patagonia Madryn","url":"https:\/\/fmpatagoniamadryn.com.ar\/","logo":{"@type":"ImageObject","inLanguage":"es","@id":"https:\/\/fmpatagoniamadryn.com.ar\/#\/schema\/logo\/image\/","url":"https:\/\/fmpatagoniamadryn.com.ar\/wp-content\/uploads\/2023\/01\/cropped-Diseno-sin-titulo.png","contentUrl":"https:\/\/fmpatagoniamadryn.com.ar\/wp-content\/uploads\/2023\/01\/cropped-Diseno-sin-titulo.png","width":6911,"height":2657,"caption":"FM Patagonia Madryn"},"image":{"@id":"https:\/\/fmpatagoniamadryn.com.ar\/#\/schema\/logo\/image\/"}},{"@type":"Person","@id":"https:\/\/fmpatagoniamadryn.com.ar\/#\/schema\/person\/d1eaeab8ab628617785f4d9ef0e8d5d8","name":"FM Patagonia","url":"https:\/\/fmpatagoniamadryn.com.ar\/?author=5"}]}},"jetpack_featured_media_url":"https:\/\/fmpatagoniamadryn.com.ar\/wp-content\/uploads\/2026\/09\/union-de-los-pueblos-mtb.jpg","_links":{"self":[{"href":"https:\/\/fmpatagoniamadryn.com.ar\/index.php?rest_route=\/wp\/v2\/posts\/26250","targetHints":{"allow":["GET"]}}],"collection":[{"href":"https:\/\/fmpatagoniamadryn.com.ar\/index.php?rest_route=\/wp\/v2\/posts"}],"about":[{"href":"https:\/\/fmpatagoniamadryn.com.ar\/index.php?rest_route=\/wp\/v2\/types\/post"}],"author":[{"embeddable":true,"href":"https:\/\/fmpatagoniamadryn.com.ar\/index.php?rest_route=\/wp\/v2\/users\/5"}],"replies":[{"embeddable":true,"href":"https:\/\/fmpatagoniamadryn.com.ar\/index.php?rest_route=%2Fwp%2Fv2%2Fcomments&post=26250"}],"version-history":[{"count":1,"href":"https:\/\/fmpatagoniamadryn.com.ar\/index.php?rest_route=\/wp\/v2\/posts\/26250\/revisions"}],"predecessor-version":[{"id":26252,"href":"https:\/\/fmpatagoniamadryn.com.ar\/index.php?rest_route=\/wp\/v2\/posts\/26250\/revisions\/26252"}],"wp:featuredmedia":[{"embeddable":true,"href":"https:\/\/fmpatagoniamadryn.com.ar\/index.php?rest_route=\/wp\/v2\/media\/26251"}],"wp:attachment":[{"href":"https:\/\/fmpatagoniamadryn.com.ar\/index.php?rest_route=%2Fwp%2Fv2%2Fmedia&parent=26250"}],"wp:term":[{"taxonomy":"category","embeddable":true,"href":"https:\/\/fmpatagoniamadryn.com.ar\/index.php?rest_route=%2Fwp%2Fv2%2Fcategories&post=26250"},{"taxonomy":"post_tag","embeddable":true,"href":"https:\/\/fmpatagoniamadryn.com.ar\/index.php?rest_route=%2Fwp%2Fv2%2Ftags&post=26250"}],"curies":[{"name":"wp","href":"https:\/\/api.w.org\/{rel}","templated":true}]}}