{"id":26257,"date":"2026-09-03T08:20:14","date_gmt":"2026-09-03T11:20:14","guid":{"rendered":"https:\/\/fmpatagoniamadryn.com.ar\/?p=26257"},"modified":"2026-09-03T09:48:03","modified_gmt":"2026-09-03T12:48:03","slug":"puerto-madryn-el-proyecto-para-regular-uber-avanza-y-podria-tratarse-la-proxima-semana","status":"publish","type":"post","link":"https:\/\/fmpatagoniamadryn.com.ar\/?p=26257","title":{"rendered":"Puerto Madryn: el proyecto para regular Uber avanza y podr\u00eda tratarse la pr\u00f3xima semana"},"content":{"rendered":"\n<p class=\"wp-block-paragraph\">En una entrevista realizada por el periodista Gustavo Huentelaf, de FM Patagonia 105.5.<\/p>\n\n\n\n<p class=\"p2 wp-block-paragraph\">El proyecto surgi\u00f3 a partir de aportes realizados por distintos sectores vinculados al transporte y el turismo, adem\u00e1s de taxistas, remiseros y conductores de aplicaciones. El objetivo es regular una actividad que ya funciona en la ciudad y que, de acuerdo con los impulsores de la iniciativa, cuenta con una amplia utilizaci\u00f3n por parte de los usuarios.<\/p>\n\n\n\n<h3 class=\"wp-block-heading\"><strong>Registro de choferes y veh\u00edculos<\/strong><\/h3>\n\n\n\n<p class=\"p2 wp-block-paragraph\">Uno de los puntos centrales es la creaci\u00f3n de un <strong>registro para choferes, veh\u00edculos y empresas de aplicaciones<\/strong>. Los conductores deber\u00e1n cumplir requisitos similares a los exigidos actualmente para otros servicios de transporte, entre ellos contar con carnet profesional, certificado de antecedentes penales y condiciones de higiene.<\/p>\n\n\n\n<p class=\"p2 wp-block-paragraph\">Los veh\u00edculos, adem\u00e1s, deber\u00e1n atravesar <strong>dos inspecciones anuales<\/strong>, al igual que taxis y remises.<\/p>\n\n\n\n<p class=\"p2 wp-block-paragraph\">El proyecto tambi\u00e9n establece que los autom\u00f3viles utilizados para prestar el servicio <strong>no podr\u00e1n superar los 10 a\u00f1os de antig\u00fcedad<\/strong>.<\/p>\n\n\n\n<h3 class=\"wp-block-heading\"><strong>Taxis y remises tambi\u00e9n podr\u00edan trabajar con aplicaciones<\/strong><\/h3>\n\n\n\n<p class=\"p2 wp-block-paragraph\">La iniciativa contempla adem\u00e1s la posibilidad de que <strong>taxis y remises puedan desempe\u00f1arse mediante aplicaciones<\/strong>, incorpor\u00e1ndose al nuevo esquema de transporte.<\/p>\n\n\n\n<p class=\"p2 wp-block-paragraph\">Otro de los cambios propuestos es la <strong>liberaci\u00f3n de las tarifas<\/strong>. Seg\u00fan lo explicado, los valores podr\u00edan ser establecidos por las aplicaciones, las paradas de taxis o las agencias de remises, dentro de un par\u00e1metro general. La idea es que el mercado termine regulando los precios mediante la oferta y la demanda.<\/p>\n\n\n\n<p class=\"p2 wp-block-paragraph\">En ese sentido, se plante\u00f3 que actualmente un viaje que puede costar alrededor de $10.000 en un servicio tradicional puede tener un valor significativamente menor mediante una aplicaci\u00f3n.<\/p>\n\n\n\n<h3 class=\"wp-block-heading\"><strong>Eliminaci\u00f3n del CUD y suspensi\u00f3n de multas<\/strong><\/h3>\n\n\n\n<p class=\"p2 wp-block-paragraph\">El proyecto tambi\u00e9n propone eliminar el <strong>CUD<\/strong>, que re\u00fane en un \u00fanico pago mensual conceptos vinculados a Ingresos Brutos y tasas, una medida que alcanzar\u00eda a taxistas, remiseros y conductores de aplicaciones.<\/p>\n\n\n\n<p class=\"p2 wp-block-paragraph\">Adem\u00e1s, se establecer\u00eda un per\u00edodo de <strong>180 d\u00edas durante el cual quedar\u00edan suspendidas las multas y sanciones<\/strong>, con el objetivo de permitir la adecuaci\u00f3n y regularizaci\u00f3n del sistema.<\/p>\n\n\n\n<p class=\"p2 wp-block-paragraph\">La propuesta contempla tambi\u00e9n derogar la ordenanza que actualmente proh\u00edbe las aplicaciones y dejar sin efecto la normativa que establece las tarifas de taxis y remises.<\/p>\n\n\n\n<h3 class=\"wp-block-heading\"><strong>Las aplicaciones deber\u00edan pagar un canon<\/strong><\/h3>\n\n\n\n<p class=\"p2 wp-block-paragraph\">Las empresas propietarias de las aplicaciones tambi\u00e9n quedar\u00edan alcanzadas por una obligaci\u00f3n tributaria local. El proyecto prev\u00e9 el pago de un <strong>canon<\/strong>, cuya cuant\u00eda deber\u00e1 establecerse.<\/p>\n\n\n\n<p class=\"p2 wp-block-paragraph\">Seg\u00fan se explic\u00f3 durante la entrevista, los impulsores de la iniciativa consideran que las empresas pueden ser identificadas y alcanzadas por las obligaciones correspondientes debido a la trazabilidad de las operaciones y a la existencia de domicilios declarados.<\/p>\n\n\n\n<h3 class=\"wp-block-heading\"><strong>Seguro y condiciones para los pasajeros<\/strong><\/h3>\n\n\n\n<p class=\"p2 wp-block-paragraph\">En materia de seguridad, el proyecto establece que los veh\u00edculos utilizados por las aplicaciones deber\u00e1n contar con <strong>seguros en condiciones similares a las exigidas para taxis y remises<\/strong>.<\/p>\n\n\n\n<p class=\"p2 wp-block-paragraph\">El servicio, adem\u00e1s, funcionar\u00eda bajo la modalidad <strong>punto a punto<\/strong>: el conductor llevar\u00eda al pasajero desde el lugar solicitado hasta su destino, sin poder levantar pasajeros durante el recorrido.<\/p>\n\n\n\n<p class=\"p2 wp-block-paragraph\">Tambi\u00e9n se aclar\u00f3 que los conductores de aplicaciones no podr\u00e1n realizar servicios tur\u00edsticos, debido a que esa actividad cuenta con una regulaci\u00f3n espec\u00edfica y requiere cumplir otros requisitos.<\/p>\n\n\n\n<h3 class=\"wp-block-heading\"><strong>El proyecto podr\u00eda llegar al recinto la pr\u00f3xima semana<\/strong><\/h3>\n\n\n\n<p class=\"p2 wp-block-paragraph\">Desde el sector que impulsa la iniciativa consideran que el proyecto est\u00e1 en condiciones de avanzar y que podr\u00eda ser tratado en la <strong>sesi\u00f3n del jueves de la pr\u00f3xima semana<\/strong>, aunque para su aprobaci\u00f3n ser\u00e1 necesario reunir los consensos dentro del Concejo Deliberante.<\/p>\n\n\n\n<p class=\"p2 wp-block-paragraph\">El planteo tambi\u00e9n contempla las distintas situaciones judiciales que se fueron generando alrededor de la prohibici\u00f3n de las aplicaciones y las medidas presentadas por conductores y empresas.<\/p>\n\n\n\n<p class=\"p2 wp-block-paragraph\">La postura de quienes impulsan la regulaci\u00f3n es que las aplicaciones ya forman parte de la realidad cotidiana de la ciudad y que, en lugar de mantener una prohibici\u00f3n, corresponde establecer reglas para garantizar condiciones de seguridad tanto para los conductores como para los pasajeros.<\/p>\n","protected":false},"excerpt":{"rendered":"<p>El Concejo Deliberante de Puerto Madryn avanza en el tratamiento de un proyecto de ordenanza que busca regular el transporte de pasajeros mediante aplicaciones, como Uber, Didi y Cabify. La iniciativa incorpora un registro para choferes, veh\u00edculos y empresas, adem\u00e1s de establecer nuevas condiciones para taxis y remises.<\/p>\n","protected":false},"author":4,"featured_media":26256,"comment_status":"closed","ping_status":"closed","sticky":false,"template":"","format":"standard","meta":{"footnotes":""},"categories":[2],"tags":[603],"class_list":["post-26257","post","type-post","status-publish","format-standard","has-post-thumbnail","hentry","category-politica","tag-uber"],"yoast_head":"<!-- This site is optimized with the Yoast SEO plugin v28.4 - https:\/\/yoast.com\/product\/yoast-seo-wordpress\/ -->\n<title>Puerto Madryn: el proyecto para regular Uber avanza y podr\u00eda tratarse la pr\u00f3xima semana - FM Patagonia Madryn<\/title>\n<meta name=\"robots\" content=\"index, follow, max-snippet:-1, max-image-preview:large, max-video-preview:-1\" \/>\n<link rel=\"canonical\" href=\"https:\/\/fmpatagoniamadryn.com.ar\/?p=26257\" \/>\n<meta property=\"og:locale\" content=\"es_ES\" \/>\n<meta property=\"og:type\" content=\"article\" \/>\n<meta property=\"og:title\" content=\"Puerto Madryn: el proyecto para regular Uber avanza y podr\u00eda tratarse la pr\u00f3xima semana - FM Patagonia Madryn\" \/>\n<meta property=\"og:description\" content=\"El Concejo Deliberante de Puerto Madryn avanza en el tratamiento de un proyecto de ordenanza que busca regular el transporte de pasajeros mediante aplicaciones, como Uber, Didi y Cabify. La iniciativa incorpora un registro para choferes, veh\u00edculos y empresas, adem\u00e1s de establecer nuevas condiciones para taxis y remises.\" \/>\n<meta property=\"og:url\" content=\"https:\/\/fmpatagoniamadryn.com.ar\/?p=26257\" \/>\n<meta property=\"og:site_name\" content=\"FM Patagonia Madryn\" \/>\n<meta property=\"article:published_time\" content=\"2026-09-03T11:20:14+00:00\" \/>\n<meta property=\"article:modified_time\" content=\"2026-09-03T12:48:03+00:00\" \/>\n<meta property=\"og:image\" content=\"https:\/\/fmpatagoniamadryn.com.ar\/wp-content\/uploads\/2026\/09\/c24db3fd-fdaf-4ab8-9e18-b373d2e38b77.jpg\" \/>\n\t<meta property=\"og:image:width\" content=\"710\" \/>\n\t<meta property=\"og:image:height\" content=\"432\" \/>\n\t<meta property=\"og:image:type\" content=\"image\/jpeg\" \/>\n<meta name=\"author\" content=\"FM Patagonia\" \/>\n<meta name=\"twitter:card\" content=\"summary_large_image\" \/>\n<meta name=\"twitter:label1\" content=\"Escrito por\" \/>\n\t<meta name=\"twitter:data1\" content=\"FM Patagonia\" \/>\n\t<meta name=\"twitter:label2\" content=\"Tiempo de lectura\" \/>\n\t<meta name=\"twitter:data2\" content=\"4 minutos\" \/>\n<script type=\"application\/ld+json\" class=\"yoast-schema-graph\">{\"@context\":\"https:\\\/\\\/schema.org\",\"@graph\":[{\"@type\":\"Article\",\"@id\":\"https:\\\/\\\/fmpatagoniamadryn.com.ar\\\/?p=26257#article\",\"isPartOf\":{\"@id\":\"https:\\\/\\\/fmpatagoniamadryn.com.ar\\\/?p=26257\"},\"author\":{\"name\":\"FM Patagonia\",\"@id\":\"https:\\\/\\\/fmpatagoniamadryn.com.ar\\\/#\\\/schema\\\/person\\\/97b1d30cb2ae311544a88a5201700571\"},\"headline\":\"Puerto Madryn: el proyecto para regular Uber avanza y podr\u00eda tratarse la pr\u00f3xima semana\",\"datePublished\":\"2026-09-03T11:20:14+00:00\",\"dateModified\":\"2026-09-03T12:48:03+00:00\",\"mainEntityOfPage\":{\"@id\":\"https:\\\/\\\/fmpatagoniamadryn.com.ar\\\/?p=26257\"},\"wordCount\":719,\"publisher\":{\"@id\":\"https:\\\/\\\/fmpatagoniamadryn.com.ar\\\/#organization\"},\"image\":{\"@id\":\"https:\\\/\\\/fmpatagoniamadryn.com.ar\\\/?p=26257#primaryimage\"},\"thumbnailUrl\":\"https:\\\/\\\/fmpatagoniamadryn.com.ar\\\/wp-content\\\/uploads\\\/2026\\\/09\\\/c24db3fd-fdaf-4ab8-9e18-b373d2e38b77.jpg\",\"keywords\":[\"uber\"],\"articleSection\":[\"Pol\u00edtica\"],\"inLanguage\":\"es\"},{\"@type\":\"WebPage\",\"@id\":\"https:\\\/\\\/fmpatagoniamadryn.com.ar\\\/?p=26257\",\"url\":\"https:\\\/\\\/fmpatagoniamadryn.com.ar\\\/?p=26257\",\"name\":\"Puerto Madryn: el proyecto para regular Uber avanza y podr\u00eda tratarse la pr\u00f3xima semana - FM Patagonia Madryn\",\"isPartOf\":{\"@id\":\"https:\\\/\\\/fmpatagoniamadryn.com.ar\\\/#website\"},\"primaryImageOfPage\":{\"@id\":\"https:\\\/\\\/fmpatagoniamadryn.com.ar\\\/?p=26257#primaryimage\"},\"image\":{\"@id\":\"https:\\\/\\\/fmpatagoniamadryn.com.ar\\\/?p=26257#primaryimage\"},\"thumbnailUrl\":\"https:\\\/\\\/fmpatagoniamadryn.com.ar\\\/wp-content\\\/uploads\\\/2026\\\/09\\\/c24db3fd-fdaf-4ab8-9e18-b373d2e38b77.jpg\",\"datePublished\":\"2026-09-03T11:20:14+00:00\",\"dateModified\":\"2026-09-03T12:48:03+00:00\",\"breadcrumb\":{\"@id\":\"https:\\\/\\\/fmpatagoniamadryn.com.ar\\\/?p=26257#breadcrumb\"},\"inLanguage\":\"es\",\"potentialAction\":[{\"@type\":\"ReadAction\",\"target\":[\"https:\\\/\\\/fmpatagoniamadryn.com.ar\\\/?p=26257\"]}]},{\"@type\":\"ImageObject\",\"inLanguage\":\"es\",\"@id\":\"https:\\\/\\\/fmpatagoniamadryn.com.ar\\\/?p=26257#primaryimage\",\"url\":\"https:\\\/\\\/fmpatagoniamadryn.com.ar\\\/wp-content\\\/uploads\\\/2026\\\/09\\\/c24db3fd-fdaf-4ab8-9e18-b373d2e38b77.jpg\",\"contentUrl\":\"https:\\\/\\\/fmpatagoniamadryn.com.ar\\\/wp-content\\\/uploads\\\/2026\\\/09\\\/c24db3fd-fdaf-4ab8-9e18-b373d2e38b77.jpg\",\"width\":710,\"height\":432},{\"@type\":\"BreadcrumbList\",\"@id\":\"https:\\\/\\\/fmpatagoniamadryn.com.ar\\\/?p=26257#breadcrumb\",\"itemListElement\":[{\"@type\":\"ListItem\",\"position\":1,\"name\":\"Portada\",\"item\":\"https:\\\/\\\/fmpatagoniamadryn.com.ar\\\/\"},{\"@type\":\"ListItem\",\"position\":2,\"name\":\"Puerto Madryn: el proyecto para regular Uber avanza y podr\u00eda tratarse la pr\u00f3xima semana\"}]},{\"@type\":\"WebSite\",\"@id\":\"https:\\\/\\\/fmpatagoniamadryn.com.ar\\\/#website\",\"url\":\"https:\\\/\\\/fmpatagoniamadryn.com.ar\\\/\",\"name\":\"FM Patagonia Madryn\",\"description\":\"Radio Patagonia 105.5\",\"publisher\":{\"@id\":\"https:\\\/\\\/fmpatagoniamadryn.com.ar\\\/#organization\"},\"potentialAction\":[{\"@type\":\"SearchAction\",\"target\":{\"@type\":\"EntryPoint\",\"urlTemplate\":\"https:\\\/\\\/fmpatagoniamadryn.com.ar\\\/?s={search_term_string}\"},\"query-input\":{\"@type\":\"PropertyValueSpecification\",\"valueRequired\":true,\"valueName\":\"search_term_string\"}}],\"inLanguage\":\"es\"},{\"@type\":\"Organization\",\"@id\":\"https:\\\/\\\/fmpatagoniamadryn.com.ar\\\/#organization\",\"name\":\"FM Patagonia Madryn\",\"url\":\"https:\\\/\\\/fmpatagoniamadryn.com.ar\\\/\",\"logo\":{\"@type\":\"ImageObject\",\"inLanguage\":\"es\",\"@id\":\"https:\\\/\\\/fmpatagoniamadryn.com.ar\\\/#\\\/schema\\\/logo\\\/image\\\/\",\"url\":\"https:\\\/\\\/fmpatagoniamadryn.com.ar\\\/wp-content\\\/uploads\\\/2023\\\/01\\\/cropped-Diseno-sin-titulo.png\",\"contentUrl\":\"https:\\\/\\\/fmpatagoniamadryn.com.ar\\\/wp-content\\\/uploads\\\/2023\\\/01\\\/cropped-Diseno-sin-titulo.png\",\"width\":6911,\"height\":2657,\"caption\":\"FM Patagonia Madryn\"},\"image\":{\"@id\":\"https:\\\/\\\/fmpatagoniamadryn.com.ar\\\/#\\\/schema\\\/logo\\\/image\\\/\"}},{\"@type\":\"Person\",\"@id\":\"https:\\\/\\\/fmpatagoniamadryn.com.ar\\\/#\\\/schema\\\/person\\\/97b1d30cb2ae311544a88a5201700571\",\"name\":\"FM Patagonia\",\"url\":\"https:\\\/\\\/fmpatagoniamadryn.com.ar\\\/?author=4\"}]}<\/script>\n<!-- \/ Yoast SEO plugin. -->","yoast_head_json":{"title":"Puerto Madryn: el proyecto para regular Uber avanza y podr\u00eda tratarse la pr\u00f3xima semana - FM Patagonia Madryn","robots":{"index":"index","follow":"follow","max-snippet":"max-snippet:-1","max-image-preview":"max-image-preview:large","max-video-preview":"max-video-preview:-1"},"canonical":"https:\/\/fmpatagoniamadryn.com.ar\/?p=26257","og_locale":"es_ES","og_type":"article","og_title":"Puerto Madryn: el proyecto para regular Uber avanza y podr\u00eda tratarse la pr\u00f3xima semana - FM Patagonia Madryn","og_description":"El Concejo Deliberante de Puerto Madryn avanza en el tratamiento de un proyecto de ordenanza que busca regular el transporte de pasajeros mediante aplicaciones, como Uber, Didi y Cabify. La iniciativa incorpora un registro para choferes, veh\u00edculos y empresas, adem\u00e1s de establecer nuevas condiciones para taxis y remises.","og_url":"https:\/\/fmpatagoniamadryn.com.ar\/?p=26257","og_site_name":"FM Patagonia Madryn","article_published_time":"2026-09-03T11:20:14+00:00","article_modified_time":"2026-09-03T12:48:03+00:00","og_image":[{"width":710,"height":432,"url":"https:\/\/fmpatagoniamadryn.com.ar\/wp-content\/uploads\/2026\/09\/c24db3fd-fdaf-4ab8-9e18-b373d2e38b77.jpg","type":"image\/jpeg"}],"author":"FM Patagonia","twitter_card":"summary_large_image","twitter_misc":{"Escrito por":"FM Patagonia","Tiempo de lectura":"4 minutos"},"schema":{"@context":"https:\/\/schema.org","@graph":[{"@type":"Article","@id":"https:\/\/fmpatagoniamadryn.com.ar\/?p=26257#article","isPartOf":{"@id":"https:\/\/fmpatagoniamadryn.com.ar\/?p=26257"},"author":{"name":"FM Patagonia","@id":"https:\/\/fmpatagoniamadryn.com.ar\/#\/schema\/person\/97b1d30cb2ae311544a88a5201700571"},"headline":"Puerto Madryn: el proyecto para regular Uber avanza y podr\u00eda tratarse la pr\u00f3xima semana","datePublished":"2026-09-03T11:20:14+00:00","dateModified":"2026-09-03T12:48:03+00:00","mainEntityOfPage":{"@id":"https:\/\/fmpatagoniamadryn.com.ar\/?p=26257"},"wordCount":719,"publisher":{"@id":"https:\/\/fmpatagoniamadryn.com.ar\/#organization"},"image":{"@id":"https:\/\/fmpatagoniamadryn.com.ar\/?p=26257#primaryimage"},"thumbnailUrl":"https:\/\/fmpatagoniamadryn.com.ar\/wp-content\/uploads\/2026\/09\/c24db3fd-fdaf-4ab8-9e18-b373d2e38b77.jpg","keywords":["uber"],"articleSection":["Pol\u00edtica"],"inLanguage":"es"},{"@type":"WebPage","@id":"https:\/\/fmpatagoniamadryn.com.ar\/?p=26257","url":"https:\/\/fmpatagoniamadryn.com.ar\/?p=26257","name":"Puerto Madryn: el proyecto para regular Uber avanza y podr\u00eda tratarse la pr\u00f3xima semana - FM Patagonia Madryn","isPartOf":{"@id":"https:\/\/fmpatagoniamadryn.com.ar\/#website"},"primaryImageOfPage":{"@id":"https:\/\/fmpatagoniamadryn.com.ar\/?p=26257#primaryimage"},"image":{"@id":"https:\/\/fmpatagoniamadryn.com.ar\/?p=26257#primaryimage"},"thumbnailUrl":"https:\/\/fmpatagoniamadryn.com.ar\/wp-content\/uploads\/2026\/09\/c24db3fd-fdaf-4ab8-9e18-b373d2e38b77.jpg","datePublished":"2026-09-03T11:20:14+00:00","dateModified":"2026-09-03T12:48:03+00:00","breadcrumb":{"@id":"https:\/\/fmpatagoniamadryn.com.ar\/?p=26257#breadcrumb"},"inLanguage":"es","potentialAction":[{"@type":"ReadAction","target":["https:\/\/fmpatagoniamadryn.com.ar\/?p=26257"]}]},{"@type":"ImageObject","inLanguage":"es","@id":"https:\/\/fmpatagoniamadryn.com.ar\/?p=26257#primaryimage","url":"https:\/\/fmpatagoniamadryn.com.ar\/wp-content\/uploads\/2026\/09\/c24db3fd-fdaf-4ab8-9e18-b373d2e38b77.jpg","contentUrl":"https:\/\/fmpatagoniamadryn.com.ar\/wp-content\/uploads\/2026\/09\/c24db3fd-fdaf-4ab8-9e18-b373d2e38b77.jpg","width":710,"height":432},{"@type":"BreadcrumbList","@id":"https:\/\/fmpatagoniamadryn.com.ar\/?p=26257#breadcrumb","itemListElement":[{"@type":"ListItem","position":1,"name":"Portada","item":"https:\/\/fmpatagoniamadryn.com.ar\/"},{"@type":"ListItem","position":2,"name":"Puerto Madryn: el proyecto para regular Uber avanza y podr\u00eda tratarse la pr\u00f3xima semana"}]},{"@type":"WebSite","@id":"https:\/\/fmpatagoniamadryn.com.ar\/#website","url":"https:\/\/fmpatagoniamadryn.com.ar\/","name":"FM Patagonia Madryn","description":"Radio Patagonia 105.5","publisher":{"@id":"https:\/\/fmpatagoniamadryn.com.ar\/#organization"},"potentialAction":[{"@type":"SearchAction","target":{"@type":"EntryPoint","urlTemplate":"https:\/\/fmpatagoniamadryn.com.ar\/?s={search_term_string}"},"query-input":{"@type":"PropertyValueSpecification","valueRequired":true,"valueName":"search_term_string"}}],"inLanguage":"es"},{"@type":"Organization","@id":"https:\/\/fmpatagoniamadryn.com.ar\/#organization","name":"FM Patagonia Madryn","url":"https:\/\/fmpatagoniamadryn.com.ar\/","logo":{"@type":"ImageObject","inLanguage":"es","@id":"https:\/\/fmpatagoniamadryn.com.ar\/#\/schema\/logo\/image\/","url":"https:\/\/fmpatagoniamadryn.com.ar\/wp-content\/uploads\/2023\/01\/cropped-Diseno-sin-titulo.png","contentUrl":"https:\/\/fmpatagoniamadryn.com.ar\/wp-content\/uploads\/2023\/01\/cropped-Diseno-sin-titulo.png","width":6911,"height":2657,"caption":"FM Patagonia Madryn"},"image":{"@id":"https:\/\/fmpatagoniamadryn.com.ar\/#\/schema\/logo\/image\/"}},{"@type":"Person","@id":"https:\/\/fmpatagoniamadryn.com.ar\/#\/schema\/person\/97b1d30cb2ae311544a88a5201700571","name":"FM Patagonia","url":"https:\/\/fmpatagoniamadryn.com.ar\/?author=4"}]}},"jetpack_featured_media_url":"https:\/\/fmpatagoniamadryn.com.ar\/wp-content\/uploads\/2026\/09\/c24db3fd-fdaf-4ab8-9e18-b373d2e38b77.jpg","_links":{"self":[{"href":"https:\/\/fmpatagoniamadryn.com.ar\/index.php?rest_route=\/wp\/v2\/posts\/26257","targetHints":{"allow":["GET"]}}],"collection":[{"href":"https:\/\/fmpatagoniamadryn.com.ar\/index.php?rest_route=\/wp\/v2\/posts"}],"about":[{"href":"https:\/\/fmpatagoniamadryn.com.ar\/index.php?rest_route=\/wp\/v2\/types\/post"}],"author":[{"embeddable":true,"href":"https:\/\/fmpatagoniamadryn.com.ar\/index.php?rest_route=\/wp\/v2\/users\/4"}],"replies":[{"embeddable":true,"href":"https:\/\/fmpatagoniamadryn.com.ar\/index.php?rest_route=%2Fwp%2Fv2%2Fcomments&post=26257"}],"version-history":[{"count":1,"href":"https:\/\/fmpatagoniamadryn.com.ar\/index.php?rest_route=\/wp\/v2\/posts\/26257\/revisions"}],"predecessor-version":[{"id":26258,"href":"https:\/\/fmpatagoniamadryn.com.ar\/index.php?rest_route=\/wp\/v2\/posts\/26257\/revisions\/26258"}],"wp:featuredmedia":[{"embeddable":true,"href":"https:\/\/fmpatagoniamadryn.com.ar\/index.php?rest_route=\/wp\/v2\/media\/26256"}],"wp:attachment":[{"href":"https:\/\/fmpatagoniamadryn.com.ar\/index.php?rest_route=%2Fwp%2Fv2%2Fmedia&parent=26257"}],"wp:term":[{"taxonomy":"category","embeddable":true,"href":"https:\/\/fmpatagoniamadryn.com.ar\/index.php?rest_route=%2Fwp%2Fv2%2Fcategories&post=26257"},{"taxonomy":"post_tag","embeddable":true,"href":"https:\/\/fmpatagoniamadryn.com.ar\/index.php?rest_route=%2Fwp%2Fv2%2Ftags&post=26257"}],"curies":[{"name":"wp","href":"https:\/\/api.w.org\/{rel}","templated":true}]}}