{"id":26265,"date":"2026-09-03T15:00:00","date_gmt":"2026-09-03T18:00:00","guid":{"rendered":"https:\/\/fmpatagoniamadryn.com.ar\/?p=26265"},"modified":"2026-09-03T11:03:12","modified_gmt":"2026-09-03T14:03:12","slug":"noviembre-sera-el-mes-del-padel-en-puerto-madryn","status":"publish","type":"post","link":"https:\/\/fmpatagoniamadryn.com.ar\/?p=26265","title":{"rendered":"Noviembre ser\u00e1 el mes del p\u00e1del en Puerto Madryn"},"content":{"rendered":"\n<p class=\"wp-block-paragraph\">Puerto Madryn contin\u00faa consolid\u00e1ndose como sede de competencias de p\u00e1del de relevancia regional y nacional. En noviembre, el complejo Punto de Oro ser\u00e1 escenario de dos eventos que combinar\u00e1n el alto nivel competitivo con la formaci\u00f3n y el desarrollo de j\u00f3venes jugadores.<\/p>\n\n\n\n<h2 class=\"wp-block-heading\">Caleta Open: competencia de primer nivel<\/h2>\n\n\n\n<p class=\"wp-block-paragraph\">Del <strong>6 al 8 de noviembre<\/strong> se disputar\u00e1 el <strong>Caleta Open<\/strong>, un torneo de <strong>1\u00aa categor\u00eda masculina<\/strong> que contar\u00e1 con la participaci\u00f3n de <strong>18 parejas de primer nivel<\/strong>.<\/p>\n\n\n\n<p class=\"wp-block-paragraph\">La competencia ser\u00e1 una nueva oportunidad para que la ciudad reciba a jugadores destacados y fortalezca su posicionamiento como sede de eventos deportivos de jerarqu\u00eda.<\/p>\n\n\n\n<h2 class=\"wp-block-heading\">Un encuentro formativo con presencia regional<\/h2>\n\n\n\n<p class=\"wp-block-paragraph\">Por su parte, del <strong>27 al 29 de noviembre<\/strong>, se realizar\u00e1 el <strong>Caleta Solidaria<\/strong>, un encuentro patag\u00f3nico de p\u00e1del formativo que convocar\u00e1 a escuelas de <strong>Comodoro Rivadavia, Trelew, Rawson y otras localidades de la regi\u00f3n<\/strong>.<\/p>\n\n\n\n<p class=\"wp-block-paragraph\">La propuesta apunta a generar un espacio de encuentro para las nuevas generaciones y continuar promoviendo el crecimiento de la disciplina desde las categor\u00edas formativas.<\/p>\n\n\n\n<h2 class=\"wp-block-heading\">El p\u00e1del, protagonista durante noviembre<\/h2>\n\n\n\n<p class=\"wp-block-paragraph\">En este marco, el subsecretario de Deportes de la Municipalidad de Puerto Madryn, <strong>Andr\u00e9s Calabro<\/strong>, recibi\u00f3 a <strong>Gabriel Guardia<\/strong>, encargado de Punto de Oro y organizador de ambas propuestas.<\/p>\n\n\n\n<p class=\"wp-block-paragraph\">Durante el encuentro, Guardia destac\u00f3 el crecimiento que viene experimentando el p\u00e1del en la ciudad y remarc\u00f3 la importancia de impulsar tanto las competencias profesionales como los encuentros formativos.<\/p>\n\n\n\n<p class=\"wp-block-paragraph\">De esta manera, <strong>Puerto Madryn tendr\u00e1 un noviembre con el p\u00e1del como protagonista<\/strong>, con dos eventos que apuntan a seguir fortaleciendo el desarrollo de la disciplina y su presencia en el calendario deportivo de la regi\u00f3n.<\/p>\n\n\n\n<p class=\"wp-block-paragraph\"><\/p>\n","protected":false},"excerpt":{"rendered":"<p>Puerto Madryn tendr\u00e1 dos importantes propuestas de p\u00e1del durante noviembre: el Caleta Open, un torneo de 1\u00aa categor\u00eda masculina, y el Caleta Solidaria, un encuentro formativo que reunir\u00e1 a escuelas de distintas localidades de la regi\u00f3n.<\/p>\n","protected":false},"author":5,"featured_media":26266,"comment_status":"closed","ping_status":"closed","sticky":false,"template":"","format":"standard","meta":{"footnotes":""},"categories":[4],"tags":[611],"class_list":["post-26265","post","type-post","status-publish","format-standard","has-post-thumbnail","hentry","category-deportes","tag-padel"],"yoast_head":"<!-- This site is optimized with the Yoast SEO plugin v28.4 - https:\/\/yoast.com\/product\/yoast-seo-wordpress\/ -->\n<title>Noviembre ser\u00e1 el mes del p\u00e1del en Puerto Madryn - FM Patagonia Madryn<\/title>\n<meta name=\"robots\" content=\"index, follow, max-snippet:-1, max-image-preview:large, max-video-preview:-1\" \/>\n<link rel=\"canonical\" href=\"https:\/\/fmpatagoniamadryn.com.ar\/?p=26265\" \/>\n<meta property=\"og:locale\" content=\"es_ES\" \/>\n<meta property=\"og:type\" content=\"article\" \/>\n<meta property=\"og:title\" content=\"Noviembre ser\u00e1 el mes del p\u00e1del en Puerto Madryn - FM Patagonia Madryn\" \/>\n<meta property=\"og:description\" content=\"Puerto Madryn tendr\u00e1 dos importantes propuestas de p\u00e1del durante noviembre: el Caleta Open, un torneo de 1\u00aa categor\u00eda masculina, y el Caleta Solidaria, un encuentro formativo que reunir\u00e1 a escuelas de distintas localidades de la regi\u00f3n.\" \/>\n<meta property=\"og:url\" content=\"https:\/\/fmpatagoniamadryn.com.ar\/?p=26265\" \/>\n<meta property=\"og:site_name\" content=\"FM Patagonia Madryn\" \/>\n<meta property=\"article:published_time\" content=\"2026-09-03T18:00:00+00:00\" \/>\n<meta property=\"og:image\" content=\"https:\/\/fmpatagoniamadryn.com.ar\/wp-content\/uploads\/2026\/09\/padel-caleta-open.jpg\" \/>\n\t<meta property=\"og:image:width\" content=\"1280\" \/>\n\t<meta property=\"og:image:height\" content=\"960\" \/>\n\t<meta property=\"og:image:type\" content=\"image\/jpeg\" \/>\n<meta name=\"author\" content=\"FM Patagonia\" \/>\n<meta name=\"twitter:card\" content=\"summary_large_image\" \/>\n<meta name=\"twitter:label1\" content=\"Escrito por\" \/>\n\t<meta name=\"twitter:data1\" content=\"FM Patagonia\" \/>\n\t<meta name=\"twitter:label2\" content=\"Tiempo de lectura\" \/>\n\t<meta name=\"twitter:data2\" content=\"2 minutos\" \/>\n<script type=\"application\/ld+json\" class=\"yoast-schema-graph\">{\"@context\":\"https:\\\/\\\/schema.org\",\"@graph\":[{\"@type\":\"Article\",\"@id\":\"https:\\\/\\\/fmpatagoniamadryn.com.ar\\\/?p=26265#article\",\"isPartOf\":{\"@id\":\"https:\\\/\\\/fmpatagoniamadryn.com.ar\\\/?p=26265\"},\"author\":{\"name\":\"FM Patagonia\",\"@id\":\"https:\\\/\\\/fmpatagoniamadryn.com.ar\\\/#\\\/schema\\\/person\\\/d1eaeab8ab628617785f4d9ef0e8d5d8\"},\"headline\":\"Noviembre ser\u00e1 el mes del p\u00e1del en Puerto Madryn\",\"datePublished\":\"2026-09-03T18:00:00+00:00\",\"mainEntityOfPage\":{\"@id\":\"https:\\\/\\\/fmpatagoniamadryn.com.ar\\\/?p=26265\"},\"wordCount\":288,\"publisher\":{\"@id\":\"https:\\\/\\\/fmpatagoniamadryn.com.ar\\\/#organization\"},\"image\":{\"@id\":\"https:\\\/\\\/fmpatagoniamadryn.com.ar\\\/?p=26265#primaryimage\"},\"thumbnailUrl\":\"https:\\\/\\\/fmpatagoniamadryn.com.ar\\\/wp-content\\\/uploads\\\/2026\\\/09\\\/padel-caleta-open.jpg\",\"keywords\":[\"P\u00e1del\"],\"articleSection\":[\"Deportes\"],\"inLanguage\":\"es\"},{\"@type\":\"WebPage\",\"@id\":\"https:\\\/\\\/fmpatagoniamadryn.com.ar\\\/?p=26265\",\"url\":\"https:\\\/\\\/fmpatagoniamadryn.com.ar\\\/?p=26265\",\"name\":\"Noviembre ser\u00e1 el mes del p\u00e1del en Puerto Madryn - FM Patagonia Madryn\",\"isPartOf\":{\"@id\":\"https:\\\/\\\/fmpatagoniamadryn.com.ar\\\/#website\"},\"primaryImageOfPage\":{\"@id\":\"https:\\\/\\\/fmpatagoniamadryn.com.ar\\\/?p=26265#primaryimage\"},\"image\":{\"@id\":\"https:\\\/\\\/fmpatagoniamadryn.com.ar\\\/?p=26265#primaryimage\"},\"thumbnailUrl\":\"https:\\\/\\\/fmpatagoniamadryn.com.ar\\\/wp-content\\\/uploads\\\/2026\\\/09\\\/padel-caleta-open.jpg\",\"datePublished\":\"2026-09-03T18:00:00+00:00\",\"breadcrumb\":{\"@id\":\"https:\\\/\\\/fmpatagoniamadryn.com.ar\\\/?p=26265#breadcrumb\"},\"inLanguage\":\"es\",\"potentialAction\":[{\"@type\":\"ReadAction\",\"target\":[\"https:\\\/\\\/fmpatagoniamadryn.com.ar\\\/?p=26265\"]}]},{\"@type\":\"ImageObject\",\"inLanguage\":\"es\",\"@id\":\"https:\\\/\\\/fmpatagoniamadryn.com.ar\\\/?p=26265#primaryimage\",\"url\":\"https:\\\/\\\/fmpatagoniamadryn.com.ar\\\/wp-content\\\/uploads\\\/2026\\\/09\\\/padel-caleta-open.jpg\",\"contentUrl\":\"https:\\\/\\\/fmpatagoniamadryn.com.ar\\\/wp-content\\\/uploads\\\/2026\\\/09\\\/padel-caleta-open.jpg\",\"width\":1280,\"height\":960},{\"@type\":\"BreadcrumbList\",\"@id\":\"https:\\\/\\\/fmpatagoniamadryn.com.ar\\\/?p=26265#breadcrumb\",\"itemListElement\":[{\"@type\":\"ListItem\",\"position\":1,\"name\":\"Portada\",\"item\":\"https:\\\/\\\/fmpatagoniamadryn.com.ar\\\/\"},{\"@type\":\"ListItem\",\"position\":2,\"name\":\"Noviembre ser\u00e1 el mes del p\u00e1del en Puerto Madryn\"}]},{\"@type\":\"WebSite\",\"@id\":\"https:\\\/\\\/fmpatagoniamadryn.com.ar\\\/#website\",\"url\":\"https:\\\/\\\/fmpatagoniamadryn.com.ar\\\/\",\"name\":\"FM Patagonia Madryn\",\"description\":\"Radio Patagonia 105.5\",\"publisher\":{\"@id\":\"https:\\\/\\\/fmpatagoniamadryn.com.ar\\\/#organization\"},\"potentialAction\":[{\"@type\":\"SearchAction\",\"target\":{\"@type\":\"EntryPoint\",\"urlTemplate\":\"https:\\\/\\\/fmpatagoniamadryn.com.ar\\\/?s={search_term_string}\"},\"query-input\":{\"@type\":\"PropertyValueSpecification\",\"valueRequired\":true,\"valueName\":\"search_term_string\"}}],\"inLanguage\":\"es\"},{\"@type\":\"Organization\",\"@id\":\"https:\\\/\\\/fmpatagoniamadryn.com.ar\\\/#organization\",\"name\":\"FM Patagonia Madryn\",\"url\":\"https:\\\/\\\/fmpatagoniamadryn.com.ar\\\/\",\"logo\":{\"@type\":\"ImageObject\",\"inLanguage\":\"es\",\"@id\":\"https:\\\/\\\/fmpatagoniamadryn.com.ar\\\/#\\\/schema\\\/logo\\\/image\\\/\",\"url\":\"https:\\\/\\\/fmpatagoniamadryn.com.ar\\\/wp-content\\\/uploads\\\/2023\\\/01\\\/cropped-Diseno-sin-titulo.png\",\"contentUrl\":\"https:\\\/\\\/fmpatagoniamadryn.com.ar\\\/wp-content\\\/uploads\\\/2023\\\/01\\\/cropped-Diseno-sin-titulo.png\",\"width\":6911,\"height\":2657,\"caption\":\"FM Patagonia Madryn\"},\"image\":{\"@id\":\"https:\\\/\\\/fmpatagoniamadryn.com.ar\\\/#\\\/schema\\\/logo\\\/image\\\/\"}},{\"@type\":\"Person\",\"@id\":\"https:\\\/\\\/fmpatagoniamadryn.com.ar\\\/#\\\/schema\\\/person\\\/d1eaeab8ab628617785f4d9ef0e8d5d8\",\"name\":\"FM Patagonia\",\"url\":\"https:\\\/\\\/fmpatagoniamadryn.com.ar\\\/?author=5\"}]}<\/script>\n<!-- \/ Yoast SEO plugin. -->","yoast_head_json":{"title":"Noviembre ser\u00e1 el mes del p\u00e1del en Puerto Madryn - FM Patagonia Madryn","robots":{"index":"index","follow":"follow","max-snippet":"max-snippet:-1","max-image-preview":"max-image-preview:large","max-video-preview":"max-video-preview:-1"},"canonical":"https:\/\/fmpatagoniamadryn.com.ar\/?p=26265","og_locale":"es_ES","og_type":"article","og_title":"Noviembre ser\u00e1 el mes del p\u00e1del en Puerto Madryn - FM Patagonia Madryn","og_description":"Puerto Madryn tendr\u00e1 dos importantes propuestas de p\u00e1del durante noviembre: el Caleta Open, un torneo de 1\u00aa categor\u00eda masculina, y el Caleta Solidaria, un encuentro formativo que reunir\u00e1 a escuelas de distintas localidades de la regi\u00f3n.","og_url":"https:\/\/fmpatagoniamadryn.com.ar\/?p=26265","og_site_name":"FM Patagonia Madryn","article_published_time":"2026-09-03T18:00:00+00:00","og_image":[{"width":1280,"height":960,"url":"https:\/\/fmpatagoniamadryn.com.ar\/wp-content\/uploads\/2026\/09\/padel-caleta-open.jpg","type":"image\/jpeg"}],"author":"FM Patagonia","twitter_card":"summary_large_image","twitter_misc":{"Escrito por":"FM Patagonia","Tiempo de lectura":"2 minutos"},"schema":{"@context":"https:\/\/schema.org","@graph":[{"@type":"Article","@id":"https:\/\/fmpatagoniamadryn.com.ar\/?p=26265#article","isPartOf":{"@id":"https:\/\/fmpatagoniamadryn.com.ar\/?p=26265"},"author":{"name":"FM Patagonia","@id":"https:\/\/fmpatagoniamadryn.com.ar\/#\/schema\/person\/d1eaeab8ab628617785f4d9ef0e8d5d8"},"headline":"Noviembre ser\u00e1 el mes del p\u00e1del en Puerto Madryn","datePublished":"2026-09-03T18:00:00+00:00","mainEntityOfPage":{"@id":"https:\/\/fmpatagoniamadryn.com.ar\/?p=26265"},"wordCount":288,"publisher":{"@id":"https:\/\/fmpatagoniamadryn.com.ar\/#organization"},"image":{"@id":"https:\/\/fmpatagoniamadryn.com.ar\/?p=26265#primaryimage"},"thumbnailUrl":"https:\/\/fmpatagoniamadryn.com.ar\/wp-content\/uploads\/2026\/09\/padel-caleta-open.jpg","keywords":["P\u00e1del"],"articleSection":["Deportes"],"inLanguage":"es"},{"@type":"WebPage","@id":"https:\/\/fmpatagoniamadryn.com.ar\/?p=26265","url":"https:\/\/fmpatagoniamadryn.com.ar\/?p=26265","name":"Noviembre ser\u00e1 el mes del p\u00e1del en Puerto Madryn - FM Patagonia Madryn","isPartOf":{"@id":"https:\/\/fmpatagoniamadryn.com.ar\/#website"},"primaryImageOfPage":{"@id":"https:\/\/fmpatagoniamadryn.com.ar\/?p=26265#primaryimage"},"image":{"@id":"https:\/\/fmpatagoniamadryn.com.ar\/?p=26265#primaryimage"},"thumbnailUrl":"https:\/\/fmpatagoniamadryn.com.ar\/wp-content\/uploads\/2026\/09\/padel-caleta-open.jpg","datePublished":"2026-09-03T18:00:00+00:00","breadcrumb":{"@id":"https:\/\/fmpatagoniamadryn.com.ar\/?p=26265#breadcrumb"},"inLanguage":"es","potentialAction":[{"@type":"ReadAction","target":["https:\/\/fmpatagoniamadryn.com.ar\/?p=26265"]}]},{"@type":"ImageObject","inLanguage":"es","@id":"https:\/\/fmpatagoniamadryn.com.ar\/?p=26265#primaryimage","url":"https:\/\/fmpatagoniamadryn.com.ar\/wp-content\/uploads\/2026\/09\/padel-caleta-open.jpg","contentUrl":"https:\/\/fmpatagoniamadryn.com.ar\/wp-content\/uploads\/2026\/09\/padel-caleta-open.jpg","width":1280,"height":960},{"@type":"BreadcrumbList","@id":"https:\/\/fmpatagoniamadryn.com.ar\/?p=26265#breadcrumb","itemListElement":[{"@type":"ListItem","position":1,"name":"Portada","item":"https:\/\/fmpatagoniamadryn.com.ar\/"},{"@type":"ListItem","position":2,"name":"Noviembre ser\u00e1 el mes del p\u00e1del en Puerto Madryn"}]},{"@type":"WebSite","@id":"https:\/\/fmpatagoniamadryn.com.ar\/#website","url":"https:\/\/fmpatagoniamadryn.com.ar\/","name":"FM Patagonia Madryn","description":"Radio Patagonia 105.5","publisher":{"@id":"https:\/\/fmpatagoniamadryn.com.ar\/#organization"},"potentialAction":[{"@type":"SearchAction","target":{"@type":"EntryPoint","urlTemplate":"https:\/\/fmpatagoniamadryn.com.ar\/?s={search_term_string}"},"query-input":{"@type":"PropertyValueSpecification","valueRequired":true,"valueName":"search_term_string"}}],"inLanguage":"es"},{"@type":"Organization","@id":"https:\/\/fmpatagoniamadryn.com.ar\/#organization","name":"FM Patagonia Madryn","url":"https:\/\/fmpatagoniamadryn.com.ar\/","logo":{"@type":"ImageObject","inLanguage":"es","@id":"https:\/\/fmpatagoniamadryn.com.ar\/#\/schema\/logo\/image\/","url":"https:\/\/fmpatagoniamadryn.com.ar\/wp-content\/uploads\/2023\/01\/cropped-Diseno-sin-titulo.png","contentUrl":"https:\/\/fmpatagoniamadryn.com.ar\/wp-content\/uploads\/2023\/01\/cropped-Diseno-sin-titulo.png","width":6911,"height":2657,"caption":"FM Patagonia Madryn"},"image":{"@id":"https:\/\/fmpatagoniamadryn.com.ar\/#\/schema\/logo\/image\/"}},{"@type":"Person","@id":"https:\/\/fmpatagoniamadryn.com.ar\/#\/schema\/person\/d1eaeab8ab628617785f4d9ef0e8d5d8","name":"FM Patagonia","url":"https:\/\/fmpatagoniamadryn.com.ar\/?author=5"}]}},"jetpack_featured_media_url":"https:\/\/fmpatagoniamadryn.com.ar\/wp-content\/uploads\/2026\/09\/padel-caleta-open.jpg","_links":{"self":[{"href":"https:\/\/fmpatagoniamadryn.com.ar\/index.php?rest_route=\/wp\/v2\/posts\/26265","targetHints":{"allow":["GET"]}}],"collection":[{"href":"https:\/\/fmpatagoniamadryn.com.ar\/index.php?rest_route=\/wp\/v2\/posts"}],"about":[{"href":"https:\/\/fmpatagoniamadryn.com.ar\/index.php?rest_route=\/wp\/v2\/types\/post"}],"author":[{"embeddable":true,"href":"https:\/\/fmpatagoniamadryn.com.ar\/index.php?rest_route=\/wp\/v2\/users\/5"}],"replies":[{"embeddable":true,"href":"https:\/\/fmpatagoniamadryn.com.ar\/index.php?rest_route=%2Fwp%2Fv2%2Fcomments&post=26265"}],"version-history":[{"count":1,"href":"https:\/\/fmpatagoniamadryn.com.ar\/index.php?rest_route=\/wp\/v2\/posts\/26265\/revisions"}],"predecessor-version":[{"id":26267,"href":"https:\/\/fmpatagoniamadryn.com.ar\/index.php?rest_route=\/wp\/v2\/posts\/26265\/revisions\/26267"}],"wp:featuredmedia":[{"embeddable":true,"href":"https:\/\/fmpatagoniamadryn.com.ar\/index.php?rest_route=\/wp\/v2\/media\/26266"}],"wp:attachment":[{"href":"https:\/\/fmpatagoniamadryn.com.ar\/index.php?rest_route=%2Fwp%2Fv2%2Fmedia&parent=26265"}],"wp:term":[{"taxonomy":"category","embeddable":true,"href":"https:\/\/fmpatagoniamadryn.com.ar\/index.php?rest_route=%2Fwp%2Fv2%2Fcategories&post=26265"},{"taxonomy":"post_tag","embeddable":true,"href":"https:\/\/fmpatagoniamadryn.com.ar\/index.php?rest_route=%2Fwp%2Fv2%2Ftags&post=26265"}],"curies":[{"name":"wp","href":"https:\/\/api.w.org\/{rel}","templated":true}]}}