{"id":26269,"date":"2026-09-03T12:07:01","date_gmt":"2026-09-03T15:07:01","guid":{"rendered":"https:\/\/fmpatagoniamadryn.com.ar\/?p=26269"},"modified":"2026-09-03T12:07:01","modified_gmt":"2026-09-03T15:07:01","slug":"chubut-avanza-en-la-elaboracion-del-plan-de-contingencia-del-area-natural-protegida-lago-bagillt","status":"publish","type":"post","link":"https:\/\/fmpatagoniamadryn.com.ar\/?p=26269","title":{"rendered":"Chubut avanza en la elaboraci\u00f3n del Plan de Contingencia del \u00c1rea Natural Protegida Lago Bagillt"},"content":{"rendered":"\n<p class=\"wp-block-paragraph\">El Gobierno del Chubut llev\u00f3 adelante, en el Sal\u00f3n de Situaci\u00f3n de la Municipalidad de Trevelin, a trav\u00e9s del Ministerio de Turismo y \u00c1reas Protegidas, una reuni\u00f3n de trabajo con distintas instituciones para avanzar en la elaboraci\u00f3n del Plan de Contingencia del \u00c1rea Natural Protegida (ANP) Lago Bagillt.<\/p>\n\n\n\n<p class=\"wp-block-paragraph\">El encuentro fue encabezado por la subsecretaria de Conservaci\u00f3n, Nadia Bravo, junto a su equipo t\u00e9cnico; el secretario de Bosques, Abel Nievas; y el subsecretario de Proteccion Ciudadana, Eduardo P\u00e9rez; y tuvo como objetivo analizar y definir procedimientos de actuaci\u00f3n ante distintas situaciones de emergencia que pudieran presentarse dentro del \u00e1rea natural protegida.<\/p>\n\n\n\n<p class=\"wp-block-paragraph\">Durante el taller se abordaron aspectos vinculados a los sistemas de evacuaci\u00f3n de personas ante accidentes, el abordaje y la respuesta frente a desastres naturales, las condiciones actuales del camino de acceso y la identificaci\u00f3n de rutas alternativas que permitan garantizar una respuesta adecuada ante eventuales contingencias.<\/p>\n\n\n\n<p class=\"wp-block-paragraph\">La jornada cont\u00f3 con la participaci\u00f3n de representantes de la Subsecretar\u00eda de Protecci\u00f3n Ciudadana, Polic\u00eda del Chubut, Bomberos Voluntarios de Trevelin, Servicio Provincial de Manejo del Fuego, Secretar\u00eda de Bosques, Ej\u00e9rcito Nacional, Parque Nacional Los Alerces, Municipalidad de Trevelin, Vialidad Provincial, Busqueda y Rescate, Hospital de Trevelin, vecinos de Los Cipreses, adem\u00e1s de guardafaunas del \u00c1rea Natural Protegida Lago Bagillt y propietarios del \u00e1rea.<\/p>\n\n\n\n<h2 class=\"wp-block-heading\"><em>Fortalecer la prevenci\u00f3n<\/em><\/h2>\n\n\n\n<p class=\"wp-block-paragraph\">Desde el Ministerio de Turismo y \u00c1reas Protegidas se destac\u00f3 la importancia de generar espacios de trabajo conjunto entre los distintos organismos e instituciones que tienen intervenci\u00f3n directa o indirecta en el territorio.<\/p>\n\n\n\n<p class=\"wp-block-paragraph\">La elaboraci\u00f3n del Plan de Contingencia permitir\u00e1 fortalecer la prevenci\u00f3n, mejorar la coordinaci\u00f3n entre los actores involucrados y establecer protocolos de respuesta ante situaciones que puedan poner en riesgo a visitantes, pobladores y trabajadores del \u00e1rea, contribuyendo a una gesti\u00f3n m\u00e1s segura y responsable del \u00c1rea Natural Protegida Lago Bagillt.<\/p>\n","protected":false},"excerpt":{"rendered":"<p>Instituciones provinciales, municipales y organismos vinculados a seguridad y conservaci\u00f3n participaron de un taller de trabajo para fortalecer los protocolos de respuesta ante emergencias en el \u00e1rea protegida.<\/p>\n","protected":false},"author":4,"featured_media":26268,"comment_status":"closed","ping_status":"closed","sticky":false,"template":"","format":"standard","meta":{"footnotes":""},"categories":[122],"tags":[658,659],"class_list":["post-26269","post","type-post","status-publish","format-standard","has-post-thumbnail","hentry","category-sociedad","tag-area-natural","tag-protegida"],"yoast_head":"<!-- This site is optimized with the Yoast SEO plugin v28.4 - https:\/\/yoast.com\/product\/yoast-seo-wordpress\/ -->\n<title>Chubut avanza en la elaboraci\u00f3n del Plan de Contingencia del \u00c1rea Natural Protegida Lago Bagillt - FM Patagonia Madryn<\/title>\n<meta name=\"robots\" content=\"index, follow, max-snippet:-1, max-image-preview:large, max-video-preview:-1\" \/>\n<link rel=\"canonical\" href=\"https:\/\/fmpatagoniamadryn.com.ar\/?p=26269\" \/>\n<meta property=\"og:locale\" content=\"es_ES\" \/>\n<meta property=\"og:type\" content=\"article\" \/>\n<meta property=\"og:title\" content=\"Chubut avanza en la elaboraci\u00f3n del Plan de Contingencia del \u00c1rea Natural Protegida Lago Bagillt - FM Patagonia Madryn\" \/>\n<meta property=\"og:description\" content=\"Instituciones provinciales, municipales y organismos vinculados a seguridad y conservaci\u00f3n participaron de un taller de trabajo para fortalecer los protocolos de respuesta ante emergencias en el \u00e1rea protegida.\" \/>\n<meta property=\"og:url\" content=\"https:\/\/fmpatagoniamadryn.com.ar\/?p=26269\" \/>\n<meta property=\"og:site_name\" content=\"FM Patagonia Madryn\" \/>\n<meta property=\"article:published_time\" content=\"2026-09-03T15:07:01+00:00\" \/>\n<meta property=\"og:image\" content=\"https:\/\/fmpatagoniamadryn.com.ar\/wp-content\/uploads\/2026\/09\/e6a721c9-cf8c-4807-baea-25df6c638b11.jpg\" \/>\n\t<meta property=\"og:image:width\" content=\"1280\" \/>\n\t<meta property=\"og:image:height\" content=\"960\" \/>\n\t<meta property=\"og:image:type\" content=\"image\/jpeg\" \/>\n<meta name=\"author\" content=\"FM Patagonia\" \/>\n<meta name=\"twitter:card\" content=\"summary_large_image\" \/>\n<meta name=\"twitter:label1\" content=\"Escrito por\" \/>\n\t<meta name=\"twitter:data1\" content=\"FM Patagonia\" \/>\n\t<meta name=\"twitter:label2\" content=\"Tiempo de lectura\" \/>\n\t<meta name=\"twitter:data2\" content=\"2 minutos\" \/>\n<script type=\"application\/ld+json\" class=\"yoast-schema-graph\">{\"@context\":\"https:\\\/\\\/schema.org\",\"@graph\":[{\"@type\":\"Article\",\"@id\":\"https:\\\/\\\/fmpatagoniamadryn.com.ar\\\/?p=26269#article\",\"isPartOf\":{\"@id\":\"https:\\\/\\\/fmpatagoniamadryn.com.ar\\\/?p=26269\"},\"author\":{\"name\":\"FM Patagonia\",\"@id\":\"https:\\\/\\\/fmpatagoniamadryn.com.ar\\\/#\\\/schema\\\/person\\\/97b1d30cb2ae311544a88a5201700571\"},\"headline\":\"Chubut avanza en la elaboraci\u00f3n del Plan de Contingencia del \u00c1rea Natural Protegida Lago Bagillt\",\"datePublished\":\"2026-09-03T15:07:01+00:00\",\"mainEntityOfPage\":{\"@id\":\"https:\\\/\\\/fmpatagoniamadryn.com.ar\\\/?p=26269\"},\"wordCount\":339,\"publisher\":{\"@id\":\"https:\\\/\\\/fmpatagoniamadryn.com.ar\\\/#organization\"},\"image\":{\"@id\":\"https:\\\/\\\/fmpatagoniamadryn.com.ar\\\/?p=26269#primaryimage\"},\"thumbnailUrl\":\"https:\\\/\\\/fmpatagoniamadryn.com.ar\\\/wp-content\\\/uploads\\\/2026\\\/09\\\/e6a721c9-cf8c-4807-baea-25df6c638b11.jpg\",\"keywords\":[\"area natural\",\"protegida\"],\"articleSection\":[\"Sociedad\"],\"inLanguage\":\"es\"},{\"@type\":\"WebPage\",\"@id\":\"https:\\\/\\\/fmpatagoniamadryn.com.ar\\\/?p=26269\",\"url\":\"https:\\\/\\\/fmpatagoniamadryn.com.ar\\\/?p=26269\",\"name\":\"Chubut avanza en la elaboraci\u00f3n del Plan de Contingencia del \u00c1rea Natural Protegida Lago Bagillt - FM Patagonia Madryn\",\"isPartOf\":{\"@id\":\"https:\\\/\\\/fmpatagoniamadryn.com.ar\\\/#website\"},\"primaryImageOfPage\":{\"@id\":\"https:\\\/\\\/fmpatagoniamadryn.com.ar\\\/?p=26269#primaryimage\"},\"image\":{\"@id\":\"https:\\\/\\\/fmpatagoniamadryn.com.ar\\\/?p=26269#primaryimage\"},\"thumbnailUrl\":\"https:\\\/\\\/fmpatagoniamadryn.com.ar\\\/wp-content\\\/uploads\\\/2026\\\/09\\\/e6a721c9-cf8c-4807-baea-25df6c638b11.jpg\",\"datePublished\":\"2026-09-03T15:07:01+00:00\",\"breadcrumb\":{\"@id\":\"https:\\\/\\\/fmpatagoniamadryn.com.ar\\\/?p=26269#breadcrumb\"},\"inLanguage\":\"es\",\"potentialAction\":[{\"@type\":\"ReadAction\",\"target\":[\"https:\\\/\\\/fmpatagoniamadryn.com.ar\\\/?p=26269\"]}]},{\"@type\":\"ImageObject\",\"inLanguage\":\"es\",\"@id\":\"https:\\\/\\\/fmpatagoniamadryn.com.ar\\\/?p=26269#primaryimage\",\"url\":\"https:\\\/\\\/fmpatagoniamadryn.com.ar\\\/wp-content\\\/uploads\\\/2026\\\/09\\\/e6a721c9-cf8c-4807-baea-25df6c638b11.jpg\",\"contentUrl\":\"https:\\\/\\\/fmpatagoniamadryn.com.ar\\\/wp-content\\\/uploads\\\/2026\\\/09\\\/e6a721c9-cf8c-4807-baea-25df6c638b11.jpg\",\"width\":1280,\"height\":960},{\"@type\":\"BreadcrumbList\",\"@id\":\"https:\\\/\\\/fmpatagoniamadryn.com.ar\\\/?p=26269#breadcrumb\",\"itemListElement\":[{\"@type\":\"ListItem\",\"position\":1,\"name\":\"Portada\",\"item\":\"https:\\\/\\\/fmpatagoniamadryn.com.ar\\\/\"},{\"@type\":\"ListItem\",\"position\":2,\"name\":\"Chubut avanza en la elaboraci\u00f3n del Plan de Contingencia del \u00c1rea Natural Protegida Lago Bagillt\"}]},{\"@type\":\"WebSite\",\"@id\":\"https:\\\/\\\/fmpatagoniamadryn.com.ar\\\/#website\",\"url\":\"https:\\\/\\\/fmpatagoniamadryn.com.ar\\\/\",\"name\":\"FM Patagonia Madryn\",\"description\":\"Radio Patagonia 105.5\",\"publisher\":{\"@id\":\"https:\\\/\\\/fmpatagoniamadryn.com.ar\\\/#organization\"},\"potentialAction\":[{\"@type\":\"SearchAction\",\"target\":{\"@type\":\"EntryPoint\",\"urlTemplate\":\"https:\\\/\\\/fmpatagoniamadryn.com.ar\\\/?s={search_term_string}\"},\"query-input\":{\"@type\":\"PropertyValueSpecification\",\"valueRequired\":true,\"valueName\":\"search_term_string\"}}],\"inLanguage\":\"es\"},{\"@type\":\"Organization\",\"@id\":\"https:\\\/\\\/fmpatagoniamadryn.com.ar\\\/#organization\",\"name\":\"FM Patagonia Madryn\",\"url\":\"https:\\\/\\\/fmpatagoniamadryn.com.ar\\\/\",\"logo\":{\"@type\":\"ImageObject\",\"inLanguage\":\"es\",\"@id\":\"https:\\\/\\\/fmpatagoniamadryn.com.ar\\\/#\\\/schema\\\/logo\\\/image\\\/\",\"url\":\"https:\\\/\\\/fmpatagoniamadryn.com.ar\\\/wp-content\\\/uploads\\\/2023\\\/01\\\/cropped-Diseno-sin-titulo.png\",\"contentUrl\":\"https:\\\/\\\/fmpatagoniamadryn.com.ar\\\/wp-content\\\/uploads\\\/2023\\\/01\\\/cropped-Diseno-sin-titulo.png\",\"width\":6911,\"height\":2657,\"caption\":\"FM Patagonia Madryn\"},\"image\":{\"@id\":\"https:\\\/\\\/fmpatagoniamadryn.com.ar\\\/#\\\/schema\\\/logo\\\/image\\\/\"}},{\"@type\":\"Person\",\"@id\":\"https:\\\/\\\/fmpatagoniamadryn.com.ar\\\/#\\\/schema\\\/person\\\/97b1d30cb2ae311544a88a5201700571\",\"name\":\"FM Patagonia\",\"url\":\"https:\\\/\\\/fmpatagoniamadryn.com.ar\\\/?author=4\"}]}<\/script>\n<!-- \/ Yoast SEO plugin. -->","yoast_head_json":{"title":"Chubut avanza en la elaboraci\u00f3n del Plan de Contingencia del \u00c1rea Natural Protegida Lago Bagillt - FM Patagonia Madryn","robots":{"index":"index","follow":"follow","max-snippet":"max-snippet:-1","max-image-preview":"max-image-preview:large","max-video-preview":"max-video-preview:-1"},"canonical":"https:\/\/fmpatagoniamadryn.com.ar\/?p=26269","og_locale":"es_ES","og_type":"article","og_title":"Chubut avanza en la elaboraci\u00f3n del Plan de Contingencia del \u00c1rea Natural Protegida Lago Bagillt - FM Patagonia Madryn","og_description":"Instituciones provinciales, municipales y organismos vinculados a seguridad y conservaci\u00f3n participaron de un taller de trabajo para fortalecer los protocolos de respuesta ante emergencias en el \u00e1rea protegida.","og_url":"https:\/\/fmpatagoniamadryn.com.ar\/?p=26269","og_site_name":"FM Patagonia Madryn","article_published_time":"2026-09-03T15:07:01+00:00","og_image":[{"width":1280,"height":960,"url":"https:\/\/fmpatagoniamadryn.com.ar\/wp-content\/uploads\/2026\/09\/e6a721c9-cf8c-4807-baea-25df6c638b11.jpg","type":"image\/jpeg"}],"author":"FM Patagonia","twitter_card":"summary_large_image","twitter_misc":{"Escrito por":"FM Patagonia","Tiempo de lectura":"2 minutos"},"schema":{"@context":"https:\/\/schema.org","@graph":[{"@type":"Article","@id":"https:\/\/fmpatagoniamadryn.com.ar\/?p=26269#article","isPartOf":{"@id":"https:\/\/fmpatagoniamadryn.com.ar\/?p=26269"},"author":{"name":"FM Patagonia","@id":"https:\/\/fmpatagoniamadryn.com.ar\/#\/schema\/person\/97b1d30cb2ae311544a88a5201700571"},"headline":"Chubut avanza en la elaboraci\u00f3n del Plan de Contingencia del \u00c1rea Natural Protegida Lago Bagillt","datePublished":"2026-09-03T15:07:01+00:00","mainEntityOfPage":{"@id":"https:\/\/fmpatagoniamadryn.com.ar\/?p=26269"},"wordCount":339,"publisher":{"@id":"https:\/\/fmpatagoniamadryn.com.ar\/#organization"},"image":{"@id":"https:\/\/fmpatagoniamadryn.com.ar\/?p=26269#primaryimage"},"thumbnailUrl":"https:\/\/fmpatagoniamadryn.com.ar\/wp-content\/uploads\/2026\/09\/e6a721c9-cf8c-4807-baea-25df6c638b11.jpg","keywords":["area natural","protegida"],"articleSection":["Sociedad"],"inLanguage":"es"},{"@type":"WebPage","@id":"https:\/\/fmpatagoniamadryn.com.ar\/?p=26269","url":"https:\/\/fmpatagoniamadryn.com.ar\/?p=26269","name":"Chubut avanza en la elaboraci\u00f3n del Plan de Contingencia del \u00c1rea Natural Protegida Lago Bagillt - FM Patagonia Madryn","isPartOf":{"@id":"https:\/\/fmpatagoniamadryn.com.ar\/#website"},"primaryImageOfPage":{"@id":"https:\/\/fmpatagoniamadryn.com.ar\/?p=26269#primaryimage"},"image":{"@id":"https:\/\/fmpatagoniamadryn.com.ar\/?p=26269#primaryimage"},"thumbnailUrl":"https:\/\/fmpatagoniamadryn.com.ar\/wp-content\/uploads\/2026\/09\/e6a721c9-cf8c-4807-baea-25df6c638b11.jpg","datePublished":"2026-09-03T15:07:01+00:00","breadcrumb":{"@id":"https:\/\/fmpatagoniamadryn.com.ar\/?p=26269#breadcrumb"},"inLanguage":"es","potentialAction":[{"@type":"ReadAction","target":["https:\/\/fmpatagoniamadryn.com.ar\/?p=26269"]}]},{"@type":"ImageObject","inLanguage":"es","@id":"https:\/\/fmpatagoniamadryn.com.ar\/?p=26269#primaryimage","url":"https:\/\/fmpatagoniamadryn.com.ar\/wp-content\/uploads\/2026\/09\/e6a721c9-cf8c-4807-baea-25df6c638b11.jpg","contentUrl":"https:\/\/fmpatagoniamadryn.com.ar\/wp-content\/uploads\/2026\/09\/e6a721c9-cf8c-4807-baea-25df6c638b11.jpg","width":1280,"height":960},{"@type":"BreadcrumbList","@id":"https:\/\/fmpatagoniamadryn.com.ar\/?p=26269#breadcrumb","itemListElement":[{"@type":"ListItem","position":1,"name":"Portada","item":"https:\/\/fmpatagoniamadryn.com.ar\/"},{"@type":"ListItem","position":2,"name":"Chubut avanza en la elaboraci\u00f3n del Plan de Contingencia del \u00c1rea Natural Protegida Lago Bagillt"}]},{"@type":"WebSite","@id":"https:\/\/fmpatagoniamadryn.com.ar\/#website","url":"https:\/\/fmpatagoniamadryn.com.ar\/","name":"FM Patagonia Madryn","description":"Radio Patagonia 105.5","publisher":{"@id":"https:\/\/fmpatagoniamadryn.com.ar\/#organization"},"potentialAction":[{"@type":"SearchAction","target":{"@type":"EntryPoint","urlTemplate":"https:\/\/fmpatagoniamadryn.com.ar\/?s={search_term_string}"},"query-input":{"@type":"PropertyValueSpecification","valueRequired":true,"valueName":"search_term_string"}}],"inLanguage":"es"},{"@type":"Organization","@id":"https:\/\/fmpatagoniamadryn.com.ar\/#organization","name":"FM Patagonia Madryn","url":"https:\/\/fmpatagoniamadryn.com.ar\/","logo":{"@type":"ImageObject","inLanguage":"es","@id":"https:\/\/fmpatagoniamadryn.com.ar\/#\/schema\/logo\/image\/","url":"https:\/\/fmpatagoniamadryn.com.ar\/wp-content\/uploads\/2023\/01\/cropped-Diseno-sin-titulo.png","contentUrl":"https:\/\/fmpatagoniamadryn.com.ar\/wp-content\/uploads\/2023\/01\/cropped-Diseno-sin-titulo.png","width":6911,"height":2657,"caption":"FM Patagonia Madryn"},"image":{"@id":"https:\/\/fmpatagoniamadryn.com.ar\/#\/schema\/logo\/image\/"}},{"@type":"Person","@id":"https:\/\/fmpatagoniamadryn.com.ar\/#\/schema\/person\/97b1d30cb2ae311544a88a5201700571","name":"FM Patagonia","url":"https:\/\/fmpatagoniamadryn.com.ar\/?author=4"}]}},"jetpack_featured_media_url":"https:\/\/fmpatagoniamadryn.com.ar\/wp-content\/uploads\/2026\/09\/e6a721c9-cf8c-4807-baea-25df6c638b11.jpg","_links":{"self":[{"href":"https:\/\/fmpatagoniamadryn.com.ar\/index.php?rest_route=\/wp\/v2\/posts\/26269","targetHints":{"allow":["GET"]}}],"collection":[{"href":"https:\/\/fmpatagoniamadryn.com.ar\/index.php?rest_route=\/wp\/v2\/posts"}],"about":[{"href":"https:\/\/fmpatagoniamadryn.com.ar\/index.php?rest_route=\/wp\/v2\/types\/post"}],"author":[{"embeddable":true,"href":"https:\/\/fmpatagoniamadryn.com.ar\/index.php?rest_route=\/wp\/v2\/users\/4"}],"replies":[{"embeddable":true,"href":"https:\/\/fmpatagoniamadryn.com.ar\/index.php?rest_route=%2Fwp%2Fv2%2Fcomments&post=26269"}],"version-history":[{"count":1,"href":"https:\/\/fmpatagoniamadryn.com.ar\/index.php?rest_route=\/wp\/v2\/posts\/26269\/revisions"}],"predecessor-version":[{"id":26270,"href":"https:\/\/fmpatagoniamadryn.com.ar\/index.php?rest_route=\/wp\/v2\/posts\/26269\/revisions\/26270"}],"wp:featuredmedia":[{"embeddable":true,"href":"https:\/\/fmpatagoniamadryn.com.ar\/index.php?rest_route=\/wp\/v2\/media\/26268"}],"wp:attachment":[{"href":"https:\/\/fmpatagoniamadryn.com.ar\/index.php?rest_route=%2Fwp%2Fv2%2Fmedia&parent=26269"}],"wp:term":[{"taxonomy":"category","embeddable":true,"href":"https:\/\/fmpatagoniamadryn.com.ar\/index.php?rest_route=%2Fwp%2Fv2%2Fcategories&post=26269"},{"taxonomy":"post_tag","embeddable":true,"href":"https:\/\/fmpatagoniamadryn.com.ar\/index.php?rest_route=%2Fwp%2Fv2%2Ftags&post=26269"}],"curies":[{"name":"wp","href":"https:\/\/api.w.org\/{rel}","templated":true}]}}