{"id":26276,"date":"2026-09-03T12:54:31","date_gmt":"2026-09-03T15:54:31","guid":{"rendered":"https:\/\/fmpatagoniamadryn.com.ar\/?p=26276"},"modified":"2026-09-03T13:24:13","modified_gmt":"2026-09-03T16:24:13","slug":"destino-madryn-prepara-su-novena-edicion-con-nuevas-distancias-y-corredores-internacionales","status":"publish","type":"post","link":"https:\/\/fmpatagoniamadryn.com.ar\/?p=26276","title":{"rendered":"Destino Madryn prepara su novena edici\u00f3n con nuevas distancias y corredores internacionales"},"content":{"rendered":"\n<p class=\"p3 wp-block-paragraph\">Puerto Madryn se prepara para una nueva edici\u00f3n de Destino Madryn, que este a\u00f1o llegar\u00e1 a su novena edici\u00f3n con la incorporaci\u00f3n de una nueva distancia de 35 kil\u00f3metros y la participaci\u00f3n de corredores provenientes de distintas provincias argentinas y de otros pa\u00edses.<\/p>\n\n\n\n<p class=\"p4 wp-block-paragraph\">La presentaci\u00f3n del evento cont\u00f3 con la participaci\u00f3n de Eduardo Ruiz, integrante de la organizaci\u00f3n, Andr\u00e9s Calabr\u00f3 y el intendente de Puerto Madryn, Gustavo Sastre.<\/p>\n\n\n\n<p class=\"p4 wp-block-paragraph\">Eduardo Ruiz detall\u00f3 que esta edici\u00f3n contar\u00e1 con cinco distancias: 6, 15, 25, 35 y 50 kil\u00f3metros.<\/p>\n\n\n\n<p class=\"p4 wp-block-paragraph\">\u201cVamos a tener distancias de 6 kil\u00f3metros, 15, 25, este a\u00f1o sumamos los 35 kil\u00f3metros tambi\u00e9n, y hasta ahora la distancia m\u00e1s grande que manejamos de Ultra de 50 kil\u00f3metros\u201d, explic\u00f3 Ruiz.<\/p>\n\n\n\n<h2 class=\"wp-block-heading\"><strong>Acreditaci\u00f3n y actividades en el hotel<\/strong><\/h2>\n\n\n\n<p class=\"p4 wp-block-paragraph\">La acreditaci\u00f3n de los corredores comenz\u00f3 este jueves y continuar\u00e1 el viernes de 15 a 20 horas en el Sal\u00f3n Arenas del Hotel Rayentray. El s\u00e1bado, en tanto, se realizar\u00e1 de 10 a 13 y de 15 a 20 horas.<\/p>\n\n\n\n<p class=\"p4 wp-block-paragraph\">Eduardo Ruiz tambi\u00e9n invit\u00f3 a la comunidad a acercarse al hotel, donde durante estas jornadas habr\u00e1 diferentes propuestas para acompa\u00f1ar la competencia.<\/p>\n\n\n\n<p class=\"p4 wp-block-paragraph\">\u201cInvitamos no solamente a los corredores, sino a toda la sociedad a acercarse al hotel donde van a encontrar distintos stands, tambi\u00e9n se van a poder tomar un cafecito, por momento vamos a pasar para que puedan probar algunas rabas tambi\u00e9n en distintos horarios y vamos a estar haciendo todos los d\u00edas distintos sorteos cuando est\u00e9n nuestros locutores para que la gente se pueda acercar y llevarse tambi\u00e9n alg\u00fan regalito\u201d, se\u00f1al\u00f3.<\/p>\n\n\n\n<p class=\"p4 wp-block-paragraph\">Adem\u00e1s, Ruiz destac\u00f3 la participaci\u00f3n de corredores provenientes de diferentes provincias del pa\u00eds y de otros pa\u00edses.<\/p>\n\n\n\n<p class=\"p4 wp-block-paragraph\">\u201cEl d\u00eda s\u00e1bado de 10 a 13 y de 15 a 20 van a estar llegando los corredores de todas las provincias del pa\u00eds que tenemos representantes y tambi\u00e9n de otros pa\u00edses que est\u00e1n llegando como de Uruguay, Brasil y Chile\u201d, detall\u00f3.<\/p>\n\n\n\n<h2 class=\"wp-block-heading\"><strong>Las largadas ser\u00e1n el domingo<\/strong><\/h2>\n\n\n\n<p class=\"p4 wp-block-paragraph\">La jornada principal se desarrollar\u00e1 este domingo en la estancia San Guillermo. Los 50 kil\u00f3metros largar\u00e1n a las 5:30 de la ma\u00f1ana, los 35 kil\u00f3metros a las 7, los 25 kil\u00f3metros a las 8, los 15 kil\u00f3metros a las 9:15 y los 6 kil\u00f3metros a las 9:45.<\/p>\n\n\n\n<p class=\"p4 wp-block-paragraph\">Eduardo Ruiz explic\u00f3 c\u00f3mo se desarrollar\u00e1 la jornada y estim\u00f3 que las primeras llegadas se producir\u00e1n pocos minutos despu\u00e9s de la primera largada.<\/p>\n\n\n\n<p class=\"p4 wp-block-paragraph\">\u201cLa idea es que a los 5 minutos despu\u00e9s de la largada aproximadamente est\u00e9 llegando los primeros de 50 kil\u00f3metros y ah\u00ed ya empiezan todas las llegadas masivas hasta el mediod\u00eda, donde se van a estar realizando las entregas de premio\u201d, indic\u00f3.<\/p>\n\n\n\n<p class=\"p4 wp-block-paragraph\">Ruiz tambi\u00e9n convoc\u00f3 a quienes no participan de la competencia a acercarse a la estancia San Guillermo para acompa\u00f1ar a los corredores y disfrutar del lugar.<\/p>\n\n\n\n<p class=\"p4 wp-block-paragraph\">\u201cTambi\u00e9n invitamos a la sociedad a acercarse donde puede pasar un d\u00eda espectacular de campo, donde la estancia San Guillermo est\u00e1 muy linda y poder acercarse a comer, a acompa\u00f1ar, a vivir un poquito lo que es el mundo running que estamos presentando desde Puerto Madryn al resto del pa\u00eds\u201d, expres\u00f3.<\/p>\n\n\n\n<h2 class=\"wp-block-heading\"><strong>Ya proyectan una distancia de 70 kil\u00f3metros<\/strong><\/h2>\n\n\n\n<p class=\"p4 wp-block-paragraph\">Mientras ultiman los detalles de la novena edici\u00f3n, Eduardo Ruiz adelant\u00f3 que la organizaci\u00f3n ya comenz\u00f3 a trabajar en la d\u00e9cima edici\u00f3n de Destino Madryn, prevista para 2027.<\/p>\n\n\n\n<p class=\"p4 wp-block-paragraph\">\u201cYa estamos pensando tambi\u00e9n en lo que va a ser los 10 a\u00f1os de Destino Madryn y ya estamos trabajando para sumar una nueva distancia, ir un poquito m\u00e1s all\u00e1 y vamos a ir por los 70 kil\u00f3metros\u201d, anunci\u00f3.<\/p>\n\n\n\n<p class=\"p4 wp-block-paragraph\">La intenci\u00f3n es que esa nueva distancia tenga una largada desde Puerto Madryn y luego contin\u00fae hacia la zona de campo.<\/p>\n\n\n\n<p class=\"p4 wp-block-paragraph\">\u201cLa idea es estar largando desde la ciudad para tener una largada ac\u00e1 en lo que es Puerto Madryn y bueno, despu\u00e9s s\u00ed ya encaran para el lado del campo porque no deja ser una carrera de trail\u201d, explic\u00f3 Ruiz.<\/p>\n\n\n\n<p class=\"p4 wp-block-paragraph\">En ese sentido, Eduardo Ruiz remarc\u00f3 que la organizaci\u00f3n tambi\u00e9n apunta a convocar a corredores que participan de pruebas de distancias mayores.<\/p>\n\n\n\n<p class=\"p4 wp-block-paragraph\">\u201cSabemos que por ah\u00ed llama la atenci\u00f3n la distancia, pero as\u00ed como hay 70 hay corredores de 100 de 110 de 160 y estamos yendo por ese tipo de corredores tambi\u00e9n para que se acerquen a Madryn\u201d, sostuvo.<\/p>\n\n\n\n<h2 class=\"wp-block-heading\"><strong>Sastre destac\u00f3 el trabajo de la organizaci\u00f3n<\/strong><\/h2>\n\n\n\n<p class=\"p4 wp-block-paragraph\">Durante la presentaci\u00f3n, el intendente Gustavo Sastre destac\u00f3 el compromiso de quienes llevan adelante Destino Madryn desde hace nueve a\u00f1os.<\/p>\n\n\n\n<p class=\"p4 wp-block-paragraph\">\u201cLa verdad que quiero agradecer y felicitar enormemente al compromiso y al trabajo que vienen realizando hace 9 a\u00f1os con este evento tan importante\u201d, expres\u00f3 Sastre.<\/p>\n\n\n\n<p class=\"p4 wp-block-paragraph\">El intendente tambi\u00e9n hizo referencia a las dificultades econ\u00f3micas que atraviesan actualmente este tipo de competencias.<\/p>\n\n\n\n<p class=\"p4 wp-block-paragraph\">\u201cEn circunstancias donde hoy los avatares econ\u00f3micos ponen en riesgo muchas veces a todo este tipo de competencias, mucho m\u00e1s a\u00fan en un lugar como el nuestro, que es en uno de los extremos de este tipo de competencias en el pa\u00eds, que siga teniendo esa vigencia y que a\u00f1o tras a\u00f1o se siga posicionando\u201d, sostuvo.<\/p>\n\n\n\n<p class=\"p4 wp-block-paragraph\">Sastre destac\u00f3 adem\u00e1s el crecimiento de la propuesta y la profesionalizaci\u00f3n que fue adquiriendo con el paso de los a\u00f1os.<\/p>\n\n\n\n<p class=\"p4 wp-block-paragraph\">\u201cUno puede observar c\u00f3mo se empieza a armar todo lo que tambi\u00e9n acompa\u00f1a a esta competencia. Uno puede ver hoy en este sal\u00f3n la cantidad de accesorios que tambi\u00e9n pueden adquirir los competidores, que empiezan a profesionalizar a\u00f1o tras a\u00f1o mucho m\u00e1s a\u00fan a lo que ya est\u00e1 profesionalizada esta carrera\u201d, se\u00f1al\u00f3.<\/p>\n\n\n\n<p class=\"p4 wp-block-paragraph\">Para el intendente, la competencia logr\u00f3 convertirse en una referencia deportiva para la ciudad.<\/p>\n\n\n\n<p class=\"p4 wp-block-paragraph\">\u201cSin ning\u00fan tipo de dudas ha posicionado tambi\u00e9n a Puerto Madryn dentro del rubro deportivo de una manera muy importante\u201d, afirm\u00f3.<\/p>\n\n\n\n<p class=\"p4 wp-block-paragraph\">En esa l\u00ednea, Sastre consider\u00f3 que Destino Madryn ya forma parte de la identidad de la ciudad y de la Patagonia.<\/p>\n\n\n\n<p class=\"p4 wp-block-paragraph\">\u201cCreo que esto ha llegado para quedar instalado definitivamente en la ciudad en la Patagonia como una marca registrada y en la cual tenemos que seguir acompa\u00f1ando\u201d, manifest\u00f3.<\/p>\n\n\n\n<p class=\"p4 wp-block-paragraph\">Finalmente, el intendente asegur\u00f3 que el Municipio continuar\u00e1 acompa\u00f1ando la realizaci\u00f3n del evento.<\/p>\n\n\n\n<p class=\"p4 wp-block-paragraph\">\u201cEn Puerto Madryn estamos orgullosos de este y otros eventos que en las pr\u00f3ximas semanas tambi\u00e9n vamos a tener en la ciudad, para seguir mostr\u00e1ndole no solamente a quienes deciden venir a participar en la regi\u00f3n, sino tambi\u00e9n a competidores de otros pa\u00edses que ya se ha hecho costumbre\u201d, expres\u00f3.<\/p>\n\n\n\n<p class=\"p5 wp-block-paragraph\">La novena edici\u00f3n de Destino Madryn se llevar\u00e1 adelante este domingo en la estancia San Guillermo, con cinco distancias y participantes de distintos puntos de Argentina, Uruguay, Brasil y Chile. Mientras tanto, la organizaci\u00f3n ya mira hacia 2027 con el objetivo de celebrar los diez a\u00f1os del evento y sumar una nueva prueba de 70 kil\u00f3metros.<\/p>\n","protected":false},"excerpt":{"rendered":"<p>La competencia se realizar\u00e1 este domingo en la estancia San Guillermo y contar\u00e1 con pruebas de 6, 15, 25, 35 y 50 kil\u00f3metros. Ya trabajan en una nueva distancia de 70 kil\u00f3metros para la d\u00e9cima edici\u00f3n.<\/p>\n","protected":false},"author":4,"featured_media":26275,"comment_status":"closed","ping_status":"closed","sticky":false,"template":"","format":"standard","meta":{"footnotes":""},"categories":[4],"tags":[665,663,664],"class_list":["post-26276","post","type-post","status-publish","format-standard","has-post-thumbnail","hentry","category-deportes","tag-corredores-internacionales","tag-destino-madryn","tag-novena-edicion"],"yoast_head":"<!-- This site is optimized with the Yoast SEO plugin v28.4 - https:\/\/yoast.com\/product\/yoast-seo-wordpress\/ -->\n<title>Destino Madryn prepara su novena edici\u00f3n con nuevas distancias y corredores internacionales - FM Patagonia Madryn<\/title>\n<meta name=\"robots\" content=\"index, follow, max-snippet:-1, max-image-preview:large, max-video-preview:-1\" \/>\n<link rel=\"canonical\" href=\"https:\/\/fmpatagoniamadryn.com.ar\/?p=26276\" \/>\n<meta property=\"og:locale\" content=\"es_ES\" \/>\n<meta property=\"og:type\" content=\"article\" \/>\n<meta property=\"og:title\" content=\"Destino Madryn prepara su novena edici\u00f3n con nuevas distancias y corredores internacionales - FM Patagonia Madryn\" \/>\n<meta property=\"og:description\" content=\"La competencia se realizar\u00e1 este domingo en la estancia San Guillermo y contar\u00e1 con pruebas de 6, 15, 25, 35 y 50 kil\u00f3metros. Ya trabajan en una nueva distancia de 70 kil\u00f3metros para la d\u00e9cima edici\u00f3n.\" \/>\n<meta property=\"og:url\" content=\"https:\/\/fmpatagoniamadryn.com.ar\/?p=26276\" \/>\n<meta property=\"og:site_name\" content=\"FM Patagonia Madryn\" \/>\n<meta property=\"article:published_time\" content=\"2026-09-03T15:54:31+00:00\" \/>\n<meta property=\"article:modified_time\" content=\"2026-09-03T16:24:13+00:00\" \/>\n<meta property=\"og:image\" content=\"https:\/\/fmpatagoniamadryn.com.ar\/wp-content\/uploads\/2026\/09\/08f86717-ed44-41a7-b95a-9aa9b2b7d169.jpg\" \/>\n\t<meta property=\"og:image:width\" content=\"1218\" \/>\n\t<meta property=\"og:image:height\" content=\"1600\" \/>\n\t<meta property=\"og:image:type\" content=\"image\/jpeg\" \/>\n<meta name=\"author\" content=\"FM Patagonia\" \/>\n<meta name=\"twitter:card\" content=\"summary_large_image\" \/>\n<meta name=\"twitter:label1\" content=\"Escrito por\" \/>\n\t<meta name=\"twitter:data1\" content=\"FM Patagonia\" \/>\n\t<meta name=\"twitter:label2\" content=\"Tiempo de lectura\" \/>\n\t<meta name=\"twitter:data2\" content=\"6 minutos\" \/>\n<script type=\"application\/ld+json\" class=\"yoast-schema-graph\">{\"@context\":\"https:\\\/\\\/schema.org\",\"@graph\":[{\"@type\":\"Article\",\"@id\":\"https:\\\/\\\/fmpatagoniamadryn.com.ar\\\/?p=26276#article\",\"isPartOf\":{\"@id\":\"https:\\\/\\\/fmpatagoniamadryn.com.ar\\\/?p=26276\"},\"author\":{\"name\":\"FM Patagonia\",\"@id\":\"https:\\\/\\\/fmpatagoniamadryn.com.ar\\\/#\\\/schema\\\/person\\\/97b1d30cb2ae311544a88a5201700571\"},\"headline\":\"Destino Madryn prepara su novena edici\u00f3n con nuevas distancias y corredores internacionales\",\"datePublished\":\"2026-09-03T15:54:31+00:00\",\"dateModified\":\"2026-09-03T16:24:13+00:00\",\"mainEntityOfPage\":{\"@id\":\"https:\\\/\\\/fmpatagoniamadryn.com.ar\\\/?p=26276\"},\"wordCount\":1192,\"publisher\":{\"@id\":\"https:\\\/\\\/fmpatagoniamadryn.com.ar\\\/#organization\"},\"image\":{\"@id\":\"https:\\\/\\\/fmpatagoniamadryn.com.ar\\\/?p=26276#primaryimage\"},\"thumbnailUrl\":\"https:\\\/\\\/fmpatagoniamadryn.com.ar\\\/wp-content\\\/uploads\\\/2026\\\/09\\\/08f86717-ed44-41a7-b95a-9aa9b2b7d169.jpg\",\"keywords\":[\"Corredores internacionales\",\"Destino Madryn\",\"Novena Edicion\"],\"articleSection\":[\"Deportes\"],\"inLanguage\":\"es\"},{\"@type\":\"WebPage\",\"@id\":\"https:\\\/\\\/fmpatagoniamadryn.com.ar\\\/?p=26276\",\"url\":\"https:\\\/\\\/fmpatagoniamadryn.com.ar\\\/?p=26276\",\"name\":\"Destino Madryn prepara su novena edici\u00f3n con nuevas distancias y corredores internacionales - FM Patagonia Madryn\",\"isPartOf\":{\"@id\":\"https:\\\/\\\/fmpatagoniamadryn.com.ar\\\/#website\"},\"primaryImageOfPage\":{\"@id\":\"https:\\\/\\\/fmpatagoniamadryn.com.ar\\\/?p=26276#primaryimage\"},\"image\":{\"@id\":\"https:\\\/\\\/fmpatagoniamadryn.com.ar\\\/?p=26276#primaryimage\"},\"thumbnailUrl\":\"https:\\\/\\\/fmpatagoniamadryn.com.ar\\\/wp-content\\\/uploads\\\/2026\\\/09\\\/08f86717-ed44-41a7-b95a-9aa9b2b7d169.jpg\",\"datePublished\":\"2026-09-03T15:54:31+00:00\",\"dateModified\":\"2026-09-03T16:24:13+00:00\",\"breadcrumb\":{\"@id\":\"https:\\\/\\\/fmpatagoniamadryn.com.ar\\\/?p=26276#breadcrumb\"},\"inLanguage\":\"es\",\"potentialAction\":[{\"@type\":\"ReadAction\",\"target\":[\"https:\\\/\\\/fmpatagoniamadryn.com.ar\\\/?p=26276\"]}]},{\"@type\":\"ImageObject\",\"inLanguage\":\"es\",\"@id\":\"https:\\\/\\\/fmpatagoniamadryn.com.ar\\\/?p=26276#primaryimage\",\"url\":\"https:\\\/\\\/fmpatagoniamadryn.com.ar\\\/wp-content\\\/uploads\\\/2026\\\/09\\\/08f86717-ed44-41a7-b95a-9aa9b2b7d169.jpg\",\"contentUrl\":\"https:\\\/\\\/fmpatagoniamadryn.com.ar\\\/wp-content\\\/uploads\\\/2026\\\/09\\\/08f86717-ed44-41a7-b95a-9aa9b2b7d169.jpg\",\"width\":1218,\"height\":1600},{\"@type\":\"BreadcrumbList\",\"@id\":\"https:\\\/\\\/fmpatagoniamadryn.com.ar\\\/?p=26276#breadcrumb\",\"itemListElement\":[{\"@type\":\"ListItem\",\"position\":1,\"name\":\"Portada\",\"item\":\"https:\\\/\\\/fmpatagoniamadryn.com.ar\\\/\"},{\"@type\":\"ListItem\",\"position\":2,\"name\":\"Destino Madryn prepara su novena edici\u00f3n con nuevas distancias y corredores internacionales\"}]},{\"@type\":\"WebSite\",\"@id\":\"https:\\\/\\\/fmpatagoniamadryn.com.ar\\\/#website\",\"url\":\"https:\\\/\\\/fmpatagoniamadryn.com.ar\\\/\",\"name\":\"FM Patagonia Madryn\",\"description\":\"Radio Patagonia 105.5\",\"publisher\":{\"@id\":\"https:\\\/\\\/fmpatagoniamadryn.com.ar\\\/#organization\"},\"potentialAction\":[{\"@type\":\"SearchAction\",\"target\":{\"@type\":\"EntryPoint\",\"urlTemplate\":\"https:\\\/\\\/fmpatagoniamadryn.com.ar\\\/?s={search_term_string}\"},\"query-input\":{\"@type\":\"PropertyValueSpecification\",\"valueRequired\":true,\"valueName\":\"search_term_string\"}}],\"inLanguage\":\"es\"},{\"@type\":\"Organization\",\"@id\":\"https:\\\/\\\/fmpatagoniamadryn.com.ar\\\/#organization\",\"name\":\"FM Patagonia Madryn\",\"url\":\"https:\\\/\\\/fmpatagoniamadryn.com.ar\\\/\",\"logo\":{\"@type\":\"ImageObject\",\"inLanguage\":\"es\",\"@id\":\"https:\\\/\\\/fmpatagoniamadryn.com.ar\\\/#\\\/schema\\\/logo\\\/image\\\/\",\"url\":\"https:\\\/\\\/fmpatagoniamadryn.com.ar\\\/wp-content\\\/uploads\\\/2023\\\/01\\\/cropped-Diseno-sin-titulo.png\",\"contentUrl\":\"https:\\\/\\\/fmpatagoniamadryn.com.ar\\\/wp-content\\\/uploads\\\/2023\\\/01\\\/cropped-Diseno-sin-titulo.png\",\"width\":6911,\"height\":2657,\"caption\":\"FM Patagonia Madryn\"},\"image\":{\"@id\":\"https:\\\/\\\/fmpatagoniamadryn.com.ar\\\/#\\\/schema\\\/logo\\\/image\\\/\"}},{\"@type\":\"Person\",\"@id\":\"https:\\\/\\\/fmpatagoniamadryn.com.ar\\\/#\\\/schema\\\/person\\\/97b1d30cb2ae311544a88a5201700571\",\"name\":\"FM Patagonia\",\"url\":\"https:\\\/\\\/fmpatagoniamadryn.com.ar\\\/?author=4\"}]}<\/script>\n<!-- \/ Yoast SEO plugin. -->","yoast_head_json":{"title":"Destino Madryn prepara su novena edici\u00f3n con nuevas distancias y corredores internacionales - FM Patagonia Madryn","robots":{"index":"index","follow":"follow","max-snippet":"max-snippet:-1","max-image-preview":"max-image-preview:large","max-video-preview":"max-video-preview:-1"},"canonical":"https:\/\/fmpatagoniamadryn.com.ar\/?p=26276","og_locale":"es_ES","og_type":"article","og_title":"Destino Madryn prepara su novena edici\u00f3n con nuevas distancias y corredores internacionales - FM Patagonia Madryn","og_description":"La competencia se realizar\u00e1 este domingo en la estancia San Guillermo y contar\u00e1 con pruebas de 6, 15, 25, 35 y 50 kil\u00f3metros. Ya trabajan en una nueva distancia de 70 kil\u00f3metros para la d\u00e9cima edici\u00f3n.","og_url":"https:\/\/fmpatagoniamadryn.com.ar\/?p=26276","og_site_name":"FM Patagonia Madryn","article_published_time":"2026-09-03T15:54:31+00:00","article_modified_time":"2026-09-03T16:24:13+00:00","og_image":[{"width":1218,"height":1600,"url":"https:\/\/fmpatagoniamadryn.com.ar\/wp-content\/uploads\/2026\/09\/08f86717-ed44-41a7-b95a-9aa9b2b7d169.jpg","type":"image\/jpeg"}],"author":"FM Patagonia","twitter_card":"summary_large_image","twitter_misc":{"Escrito por":"FM Patagonia","Tiempo de lectura":"6 minutos"},"schema":{"@context":"https:\/\/schema.org","@graph":[{"@type":"Article","@id":"https:\/\/fmpatagoniamadryn.com.ar\/?p=26276#article","isPartOf":{"@id":"https:\/\/fmpatagoniamadryn.com.ar\/?p=26276"},"author":{"name":"FM Patagonia","@id":"https:\/\/fmpatagoniamadryn.com.ar\/#\/schema\/person\/97b1d30cb2ae311544a88a5201700571"},"headline":"Destino Madryn prepara su novena edici\u00f3n con nuevas distancias y corredores internacionales","datePublished":"2026-09-03T15:54:31+00:00","dateModified":"2026-09-03T16:24:13+00:00","mainEntityOfPage":{"@id":"https:\/\/fmpatagoniamadryn.com.ar\/?p=26276"},"wordCount":1192,"publisher":{"@id":"https:\/\/fmpatagoniamadryn.com.ar\/#organization"},"image":{"@id":"https:\/\/fmpatagoniamadryn.com.ar\/?p=26276#primaryimage"},"thumbnailUrl":"https:\/\/fmpatagoniamadryn.com.ar\/wp-content\/uploads\/2026\/09\/08f86717-ed44-41a7-b95a-9aa9b2b7d169.jpg","keywords":["Corredores internacionales","Destino Madryn","Novena Edicion"],"articleSection":["Deportes"],"inLanguage":"es"},{"@type":"WebPage","@id":"https:\/\/fmpatagoniamadryn.com.ar\/?p=26276","url":"https:\/\/fmpatagoniamadryn.com.ar\/?p=26276","name":"Destino Madryn prepara su novena edici\u00f3n con nuevas distancias y corredores internacionales - FM Patagonia Madryn","isPartOf":{"@id":"https:\/\/fmpatagoniamadryn.com.ar\/#website"},"primaryImageOfPage":{"@id":"https:\/\/fmpatagoniamadryn.com.ar\/?p=26276#primaryimage"},"image":{"@id":"https:\/\/fmpatagoniamadryn.com.ar\/?p=26276#primaryimage"},"thumbnailUrl":"https:\/\/fmpatagoniamadryn.com.ar\/wp-content\/uploads\/2026\/09\/08f86717-ed44-41a7-b95a-9aa9b2b7d169.jpg","datePublished":"2026-09-03T15:54:31+00:00","dateModified":"2026-09-03T16:24:13+00:00","breadcrumb":{"@id":"https:\/\/fmpatagoniamadryn.com.ar\/?p=26276#breadcrumb"},"inLanguage":"es","potentialAction":[{"@type":"ReadAction","target":["https:\/\/fmpatagoniamadryn.com.ar\/?p=26276"]}]},{"@type":"ImageObject","inLanguage":"es","@id":"https:\/\/fmpatagoniamadryn.com.ar\/?p=26276#primaryimage","url":"https:\/\/fmpatagoniamadryn.com.ar\/wp-content\/uploads\/2026\/09\/08f86717-ed44-41a7-b95a-9aa9b2b7d169.jpg","contentUrl":"https:\/\/fmpatagoniamadryn.com.ar\/wp-content\/uploads\/2026\/09\/08f86717-ed44-41a7-b95a-9aa9b2b7d169.jpg","width":1218,"height":1600},{"@type":"BreadcrumbList","@id":"https:\/\/fmpatagoniamadryn.com.ar\/?p=26276#breadcrumb","itemListElement":[{"@type":"ListItem","position":1,"name":"Portada","item":"https:\/\/fmpatagoniamadryn.com.ar\/"},{"@type":"ListItem","position":2,"name":"Destino Madryn prepara su novena edici\u00f3n con nuevas distancias y corredores internacionales"}]},{"@type":"WebSite","@id":"https:\/\/fmpatagoniamadryn.com.ar\/#website","url":"https:\/\/fmpatagoniamadryn.com.ar\/","name":"FM Patagonia Madryn","description":"Radio Patagonia 105.5","publisher":{"@id":"https:\/\/fmpatagoniamadryn.com.ar\/#organization"},"potentialAction":[{"@type":"SearchAction","target":{"@type":"EntryPoint","urlTemplate":"https:\/\/fmpatagoniamadryn.com.ar\/?s={search_term_string}"},"query-input":{"@type":"PropertyValueSpecification","valueRequired":true,"valueName":"search_term_string"}}],"inLanguage":"es"},{"@type":"Organization","@id":"https:\/\/fmpatagoniamadryn.com.ar\/#organization","name":"FM Patagonia Madryn","url":"https:\/\/fmpatagoniamadryn.com.ar\/","logo":{"@type":"ImageObject","inLanguage":"es","@id":"https:\/\/fmpatagoniamadryn.com.ar\/#\/schema\/logo\/image\/","url":"https:\/\/fmpatagoniamadryn.com.ar\/wp-content\/uploads\/2023\/01\/cropped-Diseno-sin-titulo.png","contentUrl":"https:\/\/fmpatagoniamadryn.com.ar\/wp-content\/uploads\/2023\/01\/cropped-Diseno-sin-titulo.png","width":6911,"height":2657,"caption":"FM Patagonia Madryn"},"image":{"@id":"https:\/\/fmpatagoniamadryn.com.ar\/#\/schema\/logo\/image\/"}},{"@type":"Person","@id":"https:\/\/fmpatagoniamadryn.com.ar\/#\/schema\/person\/97b1d30cb2ae311544a88a5201700571","name":"FM Patagonia","url":"https:\/\/fmpatagoniamadryn.com.ar\/?author=4"}]}},"jetpack_featured_media_url":"https:\/\/fmpatagoniamadryn.com.ar\/wp-content\/uploads\/2026\/09\/08f86717-ed44-41a7-b95a-9aa9b2b7d169.jpg","_links":{"self":[{"href":"https:\/\/fmpatagoniamadryn.com.ar\/index.php?rest_route=\/wp\/v2\/posts\/26276","targetHints":{"allow":["GET"]}}],"collection":[{"href":"https:\/\/fmpatagoniamadryn.com.ar\/index.php?rest_route=\/wp\/v2\/posts"}],"about":[{"href":"https:\/\/fmpatagoniamadryn.com.ar\/index.php?rest_route=\/wp\/v2\/types\/post"}],"author":[{"embeddable":true,"href":"https:\/\/fmpatagoniamadryn.com.ar\/index.php?rest_route=\/wp\/v2\/users\/4"}],"replies":[{"embeddable":true,"href":"https:\/\/fmpatagoniamadryn.com.ar\/index.php?rest_route=%2Fwp%2Fv2%2Fcomments&post=26276"}],"version-history":[{"count":1,"href":"https:\/\/fmpatagoniamadryn.com.ar\/index.php?rest_route=\/wp\/v2\/posts\/26276\/revisions"}],"predecessor-version":[{"id":26277,"href":"https:\/\/fmpatagoniamadryn.com.ar\/index.php?rest_route=\/wp\/v2\/posts\/26276\/revisions\/26277"}],"wp:featuredmedia":[{"embeddable":true,"href":"https:\/\/fmpatagoniamadryn.com.ar\/index.php?rest_route=\/wp\/v2\/media\/26275"}],"wp:attachment":[{"href":"https:\/\/fmpatagoniamadryn.com.ar\/index.php?rest_route=%2Fwp%2Fv2%2Fmedia&parent=26276"}],"wp:term":[{"taxonomy":"category","embeddable":true,"href":"https:\/\/fmpatagoniamadryn.com.ar\/index.php?rest_route=%2Fwp%2Fv2%2Fcategories&post=26276"},{"taxonomy":"post_tag","embeddable":true,"href":"https:\/\/fmpatagoniamadryn.com.ar\/index.php?rest_route=%2Fwp%2Fv2%2Ftags&post=26276"}],"curies":[{"name":"wp","href":"https:\/\/api.w.org\/{rel}","templated":true}]}}