{"id":2629,"date":"2023-05-17T18:28:31","date_gmt":"2023-05-17T21:28:31","guid":{"rendered":"https:\/\/fmpatagoniamadryn.com.ar\/?p=2629"},"modified":"2023-05-17T18:28:45","modified_gmt":"2023-05-17T21:28:45","slug":"madryn-en-marcha-sastre-estuvo-presente-en-la-inauguracion-de-una-casa-de-te-gales","status":"publish","type":"post","link":"https:\/\/fmpatagoniamadryn.com.ar\/?p=2629","title":{"rendered":"MADRYN EN MARCHA: SASTRE ESTUVO PRESENTE EN LA INAUGURACI\u00d3N DE UNA CASA DE T\u00c9 GAL\u00c9S"},"content":{"rendered":"\n<p>El Intendente visit\u00f3 el comercio \u201cMadryn. Casa de T\u00e9 Gal\u00e9s\u201d, que est\u00e1 ubicado en Roque S\u00e1enz Pe\u00f1a al 217 y que abrir\u00e1 sus puertas al p\u00fablico el 10 de junio. El Jefe Comunal ratific\u00f3 la importancia de acompa\u00f1ar y respaldar a cada uno de los emprendedores de la ciudad<br><br><br>El intendente de Puerto Madryn, Gustavo Sastre, particip\u00f3 hoy de la inauguraci\u00f3n de \u201cMadryn. Casa de T\u00e9 Gal\u00e9s\u201d, un nuevo emprendimiento de la ciudad, ubicado en la calle Roque S\u00e1enz Pe\u00f1a al 217, en plena zona c\u00e9ntrica de nuestra localidad. Tras la degustaci\u00f3n de productos locales, la titular de este espacio relat\u00f3 todo lo que hizo para poder abrir sus puertas, con una emocionante historia. En un emotivo discurso brind\u00f3 detalles de todos los pormenores de este proyecto que inici\u00f3 hace cinco a\u00f1os, dedic\u00e1ndole mucho tiempo y esfuerzo para conseguir todo el mobiliario, las recetas correspondientes y adaptar el lugar.<br><br>Cabe destacar que esta nueva casa de t\u00e9 abrir\u00e1 sus puertas al p\u00fablico el 10 de junio y funcionar\u00e1 en horario de tarde, entre las 14 y las 19. En tanto, durante las ma\u00f1anas se abrir\u00e1n las puertas para delegaciones especiales que contraten el servicio del espacio.<br><br>Acompa\u00f1amiento<br><br>Al respecto, el Intendente dijo: \u201cEsta gesti\u00f3n siempre se caracteriz\u00f3 por acompa\u00f1ar y respaldar a cada una de las personas que decide avanzar con su emprendimiento. Nos llena de satisfacci\u00f3n poder ver el avance de alguien que se propuso abrir su propia casa de t\u00e9 en Puerto Madryn y que hoy cuenta con un espacio de estas caracter\u00edsticas, dedicando mucho tiempo y esfuerzo para ello\u201d.<br><br>En este mismo sentido, el Jefe Comunal remarc\u00f3: \u201cEste comercio se convierte en un nuevo espacio que va a ser disfrutado por nuestros vecinos y tambi\u00e9n por quienes nos visitan, siendo un atractivo muy vinculado con parte de nuestras ra\u00edces, como lo es la cultura galesa. Vamos a hacer todo lo que est\u00e9 a nuestro alcance para que puedan trabajar de la mejor manera y que tengan mejores resultados de los que esperan\u201d.<br><br>Los presentes<br><br>En la inauguraci\u00f3n de \u201cMadryn. Casa de T\u00e9 Gal\u00e9s\u201d, Sastre estuvo acompa\u00f1ado por la secretaria de Turismo, Cecilia Pavia; el secretario de Producci\u00f3n, Innovaci\u00f3n y Empleo, Esteban Abel, y el subsecretario de Cultura, Diego Lacunza.<br><br> <\/p>\n\n\n\n<p><\/p>\n","protected":false},"excerpt":{"rendered":"<p>El Intendente visit\u00f3 el comercio \u201cMadryn. Casa de T\u00e9 Gal\u00e9s\u201d, que est\u00e1 ubicado en Roque S\u00e1enz Pe\u00f1a al 217 y que abrir\u00e1 sus puertas al p\u00fablico el 10 de junio.&hellip; <\/p>\n","protected":false},"author":3,"featured_media":2628,"comment_status":"closed","ping_status":"closed","sticky":false,"template":"","format":"standard","meta":{"footnotes":""},"categories":[15],"tags":[],"class_list":["post-2629","post","type-post","status-publish","format-standard","has-post-thumbnail","hentry","category-locales"],"yoast_head":"<!-- This site is optimized with the Yoast SEO plugin v27.4 - https:\/\/yoast.com\/product\/yoast-seo-wordpress\/ -->\n<title>MADRYN EN MARCHA: SASTRE ESTUVO PRESENTE EN LA INAUGURACI\u00d3N DE UNA CASA DE T\u00c9 GAL\u00c9S - FM Patagonia Madryn<\/title>\n<meta name=\"robots\" content=\"index, follow, max-snippet:-1, max-image-preview:large, max-video-preview:-1\" \/>\n<link rel=\"canonical\" href=\"https:\/\/fmpatagoniamadryn.com.ar\/?p=2629\" \/>\n<meta property=\"og:locale\" content=\"es_ES\" \/>\n<meta property=\"og:type\" content=\"article\" \/>\n<meta property=\"og:title\" content=\"MADRYN EN MARCHA: SASTRE ESTUVO PRESENTE EN LA INAUGURACI\u00d3N DE UNA CASA DE T\u00c9 GAL\u00c9S - FM Patagonia Madryn\" \/>\n<meta property=\"og:description\" content=\"El Intendente visit\u00f3 el comercio \u201cMadryn. Casa de T\u00e9 Gal\u00e9s\u201d, que est\u00e1 ubicado en Roque S\u00e1enz Pe\u00f1a al 217 y que abrir\u00e1 sus puertas al p\u00fablico el 10 de junio.&hellip;\" \/>\n<meta property=\"og:url\" content=\"https:\/\/fmpatagoniamadryn.com.ar\/?p=2629\" \/>\n<meta property=\"og:site_name\" content=\"FM Patagonia Madryn\" \/>\n<meta property=\"article:published_time\" content=\"2023-05-17T21:28:31+00:00\" \/>\n<meta property=\"article:modified_time\" content=\"2023-05-17T21:28:45+00:00\" \/>\n<meta property=\"og:image\" content=\"https:\/\/fmpatagoniamadryn.com.ar\/wp-content\/uploads\/2023\/05\/CasTe5.jpeg\" \/>\n\t<meta property=\"og:image:width\" content=\"1389\" \/>\n\t<meta property=\"og:image:height\" content=\"868\" \/>\n\t<meta property=\"og:image:type\" content=\"image\/jpeg\" \/>\n<meta name=\"author\" content=\"FM Patagonia\" \/>\n<meta name=\"twitter:card\" content=\"summary_large_image\" \/>\n<meta name=\"twitter:label1\" content=\"Escrito por\" \/>\n\t<meta name=\"twitter:data1\" content=\"FM Patagonia\" \/>\n\t<meta name=\"twitter:label2\" content=\"Tiempo de lectura\" \/>\n\t<meta name=\"twitter:data2\" content=\"2 minutos\" \/>\n<script type=\"application\/ld+json\" class=\"yoast-schema-graph\">{\"@context\":\"https:\\\/\\\/schema.org\",\"@graph\":[{\"@type\":\"Article\",\"@id\":\"https:\\\/\\\/fmpatagoniamadryn.com.ar\\\/?p=2629#article\",\"isPartOf\":{\"@id\":\"https:\\\/\\\/fmpatagoniamadryn.com.ar\\\/?p=2629\"},\"author\":{\"name\":\"FM Patagonia\",\"@id\":\"https:\\\/\\\/fmpatagoniamadryn.com.ar\\\/#\\\/schema\\\/person\\\/1d968ec613613768e14b4e6420a2b125\"},\"headline\":\"MADRYN EN MARCHA: SASTRE ESTUVO PRESENTE EN LA INAUGURACI\u00d3N DE UNA CASA DE T\u00c9 GAL\u00c9S\",\"datePublished\":\"2023-05-17T21:28:31+00:00\",\"dateModified\":\"2023-05-17T21:28:45+00:00\",\"mainEntityOfPage\":{\"@id\":\"https:\\\/\\\/fmpatagoniamadryn.com.ar\\\/?p=2629\"},\"wordCount\":411,\"publisher\":{\"@id\":\"https:\\\/\\\/fmpatagoniamadryn.com.ar\\\/#organization\"},\"image\":{\"@id\":\"https:\\\/\\\/fmpatagoniamadryn.com.ar\\\/?p=2629#primaryimage\"},\"thumbnailUrl\":\"https:\\\/\\\/fmpatagoniamadryn.com.ar\\\/wp-content\\\/uploads\\\/2023\\\/05\\\/CasTe5.jpeg\",\"articleSection\":[\"Locales\"],\"inLanguage\":\"es\"},{\"@type\":\"WebPage\",\"@id\":\"https:\\\/\\\/fmpatagoniamadryn.com.ar\\\/?p=2629\",\"url\":\"https:\\\/\\\/fmpatagoniamadryn.com.ar\\\/?p=2629\",\"name\":\"MADRYN EN MARCHA: SASTRE ESTUVO PRESENTE EN LA INAUGURACI\u00d3N DE UNA CASA DE T\u00c9 GAL\u00c9S - FM Patagonia Madryn\",\"isPartOf\":{\"@id\":\"https:\\\/\\\/fmpatagoniamadryn.com.ar\\\/#website\"},\"primaryImageOfPage\":{\"@id\":\"https:\\\/\\\/fmpatagoniamadryn.com.ar\\\/?p=2629#primaryimage\"},\"image\":{\"@id\":\"https:\\\/\\\/fmpatagoniamadryn.com.ar\\\/?p=2629#primaryimage\"},\"thumbnailUrl\":\"https:\\\/\\\/fmpatagoniamadryn.com.ar\\\/wp-content\\\/uploads\\\/2023\\\/05\\\/CasTe5.jpeg\",\"datePublished\":\"2023-05-17T21:28:31+00:00\",\"dateModified\":\"2023-05-17T21:28:45+00:00\",\"breadcrumb\":{\"@id\":\"https:\\\/\\\/fmpatagoniamadryn.com.ar\\\/?p=2629#breadcrumb\"},\"inLanguage\":\"es\",\"potentialAction\":[{\"@type\":\"ReadAction\",\"target\":[\"https:\\\/\\\/fmpatagoniamadryn.com.ar\\\/?p=2629\"]}]},{\"@type\":\"ImageObject\",\"inLanguage\":\"es\",\"@id\":\"https:\\\/\\\/fmpatagoniamadryn.com.ar\\\/?p=2629#primaryimage\",\"url\":\"https:\\\/\\\/fmpatagoniamadryn.com.ar\\\/wp-content\\\/uploads\\\/2023\\\/05\\\/CasTe5.jpeg\",\"contentUrl\":\"https:\\\/\\\/fmpatagoniamadryn.com.ar\\\/wp-content\\\/uploads\\\/2023\\\/05\\\/CasTe5.jpeg\",\"width\":1389,\"height\":868},{\"@type\":\"BreadcrumbList\",\"@id\":\"https:\\\/\\\/fmpatagoniamadryn.com.ar\\\/?p=2629#breadcrumb\",\"itemListElement\":[{\"@type\":\"ListItem\",\"position\":1,\"name\":\"Portada\",\"item\":\"https:\\\/\\\/fmpatagoniamadryn.com.ar\\\/\"},{\"@type\":\"ListItem\",\"position\":2,\"name\":\"MADRYN EN MARCHA: SASTRE ESTUVO PRESENTE EN LA INAUGURACI\u00d3N DE UNA CASA DE T\u00c9 GAL\u00c9S\"}]},{\"@type\":\"WebSite\",\"@id\":\"https:\\\/\\\/fmpatagoniamadryn.com.ar\\\/#website\",\"url\":\"https:\\\/\\\/fmpatagoniamadryn.com.ar\\\/\",\"name\":\"FM Patagonia Madryn\",\"description\":\"Radio Patagonia 105.5\",\"publisher\":{\"@id\":\"https:\\\/\\\/fmpatagoniamadryn.com.ar\\\/#organization\"},\"potentialAction\":[{\"@type\":\"SearchAction\",\"target\":{\"@type\":\"EntryPoint\",\"urlTemplate\":\"https:\\\/\\\/fmpatagoniamadryn.com.ar\\\/?s={search_term_string}\"},\"query-input\":{\"@type\":\"PropertyValueSpecification\",\"valueRequired\":true,\"valueName\":\"search_term_string\"}}],\"inLanguage\":\"es\"},{\"@type\":\"Organization\",\"@id\":\"https:\\\/\\\/fmpatagoniamadryn.com.ar\\\/#organization\",\"name\":\"FM Patagonia Madryn\",\"url\":\"https:\\\/\\\/fmpatagoniamadryn.com.ar\\\/\",\"logo\":{\"@type\":\"ImageObject\",\"inLanguage\":\"es\",\"@id\":\"https:\\\/\\\/fmpatagoniamadryn.com.ar\\\/#\\\/schema\\\/logo\\\/image\\\/\",\"url\":\"https:\\\/\\\/fmpatagoniamadryn.com.ar\\\/wp-content\\\/uploads\\\/2023\\\/01\\\/cropped-Diseno-sin-titulo.png\",\"contentUrl\":\"https:\\\/\\\/fmpatagoniamadryn.com.ar\\\/wp-content\\\/uploads\\\/2023\\\/01\\\/cropped-Diseno-sin-titulo.png\",\"width\":6911,\"height\":2657,\"caption\":\"FM Patagonia Madryn\"},\"image\":{\"@id\":\"https:\\\/\\\/fmpatagoniamadryn.com.ar\\\/#\\\/schema\\\/logo\\\/image\\\/\"}},{\"@type\":\"Person\",\"@id\":\"https:\\\/\\\/fmpatagoniamadryn.com.ar\\\/#\\\/schema\\\/person\\\/1d968ec613613768e14b4e6420a2b125\",\"name\":\"FM Patagonia\",\"url\":\"https:\\\/\\\/fmpatagoniamadryn.com.ar\\\/?author=3\"}]}<\/script>\n<!-- \/ Yoast SEO plugin. -->","yoast_head_json":{"title":"MADRYN EN MARCHA: SASTRE ESTUVO PRESENTE EN LA INAUGURACI\u00d3N DE UNA CASA DE T\u00c9 GAL\u00c9S - FM Patagonia Madryn","robots":{"index":"index","follow":"follow","max-snippet":"max-snippet:-1","max-image-preview":"max-image-preview:large","max-video-preview":"max-video-preview:-1"},"canonical":"https:\/\/fmpatagoniamadryn.com.ar\/?p=2629","og_locale":"es_ES","og_type":"article","og_title":"MADRYN EN MARCHA: SASTRE ESTUVO PRESENTE EN LA INAUGURACI\u00d3N DE UNA CASA DE T\u00c9 GAL\u00c9S - FM Patagonia Madryn","og_description":"El Intendente visit\u00f3 el comercio \u201cMadryn. Casa de T\u00e9 Gal\u00e9s\u201d, que est\u00e1 ubicado en Roque S\u00e1enz Pe\u00f1a al 217 y que abrir\u00e1 sus puertas al p\u00fablico el 10 de junio.&hellip;","og_url":"https:\/\/fmpatagoniamadryn.com.ar\/?p=2629","og_site_name":"FM Patagonia Madryn","article_published_time":"2023-05-17T21:28:31+00:00","article_modified_time":"2023-05-17T21:28:45+00:00","og_image":[{"width":1389,"height":868,"url":"https:\/\/fmpatagoniamadryn.com.ar\/wp-content\/uploads\/2023\/05\/CasTe5.jpeg","type":"image\/jpeg"}],"author":"FM Patagonia","twitter_card":"summary_large_image","twitter_misc":{"Escrito por":"FM Patagonia","Tiempo de lectura":"2 minutos"},"schema":{"@context":"https:\/\/schema.org","@graph":[{"@type":"Article","@id":"https:\/\/fmpatagoniamadryn.com.ar\/?p=2629#article","isPartOf":{"@id":"https:\/\/fmpatagoniamadryn.com.ar\/?p=2629"},"author":{"name":"FM Patagonia","@id":"https:\/\/fmpatagoniamadryn.com.ar\/#\/schema\/person\/1d968ec613613768e14b4e6420a2b125"},"headline":"MADRYN EN MARCHA: SASTRE ESTUVO PRESENTE EN LA INAUGURACI\u00d3N DE UNA CASA DE T\u00c9 GAL\u00c9S","datePublished":"2023-05-17T21:28:31+00:00","dateModified":"2023-05-17T21:28:45+00:00","mainEntityOfPage":{"@id":"https:\/\/fmpatagoniamadryn.com.ar\/?p=2629"},"wordCount":411,"publisher":{"@id":"https:\/\/fmpatagoniamadryn.com.ar\/#organization"},"image":{"@id":"https:\/\/fmpatagoniamadryn.com.ar\/?p=2629#primaryimage"},"thumbnailUrl":"https:\/\/fmpatagoniamadryn.com.ar\/wp-content\/uploads\/2023\/05\/CasTe5.jpeg","articleSection":["Locales"],"inLanguage":"es"},{"@type":"WebPage","@id":"https:\/\/fmpatagoniamadryn.com.ar\/?p=2629","url":"https:\/\/fmpatagoniamadryn.com.ar\/?p=2629","name":"MADRYN EN MARCHA: SASTRE ESTUVO PRESENTE EN LA INAUGURACI\u00d3N DE UNA CASA DE T\u00c9 GAL\u00c9S - FM Patagonia Madryn","isPartOf":{"@id":"https:\/\/fmpatagoniamadryn.com.ar\/#website"},"primaryImageOfPage":{"@id":"https:\/\/fmpatagoniamadryn.com.ar\/?p=2629#primaryimage"},"image":{"@id":"https:\/\/fmpatagoniamadryn.com.ar\/?p=2629#primaryimage"},"thumbnailUrl":"https:\/\/fmpatagoniamadryn.com.ar\/wp-content\/uploads\/2023\/05\/CasTe5.jpeg","datePublished":"2023-05-17T21:28:31+00:00","dateModified":"2023-05-17T21:28:45+00:00","breadcrumb":{"@id":"https:\/\/fmpatagoniamadryn.com.ar\/?p=2629#breadcrumb"},"inLanguage":"es","potentialAction":[{"@type":"ReadAction","target":["https:\/\/fmpatagoniamadryn.com.ar\/?p=2629"]}]},{"@type":"ImageObject","inLanguage":"es","@id":"https:\/\/fmpatagoniamadryn.com.ar\/?p=2629#primaryimage","url":"https:\/\/fmpatagoniamadryn.com.ar\/wp-content\/uploads\/2023\/05\/CasTe5.jpeg","contentUrl":"https:\/\/fmpatagoniamadryn.com.ar\/wp-content\/uploads\/2023\/05\/CasTe5.jpeg","width":1389,"height":868},{"@type":"BreadcrumbList","@id":"https:\/\/fmpatagoniamadryn.com.ar\/?p=2629#breadcrumb","itemListElement":[{"@type":"ListItem","position":1,"name":"Portada","item":"https:\/\/fmpatagoniamadryn.com.ar\/"},{"@type":"ListItem","position":2,"name":"MADRYN EN MARCHA: SASTRE ESTUVO PRESENTE EN LA INAUGURACI\u00d3N DE UNA CASA DE T\u00c9 GAL\u00c9S"}]},{"@type":"WebSite","@id":"https:\/\/fmpatagoniamadryn.com.ar\/#website","url":"https:\/\/fmpatagoniamadryn.com.ar\/","name":"FM Patagonia Madryn","description":"Radio Patagonia 105.5","publisher":{"@id":"https:\/\/fmpatagoniamadryn.com.ar\/#organization"},"potentialAction":[{"@type":"SearchAction","target":{"@type":"EntryPoint","urlTemplate":"https:\/\/fmpatagoniamadryn.com.ar\/?s={search_term_string}"},"query-input":{"@type":"PropertyValueSpecification","valueRequired":true,"valueName":"search_term_string"}}],"inLanguage":"es"},{"@type":"Organization","@id":"https:\/\/fmpatagoniamadryn.com.ar\/#organization","name":"FM Patagonia Madryn","url":"https:\/\/fmpatagoniamadryn.com.ar\/","logo":{"@type":"ImageObject","inLanguage":"es","@id":"https:\/\/fmpatagoniamadryn.com.ar\/#\/schema\/logo\/image\/","url":"https:\/\/fmpatagoniamadryn.com.ar\/wp-content\/uploads\/2023\/01\/cropped-Diseno-sin-titulo.png","contentUrl":"https:\/\/fmpatagoniamadryn.com.ar\/wp-content\/uploads\/2023\/01\/cropped-Diseno-sin-titulo.png","width":6911,"height":2657,"caption":"FM Patagonia Madryn"},"image":{"@id":"https:\/\/fmpatagoniamadryn.com.ar\/#\/schema\/logo\/image\/"}},{"@type":"Person","@id":"https:\/\/fmpatagoniamadryn.com.ar\/#\/schema\/person\/1d968ec613613768e14b4e6420a2b125","name":"FM Patagonia","url":"https:\/\/fmpatagoniamadryn.com.ar\/?author=3"}]}},"jetpack_featured_media_url":"https:\/\/fmpatagoniamadryn.com.ar\/wp-content\/uploads\/2023\/05\/CasTe5.jpeg","_links":{"self":[{"href":"https:\/\/fmpatagoniamadryn.com.ar\/index.php?rest_route=\/wp\/v2\/posts\/2629","targetHints":{"allow":["GET"]}}],"collection":[{"href":"https:\/\/fmpatagoniamadryn.com.ar\/index.php?rest_route=\/wp\/v2\/posts"}],"about":[{"href":"https:\/\/fmpatagoniamadryn.com.ar\/index.php?rest_route=\/wp\/v2\/types\/post"}],"author":[{"embeddable":true,"href":"https:\/\/fmpatagoniamadryn.com.ar\/index.php?rest_route=\/wp\/v2\/users\/3"}],"replies":[{"embeddable":true,"href":"https:\/\/fmpatagoniamadryn.com.ar\/index.php?rest_route=%2Fwp%2Fv2%2Fcomments&post=2629"}],"version-history":[{"count":1,"href":"https:\/\/fmpatagoniamadryn.com.ar\/index.php?rest_route=\/wp\/v2\/posts\/2629\/revisions"}],"predecessor-version":[{"id":2630,"href":"https:\/\/fmpatagoniamadryn.com.ar\/index.php?rest_route=\/wp\/v2\/posts\/2629\/revisions\/2630"}],"wp:featuredmedia":[{"embeddable":true,"href":"https:\/\/fmpatagoniamadryn.com.ar\/index.php?rest_route=\/wp\/v2\/media\/2628"}],"wp:attachment":[{"href":"https:\/\/fmpatagoniamadryn.com.ar\/index.php?rest_route=%2Fwp%2Fv2%2Fmedia&parent=2629"}],"wp:term":[{"taxonomy":"category","embeddable":true,"href":"https:\/\/fmpatagoniamadryn.com.ar\/index.php?rest_route=%2Fwp%2Fv2%2Fcategories&post=2629"},{"taxonomy":"post_tag","embeddable":true,"href":"https:\/\/fmpatagoniamadryn.com.ar\/index.php?rest_route=%2Fwp%2Fv2%2Ftags&post=2629"}],"curies":[{"name":"wp","href":"https:\/\/api.w.org\/{rel}","templated":true}]}}