{"id":26293,"date":"2026-09-03T16:07:20","date_gmt":"2026-09-03T19:07:20","guid":{"rendered":"https:\/\/fmpatagoniamadryn.com.ar\/?p=26293"},"modified":"2026-09-03T16:07:20","modified_gmt":"2026-09-03T19:07:20","slug":"sastre-acompano-la-inauguracion-del-centro-medico-santa-cruz-una-nueva-propuesta-de-medicina-laboral-en-madryn","status":"publish","type":"post","link":"https:\/\/fmpatagoniamadryn.com.ar\/?p=26293","title":{"rendered":"Sastre acompa\u00f1\u00f3 la inauguraci\u00f3n del centro medico santa cruz, una nueva propuesta de m\u00e9dicina laboral en madryn"},"content":{"rendered":"\n<p class=\"wp-block-paragraph\">El intendente de Puerto Madryn particip\u00f3 esta ma\u00f1ana de la inauguraci\u00f3n del Centro M\u00e9dico Santa Cruz, un nuevo espacio destinado a la atenci\u00f3n y prestaci\u00f3n de servicios vinculados a la medicina laboral, que comienza a funcionar en la ciudad, es n calle Belgrano 359.<\/p>\n\n\n\n<p class=\"wp-block-paragraph\">Durante la actividad, el Jefe Comunal destac\u00f3 la importancia de acompa\u00f1ar cada iniciativa que representa crecimiento, inversi\u00f3n y generaci\u00f3n de nuevas oportunidades, especialmente cuando se trata de propuestas que ampl\u00edan y fortalecen los servicios disponibles para los trabajadores y las empresas.<\/p>\n\n\n\n<p class=\"wp-block-paragraph\">\u201cPara nosotros es importante acompa\u00f1ar la apertura de nuevos espacios como este, que significan inversi\u00f3n, generaci\u00f3n de trabajo y tambi\u00e9n m\u00e1s servicios para nuestros vecinos. Cada emprendimiento que apuesta por Madryn y decide crecer en nuestra ciudad contribuye al desarrollo que queremos seguir consolidando\u201d, sostuvo Sastre.<\/p>\n\n\n\n<p class=\"wp-block-paragraph\">El Intendente destac\u00f3 tambi\u00e9n que desde el Municipio se continuar\u00e1 trabajando de manera articulada con el sector privado, entendiendo que el crecimiento de Madryn requiere del esfuerzo conjunto de todos los actores de la comunidad.<\/p>\n\n\n\n<p class=\"wp-block-paragraph\">\u201cEsta es una ciudad que sigue creciendo y que tiene un sector privado que permanentemente apuesta, invierte y genera nuevas propuestas. Desde el Estado Municipal tenemos que estar presentes, acompa\u00f1ando y generando las condiciones para que quienes quieren invertir y desarrollar sus proyectos puedan hacerlo\u201d, afirm\u00f3.<\/p>\n\n\n\n<p class=\"wp-block-paragraph\">El Centro M\u00e9dico Santa Cruz, ubicado en Belgrano 359, se especializa en medicina laboral y se incorpora a la oferta de servicios profesionales de Puerto Madryn, brindando atenci\u00f3n vinculada a la salud ocupacional.<\/p>\n\n\n\n<p class=\"wp-block-paragraph\">Finalmente, Sastre felicit\u00f3 a los responsables del nuevo espacio y destac\u00f3 que \u201ccada puerta que se abre, cada nuevo emprendimiento y cada inversi\u00f3n que llega a nuestra ciudad representa una oportunidad y demuestra que Madryn sigue siendo una ciudad elegida para vivir, trabajar, invertir y crecer\u201d.<\/p>\n","protected":false},"excerpt":{"rendered":"<p>El intendente destac\u00f3 la apertura del espacio y puso en valor el crecimiento del sector privado y la generaci\u00f3n de nuevos servicios para los trabajadores de la ciudad.<\/p>\n","protected":false},"author":4,"featured_media":26292,"comment_status":"closed","ping_status":"closed","sticky":false,"template":"","format":"standard","meta":{"footnotes":""},"categories":[15,189],"tags":[674,673,16],"class_list":["post-26293","post","type-post","status-publish","format-standard","has-post-thumbnail","hentry","category-locales","category-salud","tag-centro-medico-santa-cruz","tag-inauguracion","tag-sastre"],"yoast_head":"<!-- This site is optimized with the Yoast SEO plugin v28.4 - https:\/\/yoast.com\/product\/yoast-seo-wordpress\/ -->\n<title>Sastre acompa\u00f1\u00f3 la inauguraci\u00f3n del centro medico santa cruz, una nueva propuesta de m\u00e9dicina laboral en madryn - FM Patagonia Madryn<\/title>\n<meta name=\"robots\" content=\"index, follow, max-snippet:-1, max-image-preview:large, max-video-preview:-1\" \/>\n<link rel=\"canonical\" href=\"https:\/\/fmpatagoniamadryn.com.ar\/?p=26293\" \/>\n<meta property=\"og:locale\" content=\"es_ES\" \/>\n<meta property=\"og:type\" content=\"article\" \/>\n<meta property=\"og:title\" content=\"Sastre acompa\u00f1\u00f3 la inauguraci\u00f3n del centro medico santa cruz, una nueva propuesta de m\u00e9dicina laboral en madryn - FM Patagonia Madryn\" \/>\n<meta property=\"og:description\" content=\"El intendente destac\u00f3 la apertura del espacio y puso en valor el crecimiento del sector privado y la generaci\u00f3n de nuevos servicios para los trabajadores de la ciudad.\" \/>\n<meta property=\"og:url\" content=\"https:\/\/fmpatagoniamadryn.com.ar\/?p=26293\" \/>\n<meta property=\"og:site_name\" content=\"FM Patagonia Madryn\" \/>\n<meta property=\"article:published_time\" content=\"2026-09-03T19:07:20+00:00\" \/>\n<meta property=\"og:image\" content=\"https:\/\/fmpatagoniamadryn.com.ar\/wp-content\/uploads\/2026\/09\/4abc9b29-d44b-492a-ad64-be3f9791be27.jpg\" \/>\n\t<meta property=\"og:image:width\" content=\"1600\" \/>\n\t<meta property=\"og:image:height\" content=\"1066\" \/>\n\t<meta property=\"og:image:type\" content=\"image\/jpeg\" \/>\n<meta name=\"author\" content=\"FM Patagonia\" \/>\n<meta name=\"twitter:card\" content=\"summary_large_image\" \/>\n<meta name=\"twitter:label1\" content=\"Escrito por\" \/>\n\t<meta name=\"twitter:data1\" content=\"FM Patagonia\" \/>\n\t<meta name=\"twitter:label2\" content=\"Tiempo de lectura\" \/>\n\t<meta name=\"twitter:data2\" content=\"2 minutos\" \/>\n<script type=\"application\/ld+json\" class=\"yoast-schema-graph\">{\"@context\":\"https:\\\/\\\/schema.org\",\"@graph\":[{\"@type\":\"Article\",\"@id\":\"https:\\\/\\\/fmpatagoniamadryn.com.ar\\\/?p=26293#article\",\"isPartOf\":{\"@id\":\"https:\\\/\\\/fmpatagoniamadryn.com.ar\\\/?p=26293\"},\"author\":{\"name\":\"FM Patagonia\",\"@id\":\"https:\\\/\\\/fmpatagoniamadryn.com.ar\\\/#\\\/schema\\\/person\\\/97b1d30cb2ae311544a88a5201700571\"},\"headline\":\"Sastre acompa\u00f1\u00f3 la inauguraci\u00f3n del centro medico santa cruz, una nueva propuesta de m\u00e9dicina laboral en madryn\",\"datePublished\":\"2026-09-03T19:07:20+00:00\",\"mainEntityOfPage\":{\"@id\":\"https:\\\/\\\/fmpatagoniamadryn.com.ar\\\/?p=26293\"},\"wordCount\":327,\"publisher\":{\"@id\":\"https:\\\/\\\/fmpatagoniamadryn.com.ar\\\/#organization\"},\"image\":{\"@id\":\"https:\\\/\\\/fmpatagoniamadryn.com.ar\\\/?p=26293#primaryimage\"},\"thumbnailUrl\":\"https:\\\/\\\/fmpatagoniamadryn.com.ar\\\/wp-content\\\/uploads\\\/2026\\\/09\\\/4abc9b29-d44b-492a-ad64-be3f9791be27.jpg\",\"keywords\":[\"centro medico santa cruz\",\"inauguracion\",\"sastre\"],\"articleSection\":[\"Locales\",\"Salud\"],\"inLanguage\":\"es\"},{\"@type\":\"WebPage\",\"@id\":\"https:\\\/\\\/fmpatagoniamadryn.com.ar\\\/?p=26293\",\"url\":\"https:\\\/\\\/fmpatagoniamadryn.com.ar\\\/?p=26293\",\"name\":\"Sastre acompa\u00f1\u00f3 la inauguraci\u00f3n del centro medico santa cruz, una nueva propuesta de m\u00e9dicina laboral en madryn - FM Patagonia Madryn\",\"isPartOf\":{\"@id\":\"https:\\\/\\\/fmpatagoniamadryn.com.ar\\\/#website\"},\"primaryImageOfPage\":{\"@id\":\"https:\\\/\\\/fmpatagoniamadryn.com.ar\\\/?p=26293#primaryimage\"},\"image\":{\"@id\":\"https:\\\/\\\/fmpatagoniamadryn.com.ar\\\/?p=26293#primaryimage\"},\"thumbnailUrl\":\"https:\\\/\\\/fmpatagoniamadryn.com.ar\\\/wp-content\\\/uploads\\\/2026\\\/09\\\/4abc9b29-d44b-492a-ad64-be3f9791be27.jpg\",\"datePublished\":\"2026-09-03T19:07:20+00:00\",\"breadcrumb\":{\"@id\":\"https:\\\/\\\/fmpatagoniamadryn.com.ar\\\/?p=26293#breadcrumb\"},\"inLanguage\":\"es\",\"potentialAction\":[{\"@type\":\"ReadAction\",\"target\":[\"https:\\\/\\\/fmpatagoniamadryn.com.ar\\\/?p=26293\"]}]},{\"@type\":\"ImageObject\",\"inLanguage\":\"es\",\"@id\":\"https:\\\/\\\/fmpatagoniamadryn.com.ar\\\/?p=26293#primaryimage\",\"url\":\"https:\\\/\\\/fmpatagoniamadryn.com.ar\\\/wp-content\\\/uploads\\\/2026\\\/09\\\/4abc9b29-d44b-492a-ad64-be3f9791be27.jpg\",\"contentUrl\":\"https:\\\/\\\/fmpatagoniamadryn.com.ar\\\/wp-content\\\/uploads\\\/2026\\\/09\\\/4abc9b29-d44b-492a-ad64-be3f9791be27.jpg\",\"width\":1600,\"height\":1066},{\"@type\":\"BreadcrumbList\",\"@id\":\"https:\\\/\\\/fmpatagoniamadryn.com.ar\\\/?p=26293#breadcrumb\",\"itemListElement\":[{\"@type\":\"ListItem\",\"position\":1,\"name\":\"Portada\",\"item\":\"https:\\\/\\\/fmpatagoniamadryn.com.ar\\\/\"},{\"@type\":\"ListItem\",\"position\":2,\"name\":\"Sastre acompa\u00f1\u00f3 la inauguraci\u00f3n del centro medico santa cruz, una nueva propuesta de m\u00e9dicina laboral en madryn\"}]},{\"@type\":\"WebSite\",\"@id\":\"https:\\\/\\\/fmpatagoniamadryn.com.ar\\\/#website\",\"url\":\"https:\\\/\\\/fmpatagoniamadryn.com.ar\\\/\",\"name\":\"FM Patagonia Madryn\",\"description\":\"Radio Patagonia 105.5\",\"publisher\":{\"@id\":\"https:\\\/\\\/fmpatagoniamadryn.com.ar\\\/#organization\"},\"potentialAction\":[{\"@type\":\"SearchAction\",\"target\":{\"@type\":\"EntryPoint\",\"urlTemplate\":\"https:\\\/\\\/fmpatagoniamadryn.com.ar\\\/?s={search_term_string}\"},\"query-input\":{\"@type\":\"PropertyValueSpecification\",\"valueRequired\":true,\"valueName\":\"search_term_string\"}}],\"inLanguage\":\"es\"},{\"@type\":\"Organization\",\"@id\":\"https:\\\/\\\/fmpatagoniamadryn.com.ar\\\/#organization\",\"name\":\"FM Patagonia Madryn\",\"url\":\"https:\\\/\\\/fmpatagoniamadryn.com.ar\\\/\",\"logo\":{\"@type\":\"ImageObject\",\"inLanguage\":\"es\",\"@id\":\"https:\\\/\\\/fmpatagoniamadryn.com.ar\\\/#\\\/schema\\\/logo\\\/image\\\/\",\"url\":\"https:\\\/\\\/fmpatagoniamadryn.com.ar\\\/wp-content\\\/uploads\\\/2023\\\/01\\\/cropped-Diseno-sin-titulo.png\",\"contentUrl\":\"https:\\\/\\\/fmpatagoniamadryn.com.ar\\\/wp-content\\\/uploads\\\/2023\\\/01\\\/cropped-Diseno-sin-titulo.png\",\"width\":6911,\"height\":2657,\"caption\":\"FM Patagonia Madryn\"},\"image\":{\"@id\":\"https:\\\/\\\/fmpatagoniamadryn.com.ar\\\/#\\\/schema\\\/logo\\\/image\\\/\"}},{\"@type\":\"Person\",\"@id\":\"https:\\\/\\\/fmpatagoniamadryn.com.ar\\\/#\\\/schema\\\/person\\\/97b1d30cb2ae311544a88a5201700571\",\"name\":\"FM Patagonia\",\"url\":\"https:\\\/\\\/fmpatagoniamadryn.com.ar\\\/?author=4\"}]}<\/script>\n<!-- \/ Yoast SEO plugin. -->","yoast_head_json":{"title":"Sastre acompa\u00f1\u00f3 la inauguraci\u00f3n del centro medico santa cruz, una nueva propuesta de m\u00e9dicina laboral en madryn - FM Patagonia Madryn","robots":{"index":"index","follow":"follow","max-snippet":"max-snippet:-1","max-image-preview":"max-image-preview:large","max-video-preview":"max-video-preview:-1"},"canonical":"https:\/\/fmpatagoniamadryn.com.ar\/?p=26293","og_locale":"es_ES","og_type":"article","og_title":"Sastre acompa\u00f1\u00f3 la inauguraci\u00f3n del centro medico santa cruz, una nueva propuesta de m\u00e9dicina laboral en madryn - FM Patagonia Madryn","og_description":"El intendente destac\u00f3 la apertura del espacio y puso en valor el crecimiento del sector privado y la generaci\u00f3n de nuevos servicios para los trabajadores de la ciudad.","og_url":"https:\/\/fmpatagoniamadryn.com.ar\/?p=26293","og_site_name":"FM Patagonia Madryn","article_published_time":"2026-09-03T19:07:20+00:00","og_image":[{"width":1600,"height":1066,"url":"https:\/\/fmpatagoniamadryn.com.ar\/wp-content\/uploads\/2026\/09\/4abc9b29-d44b-492a-ad64-be3f9791be27.jpg","type":"image\/jpeg"}],"author":"FM Patagonia","twitter_card":"summary_large_image","twitter_misc":{"Escrito por":"FM Patagonia","Tiempo de lectura":"2 minutos"},"schema":{"@context":"https:\/\/schema.org","@graph":[{"@type":"Article","@id":"https:\/\/fmpatagoniamadryn.com.ar\/?p=26293#article","isPartOf":{"@id":"https:\/\/fmpatagoniamadryn.com.ar\/?p=26293"},"author":{"name":"FM Patagonia","@id":"https:\/\/fmpatagoniamadryn.com.ar\/#\/schema\/person\/97b1d30cb2ae311544a88a5201700571"},"headline":"Sastre acompa\u00f1\u00f3 la inauguraci\u00f3n del centro medico santa cruz, una nueva propuesta de m\u00e9dicina laboral en madryn","datePublished":"2026-09-03T19:07:20+00:00","mainEntityOfPage":{"@id":"https:\/\/fmpatagoniamadryn.com.ar\/?p=26293"},"wordCount":327,"publisher":{"@id":"https:\/\/fmpatagoniamadryn.com.ar\/#organization"},"image":{"@id":"https:\/\/fmpatagoniamadryn.com.ar\/?p=26293#primaryimage"},"thumbnailUrl":"https:\/\/fmpatagoniamadryn.com.ar\/wp-content\/uploads\/2026\/09\/4abc9b29-d44b-492a-ad64-be3f9791be27.jpg","keywords":["centro medico santa cruz","inauguracion","sastre"],"articleSection":["Locales","Salud"],"inLanguage":"es"},{"@type":"WebPage","@id":"https:\/\/fmpatagoniamadryn.com.ar\/?p=26293","url":"https:\/\/fmpatagoniamadryn.com.ar\/?p=26293","name":"Sastre acompa\u00f1\u00f3 la inauguraci\u00f3n del centro medico santa cruz, una nueva propuesta de m\u00e9dicina laboral en madryn - FM Patagonia Madryn","isPartOf":{"@id":"https:\/\/fmpatagoniamadryn.com.ar\/#website"},"primaryImageOfPage":{"@id":"https:\/\/fmpatagoniamadryn.com.ar\/?p=26293#primaryimage"},"image":{"@id":"https:\/\/fmpatagoniamadryn.com.ar\/?p=26293#primaryimage"},"thumbnailUrl":"https:\/\/fmpatagoniamadryn.com.ar\/wp-content\/uploads\/2026\/09\/4abc9b29-d44b-492a-ad64-be3f9791be27.jpg","datePublished":"2026-09-03T19:07:20+00:00","breadcrumb":{"@id":"https:\/\/fmpatagoniamadryn.com.ar\/?p=26293#breadcrumb"},"inLanguage":"es","potentialAction":[{"@type":"ReadAction","target":["https:\/\/fmpatagoniamadryn.com.ar\/?p=26293"]}]},{"@type":"ImageObject","inLanguage":"es","@id":"https:\/\/fmpatagoniamadryn.com.ar\/?p=26293#primaryimage","url":"https:\/\/fmpatagoniamadryn.com.ar\/wp-content\/uploads\/2026\/09\/4abc9b29-d44b-492a-ad64-be3f9791be27.jpg","contentUrl":"https:\/\/fmpatagoniamadryn.com.ar\/wp-content\/uploads\/2026\/09\/4abc9b29-d44b-492a-ad64-be3f9791be27.jpg","width":1600,"height":1066},{"@type":"BreadcrumbList","@id":"https:\/\/fmpatagoniamadryn.com.ar\/?p=26293#breadcrumb","itemListElement":[{"@type":"ListItem","position":1,"name":"Portada","item":"https:\/\/fmpatagoniamadryn.com.ar\/"},{"@type":"ListItem","position":2,"name":"Sastre acompa\u00f1\u00f3 la inauguraci\u00f3n del centro medico santa cruz, una nueva propuesta de m\u00e9dicina laboral en madryn"}]},{"@type":"WebSite","@id":"https:\/\/fmpatagoniamadryn.com.ar\/#website","url":"https:\/\/fmpatagoniamadryn.com.ar\/","name":"FM Patagonia Madryn","description":"Radio Patagonia 105.5","publisher":{"@id":"https:\/\/fmpatagoniamadryn.com.ar\/#organization"},"potentialAction":[{"@type":"SearchAction","target":{"@type":"EntryPoint","urlTemplate":"https:\/\/fmpatagoniamadryn.com.ar\/?s={search_term_string}"},"query-input":{"@type":"PropertyValueSpecification","valueRequired":true,"valueName":"search_term_string"}}],"inLanguage":"es"},{"@type":"Organization","@id":"https:\/\/fmpatagoniamadryn.com.ar\/#organization","name":"FM Patagonia Madryn","url":"https:\/\/fmpatagoniamadryn.com.ar\/","logo":{"@type":"ImageObject","inLanguage":"es","@id":"https:\/\/fmpatagoniamadryn.com.ar\/#\/schema\/logo\/image\/","url":"https:\/\/fmpatagoniamadryn.com.ar\/wp-content\/uploads\/2023\/01\/cropped-Diseno-sin-titulo.png","contentUrl":"https:\/\/fmpatagoniamadryn.com.ar\/wp-content\/uploads\/2023\/01\/cropped-Diseno-sin-titulo.png","width":6911,"height":2657,"caption":"FM Patagonia Madryn"},"image":{"@id":"https:\/\/fmpatagoniamadryn.com.ar\/#\/schema\/logo\/image\/"}},{"@type":"Person","@id":"https:\/\/fmpatagoniamadryn.com.ar\/#\/schema\/person\/97b1d30cb2ae311544a88a5201700571","name":"FM Patagonia","url":"https:\/\/fmpatagoniamadryn.com.ar\/?author=4"}]}},"jetpack_featured_media_url":"https:\/\/fmpatagoniamadryn.com.ar\/wp-content\/uploads\/2026\/09\/4abc9b29-d44b-492a-ad64-be3f9791be27.jpg","_links":{"self":[{"href":"https:\/\/fmpatagoniamadryn.com.ar\/index.php?rest_route=\/wp\/v2\/posts\/26293","targetHints":{"allow":["GET"]}}],"collection":[{"href":"https:\/\/fmpatagoniamadryn.com.ar\/index.php?rest_route=\/wp\/v2\/posts"}],"about":[{"href":"https:\/\/fmpatagoniamadryn.com.ar\/index.php?rest_route=\/wp\/v2\/types\/post"}],"author":[{"embeddable":true,"href":"https:\/\/fmpatagoniamadryn.com.ar\/index.php?rest_route=\/wp\/v2\/users\/4"}],"replies":[{"embeddable":true,"href":"https:\/\/fmpatagoniamadryn.com.ar\/index.php?rest_route=%2Fwp%2Fv2%2Fcomments&post=26293"}],"version-history":[{"count":1,"href":"https:\/\/fmpatagoniamadryn.com.ar\/index.php?rest_route=\/wp\/v2\/posts\/26293\/revisions"}],"predecessor-version":[{"id":26294,"href":"https:\/\/fmpatagoniamadryn.com.ar\/index.php?rest_route=\/wp\/v2\/posts\/26293\/revisions\/26294"}],"wp:featuredmedia":[{"embeddable":true,"href":"https:\/\/fmpatagoniamadryn.com.ar\/index.php?rest_route=\/wp\/v2\/media\/26292"}],"wp:attachment":[{"href":"https:\/\/fmpatagoniamadryn.com.ar\/index.php?rest_route=%2Fwp%2Fv2%2Fmedia&parent=26293"}],"wp:term":[{"taxonomy":"category","embeddable":true,"href":"https:\/\/fmpatagoniamadryn.com.ar\/index.php?rest_route=%2Fwp%2Fv2%2Fcategories&post=26293"},{"taxonomy":"post_tag","embeddable":true,"href":"https:\/\/fmpatagoniamadryn.com.ar\/index.php?rest_route=%2Fwp%2Fv2%2Ftags&post=26293"}],"curies":[{"name":"wp","href":"https:\/\/api.w.org\/{rel}","templated":true}]}}