{"id":26299,"date":"2026-09-03T17:30:00","date_gmt":"2026-09-03T20:30:00","guid":{"rendered":"https:\/\/fmpatagoniamadryn.com.ar\/?p=26299"},"modified":"2026-09-03T16:34:32","modified_gmt":"2026-09-03T19:34:32","slug":"provincia-y-puerto-madryn-fortalecen-el-trabajo-conjunto-para-la-gestion-de-las-actividades-nauticas-en-el-golfo-nuevo","status":"publish","type":"post","link":"https:\/\/fmpatagoniamadryn.com.ar\/?p=26299","title":{"rendered":"Provincia y Puerto Madryn fortalecen el trabajo conjunto para la gesti\u00f3n de las actividades n\u00e1uticas en el Golfo Nuevo"},"content":{"rendered":"\n<p class=\"wp-block-paragraph\">El Gobierno del Chubut y la Municipalidad de Puerto Madryn fortalecen el trabajo conjunto para el control y fiscalizaci\u00f3n de las actividades n\u00e1uticas que se desarrollan en el Golfo Nuevo, en el marco de una pol\u00edtica de gesti\u00f3n articulada que busca garantizar el cumplimiento de la normativa vigente, fortalecer la seguridad y acompa\u00f1ar el crecimiento ordenado y sostenible de la actividad tur\u00edstica.<\/p>\n\n\n\n<p class=\"wp-block-paragraph\">As\u00ed lo destacaron el ministro de Turismo y \u00c1reas Protegidas del Chubut, Diego Lapenna; y el secretario de Turismo de Puerto Madryn, Pablo Tedesco; durante una conferencia de prensa realizada este jueves en la ciudad del Golfo Nuevo, donde brindaron detalles sobre las acciones que se vienen desarrollando de manera conjunta entre la Provincia y el municipio.<\/p>\n\n\n\n<p class=\"wp-block-paragraph\">Tambi\u00e9n participaron de las subsecretarias de Turismo, Magal\u00ed Volpi; y de \u00c1reas Protegidas, Nadia Bravo; junto a la representante del Ente Mixto de Promoci\u00f3n Tur\u00edstica de Puerto Madryn, Ang\u00e9lica Crusate.<\/p>\n\n\n\n<p class=\"wp-block-paragraph\">Durante el encuentro, Lapenna explic\u00f3 que el Ministerio pondr\u00e1 a disposici\u00f3n su embarcaci\u00f3n oficial para profundizar las tareas de control y fiscalizaci\u00f3n sobre las actividades n\u00e1uticas que se desarrollan en el Golfo Nuevo.<\/p>\n\n\n\n<p class=\"wp-block-paragraph\">La embarcaci\u00f3n permitir\u00e1 al personal del Ministerio realizar recorridas y controles en distintos sectores del golfo, concientizando y fiscalizando las actividades n\u00e1uticas junto a Prefectura. De esta manera, se fortalece la presencia del Estado en el \u00e1mbito mar\u00edtimo y se incorpora una herramienta operativa para acompa\u00f1ar el desarrollo de las actividades desde una perspectiva de seguridad, ordenamiento, sensibilizacion y conservaci\u00f3n.<\/p>\n\n\n\n<p class=\"wp-block-paragraph\">En este sentido, el ministro Lapenna remarc\u00f3 que \u201cla fiscalizaci\u00f3n es una herramienta fundamental para garantizar que las actividades se desarrollen en el Golfo y, al mismo tiempo, para acompa\u00f1ar el crecimiento del sector tur\u00edstico\u201d.<\/p>\n\n\n\n<h2 class=\"wp-block-heading\"><em>Una gesti\u00f3n articulada para fortalecer Puerto Madryn<\/em><\/h2>\n\n\n\n<p class=\"wp-block-paragraph\">Lapenna destac\u00f3 adem\u00e1s que estas acciones forman parte de una estrategia de trabajo que la cartera tur\u00edstica provincial lleva adelante junto a la Municipalidad de Puerto Madryn, el Ente Mixto de Promoci\u00f3n Tur\u00edstica y los distintos sectores que integran la actividad tur\u00edstica local.<\/p>\n\n\n\n<p class=\"wp-block-paragraph\">\u201cPuerto Madryn es un destino estrat\u00e9gico para Chubut y entendemos que la mejor manera de seguir creciendo es trabajando de manera articulada con el municipio, el Ente Mixto, los prestadores y todos los actores que forman parte del sector\u201d, sostuvo.<\/p>\n\n\n\n<p class=\"wp-block-paragraph\">En este marco, uno de los principales ejes de trabajo es la coadministraci\u00f3n del \u00c1rea Natural Protegida Punta Loma entre el Ministerio de Turismo y \u00c1reas Protegidas y el Ente Mixto de Promoci\u00f3n Tur\u00edstica de Puerto Madryn. Este esquema permite avanzar en una gesti\u00f3n conjunta del \u00e1rea y en distintas acciones destinadas a su conservaci\u00f3n y puesta en valor.<\/p>\n\n\n\n<p class=\"wp-block-paragraph\">Durante la conferencia tambi\u00e9n se destac\u00f3 el trabajo realizado para mejorar la infraestructura y los servicios de Punta Loma, con intervenciones orientadas a mejorar la experiencia de los visitantes y fortalecer las condiciones de uso del \u00e1rea natural protegida.<\/p>\n\n\n\n<h2 class=\"wp-block-heading\"><em>Planificaci\u00f3n y conservaci\u00f3n del Golfo Nuevo<\/em><\/h2>\n\n\n\n<p class=\"wp-block-paragraph\">Por su parte, Pablo Tedesco destac\u00f3 la importancia de sostener una agenda de trabajo com\u00fan entre el municipio y la Provincia para abordar los desaf\u00edos que plantea el crecimiento tur\u00edstico de Puerto Madryn.<\/p>\n\n\n\n<p class=\"wp-block-paragraph\">\u201cTenemos que seguir trabajando juntos, porque Puerto Madryn tiene un enorme potencial tur\u00edstico y ese crecimiento tiene que estar acompa\u00f1ado por planificaci\u00f3n, controles y herramientas que nos permitan cuidar los recursos que hacen que nuestro destino sea \u00fanico\u201d, se\u00f1al\u00f3.<\/p>\n\n\n\n<p class=\"wp-block-paragraph\">En este sentido, durante la conferencia se puso en valor el trabajo que se lleva adelante a trav\u00e9s de la Evaluaci\u00f3n Ambiental Estrat\u00e9gica de las actividades tur\u00edsticas n\u00e1uticas y subacu\u00e1ticas del Golfo Nuevo.<\/p>\n\n\n\n<p class=\"wp-block-paragraph\">La iniciativa busca generar una herramienta de planificaci\u00f3n que permita ordenar el desarrollo de estas actividades, incorporando criterios ambientales y t\u00e9cnicos y promoviendo la participaci\u00f3n de los distintos actores vinculados al golfo.<\/p>\n\n\n\n<p class=\"wp-block-paragraph\">El proceso contempla el trabajo conjunto con los municipios de Puerto Madryn y Puerto Pir\u00e1mides, organismos provinciales, guardafaunas, instituciones cient\u00edficas y representantes del sector tur\u00edstico, con el objetivo de compatibilizar el desarrollo de las actividades con la conservaci\u00f3n del ambiente y la biodiversidad.<\/p>\n\n\n\n<h2 class=\"wp-block-heading\"><em>Punta Loma y Pen\u00ednsula Vald\u00e9s, primera etapa del cobro digital<\/em><\/h2>\n\n\n\n<p class=\"wp-block-paragraph\">Otro de los avances presentados fue la implementaci\u00f3n del nuevo sistema de cobro electr\u00f3nico para el ingreso a las \u00c1reas Naturales Protegidas.<\/p>\n\n\n\n<p class=\"wp-block-paragraph\">La experiencia comenz\u00f3 este mes en Punta Loma, en el marco de la coadministraci\u00f3n con el Ente Mixto de Puerto Madryn, y permite a los visitantes adquirir sus entradas de manera anticipada a trav\u00e9s de una plataforma online o realizar la compra al momento del ingreso mediante tarjetas y billeteras virtuales.<\/p>\n\n\n\n<p class=\"wp-block-paragraph\">Adem\u00e1s, los funcionarios confirmaron que el \u00c1rea Natural Protegida Pen\u00ednsula Vald\u00e9s est\u00e1 terminando de implementar el sistema, para lo cual se trabaja de manera articulada con la Administradora del \u00c1rea en la carga y actualizaci\u00f3n de los datos necesarios, as\u00ed como en la coordinaci\u00f3n del proceso de ingreso de visitantes. Esta etapa permitir\u00e1 adecuar la herramienta a la din\u00e1mica particular del \u00c1rea y garantizar una implementaci\u00f3n ordenada y eficiente.<\/p>\n\n\n\n<p class=\"wp-block-paragraph\">La incorporaci\u00f3n de esta herramienta permitir\u00e1 agilizar el acceso, reducir progresivamente el uso de efectivo y, al mismo tiempo, contar con informaci\u00f3n actualizada sobre el ingreso de visitantes, fortaleciendo los procesos de administraci\u00f3n, control, planificaci\u00f3n y generaci\u00f3n de estad\u00edsticas.<\/p>\n\n\n\n<p class=\"wp-block-paragraph\">El sistema ser\u00e1 implementado progresivamente en otras \u00c1reas Naturales Protegidas de la provincia. En una segunda etapa alcanzar\u00e1 a Punta Tombo, mientras que posteriormente se incorporar\u00e1 en Piedra Parada, Bosque Petrificado de Sarmiento y Cabo Dos Bah\u00edas.<\/p>\n","protected":false},"excerpt":{"rendered":"<p>El ministro de Turismo y \u00c1reas Protegidas del Chubut, Diego Lapenna; y el secretario de Turismo de la ciudad portuaria, Pablo Tedesco; destacaron la articulaci\u00f3n entre Provincia, municipio, Ente Mixto y el sector privado para acompa\u00f1ar el crecimiento ordenado y sostenible de la actividad tur\u00edstica.<\/p>\n","protected":false},"author":4,"featured_media":26298,"comment_status":"closed","ping_status":"closed","sticky":false,"template":"","format":"standard","meta":{"footnotes":""},"categories":[14],"tags":[677,678],"class_list":["post-26299","post","type-post","status-publish","format-standard","has-post-thumbnail","hentry","category-provinciales","tag-actividades-nauticas","tag-golfo-nuevo"],"yoast_head":"<!-- This site is optimized with the Yoast SEO plugin v28.4 - https:\/\/yoast.com\/product\/yoast-seo-wordpress\/ -->\n<title>Provincia y Puerto Madryn fortalecen el trabajo conjunto para la gesti\u00f3n de las actividades n\u00e1uticas en el Golfo Nuevo - FM Patagonia Madryn<\/title>\n<meta name=\"robots\" content=\"index, follow, max-snippet:-1, max-image-preview:large, max-video-preview:-1\" \/>\n<link rel=\"canonical\" href=\"https:\/\/fmpatagoniamadryn.com.ar\/?p=26299\" \/>\n<meta property=\"og:locale\" content=\"es_ES\" \/>\n<meta property=\"og:type\" content=\"article\" \/>\n<meta property=\"og:title\" content=\"Provincia y Puerto Madryn fortalecen el trabajo conjunto para la gesti\u00f3n de las actividades n\u00e1uticas en el Golfo Nuevo - FM Patagonia Madryn\" \/>\n<meta property=\"og:description\" content=\"El ministro de Turismo y \u00c1reas Protegidas del Chubut, Diego Lapenna; y el secretario de Turismo de la ciudad portuaria, Pablo Tedesco; destacaron la articulaci\u00f3n entre Provincia, municipio, Ente Mixto y el sector privado para acompa\u00f1ar el crecimiento ordenado y sostenible de la actividad tur\u00edstica.\" \/>\n<meta property=\"og:url\" content=\"https:\/\/fmpatagoniamadryn.com.ar\/?p=26299\" \/>\n<meta property=\"og:site_name\" content=\"FM Patagonia Madryn\" \/>\n<meta property=\"article:published_time\" content=\"2026-09-03T20:30:00+00:00\" \/>\n<meta property=\"og:image\" content=\"https:\/\/fmpatagoniamadryn.com.ar\/wp-content\/uploads\/2026\/09\/e8ce726a-2442-48cf-aa09-808418a75b27.jpg\" \/>\n\t<meta property=\"og:image:width\" content=\"1600\" \/>\n\t<meta property=\"og:image:height\" content=\"1066\" \/>\n\t<meta property=\"og:image:type\" content=\"image\/jpeg\" \/>\n<meta name=\"author\" content=\"FM Patagonia\" \/>\n<meta name=\"twitter:card\" content=\"summary_large_image\" \/>\n<meta name=\"twitter:label1\" content=\"Escrito por\" \/>\n\t<meta name=\"twitter:data1\" content=\"FM Patagonia\" \/>\n\t<meta name=\"twitter:label2\" content=\"Tiempo de lectura\" \/>\n\t<meta name=\"twitter:data2\" content=\"5 minutos\" \/>\n<script type=\"application\/ld+json\" class=\"yoast-schema-graph\">{\"@context\":\"https:\\\/\\\/schema.org\",\"@graph\":[{\"@type\":\"Article\",\"@id\":\"https:\\\/\\\/fmpatagoniamadryn.com.ar\\\/?p=26299#article\",\"isPartOf\":{\"@id\":\"https:\\\/\\\/fmpatagoniamadryn.com.ar\\\/?p=26299\"},\"author\":{\"name\":\"FM Patagonia\",\"@id\":\"https:\\\/\\\/fmpatagoniamadryn.com.ar\\\/#\\\/schema\\\/person\\\/97b1d30cb2ae311544a88a5201700571\"},\"headline\":\"Provincia y Puerto Madryn fortalecen el trabajo conjunto para la gesti\u00f3n de las actividades n\u00e1uticas en el Golfo Nuevo\",\"datePublished\":\"2026-09-03T20:30:00+00:00\",\"mainEntityOfPage\":{\"@id\":\"https:\\\/\\\/fmpatagoniamadryn.com.ar\\\/?p=26299\"},\"wordCount\":977,\"publisher\":{\"@id\":\"https:\\\/\\\/fmpatagoniamadryn.com.ar\\\/#organization\"},\"image\":{\"@id\":\"https:\\\/\\\/fmpatagoniamadryn.com.ar\\\/?p=26299#primaryimage\"},\"thumbnailUrl\":\"https:\\\/\\\/fmpatagoniamadryn.com.ar\\\/wp-content\\\/uploads\\\/2026\\\/09\\\/e8ce726a-2442-48cf-aa09-808418a75b27.jpg\",\"keywords\":[\"actividades nauticas\",\"golfo nuevo\"],\"articleSection\":[\"Provinciales\"],\"inLanguage\":\"es\"},{\"@type\":\"WebPage\",\"@id\":\"https:\\\/\\\/fmpatagoniamadryn.com.ar\\\/?p=26299\",\"url\":\"https:\\\/\\\/fmpatagoniamadryn.com.ar\\\/?p=26299\",\"name\":\"Provincia y Puerto Madryn fortalecen el trabajo conjunto para la gesti\u00f3n de las actividades n\u00e1uticas en el Golfo Nuevo - FM Patagonia Madryn\",\"isPartOf\":{\"@id\":\"https:\\\/\\\/fmpatagoniamadryn.com.ar\\\/#website\"},\"primaryImageOfPage\":{\"@id\":\"https:\\\/\\\/fmpatagoniamadryn.com.ar\\\/?p=26299#primaryimage\"},\"image\":{\"@id\":\"https:\\\/\\\/fmpatagoniamadryn.com.ar\\\/?p=26299#primaryimage\"},\"thumbnailUrl\":\"https:\\\/\\\/fmpatagoniamadryn.com.ar\\\/wp-content\\\/uploads\\\/2026\\\/09\\\/e8ce726a-2442-48cf-aa09-808418a75b27.jpg\",\"datePublished\":\"2026-09-03T20:30:00+00:00\",\"breadcrumb\":{\"@id\":\"https:\\\/\\\/fmpatagoniamadryn.com.ar\\\/?p=26299#breadcrumb\"},\"inLanguage\":\"es\",\"potentialAction\":[{\"@type\":\"ReadAction\",\"target\":[\"https:\\\/\\\/fmpatagoniamadryn.com.ar\\\/?p=26299\"]}]},{\"@type\":\"ImageObject\",\"inLanguage\":\"es\",\"@id\":\"https:\\\/\\\/fmpatagoniamadryn.com.ar\\\/?p=26299#primaryimage\",\"url\":\"https:\\\/\\\/fmpatagoniamadryn.com.ar\\\/wp-content\\\/uploads\\\/2026\\\/09\\\/e8ce726a-2442-48cf-aa09-808418a75b27.jpg\",\"contentUrl\":\"https:\\\/\\\/fmpatagoniamadryn.com.ar\\\/wp-content\\\/uploads\\\/2026\\\/09\\\/e8ce726a-2442-48cf-aa09-808418a75b27.jpg\",\"width\":1600,\"height\":1066},{\"@type\":\"BreadcrumbList\",\"@id\":\"https:\\\/\\\/fmpatagoniamadryn.com.ar\\\/?p=26299#breadcrumb\",\"itemListElement\":[{\"@type\":\"ListItem\",\"position\":1,\"name\":\"Portada\",\"item\":\"https:\\\/\\\/fmpatagoniamadryn.com.ar\\\/\"},{\"@type\":\"ListItem\",\"position\":2,\"name\":\"Provincia y Puerto Madryn fortalecen el trabajo conjunto para la gesti\u00f3n de las actividades n\u00e1uticas en el Golfo Nuevo\"}]},{\"@type\":\"WebSite\",\"@id\":\"https:\\\/\\\/fmpatagoniamadryn.com.ar\\\/#website\",\"url\":\"https:\\\/\\\/fmpatagoniamadryn.com.ar\\\/\",\"name\":\"FM Patagonia Madryn\",\"description\":\"Radio Patagonia 105.5\",\"publisher\":{\"@id\":\"https:\\\/\\\/fmpatagoniamadryn.com.ar\\\/#organization\"},\"potentialAction\":[{\"@type\":\"SearchAction\",\"target\":{\"@type\":\"EntryPoint\",\"urlTemplate\":\"https:\\\/\\\/fmpatagoniamadryn.com.ar\\\/?s={search_term_string}\"},\"query-input\":{\"@type\":\"PropertyValueSpecification\",\"valueRequired\":true,\"valueName\":\"search_term_string\"}}],\"inLanguage\":\"es\"},{\"@type\":\"Organization\",\"@id\":\"https:\\\/\\\/fmpatagoniamadryn.com.ar\\\/#organization\",\"name\":\"FM Patagonia Madryn\",\"url\":\"https:\\\/\\\/fmpatagoniamadryn.com.ar\\\/\",\"logo\":{\"@type\":\"ImageObject\",\"inLanguage\":\"es\",\"@id\":\"https:\\\/\\\/fmpatagoniamadryn.com.ar\\\/#\\\/schema\\\/logo\\\/image\\\/\",\"url\":\"https:\\\/\\\/fmpatagoniamadryn.com.ar\\\/wp-content\\\/uploads\\\/2023\\\/01\\\/cropped-Diseno-sin-titulo.png\",\"contentUrl\":\"https:\\\/\\\/fmpatagoniamadryn.com.ar\\\/wp-content\\\/uploads\\\/2023\\\/01\\\/cropped-Diseno-sin-titulo.png\",\"width\":6911,\"height\":2657,\"caption\":\"FM Patagonia Madryn\"},\"image\":{\"@id\":\"https:\\\/\\\/fmpatagoniamadryn.com.ar\\\/#\\\/schema\\\/logo\\\/image\\\/\"}},{\"@type\":\"Person\",\"@id\":\"https:\\\/\\\/fmpatagoniamadryn.com.ar\\\/#\\\/schema\\\/person\\\/97b1d30cb2ae311544a88a5201700571\",\"name\":\"FM Patagonia\",\"url\":\"https:\\\/\\\/fmpatagoniamadryn.com.ar\\\/?author=4\"}]}<\/script>\n<!-- \/ Yoast SEO plugin. -->","yoast_head_json":{"title":"Provincia y Puerto Madryn fortalecen el trabajo conjunto para la gesti\u00f3n de las actividades n\u00e1uticas en el Golfo Nuevo - FM Patagonia Madryn","robots":{"index":"index","follow":"follow","max-snippet":"max-snippet:-1","max-image-preview":"max-image-preview:large","max-video-preview":"max-video-preview:-1"},"canonical":"https:\/\/fmpatagoniamadryn.com.ar\/?p=26299","og_locale":"es_ES","og_type":"article","og_title":"Provincia y Puerto Madryn fortalecen el trabajo conjunto para la gesti\u00f3n de las actividades n\u00e1uticas en el Golfo Nuevo - FM Patagonia Madryn","og_description":"El ministro de Turismo y \u00c1reas Protegidas del Chubut, Diego Lapenna; y el secretario de Turismo de la ciudad portuaria, Pablo Tedesco; destacaron la articulaci\u00f3n entre Provincia, municipio, Ente Mixto y el sector privado para acompa\u00f1ar el crecimiento ordenado y sostenible de la actividad tur\u00edstica.","og_url":"https:\/\/fmpatagoniamadryn.com.ar\/?p=26299","og_site_name":"FM Patagonia Madryn","article_published_time":"2026-09-03T20:30:00+00:00","og_image":[{"width":1600,"height":1066,"url":"https:\/\/fmpatagoniamadryn.com.ar\/wp-content\/uploads\/2026\/09\/e8ce726a-2442-48cf-aa09-808418a75b27.jpg","type":"image\/jpeg"}],"author":"FM Patagonia","twitter_card":"summary_large_image","twitter_misc":{"Escrito por":"FM Patagonia","Tiempo de lectura":"5 minutos"},"schema":{"@context":"https:\/\/schema.org","@graph":[{"@type":"Article","@id":"https:\/\/fmpatagoniamadryn.com.ar\/?p=26299#article","isPartOf":{"@id":"https:\/\/fmpatagoniamadryn.com.ar\/?p=26299"},"author":{"name":"FM Patagonia","@id":"https:\/\/fmpatagoniamadryn.com.ar\/#\/schema\/person\/97b1d30cb2ae311544a88a5201700571"},"headline":"Provincia y Puerto Madryn fortalecen el trabajo conjunto para la gesti\u00f3n de las actividades n\u00e1uticas en el Golfo Nuevo","datePublished":"2026-09-03T20:30:00+00:00","mainEntityOfPage":{"@id":"https:\/\/fmpatagoniamadryn.com.ar\/?p=26299"},"wordCount":977,"publisher":{"@id":"https:\/\/fmpatagoniamadryn.com.ar\/#organization"},"image":{"@id":"https:\/\/fmpatagoniamadryn.com.ar\/?p=26299#primaryimage"},"thumbnailUrl":"https:\/\/fmpatagoniamadryn.com.ar\/wp-content\/uploads\/2026\/09\/e8ce726a-2442-48cf-aa09-808418a75b27.jpg","keywords":["actividades nauticas","golfo nuevo"],"articleSection":["Provinciales"],"inLanguage":"es"},{"@type":"WebPage","@id":"https:\/\/fmpatagoniamadryn.com.ar\/?p=26299","url":"https:\/\/fmpatagoniamadryn.com.ar\/?p=26299","name":"Provincia y Puerto Madryn fortalecen el trabajo conjunto para la gesti\u00f3n de las actividades n\u00e1uticas en el Golfo Nuevo - FM Patagonia Madryn","isPartOf":{"@id":"https:\/\/fmpatagoniamadryn.com.ar\/#website"},"primaryImageOfPage":{"@id":"https:\/\/fmpatagoniamadryn.com.ar\/?p=26299#primaryimage"},"image":{"@id":"https:\/\/fmpatagoniamadryn.com.ar\/?p=26299#primaryimage"},"thumbnailUrl":"https:\/\/fmpatagoniamadryn.com.ar\/wp-content\/uploads\/2026\/09\/e8ce726a-2442-48cf-aa09-808418a75b27.jpg","datePublished":"2026-09-03T20:30:00+00:00","breadcrumb":{"@id":"https:\/\/fmpatagoniamadryn.com.ar\/?p=26299#breadcrumb"},"inLanguage":"es","potentialAction":[{"@type":"ReadAction","target":["https:\/\/fmpatagoniamadryn.com.ar\/?p=26299"]}]},{"@type":"ImageObject","inLanguage":"es","@id":"https:\/\/fmpatagoniamadryn.com.ar\/?p=26299#primaryimage","url":"https:\/\/fmpatagoniamadryn.com.ar\/wp-content\/uploads\/2026\/09\/e8ce726a-2442-48cf-aa09-808418a75b27.jpg","contentUrl":"https:\/\/fmpatagoniamadryn.com.ar\/wp-content\/uploads\/2026\/09\/e8ce726a-2442-48cf-aa09-808418a75b27.jpg","width":1600,"height":1066},{"@type":"BreadcrumbList","@id":"https:\/\/fmpatagoniamadryn.com.ar\/?p=26299#breadcrumb","itemListElement":[{"@type":"ListItem","position":1,"name":"Portada","item":"https:\/\/fmpatagoniamadryn.com.ar\/"},{"@type":"ListItem","position":2,"name":"Provincia y Puerto Madryn fortalecen el trabajo conjunto para la gesti\u00f3n de las actividades n\u00e1uticas en el Golfo Nuevo"}]},{"@type":"WebSite","@id":"https:\/\/fmpatagoniamadryn.com.ar\/#website","url":"https:\/\/fmpatagoniamadryn.com.ar\/","name":"FM Patagonia Madryn","description":"Radio Patagonia 105.5","publisher":{"@id":"https:\/\/fmpatagoniamadryn.com.ar\/#organization"},"potentialAction":[{"@type":"SearchAction","target":{"@type":"EntryPoint","urlTemplate":"https:\/\/fmpatagoniamadryn.com.ar\/?s={search_term_string}"},"query-input":{"@type":"PropertyValueSpecification","valueRequired":true,"valueName":"search_term_string"}}],"inLanguage":"es"},{"@type":"Organization","@id":"https:\/\/fmpatagoniamadryn.com.ar\/#organization","name":"FM Patagonia Madryn","url":"https:\/\/fmpatagoniamadryn.com.ar\/","logo":{"@type":"ImageObject","inLanguage":"es","@id":"https:\/\/fmpatagoniamadryn.com.ar\/#\/schema\/logo\/image\/","url":"https:\/\/fmpatagoniamadryn.com.ar\/wp-content\/uploads\/2023\/01\/cropped-Diseno-sin-titulo.png","contentUrl":"https:\/\/fmpatagoniamadryn.com.ar\/wp-content\/uploads\/2023\/01\/cropped-Diseno-sin-titulo.png","width":6911,"height":2657,"caption":"FM Patagonia Madryn"},"image":{"@id":"https:\/\/fmpatagoniamadryn.com.ar\/#\/schema\/logo\/image\/"}},{"@type":"Person","@id":"https:\/\/fmpatagoniamadryn.com.ar\/#\/schema\/person\/97b1d30cb2ae311544a88a5201700571","name":"FM Patagonia","url":"https:\/\/fmpatagoniamadryn.com.ar\/?author=4"}]}},"jetpack_featured_media_url":"https:\/\/fmpatagoniamadryn.com.ar\/wp-content\/uploads\/2026\/09\/e8ce726a-2442-48cf-aa09-808418a75b27.jpg","_links":{"self":[{"href":"https:\/\/fmpatagoniamadryn.com.ar\/index.php?rest_route=\/wp\/v2\/posts\/26299","targetHints":{"allow":["GET"]}}],"collection":[{"href":"https:\/\/fmpatagoniamadryn.com.ar\/index.php?rest_route=\/wp\/v2\/posts"}],"about":[{"href":"https:\/\/fmpatagoniamadryn.com.ar\/index.php?rest_route=\/wp\/v2\/types\/post"}],"author":[{"embeddable":true,"href":"https:\/\/fmpatagoniamadryn.com.ar\/index.php?rest_route=\/wp\/v2\/users\/4"}],"replies":[{"embeddable":true,"href":"https:\/\/fmpatagoniamadryn.com.ar\/index.php?rest_route=%2Fwp%2Fv2%2Fcomments&post=26299"}],"version-history":[{"count":1,"href":"https:\/\/fmpatagoniamadryn.com.ar\/index.php?rest_route=\/wp\/v2\/posts\/26299\/revisions"}],"predecessor-version":[{"id":26300,"href":"https:\/\/fmpatagoniamadryn.com.ar\/index.php?rest_route=\/wp\/v2\/posts\/26299\/revisions\/26300"}],"wp:featuredmedia":[{"embeddable":true,"href":"https:\/\/fmpatagoniamadryn.com.ar\/index.php?rest_route=\/wp\/v2\/media\/26298"}],"wp:attachment":[{"href":"https:\/\/fmpatagoniamadryn.com.ar\/index.php?rest_route=%2Fwp%2Fv2%2Fmedia&parent=26299"}],"wp:term":[{"taxonomy":"category","embeddable":true,"href":"https:\/\/fmpatagoniamadryn.com.ar\/index.php?rest_route=%2Fwp%2Fv2%2Fcategories&post=26299"},{"taxonomy":"post_tag","embeddable":true,"href":"https:\/\/fmpatagoniamadryn.com.ar\/index.php?rest_route=%2Fwp%2Fv2%2Ftags&post=26299"}],"curies":[{"name":"wp","href":"https:\/\/api.w.org\/{rel}","templated":true}]}}