{"id":26304,"date":"2026-09-03T20:54:06","date_gmt":"2026-09-03T23:54:06","guid":{"rendered":"https:\/\/fmpatagoniamadryn.com.ar\/?p=26304"},"modified":"2026-09-03T20:54:06","modified_gmt":"2026-09-03T23:54:06","slug":"salud-mental-y-adicciones-chubut-ratifico-su-compromiso-de-fortalecer-la-prevencion-y-el-abordaje-de-los-consumos-problematicos","status":"publish","type":"post","link":"https:\/\/fmpatagoniamadryn.com.ar\/?p=26304","title":{"rendered":"Salud mental y adicciones: Chubut ratific\u00f3 su compromiso de fortalecer la prevenci\u00f3n y el abordaje de los consumos problem\u00e1ticos"},"content":{"rendered":"\n<p class=\"wp-block-paragraph\">El gobernador del Chubut, Ignacio \u201cNacho\u201d Torres, encabez\u00f3 la firma del Convenio para la Prevenci\u00f3n de Adicciones y el Cuidado de la Salud Mental junto a La Casa de la Cultura de la Calle, organizaci\u00f3n no gubernamental fundada en 2004 por el actor y director argentino Gast\u00f3n Pauls, dedicada a la prevenci\u00f3n de las adicciones y los consumos problem\u00e1ticos.<\/p>\n\n\n\n<p class=\"wp-block-paragraph\">La actividad se llev\u00f3 a cabo en el despacho del titular del Ejecutivo, en Casa de Gobierno.<\/p>\n\n\n\n<p class=\"wp-block-paragraph\">El acuerdo prev\u00e9 el desarrollo de acciones conjuntas orientadas a fortalecer la prevenci\u00f3n como prioridad estrat\u00e9gica; promover un enfoque integral y comunitario; facilitar el acceso temprano a informaci\u00f3n y acompa\u00f1amiento; consolidar la articulaci\u00f3n entre el Estado y la sociedad civil; y asegurar la continuidad de las pol\u00edticas implementadas.<\/p>\n\n\n\n<p class=\"wp-block-paragraph\">Chubut se suma as\u00ed a Entre R\u00edos, Mendoza y la Ciudad Aut\u00f3noma de Buenos Aires como una de las cuatro jurisdicciones que asumieron este compromiso para fortalecer el abordaje de la salud mental, las adicciones y los consumos problem\u00e1ticos.<\/p>\n\n\n\n<h2 class=\"wp-block-heading\"><em>Compromiso, responsabilidad y transversalidad<\/em><\/h2>\n\n\n\n<p class=\"wp-block-paragraph\">Al respecto, Torres sostuvo que \u201ceste es un tema transversal a cualquier ideolog\u00eda o partido pol\u00edtico, que podemos abordar entre todos y desde distintas aristas\u201d.<\/p>\n\n\n\n<p class=\"wp-block-paragraph\">Asimismo, se\u00f1al\u00f3 que \u201ces fundamental el acompa\u00f1amiento de las provincias\u201d y consider\u00f3 que \u201cla Naci\u00f3n tambi\u00e9n tiene que contar con un programa que apunte a concientizar sobre esta problem\u00e1tica para poder combatirla de manera conjunta\u201d.<\/p>\n\n\n\n<p class=\"wp-block-paragraph\">\u201cHay muchos temas que nos convocaron a la unidad en nuestra provincia, como el programa Juntos por la Educaci\u00f3n, donde espacios pol\u00edticos y no pol\u00edticos coincidieron en la necesidad de salir de la crisis educativa de los \u00faltimos a\u00f1os\u201d, expres\u00f3 el mandatario, y agreg\u00f3: \u201cSoy optimista en que podamos lograr una unidad similar para combatir las adicciones y fortalecer la prevenci\u00f3n\u201d.<\/p>\n\n\n\n<p class=\"wp-block-paragraph\">\u201cEste es un compromiso que asumimos con responsabilidad para que se sostenga en el tiempo, porque no es un programa exclusivamente de una gesti\u00f3n, sino de toda la ciudadan\u00eda\u201d, concluy\u00f3.<\/p>\n\n\n\n<h2 class=\"wp-block-heading\"><em>Educaci\u00f3n, cultura y deporte para prevenir<\/em><\/h2>\n\n\n\n<p class=\"wp-block-paragraph\">Entre sus principales compromisos, el convenio reconoce a la salud mental, las adicciones y los consumos problem\u00e1ticos como problem\u00e1ticas complejas, transversales y cr\u00edticas, y establece a la prevenci\u00f3n como una prioridad urgente.<\/p>\n\n\n\n<p class=\"wp-block-paragraph\">Adem\u00e1s, promueve acciones sostenidas de comunicaci\u00f3n p\u00fablica orientadas a la prevenci\u00f3n de adicciones y al cuidado de la salud mental, respetando las particularidades de cada jurisdicci\u00f3n. Tambi\u00e9n contempla la generaci\u00f3n de espacios de comunicaci\u00f3n en medios, festivales, recitales y eventos para difundir mensajes de cuidado, as\u00ed como la incorporaci\u00f3n transversal de contenidos preventivos en la curr\u00edcula escolar, adecuados a cada etapa educativa.<\/p>\n\n\n\n<p class=\"wp-block-paragraph\">Por otra parte, la iniciativa busca fortalecer la formaci\u00f3n de equipos de gobierno y estructuras estatales en materia de prevenci\u00f3n, consolidar una cultura institucional del cuidado y articular el trabajo entre las \u00e1reas de Salud, Educaci\u00f3n, Seguridad, Desarrollo Humano, Cultura y Deporte.<\/p>\n","protected":false},"excerpt":{"rendered":"<p>El mandatario provincial de Chubut firm\u00f3 junto al presidente de La Casa de la Cultura de la Calle, Gast\u00f3n Pauls, un convenio para promover pol\u00edticas sostenidas de prevenci\u00f3n, informaci\u00f3n y acompa\u00f1amiento. \u201cEs un compromiso que asumimos con responsabilidad para que se sostenga en el tiempo, porque no es un programa exclusivamente de una gesti\u00f3n, sino de toda la ciudadan\u00eda\u201d, asegur\u00f3 Torres.<\/p>\n","protected":false},"author":4,"featured_media":26303,"comment_status":"closed","ping_status":"closed","sticky":false,"template":"","format":"standard","meta":{"footnotes":""},"categories":[14],"tags":[680,681,679],"class_list":["post-26304","post","type-post","status-publish","format-standard","has-post-thumbnail","hentry","category-provinciales","tag-adicciones","tag-consumos-problematicos","tag-salud-mental"],"yoast_head":"<!-- This site is optimized with the Yoast SEO plugin v28.4 - https:\/\/yoast.com\/product\/yoast-seo-wordpress\/ -->\n<title>Salud mental y adicciones: Chubut ratific\u00f3 su compromiso de fortalecer la prevenci\u00f3n y el abordaje de los consumos problem\u00e1ticos - FM Patagonia Madryn<\/title>\n<meta name=\"robots\" content=\"index, follow, max-snippet:-1, max-image-preview:large, max-video-preview:-1\" \/>\n<link rel=\"canonical\" href=\"https:\/\/fmpatagoniamadryn.com.ar\/?p=26304\" \/>\n<meta property=\"og:locale\" content=\"es_ES\" \/>\n<meta property=\"og:type\" content=\"article\" \/>\n<meta property=\"og:title\" content=\"Salud mental y adicciones: Chubut ratific\u00f3 su compromiso de fortalecer la prevenci\u00f3n y el abordaje de los consumos problem\u00e1ticos - FM Patagonia Madryn\" \/>\n<meta property=\"og:description\" content=\"El mandatario provincial de Chubut firm\u00f3 junto al presidente de La Casa de la Cultura de la Calle, Gast\u00f3n Pauls, un convenio para promover pol\u00edticas sostenidas de prevenci\u00f3n, informaci\u00f3n y acompa\u00f1amiento. \u201cEs un compromiso que asumimos con responsabilidad para que se sostenga en el tiempo, porque no es un programa exclusivamente de una gesti\u00f3n, sino de toda la ciudadan\u00eda\u201d, asegur\u00f3 Torres.\" \/>\n<meta property=\"og:url\" content=\"https:\/\/fmpatagoniamadryn.com.ar\/?p=26304\" \/>\n<meta property=\"og:site_name\" content=\"FM Patagonia Madryn\" \/>\n<meta property=\"article:published_time\" content=\"2026-09-03T23:54:06+00:00\" \/>\n<meta property=\"og:image\" content=\"https:\/\/fmpatagoniamadryn.com.ar\/wp-content\/uploads\/2026\/09\/5482c71d-b262-47dd-8fbe-cde4a2ceeb5f.jpg\" \/>\n\t<meta property=\"og:image:width\" content=\"1280\" \/>\n\t<meta property=\"og:image:height\" content=\"852\" \/>\n\t<meta property=\"og:image:type\" content=\"image\/jpeg\" \/>\n<meta name=\"author\" content=\"FM Patagonia\" \/>\n<meta name=\"twitter:card\" content=\"summary_large_image\" \/>\n<meta name=\"twitter:label1\" content=\"Escrito por\" \/>\n\t<meta name=\"twitter:data1\" content=\"FM Patagonia\" \/>\n\t<meta name=\"twitter:label2\" content=\"Tiempo de lectura\" \/>\n\t<meta name=\"twitter:data2\" content=\"3 minutos\" \/>\n<script type=\"application\/ld+json\" class=\"yoast-schema-graph\">{\"@context\":\"https:\\\/\\\/schema.org\",\"@graph\":[{\"@type\":\"Article\",\"@id\":\"https:\\\/\\\/fmpatagoniamadryn.com.ar\\\/?p=26304#article\",\"isPartOf\":{\"@id\":\"https:\\\/\\\/fmpatagoniamadryn.com.ar\\\/?p=26304\"},\"author\":{\"name\":\"FM Patagonia\",\"@id\":\"https:\\\/\\\/fmpatagoniamadryn.com.ar\\\/#\\\/schema\\\/person\\\/97b1d30cb2ae311544a88a5201700571\"},\"headline\":\"Salud mental y adicciones: Chubut ratific\u00f3 su compromiso de fortalecer la prevenci\u00f3n y el abordaje de los consumos problem\u00e1ticos\",\"datePublished\":\"2026-09-03T23:54:06+00:00\",\"mainEntityOfPage\":{\"@id\":\"https:\\\/\\\/fmpatagoniamadryn.com.ar\\\/?p=26304\"},\"wordCount\":526,\"publisher\":{\"@id\":\"https:\\\/\\\/fmpatagoniamadryn.com.ar\\\/#organization\"},\"image\":{\"@id\":\"https:\\\/\\\/fmpatagoniamadryn.com.ar\\\/?p=26304#primaryimage\"},\"thumbnailUrl\":\"https:\\\/\\\/fmpatagoniamadryn.com.ar\\\/wp-content\\\/uploads\\\/2026\\\/09\\\/5482c71d-b262-47dd-8fbe-cde4a2ceeb5f.jpg\",\"keywords\":[\"adicciones\",\"consumos problematicos\",\"salud mental\"],\"articleSection\":[\"Provinciales\"],\"inLanguage\":\"es\"},{\"@type\":\"WebPage\",\"@id\":\"https:\\\/\\\/fmpatagoniamadryn.com.ar\\\/?p=26304\",\"url\":\"https:\\\/\\\/fmpatagoniamadryn.com.ar\\\/?p=26304\",\"name\":\"Salud mental y adicciones: Chubut ratific\u00f3 su compromiso de fortalecer la prevenci\u00f3n y el abordaje de los consumos problem\u00e1ticos - FM Patagonia Madryn\",\"isPartOf\":{\"@id\":\"https:\\\/\\\/fmpatagoniamadryn.com.ar\\\/#website\"},\"primaryImageOfPage\":{\"@id\":\"https:\\\/\\\/fmpatagoniamadryn.com.ar\\\/?p=26304#primaryimage\"},\"image\":{\"@id\":\"https:\\\/\\\/fmpatagoniamadryn.com.ar\\\/?p=26304#primaryimage\"},\"thumbnailUrl\":\"https:\\\/\\\/fmpatagoniamadryn.com.ar\\\/wp-content\\\/uploads\\\/2026\\\/09\\\/5482c71d-b262-47dd-8fbe-cde4a2ceeb5f.jpg\",\"datePublished\":\"2026-09-03T23:54:06+00:00\",\"breadcrumb\":{\"@id\":\"https:\\\/\\\/fmpatagoniamadryn.com.ar\\\/?p=26304#breadcrumb\"},\"inLanguage\":\"es\",\"potentialAction\":[{\"@type\":\"ReadAction\",\"target\":[\"https:\\\/\\\/fmpatagoniamadryn.com.ar\\\/?p=26304\"]}]},{\"@type\":\"ImageObject\",\"inLanguage\":\"es\",\"@id\":\"https:\\\/\\\/fmpatagoniamadryn.com.ar\\\/?p=26304#primaryimage\",\"url\":\"https:\\\/\\\/fmpatagoniamadryn.com.ar\\\/wp-content\\\/uploads\\\/2026\\\/09\\\/5482c71d-b262-47dd-8fbe-cde4a2ceeb5f.jpg\",\"contentUrl\":\"https:\\\/\\\/fmpatagoniamadryn.com.ar\\\/wp-content\\\/uploads\\\/2026\\\/09\\\/5482c71d-b262-47dd-8fbe-cde4a2ceeb5f.jpg\",\"width\":1280,\"height\":852},{\"@type\":\"BreadcrumbList\",\"@id\":\"https:\\\/\\\/fmpatagoniamadryn.com.ar\\\/?p=26304#breadcrumb\",\"itemListElement\":[{\"@type\":\"ListItem\",\"position\":1,\"name\":\"Portada\",\"item\":\"https:\\\/\\\/fmpatagoniamadryn.com.ar\\\/\"},{\"@type\":\"ListItem\",\"position\":2,\"name\":\"Salud mental y adicciones: Chubut ratific\u00f3 su compromiso de fortalecer la prevenci\u00f3n y el abordaje de los consumos problem\u00e1ticos\"}]},{\"@type\":\"WebSite\",\"@id\":\"https:\\\/\\\/fmpatagoniamadryn.com.ar\\\/#website\",\"url\":\"https:\\\/\\\/fmpatagoniamadryn.com.ar\\\/\",\"name\":\"FM Patagonia Madryn\",\"description\":\"Radio Patagonia 105.5\",\"publisher\":{\"@id\":\"https:\\\/\\\/fmpatagoniamadryn.com.ar\\\/#organization\"},\"potentialAction\":[{\"@type\":\"SearchAction\",\"target\":{\"@type\":\"EntryPoint\",\"urlTemplate\":\"https:\\\/\\\/fmpatagoniamadryn.com.ar\\\/?s={search_term_string}\"},\"query-input\":{\"@type\":\"PropertyValueSpecification\",\"valueRequired\":true,\"valueName\":\"search_term_string\"}}],\"inLanguage\":\"es\"},{\"@type\":\"Organization\",\"@id\":\"https:\\\/\\\/fmpatagoniamadryn.com.ar\\\/#organization\",\"name\":\"FM Patagonia Madryn\",\"url\":\"https:\\\/\\\/fmpatagoniamadryn.com.ar\\\/\",\"logo\":{\"@type\":\"ImageObject\",\"inLanguage\":\"es\",\"@id\":\"https:\\\/\\\/fmpatagoniamadryn.com.ar\\\/#\\\/schema\\\/logo\\\/image\\\/\",\"url\":\"https:\\\/\\\/fmpatagoniamadryn.com.ar\\\/wp-content\\\/uploads\\\/2023\\\/01\\\/cropped-Diseno-sin-titulo.png\",\"contentUrl\":\"https:\\\/\\\/fmpatagoniamadryn.com.ar\\\/wp-content\\\/uploads\\\/2023\\\/01\\\/cropped-Diseno-sin-titulo.png\",\"width\":6911,\"height\":2657,\"caption\":\"FM Patagonia Madryn\"},\"image\":{\"@id\":\"https:\\\/\\\/fmpatagoniamadryn.com.ar\\\/#\\\/schema\\\/logo\\\/image\\\/\"}},{\"@type\":\"Person\",\"@id\":\"https:\\\/\\\/fmpatagoniamadryn.com.ar\\\/#\\\/schema\\\/person\\\/97b1d30cb2ae311544a88a5201700571\",\"name\":\"FM Patagonia\",\"url\":\"https:\\\/\\\/fmpatagoniamadryn.com.ar\\\/?author=4\"}]}<\/script>\n<!-- \/ Yoast SEO plugin. -->","yoast_head_json":{"title":"Salud mental y adicciones: Chubut ratific\u00f3 su compromiso de fortalecer la prevenci\u00f3n y el abordaje de los consumos problem\u00e1ticos - FM Patagonia Madryn","robots":{"index":"index","follow":"follow","max-snippet":"max-snippet:-1","max-image-preview":"max-image-preview:large","max-video-preview":"max-video-preview:-1"},"canonical":"https:\/\/fmpatagoniamadryn.com.ar\/?p=26304","og_locale":"es_ES","og_type":"article","og_title":"Salud mental y adicciones: Chubut ratific\u00f3 su compromiso de fortalecer la prevenci\u00f3n y el abordaje de los consumos problem\u00e1ticos - FM Patagonia Madryn","og_description":"El mandatario provincial de Chubut firm\u00f3 junto al presidente de La Casa de la Cultura de la Calle, Gast\u00f3n Pauls, un convenio para promover pol\u00edticas sostenidas de prevenci\u00f3n, informaci\u00f3n y acompa\u00f1amiento. \u201cEs un compromiso que asumimos con responsabilidad para que se sostenga en el tiempo, porque no es un programa exclusivamente de una gesti\u00f3n, sino de toda la ciudadan\u00eda\u201d, asegur\u00f3 Torres.","og_url":"https:\/\/fmpatagoniamadryn.com.ar\/?p=26304","og_site_name":"FM Patagonia Madryn","article_published_time":"2026-09-03T23:54:06+00:00","og_image":[{"width":1280,"height":852,"url":"https:\/\/fmpatagoniamadryn.com.ar\/wp-content\/uploads\/2026\/09\/5482c71d-b262-47dd-8fbe-cde4a2ceeb5f.jpg","type":"image\/jpeg"}],"author":"FM Patagonia","twitter_card":"summary_large_image","twitter_misc":{"Escrito por":"FM Patagonia","Tiempo de lectura":"3 minutos"},"schema":{"@context":"https:\/\/schema.org","@graph":[{"@type":"Article","@id":"https:\/\/fmpatagoniamadryn.com.ar\/?p=26304#article","isPartOf":{"@id":"https:\/\/fmpatagoniamadryn.com.ar\/?p=26304"},"author":{"name":"FM Patagonia","@id":"https:\/\/fmpatagoniamadryn.com.ar\/#\/schema\/person\/97b1d30cb2ae311544a88a5201700571"},"headline":"Salud mental y adicciones: Chubut ratific\u00f3 su compromiso de fortalecer la prevenci\u00f3n y el abordaje de los consumos problem\u00e1ticos","datePublished":"2026-09-03T23:54:06+00:00","mainEntityOfPage":{"@id":"https:\/\/fmpatagoniamadryn.com.ar\/?p=26304"},"wordCount":526,"publisher":{"@id":"https:\/\/fmpatagoniamadryn.com.ar\/#organization"},"image":{"@id":"https:\/\/fmpatagoniamadryn.com.ar\/?p=26304#primaryimage"},"thumbnailUrl":"https:\/\/fmpatagoniamadryn.com.ar\/wp-content\/uploads\/2026\/09\/5482c71d-b262-47dd-8fbe-cde4a2ceeb5f.jpg","keywords":["adicciones","consumos problematicos","salud mental"],"articleSection":["Provinciales"],"inLanguage":"es"},{"@type":"WebPage","@id":"https:\/\/fmpatagoniamadryn.com.ar\/?p=26304","url":"https:\/\/fmpatagoniamadryn.com.ar\/?p=26304","name":"Salud mental y adicciones: Chubut ratific\u00f3 su compromiso de fortalecer la prevenci\u00f3n y el abordaje de los consumos problem\u00e1ticos - FM Patagonia Madryn","isPartOf":{"@id":"https:\/\/fmpatagoniamadryn.com.ar\/#website"},"primaryImageOfPage":{"@id":"https:\/\/fmpatagoniamadryn.com.ar\/?p=26304#primaryimage"},"image":{"@id":"https:\/\/fmpatagoniamadryn.com.ar\/?p=26304#primaryimage"},"thumbnailUrl":"https:\/\/fmpatagoniamadryn.com.ar\/wp-content\/uploads\/2026\/09\/5482c71d-b262-47dd-8fbe-cde4a2ceeb5f.jpg","datePublished":"2026-09-03T23:54:06+00:00","breadcrumb":{"@id":"https:\/\/fmpatagoniamadryn.com.ar\/?p=26304#breadcrumb"},"inLanguage":"es","potentialAction":[{"@type":"ReadAction","target":["https:\/\/fmpatagoniamadryn.com.ar\/?p=26304"]}]},{"@type":"ImageObject","inLanguage":"es","@id":"https:\/\/fmpatagoniamadryn.com.ar\/?p=26304#primaryimage","url":"https:\/\/fmpatagoniamadryn.com.ar\/wp-content\/uploads\/2026\/09\/5482c71d-b262-47dd-8fbe-cde4a2ceeb5f.jpg","contentUrl":"https:\/\/fmpatagoniamadryn.com.ar\/wp-content\/uploads\/2026\/09\/5482c71d-b262-47dd-8fbe-cde4a2ceeb5f.jpg","width":1280,"height":852},{"@type":"BreadcrumbList","@id":"https:\/\/fmpatagoniamadryn.com.ar\/?p=26304#breadcrumb","itemListElement":[{"@type":"ListItem","position":1,"name":"Portada","item":"https:\/\/fmpatagoniamadryn.com.ar\/"},{"@type":"ListItem","position":2,"name":"Salud mental y adicciones: Chubut ratific\u00f3 su compromiso de fortalecer la prevenci\u00f3n y el abordaje de los consumos problem\u00e1ticos"}]},{"@type":"WebSite","@id":"https:\/\/fmpatagoniamadryn.com.ar\/#website","url":"https:\/\/fmpatagoniamadryn.com.ar\/","name":"FM Patagonia Madryn","description":"Radio Patagonia 105.5","publisher":{"@id":"https:\/\/fmpatagoniamadryn.com.ar\/#organization"},"potentialAction":[{"@type":"SearchAction","target":{"@type":"EntryPoint","urlTemplate":"https:\/\/fmpatagoniamadryn.com.ar\/?s={search_term_string}"},"query-input":{"@type":"PropertyValueSpecification","valueRequired":true,"valueName":"search_term_string"}}],"inLanguage":"es"},{"@type":"Organization","@id":"https:\/\/fmpatagoniamadryn.com.ar\/#organization","name":"FM Patagonia Madryn","url":"https:\/\/fmpatagoniamadryn.com.ar\/","logo":{"@type":"ImageObject","inLanguage":"es","@id":"https:\/\/fmpatagoniamadryn.com.ar\/#\/schema\/logo\/image\/","url":"https:\/\/fmpatagoniamadryn.com.ar\/wp-content\/uploads\/2023\/01\/cropped-Diseno-sin-titulo.png","contentUrl":"https:\/\/fmpatagoniamadryn.com.ar\/wp-content\/uploads\/2023\/01\/cropped-Diseno-sin-titulo.png","width":6911,"height":2657,"caption":"FM Patagonia Madryn"},"image":{"@id":"https:\/\/fmpatagoniamadryn.com.ar\/#\/schema\/logo\/image\/"}},{"@type":"Person","@id":"https:\/\/fmpatagoniamadryn.com.ar\/#\/schema\/person\/97b1d30cb2ae311544a88a5201700571","name":"FM Patagonia","url":"https:\/\/fmpatagoniamadryn.com.ar\/?author=4"}]}},"jetpack_featured_media_url":"https:\/\/fmpatagoniamadryn.com.ar\/wp-content\/uploads\/2026\/09\/5482c71d-b262-47dd-8fbe-cde4a2ceeb5f.jpg","_links":{"self":[{"href":"https:\/\/fmpatagoniamadryn.com.ar\/index.php?rest_route=\/wp\/v2\/posts\/26304","targetHints":{"allow":["GET"]}}],"collection":[{"href":"https:\/\/fmpatagoniamadryn.com.ar\/index.php?rest_route=\/wp\/v2\/posts"}],"about":[{"href":"https:\/\/fmpatagoniamadryn.com.ar\/index.php?rest_route=\/wp\/v2\/types\/post"}],"author":[{"embeddable":true,"href":"https:\/\/fmpatagoniamadryn.com.ar\/index.php?rest_route=\/wp\/v2\/users\/4"}],"replies":[{"embeddable":true,"href":"https:\/\/fmpatagoniamadryn.com.ar\/index.php?rest_route=%2Fwp%2Fv2%2Fcomments&post=26304"}],"version-history":[{"count":1,"href":"https:\/\/fmpatagoniamadryn.com.ar\/index.php?rest_route=\/wp\/v2\/posts\/26304\/revisions"}],"predecessor-version":[{"id":26305,"href":"https:\/\/fmpatagoniamadryn.com.ar\/index.php?rest_route=\/wp\/v2\/posts\/26304\/revisions\/26305"}],"wp:featuredmedia":[{"embeddable":true,"href":"https:\/\/fmpatagoniamadryn.com.ar\/index.php?rest_route=\/wp\/v2\/media\/26303"}],"wp:attachment":[{"href":"https:\/\/fmpatagoniamadryn.com.ar\/index.php?rest_route=%2Fwp%2Fv2%2Fmedia&parent=26304"}],"wp:term":[{"taxonomy":"category","embeddable":true,"href":"https:\/\/fmpatagoniamadryn.com.ar\/index.php?rest_route=%2Fwp%2Fv2%2Fcategories&post=26304"},{"taxonomy":"post_tag","embeddable":true,"href":"https:\/\/fmpatagoniamadryn.com.ar\/index.php?rest_route=%2Fwp%2Fv2%2Ftags&post=26304"}],"curies":[{"name":"wp","href":"https:\/\/api.w.org\/{rel}","templated":true}]}}