{"id":26308,"date":"2026-09-04T08:18:47","date_gmt":"2026-09-04T11:18:47","guid":{"rendered":"https:\/\/fmpatagoniamadryn.com.ar\/?p=26308"},"modified":"2026-09-04T08:18:47","modified_gmt":"2026-09-04T11:18:47","slug":"%f0%9f%8c%a4%ef%b8%8f-puerto-madryn-tendra-una-jornada-fresca-y-con-fuertes-rafagas-de-viento","status":"publish","type":"post","link":"https:\/\/fmpatagoniamadryn.com.ar\/?p=26308","title":{"rendered":"\ud83c\udf24\ufe0f Puerto Madryn tendr\u00e1 una jornada fresca y con fuertes r\u00e1fagas de viento"},"content":{"rendered":"\n<p class=\"p2 wp-block-paragraph\">Durante las primeras horas del d\u00eda, las temperaturas se ubicar\u00e1n entre los <strong>7 y 10\u00b0C<\/strong>, con cielo soleado. Hacia el mediod\u00eda, la m\u00e1xima alcanzar\u00e1 los <strong>11\u00b0C<\/strong>, aunque el viento ser\u00e1 el principal protagonista.<\/p>\n\n\n\n<p class=\"p2 wp-block-paragraph\">El viento soplar\u00e1 inicialmente del <strong>sudoeste<\/strong>, con velocidades de entre <strong>28 y 51 km\/h<\/strong>, y luego rotar\u00e1 al <strong>sur<\/strong>, alcanzando r\u00e1fagas de hasta <strong>57 km\/h<\/strong> durante la tarde. El momento de mayor intensidad se espera alrededor de las 18, cuando las r\u00e1fagas podr\u00edan llegar a <strong>64 km\/h<\/strong>.<\/p>\n\n\n\n<p class=\"p2 wp-block-paragraph\">En cuanto a las precipitaciones, existe una <strong>probabilidad del 30% de lluvias d\u00e9biles<\/strong> durante la tarde y nuevamente entre las 22 y las 23, con registros estimados de apenas <strong>0,1 a 0,2 mil\u00edmetros<\/strong>.<\/p>\n\n\n\n<p class=\"p2 wp-block-paragraph\">Por la noche, las condiciones seguir\u00e1n siendo fr\u00edas y ventosas, con temperaturas de <strong>5 a 7\u00b0C<\/strong> y r\u00e1fagas de hasta <strong>60 km\/h<\/strong>.<\/p>\n\n\n\n<p class=\"p2 wp-block-paragraph\">\ud83c\udf05 El amanecer est\u00e1 previsto para las <strong>7:41<\/strong>, mientras que la puesta del sol ser\u00e1 a las <strong>18:57<\/strong>.<\/p>\n\n\n\n<p class=\"wp-block-paragraph\"><\/p>\n","protected":false},"excerpt":{"rendered":"<p>Puerto Madryn tendr\u00e1 este viernes una jornada fresca, con cielo mayormente despejado durante la ma\u00f1ana y aumento de la nubosidad hacia la tarde, seg\u00fan el pron\u00f3stico.<\/p>\n","protected":false},"author":4,"featured_media":26307,"comment_status":"closed","ping_status":"closed","sticky":false,"template":"","format":"standard","meta":{"footnotes":""},"categories":[122],"tags":[621],"class_list":["post-26308","post","type-post","status-publish","format-standard","has-post-thumbnail","hentry","category-sociedad","tag-clima-2"],"yoast_head":"<!-- This site is optimized with the Yoast SEO plugin v28.4 - https:\/\/yoast.com\/product\/yoast-seo-wordpress\/ -->\n<title>\ud83c\udf24\ufe0f Puerto Madryn tendr\u00e1 una jornada fresca y con fuertes r\u00e1fagas de viento - FM Patagonia Madryn<\/title>\n<meta name=\"robots\" content=\"index, follow, max-snippet:-1, max-image-preview:large, max-video-preview:-1\" \/>\n<link rel=\"canonical\" href=\"https:\/\/fmpatagoniamadryn.com.ar\/?p=26308\" \/>\n<meta property=\"og:locale\" content=\"es_ES\" \/>\n<meta property=\"og:type\" content=\"article\" \/>\n<meta property=\"og:title\" content=\"\ud83c\udf24\ufe0f Puerto Madryn tendr\u00e1 una jornada fresca y con fuertes r\u00e1fagas de viento - FM Patagonia Madryn\" \/>\n<meta property=\"og:description\" content=\"Puerto Madryn tendr\u00e1 este viernes una jornada fresca, con cielo mayormente despejado durante la ma\u00f1ana y aumento de la nubosidad hacia la tarde, seg\u00fan el pron\u00f3stico.\" \/>\n<meta property=\"og:url\" content=\"https:\/\/fmpatagoniamadryn.com.ar\/?p=26308\" \/>\n<meta property=\"og:site_name\" content=\"FM Patagonia Madryn\" \/>\n<meta property=\"article:published_time\" content=\"2026-09-04T11:18:47+00:00\" \/>\n<meta property=\"og:image\" content=\"https:\/\/fmpatagoniamadryn.com.ar\/wp-content\/uploads\/2026\/09\/img_8720.jpg\" \/>\n\t<meta property=\"og:image:width\" content=\"277\" \/>\n\t<meta property=\"og:image:height\" content=\"208\" \/>\n\t<meta property=\"og:image:type\" content=\"image\/jpeg\" \/>\n<meta name=\"author\" content=\"FM Patagonia\" \/>\n<meta name=\"twitter:card\" content=\"summary_large_image\" \/>\n<meta name=\"twitter:label1\" content=\"Escrito por\" \/>\n\t<meta name=\"twitter:data1\" content=\"FM Patagonia\" \/>\n\t<meta name=\"twitter:label2\" content=\"Tiempo de lectura\" \/>\n\t<meta name=\"twitter:data2\" content=\"1 minuto\" \/>\n<script type=\"application\/ld+json\" class=\"yoast-schema-graph\">{\"@context\":\"https:\\\/\\\/schema.org\",\"@graph\":[{\"@type\":\"Article\",\"@id\":\"https:\\\/\\\/fmpatagoniamadryn.com.ar\\\/?p=26308#article\",\"isPartOf\":{\"@id\":\"https:\\\/\\\/fmpatagoniamadryn.com.ar\\\/?p=26308\"},\"author\":{\"name\":\"FM Patagonia\",\"@id\":\"https:\\\/\\\/fmpatagoniamadryn.com.ar\\\/#\\\/schema\\\/person\\\/97b1d30cb2ae311544a88a5201700571\"},\"headline\":\"\ud83c\udf24\ufe0f Puerto Madryn tendr\u00e1 una jornada fresca y con fuertes r\u00e1fagas de viento\",\"datePublished\":\"2026-09-04T11:18:47+00:00\",\"mainEntityOfPage\":{\"@id\":\"https:\\\/\\\/fmpatagoniamadryn.com.ar\\\/?p=26308\"},\"wordCount\":166,\"publisher\":{\"@id\":\"https:\\\/\\\/fmpatagoniamadryn.com.ar\\\/#organization\"},\"image\":{\"@id\":\"https:\\\/\\\/fmpatagoniamadryn.com.ar\\\/?p=26308#primaryimage\"},\"thumbnailUrl\":\"https:\\\/\\\/fmpatagoniamadryn.com.ar\\\/wp-content\\\/uploads\\\/2026\\\/09\\\/img_8720.jpg\",\"keywords\":[\"clima\"],\"articleSection\":[\"Sociedad\"],\"inLanguage\":\"es\"},{\"@type\":\"WebPage\",\"@id\":\"https:\\\/\\\/fmpatagoniamadryn.com.ar\\\/?p=26308\",\"url\":\"https:\\\/\\\/fmpatagoniamadryn.com.ar\\\/?p=26308\",\"name\":\"\ud83c\udf24\ufe0f Puerto Madryn tendr\u00e1 una jornada fresca y con fuertes r\u00e1fagas de viento - FM Patagonia Madryn\",\"isPartOf\":{\"@id\":\"https:\\\/\\\/fmpatagoniamadryn.com.ar\\\/#website\"},\"primaryImageOfPage\":{\"@id\":\"https:\\\/\\\/fmpatagoniamadryn.com.ar\\\/?p=26308#primaryimage\"},\"image\":{\"@id\":\"https:\\\/\\\/fmpatagoniamadryn.com.ar\\\/?p=26308#primaryimage\"},\"thumbnailUrl\":\"https:\\\/\\\/fmpatagoniamadryn.com.ar\\\/wp-content\\\/uploads\\\/2026\\\/09\\\/img_8720.jpg\",\"datePublished\":\"2026-09-04T11:18:47+00:00\",\"breadcrumb\":{\"@id\":\"https:\\\/\\\/fmpatagoniamadryn.com.ar\\\/?p=26308#breadcrumb\"},\"inLanguage\":\"es\",\"potentialAction\":[{\"@type\":\"ReadAction\",\"target\":[\"https:\\\/\\\/fmpatagoniamadryn.com.ar\\\/?p=26308\"]}]},{\"@type\":\"ImageObject\",\"inLanguage\":\"es\",\"@id\":\"https:\\\/\\\/fmpatagoniamadryn.com.ar\\\/?p=26308#primaryimage\",\"url\":\"https:\\\/\\\/fmpatagoniamadryn.com.ar\\\/wp-content\\\/uploads\\\/2026\\\/09\\\/img_8720.jpg\",\"contentUrl\":\"https:\\\/\\\/fmpatagoniamadryn.com.ar\\\/wp-content\\\/uploads\\\/2026\\\/09\\\/img_8720.jpg\",\"width\":277,\"height\":208},{\"@type\":\"BreadcrumbList\",\"@id\":\"https:\\\/\\\/fmpatagoniamadryn.com.ar\\\/?p=26308#breadcrumb\",\"itemListElement\":[{\"@type\":\"ListItem\",\"position\":1,\"name\":\"Portada\",\"item\":\"https:\\\/\\\/fmpatagoniamadryn.com.ar\\\/\"},{\"@type\":\"ListItem\",\"position\":2,\"name\":\"\ud83c\udf24\ufe0f Puerto Madryn tendr\u00e1 una jornada fresca y con fuertes r\u00e1fagas de viento\"}]},{\"@type\":\"WebSite\",\"@id\":\"https:\\\/\\\/fmpatagoniamadryn.com.ar\\\/#website\",\"url\":\"https:\\\/\\\/fmpatagoniamadryn.com.ar\\\/\",\"name\":\"FM Patagonia Madryn\",\"description\":\"Radio Patagonia 105.5\",\"publisher\":{\"@id\":\"https:\\\/\\\/fmpatagoniamadryn.com.ar\\\/#organization\"},\"potentialAction\":[{\"@type\":\"SearchAction\",\"target\":{\"@type\":\"EntryPoint\",\"urlTemplate\":\"https:\\\/\\\/fmpatagoniamadryn.com.ar\\\/?s={search_term_string}\"},\"query-input\":{\"@type\":\"PropertyValueSpecification\",\"valueRequired\":true,\"valueName\":\"search_term_string\"}}],\"inLanguage\":\"es\"},{\"@type\":\"Organization\",\"@id\":\"https:\\\/\\\/fmpatagoniamadryn.com.ar\\\/#organization\",\"name\":\"FM Patagonia Madryn\",\"url\":\"https:\\\/\\\/fmpatagoniamadryn.com.ar\\\/\",\"logo\":{\"@type\":\"ImageObject\",\"inLanguage\":\"es\",\"@id\":\"https:\\\/\\\/fmpatagoniamadryn.com.ar\\\/#\\\/schema\\\/logo\\\/image\\\/\",\"url\":\"https:\\\/\\\/fmpatagoniamadryn.com.ar\\\/wp-content\\\/uploads\\\/2023\\\/01\\\/cropped-Diseno-sin-titulo.png\",\"contentUrl\":\"https:\\\/\\\/fmpatagoniamadryn.com.ar\\\/wp-content\\\/uploads\\\/2023\\\/01\\\/cropped-Diseno-sin-titulo.png\",\"width\":6911,\"height\":2657,\"caption\":\"FM Patagonia Madryn\"},\"image\":{\"@id\":\"https:\\\/\\\/fmpatagoniamadryn.com.ar\\\/#\\\/schema\\\/logo\\\/image\\\/\"}},{\"@type\":\"Person\",\"@id\":\"https:\\\/\\\/fmpatagoniamadryn.com.ar\\\/#\\\/schema\\\/person\\\/97b1d30cb2ae311544a88a5201700571\",\"name\":\"FM Patagonia\",\"url\":\"https:\\\/\\\/fmpatagoniamadryn.com.ar\\\/?author=4\"}]}<\/script>\n<!-- \/ Yoast SEO plugin. -->","yoast_head_json":{"title":"\ud83c\udf24\ufe0f Puerto Madryn tendr\u00e1 una jornada fresca y con fuertes r\u00e1fagas de viento - FM Patagonia Madryn","robots":{"index":"index","follow":"follow","max-snippet":"max-snippet:-1","max-image-preview":"max-image-preview:large","max-video-preview":"max-video-preview:-1"},"canonical":"https:\/\/fmpatagoniamadryn.com.ar\/?p=26308","og_locale":"es_ES","og_type":"article","og_title":"\ud83c\udf24\ufe0f Puerto Madryn tendr\u00e1 una jornada fresca y con fuertes r\u00e1fagas de viento - FM Patagonia Madryn","og_description":"Puerto Madryn tendr\u00e1 este viernes una jornada fresca, con cielo mayormente despejado durante la ma\u00f1ana y aumento de la nubosidad hacia la tarde, seg\u00fan el pron\u00f3stico.","og_url":"https:\/\/fmpatagoniamadryn.com.ar\/?p=26308","og_site_name":"FM Patagonia Madryn","article_published_time":"2026-09-04T11:18:47+00:00","og_image":[{"width":277,"height":208,"url":"https:\/\/fmpatagoniamadryn.com.ar\/wp-content\/uploads\/2026\/09\/img_8720.jpg","type":"image\/jpeg"}],"author":"FM Patagonia","twitter_card":"summary_large_image","twitter_misc":{"Escrito por":"FM Patagonia","Tiempo de lectura":"1 minuto"},"schema":{"@context":"https:\/\/schema.org","@graph":[{"@type":"Article","@id":"https:\/\/fmpatagoniamadryn.com.ar\/?p=26308#article","isPartOf":{"@id":"https:\/\/fmpatagoniamadryn.com.ar\/?p=26308"},"author":{"name":"FM Patagonia","@id":"https:\/\/fmpatagoniamadryn.com.ar\/#\/schema\/person\/97b1d30cb2ae311544a88a5201700571"},"headline":"\ud83c\udf24\ufe0f Puerto Madryn tendr\u00e1 una jornada fresca y con fuertes r\u00e1fagas de viento","datePublished":"2026-09-04T11:18:47+00:00","mainEntityOfPage":{"@id":"https:\/\/fmpatagoniamadryn.com.ar\/?p=26308"},"wordCount":166,"publisher":{"@id":"https:\/\/fmpatagoniamadryn.com.ar\/#organization"},"image":{"@id":"https:\/\/fmpatagoniamadryn.com.ar\/?p=26308#primaryimage"},"thumbnailUrl":"https:\/\/fmpatagoniamadryn.com.ar\/wp-content\/uploads\/2026\/09\/img_8720.jpg","keywords":["clima"],"articleSection":["Sociedad"],"inLanguage":"es"},{"@type":"WebPage","@id":"https:\/\/fmpatagoniamadryn.com.ar\/?p=26308","url":"https:\/\/fmpatagoniamadryn.com.ar\/?p=26308","name":"\ud83c\udf24\ufe0f Puerto Madryn tendr\u00e1 una jornada fresca y con fuertes r\u00e1fagas de viento - FM Patagonia Madryn","isPartOf":{"@id":"https:\/\/fmpatagoniamadryn.com.ar\/#website"},"primaryImageOfPage":{"@id":"https:\/\/fmpatagoniamadryn.com.ar\/?p=26308#primaryimage"},"image":{"@id":"https:\/\/fmpatagoniamadryn.com.ar\/?p=26308#primaryimage"},"thumbnailUrl":"https:\/\/fmpatagoniamadryn.com.ar\/wp-content\/uploads\/2026\/09\/img_8720.jpg","datePublished":"2026-09-04T11:18:47+00:00","breadcrumb":{"@id":"https:\/\/fmpatagoniamadryn.com.ar\/?p=26308#breadcrumb"},"inLanguage":"es","potentialAction":[{"@type":"ReadAction","target":["https:\/\/fmpatagoniamadryn.com.ar\/?p=26308"]}]},{"@type":"ImageObject","inLanguage":"es","@id":"https:\/\/fmpatagoniamadryn.com.ar\/?p=26308#primaryimage","url":"https:\/\/fmpatagoniamadryn.com.ar\/wp-content\/uploads\/2026\/09\/img_8720.jpg","contentUrl":"https:\/\/fmpatagoniamadryn.com.ar\/wp-content\/uploads\/2026\/09\/img_8720.jpg","width":277,"height":208},{"@type":"BreadcrumbList","@id":"https:\/\/fmpatagoniamadryn.com.ar\/?p=26308#breadcrumb","itemListElement":[{"@type":"ListItem","position":1,"name":"Portada","item":"https:\/\/fmpatagoniamadryn.com.ar\/"},{"@type":"ListItem","position":2,"name":"\ud83c\udf24\ufe0f Puerto Madryn tendr\u00e1 una jornada fresca y con fuertes r\u00e1fagas de viento"}]},{"@type":"WebSite","@id":"https:\/\/fmpatagoniamadryn.com.ar\/#website","url":"https:\/\/fmpatagoniamadryn.com.ar\/","name":"FM Patagonia Madryn","description":"Radio Patagonia 105.5","publisher":{"@id":"https:\/\/fmpatagoniamadryn.com.ar\/#organization"},"potentialAction":[{"@type":"SearchAction","target":{"@type":"EntryPoint","urlTemplate":"https:\/\/fmpatagoniamadryn.com.ar\/?s={search_term_string}"},"query-input":{"@type":"PropertyValueSpecification","valueRequired":true,"valueName":"search_term_string"}}],"inLanguage":"es"},{"@type":"Organization","@id":"https:\/\/fmpatagoniamadryn.com.ar\/#organization","name":"FM Patagonia Madryn","url":"https:\/\/fmpatagoniamadryn.com.ar\/","logo":{"@type":"ImageObject","inLanguage":"es","@id":"https:\/\/fmpatagoniamadryn.com.ar\/#\/schema\/logo\/image\/","url":"https:\/\/fmpatagoniamadryn.com.ar\/wp-content\/uploads\/2023\/01\/cropped-Diseno-sin-titulo.png","contentUrl":"https:\/\/fmpatagoniamadryn.com.ar\/wp-content\/uploads\/2023\/01\/cropped-Diseno-sin-titulo.png","width":6911,"height":2657,"caption":"FM Patagonia Madryn"},"image":{"@id":"https:\/\/fmpatagoniamadryn.com.ar\/#\/schema\/logo\/image\/"}},{"@type":"Person","@id":"https:\/\/fmpatagoniamadryn.com.ar\/#\/schema\/person\/97b1d30cb2ae311544a88a5201700571","name":"FM Patagonia","url":"https:\/\/fmpatagoniamadryn.com.ar\/?author=4"}]}},"jetpack_featured_media_url":"https:\/\/fmpatagoniamadryn.com.ar\/wp-content\/uploads\/2026\/09\/img_8720.jpg","_links":{"self":[{"href":"https:\/\/fmpatagoniamadryn.com.ar\/index.php?rest_route=\/wp\/v2\/posts\/26308","targetHints":{"allow":["GET"]}}],"collection":[{"href":"https:\/\/fmpatagoniamadryn.com.ar\/index.php?rest_route=\/wp\/v2\/posts"}],"about":[{"href":"https:\/\/fmpatagoniamadryn.com.ar\/index.php?rest_route=\/wp\/v2\/types\/post"}],"author":[{"embeddable":true,"href":"https:\/\/fmpatagoniamadryn.com.ar\/index.php?rest_route=\/wp\/v2\/users\/4"}],"replies":[{"embeddable":true,"href":"https:\/\/fmpatagoniamadryn.com.ar\/index.php?rest_route=%2Fwp%2Fv2%2Fcomments&post=26308"}],"version-history":[{"count":1,"href":"https:\/\/fmpatagoniamadryn.com.ar\/index.php?rest_route=\/wp\/v2\/posts\/26308\/revisions"}],"predecessor-version":[{"id":26309,"href":"https:\/\/fmpatagoniamadryn.com.ar\/index.php?rest_route=\/wp\/v2\/posts\/26308\/revisions\/26309"}],"wp:featuredmedia":[{"embeddable":true,"href":"https:\/\/fmpatagoniamadryn.com.ar\/index.php?rest_route=\/wp\/v2\/media\/26307"}],"wp:attachment":[{"href":"https:\/\/fmpatagoniamadryn.com.ar\/index.php?rest_route=%2Fwp%2Fv2%2Fmedia&parent=26308"}],"wp:term":[{"taxonomy":"category","embeddable":true,"href":"https:\/\/fmpatagoniamadryn.com.ar\/index.php?rest_route=%2Fwp%2Fv2%2Fcategories&post=26308"},{"taxonomy":"post_tag","embeddable":true,"href":"https:\/\/fmpatagoniamadryn.com.ar\/index.php?rest_route=%2Fwp%2Fv2%2Ftags&post=26308"}],"curies":[{"name":"wp","href":"https:\/\/api.w.org\/{rel}","templated":true}]}}